{"id":16714,"date":"2020-07-26T09:18:00","date_gmt":"2020-07-26T12:18:00","guid":{"rendered":"https:\/\/adhilac.com.ar\/?p=16714"},"modified":"2020-08-13T08:14:16","modified_gmt":"2020-08-13T11:14:16","slug":"la-republica-farroupilha-en-brasil","status":"publish","type":"post","link":"https:\/\/adhilac.com.ar\/?p=16714","title":{"rendered":"La rep\u00fablica farroupilha en Brasil"},"content":{"rendered":"\n<div class=\"wp-block-media-text alignwide has-media-on-the-right is-stacked-on-mobile is-image-fill has-blush-bordeaux-gradient-background has-background\"><figure class=\"wp-block-media-text__media\" style=\"background-image:url(https:\/\/adhilac.com.ar\/wp-content\/uploads\/2020\/07\/Rep-Farroupilha-brasil.jpeg);background-position:50% 50%\"><img loading=\"lazy\" decoding=\"async\" width=\"1000\" height=\"600\" src=\"https:\/\/adhilac.com.ar\/wp-content\/uploads\/2020\/07\/Rep-Farroupilha-brasil.jpeg\" alt=\"\" class=\"wp-image-16724\" srcset=\"https:\/\/adhilac.com.ar\/wp-content\/uploads\/2020\/07\/Rep-Farroupilha-brasil.jpeg 1000w, https:\/\/adhilac.com.ar\/wp-content\/uploads\/2020\/07\/Rep-Farroupilha-brasil-500x300.jpeg 500w, https:\/\/adhilac.com.ar\/wp-content\/uploads\/2020\/07\/Rep-Farroupilha-brasil-768x461.jpeg 768w\" sizes=\"auto, (max-width: 1000px) 100vw, 1000px\" \/><\/figure><div class=\"wp-block-media-text__content\">\n<p class=\"has-text-align-center has-very-light-gray-color has-text-color has-normal-font-size wp-block-paragraph\"><strong>Sergio Guerra Vilaboy <\/strong><\/p>\n<\/div><\/div>\n\n\n\n<p class=\"wp-block-paragraph\">Como todos los pa\u00edses latinoamericanos despu\u00e9s de la independencia, el Imperio de Brasil (1821-1889) tambi\u00e9n fue v\u00edctima de movimientos secesionistas como el que condujo a la formaci\u00f3n de la Rep\u00fablica <em>Farroupilha<\/em> en Rio Grande do Sul. Iniciada en 1835, la rebeli\u00f3n de los <em>farrapos<\/em> (harapientos) \u2013t\u00e9rmino despectivo aplicado a los liberales por los conservadores-, fue consecuencia de las contradicciones entre la elite ganadera sure\u00f1a y la Regencia imperial. A darle singularidad al movimiento de los <em>farrapos<\/em> contribuy\u00f3 la peculiar estructura econ\u00f3mica de Rio Grande do Sul y el extraordinario poder\u00edo de los estancieros locales, que no estaba ligado, como otras regiones brasile\u00f1as, al comercio exterior. Su fuente de ingresos depend\u00eda de la venta de tasajo, ganado y cueros en el mercado nacional.<\/p>\n\n\n\n<!--more-->\n\n\n\n<p class=\"wp-block-paragraph\">Pero los acaudalados esclavistas, que orientaban la pol\u00edtica imperial desde Rio de Janeiro, no estaban interesados en valorizar las producciones sure\u00f1as \u2013en particular el tasajo, principal alimento de las dotaciones de trabajadores negros-, por lo que manten\u00edan bajos los aranceles a las carnes saladas, para propiciar su importaci\u00f3n de la cuenca del Plata. Otras reivindicaciones de R\u00edo Grande do Sul ten\u00edan que ver con sus aspiraciones republicano-federalistas y las insoportables extorsiones que padec\u00edan de los comerciantes portugueses. La conspiraci\u00f3n de los estancieros de R\u00edo Grande do Sul se inici\u00f3 en 1832, cuando el ganadero Bento Gon\u00e7alves, en uni\u00f3n del farmac\u00e9utico Pedro Jos\u00e9 de Almeida, organiz\u00f3 una sociedad secreta. En marzo de 1835, bajo el impacto de la rebeli\u00f3n de los <em>cabanos<\/em> en Par\u00e1 y la reciente creaci\u00f3n de la Rep\u00fablica Oriental del Uruguay (1828), comenz\u00f3 la gran sublevaci\u00f3n <em>farroupilha<\/em>.<\/p>\n\n\n\n<p class=\"wp-block-paragraph\">Ya el 19 de septiembre de 1835, las fuerzas de Bento Gon\u00e7alves ocuparon Porto Alegre, la principal ciudad de Rio Grande do Sul. Los primeros enfrentamientos con las tropas imperiales duraron casi doce meses, mientras los estancieros cifraban sus esperanzas en que el Imperio ceder\u00eda a sus peticiones. Convencidos, tras la batalla de Seival, el 10 de septiembre de 1836, de que la Regencia no estaba dispuesta a transigir, Antonio de Souza Neto dio a conocer la creaci\u00f3n de la Rep\u00fablica de R\u00edo Grande do Sul, presidida por Bento Gon\u00e7alves. &nbsp;<\/p>\n\n\n\n<p class=\"wp-block-paragraph\">Casi al mismo tiempo, el peri\u00f3dico insurrecto <em>O Povo<\/em> publicaba la convocatoria a una Convenci\u00f3n Constituyente en la villa de Piratini. Sin embargo, Gon\u00e7alves no pudo ocupar la primera magistratura hasta un a\u00f1o despu\u00e9s, ya que cay\u00f3 prisionero del ej\u00e9rcito imperial y estuvo encarcelado hasta su espectacular fuga meses despu\u00e9s. En 1838, los <em>farroupilhos<\/em> \u2013a cuyas filas se sum\u00f3 el combatiente republicano italiano Guiseppe Garibaldi- pusieron bajo asedio las principales villas de R\u00edo Grande do Sul y en permanente jaque a las tropas imperiales.<\/p>\n\n\n\n<p class=\"wp-block-paragraph\">Con vistas a establecer la comunicaci\u00f3n con el exterior, para intentar vender tasajo en las plantaciones del Caribe, los riograndenses se expandieron a la provincia vecina de Santa Catarina con costas en el Oc\u00e9ano Atl\u00e1ntico. Responsabilizado con esta campa\u00f1a march\u00f3 el general <em>farroupilh<\/em>o Davi Canabarrom, quien el 22 de julio ocup\u00f3 la villa de Laguna, declarada capital de la ef\u00edmera Republica Juliana.<\/p>\n\n\n\n<p class=\"wp-block-paragraph\">A pesar de estos \u00e9xitos militares, los estrechos intereses de los propios estancieros <em>farroupilho<\/em>s hac\u00edan inalcanzable su victoria final, pues tem\u00edan la separaci\u00f3n definitiva de Brasil, que conllevar\u00eda la p\u00e9rdida del principal mercado del tasajo. Al final, la combinaci\u00f3n de h\u00e1biles concesiones del Imperio con la escisi\u00f3n <em>farroupilha<\/em> en civilistas y militares \u2013m\u00e1s el aislamiento, la represi\u00f3n y el agotamiento- propici\u00f3 el ocaso de la rebeli\u00f3n.&nbsp; El 1 de marzo de 1845, tras diez a\u00f1os de tenaz resistencia gaucha al Imperio, se pact\u00f3 la paz que liquid\u00f3 la guerra de los <em>farrapos<\/em>. Para lograrlo, la Regencia fluminense debi\u00f3 conceder una amplia amnist\u00eda, permitir el fortalecimiento de la asamblea local en R\u00edo Grande do Sul y el aumento de las tarifas de importaci\u00f3n a las carnes saladas. A diferencia de lo que ocurr\u00eda entonces con conflictos similares en Hispanoam\u00e9rica, la unidad de Brasil qued\u00f3 resguardada.<\/p>\n\n\n\n<p class=\"wp-block-paragraph\">Fuente: www.informefracto.com &#8211; 25 de julio de 2020<\/p>\n\n\n\n<div style=\"height:20px\" aria-hidden=\"true\" class=\"wp-block-spacer\"><\/div>\n\n\n\n<p class=\"has-very-light-gray-color has-vivid-cyan-blue-background-color has-text-color has-background wp-block-paragraph\"><strong>Publicado por ADHILAC Internacional \u00a9 www.adhilac.com.ar<\/strong><\/p>\n\n\n\n<p class=\"has-vivid-cyan-blue-color has-very-light-gray-background-color has-text-color has-background wp-block-paragraph\"> Si Ud. desea asociarse de acuerdo a los Estatutos de ADHILAC&nbsp;<a href=\"https:\/\/adhilac.com.ar\/?page_id=263\">(ver)<\/a> complete el siguiente formulario&nbsp;(<a href=\"https:\/\/adhilac.com.ar\/?page_id=4779\">ver<\/a>)<\/p>\n\n\n\n<p class=\"has-very-light-gray-color has-vivid-cyan-blue-background-color has-text-color has-background wp-block-paragraph\"> E-mail:&nbsp;info@adhilac.com.ar <\/p>\n\n\n\n<p class=\"has-very-light-gray-color has-vivid-cyan-blue-background-color has-text-color has-background wp-block-paragraph\"> Twitter: @AdhilacInfo <\/p>\n\n\n\n<div class=\"wp-block-image\"><figure class=\"aligncenter size-large\"><img loading=\"lazy\" decoding=\"async\" width=\"85\" height=\"85\" src=\"https:\/\/adhilac.com.ar\/wp-content\/uploads\/2015\/02\/Logo-ADHILAC-Internacional-PEQ.jpg\" alt=\"\" class=\"wp-image-10473\"\/><\/figure><\/div>\n\n\n\n<p class=\"wp-block-paragraph\">Ver <a href=\"https:\/\/adhilac.com.ar\/?page_id=541\">Presentaci\u00f3n de ADHILAC<\/a><\/p>\n\n\n\n<div style=\"height:20px\" aria-hidden=\"true\" class=\"wp-block-spacer\"><\/div>\n\n\n\n<div class=\"wp-block-group\"><div class=\"wp-block-group__inner-container is-layout-flow wp-block-group-is-layout-flow\">\n<p class=\"has-text-align-center has-very-light-gray-color has-vivid-cyan-blue-background-color has-text-color has-background wp-block-paragraph\"><strong><a href=\"https:\/\/adhilac.com.ar\/?page_id=541\">QUIENES SOMOS<\/a><\/strong><\/p>\n\n\n\n<p class=\"has-text-align-center has-vivid-cyan-blue-color has-very-light-gray-background-color has-text-color has-background wp-block-paragraph\"><strong><a href=\"https:\/\/adhilac.com.ar\/?page_id=15507\">DIRECTIVA DE ADHILAC INTERNACIONAL<\/a><\/strong><\/p>\n\n\n\n<p class=\"has-text-align-center has-very-light-gray-color has-vivid-cyan-blue-background-color has-text-color has-background wp-block-paragraph\"><strong><a href=\"https:\/\/adhilac.com.ar\/?page_id=267\">Declaraci\u00f3n de Caracas de ADHILAC (2007)<\/a><\/strong><\/p>\n\n\n\n<p class=\"has-text-align-center has-vivid-cyan-blue-color has-very-light-gray-background-color has-text-color has-background wp-block-paragraph\"><strong><a href=\"https:\/\/adhilac.com.ar\/?page_id=15873\">ADHILAC: Historia &#8211; Historidorxs<\/a><\/strong><\/p>\n\n\n\n<p class=\"has-text-align-center has-very-light-gray-color has-vivid-cyan-blue-background-color has-text-color has-background wp-block-paragraph\"><strong><a href=\"https:\/\/adhilac.com.ar\/?page_id=15876\">ADHILAC 20 a\u00f1os despu\u00e9s (1974-1994)<\/a> <\/strong><\/p>\n\n\n\n<p class=\"has-text-align-center has-vivid-cyan-blue-color has-very-light-gray-background-color has-text-color has-background wp-block-paragraph\"><strong><a href=\"https:\/\/adhilac.com.ar\/?page_id=15861\">ADHILAC Breve Historia<\/a> <\/strong><\/p>\n\n\n\n<p class=\"has-text-align-center has-very-light-gray-color has-vivid-cyan-blue-background-color has-text-color has-background wp-block-paragraph\"><strong><a href=\"https:\/\/adhilac.com.ar\/?page_id=15887\">ADHILAC: Miembrxs fundadores<\/a><\/strong><\/p>\n\n\n\n<p class=\"has-text-align-center has-vivid-cyan-blue-color has-very-light-gray-background-color has-text-color has-background wp-block-paragraph\"><strong><a href=\"https:\/\/adhilac.com.ar\/?page_id=15943\">ADHILAC: Historiadorxs Destacadxs<\/a><\/strong><\/p>\n\n\n\n<p class=\"has-text-align-center has-very-light-gray-color has-vivid-cyan-blue-background-color has-text-color has-background wp-block-paragraph\"><strong><a href=\"https:\/\/adhilac.com.ar\/?page_id=4779\">SOCIXS<\/a><\/strong><\/p>\n\n\n\n<p class=\"has-text-align-center has-vivid-cyan-blue-color has-very-light-gray-background-color has-text-color has-background wp-block-paragraph\"><strong><a href=\"https:\/\/adhilac.com.ar\/?page_id=263\">Estatutos de ADHILAC<\/a><\/strong><\/p>\n\n\n\n<p class=\"has-text-align-center has-very-light-gray-color has-vivid-cyan-blue-background-color has-text-color has-background wp-block-paragraph\"><strong><a href=\"https:\/\/adhilac.com.ar\/?page_id=8220\">BICENTENARIO<\/a><\/strong><\/p>\n\n\n\n<p class=\"has-text-align-center has-vivid-cyan-blue-color has-very-light-gray-background-color has-text-color has-background wp-block-paragraph\"><strong><a href=\"https:\/\/adhilac.com.ar\/?page_id=8279\">BIBLIOTECA<\/a><\/strong><\/p>\n\n\n\n<p class=\"has-text-align-center has-very-light-gray-color has-vivid-cyan-blue-background-color has-text-color has-background wp-block-paragraph\"><strong><a href=\"https:\/\/adhilac.com.ar\/?page_id=1698\">ENLACES<\/a> <\/strong><\/p>\n\n\n\n<p class=\"has-text-align-center has-vivid-cyan-blue-color has-very-light-gray-background-color has-text-color has-background wp-block-paragraph\"><a href=\"http:\/\/www.ariadnatucma.com.ar\">VISITE ARIADNA TUCMA REVISTA LATINOAMERICANA<\/a><\/p>\n<\/div><\/div>\n","protected":false},"excerpt":{"rendered":"<p>Sergio Guerra Vilaboy Como todos los pa\u00edses latinoamericanos despu\u00e9s de la independencia, el Imperio de Brasil (1821-1889) tambi\u00e9n fue v\u00edctima de movimientos secesionistas como el que condujo a la formaci\u00f3n de la Rep\u00fablica Farroupilha en Rio Grande do Sul. Iniciada en 1835, la rebeli\u00f3n de los farrapos (harapientos) \u2013t\u00e9rmino despectivo aplicado a los liberales por [&hellip;]<\/p>\n","protected":false},"author":17,"featured_media":0,"comment_status":"closed","ping_status":"closed","sticky":false,"template":"","format":"standard","meta":{"_crdt_document":"","footnotes":""},"categories":[15],"tags":[74,1078],"class_list":["post-16714","post","type-post","status-publish","format-standard","hentry","category-historia","tag-brasil","tag-republica-farroupilha"],"_links":{"self":[{"href":"https:\/\/adhilac.com.ar\/index.php?rest_route=\/wp\/v2\/posts\/16714","targetHints":{"allow":["GET"]}}],"collection":[{"href":"https:\/\/adhilac.com.ar\/index.php?rest_route=\/wp\/v2\/posts"}],"about":[{"href":"https:\/\/adhilac.com.ar\/index.php?rest_route=\/wp\/v2\/types\/post"}],"author":[{"embeddable":true,"href":"https:\/\/adhilac.com.ar\/index.php?rest_route=\/wp\/v2\/users\/17"}],"replies":[{"embeddable":true,"href":"https:\/\/adhilac.com.ar\/index.php?rest_route=%2Fwp%2Fv2%2Fcomments&post=16714"}],"version-history":[{"count":4,"href":"https:\/\/adhilac.com.ar\/index.php?rest_route=\/wp\/v2\/posts\/16714\/revisions"}],"predecessor-version":[{"id":16787,"href":"https:\/\/adhilac.com.ar\/index.php?rest_route=\/wp\/v2\/posts\/16714\/revisions\/16787"}],"wp:attachment":[{"href":"https:\/\/adhilac.com.ar\/index.php?rest_route=%2Fwp%2Fv2%2Fmedia&parent=16714"}],"wp:term":[{"taxonomy":"category","embeddable":true,"href":"https:\/\/adhilac.com.ar\/index.php?rest_route=%2Fwp%2Fv2%2Fcategories&post=16714"},{"taxonomy":"post_tag","embeddable":true,"href":"https:\/\/adhilac.com.ar\/index.php?rest_route=%2Fwp%2Fv2%2Ftags&post=16714"}],"curies":[{"name":"wp","href":"https:\/\/api.w.org\/{rel}","templated":true}]}}