{"id":16749,"date":"2020-08-04T09:26:30","date_gmt":"2020-08-04T12:26:30","guid":{"rendered":"https:\/\/adhilac.com.ar\/?p=16749"},"modified":"2020-08-04T09:26:30","modified_gmt":"2020-08-04T12:26:30","slug":"premios-de-la-comision-edicion-2020-premio-silvio-zavala-en-historia-colonial-de-america","status":"publish","type":"post","link":"https:\/\/adhilac.com.ar\/?p=16749","title":{"rendered":"Premios de la Comisi\u00f3n, edici\u00f3n 2020. Premio \u00abSilvio Zavala\u00bb en Historia Colonial de Am\u00e9rica"},"content":{"rendered":"\n<figure class=\"wp-block-image size-large\"><img loading=\"lazy\" decoding=\"async\" width=\"412\" height=\"233\" src=\"https:\/\/adhilac.com.ar\/wp-content\/uploads\/2020\/08\/image.png\" alt=\"SILVIO ZAVALA 2020.jpg\" class=\"wp-image-16750\"\/><\/figure>\n\n\n\n<p class=\"wp-block-paragraph\">Por instrucciones de la Dra. Patricia Galeana, presidenta de la Comisi\u00f3n de Historia del IPGH, le compartimos las convocatorias a los <strong>Premios de la Comisi\u00f3n, edici\u00f3n 2020<\/strong>, con la atenta solicitud de que sean difundidas entre los investigadores de su Instituci\u00f3n.&nbsp;<br \/><strong><em>Premio \u00abSilvio Zavala\u00bb en Historia Colonial de Am\u00e9rica&nbsp;<\/em><\/strong><\/p>\n\n\n\n<ul class=\"wp-block-list\"><li><strong>$2,000 d\u00f3lares <\/strong>a la trayectoria que destaque por su relevancia y trascendencia en las aportaciones al desarrollo de la Historia Colonial de Am\u00e9rica<\/li><li>Fecha l\u00edmite para la recepci\u00f3n de candidaturas: <strong>30 de agosto de 2020\u00a0<\/strong><\/li><\/ul>\n\n\n\n<!--more-->\n\n\n\n<p class=\"wp-block-paragraph\">Consulte las bases en el documento adjunto o en el siguiente link: <a rel=\"noreferrer noopener\" href=\"https:\/\/comisiones.ipgh.org\/HISTORIA\/assets\/convocatoria-silvio-zavala-2020.pdf\" target=\"_blank\">https:\/\/comisiones.ipgh.org\/HISTORIA\/assets\/convocatoria-silvio-zavala-2020.pdf<\/a><\/p>\n\n\n\n<p class=\"wp-block-paragraph\"><em><strong>Premio a la Mejor Tesis de Doctorado en Historia Panamericana&nbsp;<\/strong><\/em><\/p>\n\n\n\n<ul class=\"wp-block-list\"><li><strong>$1,000 d\u00f3lares <\/strong>a la mejor tesis de doctorado en Historia Panamericana Para investigaciones presentadas entre el 1\u00ba de enero de 2017 y el 31 de diciembre de 2019&nbsp;<\/li><li>Fecha l\u00edmite para la recepci\u00f3n de candidaturas: <strong>30 de agosto de 2020<\/strong>&nbsp;<\/li><\/ul>\n\n\n\n<p class=\"wp-block-paragraph\">Consulte las bases en el documento adjunto o en el siguiente link: <a href=\"https:\/\/comisiones.ipgh.org\/HISTORIA\/assets\/convocatoria-tesis-doctorado-2020.pdf\" target=\"_blank\" rel=\"noreferrer noopener\">https:\/\/comisiones.ipgh.org\/HISTORIA\/assets\/convocatoria-tesis-doctorado-2020.pdf<\/a><\/p>\n\n\n\n<figure class=\"wp-block-image size-large\"><img loading=\"lazy\" decoding=\"async\" width=\"412\" height=\"233\" src=\"https:\/\/adhilac.com.ar\/wp-content\/uploads\/2020\/08\/image-1.png\" alt=\"TESIS 2020.jpg\" class=\"wp-image-16751\"\/><\/figure>\n\n\n\n<p class=\"wp-block-paragraph\">Que tenga un excelente d\u00eda.&nbsp;<br \/><strong>Lic. Lucero Rocha&nbsp;<\/strong><strong>Asistente<\/strong><\/p>\n\n\n\n<p class=\"wp-block-paragraph\"><strong>Comisi\u00f3n de HistoriaInstituto Panamericano de Geograf\u00eda e Historia<\/strong><a href=\"https:\/\/comisiones.ipgh.org\/HISTORIA\/\">https:\/\/comisiones.ipgh.org\/HISTORIA\/<\/a><\/p>\n\n\n\n<div style=\"height:46px\" aria-hidden=\"true\" class=\"wp-block-spacer\"><\/div>\n\n\n\n<p class=\"has-very-light-gray-color has-vivid-cyan-blue-background-color has-text-color has-background wp-block-paragraph\"><strong>Publicado por ADHILAC Internacional \u00a9 www.adhilac.com.ar<\/strong><\/p>\n\n\n\n<p class=\"has-vivid-cyan-blue-color has-very-light-gray-background-color has-text-color has-background wp-block-paragraph\"> Si Ud. desea asociarse de acuerdo a los Estatutos de ADHILAC&nbsp;<a href=\"https:\/\/adhilac.com.ar\/?page_id=263\">(ver)<\/a> complete el siguiente formulario&nbsp;(<a href=\"https:\/\/adhilac.com.ar\/?page_id=4779\">ver<\/a>)<\/p>\n\n\n\n<p class=\"has-very-light-gray-color has-vivid-cyan-blue-background-color has-text-color has-background wp-block-paragraph\"> E-mail:&nbsp;info@adhilac.com.ar <\/p>\n\n\n\n<p class=\"has-very-light-gray-color has-vivid-cyan-blue-background-color has-text-color has-background wp-block-paragraph\"> Twitter: @AdhilacInfo <\/p>\n\n\n\n<div class=\"wp-block-image\"><figure class=\"aligncenter size-large\"><img loading=\"lazy\" decoding=\"async\" width=\"85\" height=\"85\" src=\"https:\/\/adhilac.com.ar\/wp-content\/uploads\/2015\/02\/Logo-ADHILAC-Internacional-PEQ.jpg\" alt=\"\" class=\"wp-image-10473\"\/><\/figure><\/div>\n\n\n\n<p class=\"wp-block-paragraph\">Ver <a href=\"https:\/\/adhilac.com.ar\/?page_id=541\">Presentaci\u00f3n de ADHILAC<\/a><\/p>\n\n\n\n<div style=\"height:55px\" aria-hidden=\"true\" class=\"wp-block-spacer\"><\/div>\n\n\n\n<div class=\"wp-block-group\"><div class=\"wp-block-group__inner-container is-layout-flow wp-block-group-is-layout-flow\">\n<p class=\"has-text-align-center has-very-light-gray-color has-vivid-cyan-blue-background-color has-text-color has-background wp-block-paragraph\"><strong><a href=\"https:\/\/adhilac.com.ar\/?page_id=541\">QUIENES SOMOS<\/a><\/strong><\/p>\n\n\n\n<p class=\"has-text-align-center has-vivid-cyan-blue-color has-very-light-gray-background-color has-text-color has-background wp-block-paragraph\"><strong><a href=\"https:\/\/adhilac.com.ar\/?page_id=15507\">DIRECTIVA DE ADHILAC INTERNACIONAL<\/a><\/strong><\/p>\n\n\n\n<p class=\"has-text-align-center has-very-light-gray-color has-vivid-cyan-blue-background-color has-text-color has-background wp-block-paragraph\"><strong><a href=\"https:\/\/adhilac.com.ar\/?page_id=267\">Declaraci\u00f3n de Caracas de ADHILAC (2007)<\/a><\/strong><\/p>\n\n\n\n<p class=\"has-text-align-center has-vivid-cyan-blue-color has-very-light-gray-background-color has-text-color has-background wp-block-paragraph\"><strong><a href=\"https:\/\/adhilac.com.ar\/?page_id=15873\">ADHILAC: Historia &#8211; Historidorxs<\/a><\/strong><\/p>\n\n\n\n<p class=\"has-text-align-center has-very-light-gray-color has-vivid-cyan-blue-background-color has-text-color has-background wp-block-paragraph\"><strong><a href=\"https:\/\/adhilac.com.ar\/?page_id=15876\">ADHILAC 20 a\u00f1os despu\u00e9s (1974-1994)<\/a> <\/strong><\/p>\n\n\n\n<p class=\"has-text-align-center has-vivid-cyan-blue-color has-very-light-gray-background-color has-text-color has-background wp-block-paragraph\"><strong><a href=\"https:\/\/adhilac.com.ar\/?page_id=15861\">ADHILAC Breve Historia<\/a> <\/strong><\/p>\n\n\n\n<p class=\"has-text-align-center has-very-light-gray-color has-vivid-cyan-blue-background-color has-text-color has-background wp-block-paragraph\"><strong><a href=\"https:\/\/adhilac.com.ar\/?page_id=15887\">ADHILAC: Miembrxs fundadores<\/a><\/strong><\/p>\n\n\n\n<p class=\"has-text-align-center has-vivid-cyan-blue-color has-very-light-gray-background-color has-text-color has-background wp-block-paragraph\"><strong><a href=\"https:\/\/adhilac.com.ar\/?page_id=15943\">ADHILAC: Historiadorxs Destacadxs<\/a><\/strong><\/p>\n\n\n\n<p class=\"has-text-align-center has-very-light-gray-color has-vivid-cyan-blue-background-color has-text-color has-background wp-block-paragraph\"><strong><a href=\"https:\/\/adhilac.com.ar\/?page_id=4779\">SOCIXS<\/a><\/strong><\/p>\n\n\n\n<p class=\"has-text-align-center has-vivid-cyan-blue-color has-very-light-gray-background-color has-text-color has-background wp-block-paragraph\"><strong><a href=\"https:\/\/adhilac.com.ar\/?page_id=263\">Estatutos de ADHILAC<\/a><\/strong><\/p>\n\n\n\n<p class=\"has-text-align-center has-very-light-gray-color has-vivid-cyan-blue-background-color has-text-color has-background wp-block-paragraph\"><strong><a href=\"https:\/\/adhilac.com.ar\/?page_id=8220\">BICENTENARIO<\/a><\/strong><\/p>\n\n\n\n<p class=\"has-text-align-center has-vivid-cyan-blue-color has-very-light-gray-background-color has-text-color has-background wp-block-paragraph\"><strong><a href=\"https:\/\/adhilac.com.ar\/?page_id=8279\">BIBLIOTECA<\/a><\/strong><\/p>\n\n\n\n<p class=\"has-text-align-center has-very-light-gray-color has-vivid-cyan-blue-background-color has-text-color has-background wp-block-paragraph\"><strong><a href=\"https:\/\/adhilac.com.ar\/?page_id=1698\">ENLACES<\/a> <\/strong><\/p>\n\n\n\n<p class=\"has-text-align-center has-vivid-cyan-blue-color has-very-light-gray-background-color has-text-color has-background wp-block-paragraph\"><a href=\"http:\/\/www.ariadnatucma.com.ar\">VISITE ARIADNA TUCMA REVISTA LATINOAMERICANA<\/a><\/p>\n<\/div><\/div>\n","protected":false},"excerpt":{"rendered":"<p>Por instrucciones de la Dra. Patricia Galeana, presidenta de la Comisi\u00f3n de Historia del IPGH, le compartimos las convocatorias a los Premios de la Comisi\u00f3n, edici\u00f3n 2020, con la atenta solicitud de que sean difundidas entre los investigadores de su Instituci\u00f3n.&nbsp;Premio \u00abSilvio Zavala\u00bb en Historia Colonial de Am\u00e9rica&nbsp; $2,000 d\u00f3lares a la trayectoria que destaque [&hellip;]<\/p>\n","protected":false},"author":2,"featured_media":0,"comment_status":"closed","ping_status":"closed","sticky":false,"template":"","format":"standard","meta":{"_crdt_document":"","footnotes":""},"categories":[15],"tags":[765,1080,1081],"class_list":["post-16749","post","type-post","status-publish","format-standard","hentry","category-historia","tag-historia-colonial-americana","tag-historia-panamericana","tag-premios"],"_links":{"self":[{"href":"https:\/\/adhilac.com.ar\/index.php?rest_route=\/wp\/v2\/posts\/16749","targetHints":{"allow":["GET"]}}],"collection":[{"href":"https:\/\/adhilac.com.ar\/index.php?rest_route=\/wp\/v2\/posts"}],"about":[{"href":"https:\/\/adhilac.com.ar\/index.php?rest_route=\/wp\/v2\/types\/post"}],"author":[{"embeddable":true,"href":"https:\/\/adhilac.com.ar\/index.php?rest_route=\/wp\/v2\/users\/2"}],"replies":[{"embeddable":true,"href":"https:\/\/adhilac.com.ar\/index.php?rest_route=%2Fwp%2Fv2%2Fcomments&post=16749"}],"version-history":[{"count":2,"href":"https:\/\/adhilac.com.ar\/index.php?rest_route=\/wp\/v2\/posts\/16749\/revisions"}],"predecessor-version":[{"id":16753,"href":"https:\/\/adhilac.com.ar\/index.php?rest_route=\/wp\/v2\/posts\/16749\/revisions\/16753"}],"wp:attachment":[{"href":"https:\/\/adhilac.com.ar\/index.php?rest_route=%2Fwp%2Fv2%2Fmedia&parent=16749"}],"wp:term":[{"taxonomy":"category","embeddable":true,"href":"https:\/\/adhilac.com.ar\/index.php?rest_route=%2Fwp%2Fv2%2Fcategories&post=16749"},{"taxonomy":"post_tag","embeddable":true,"href":"https:\/\/adhilac.com.ar\/index.php?rest_route=%2Fwp%2Fv2%2Ftags&post=16749"}],"curies":[{"name":"wp","href":"https:\/\/api.w.org\/{rel}","templated":true}]}}