{"id":16756,"date":"2020-08-05T10:03:00","date_gmt":"2020-08-05T13:03:00","guid":{"rendered":"https:\/\/adhilac.com.ar\/?p=16756"},"modified":"2020-12-15T09:09:50","modified_gmt":"2020-12-15T12:09:50","slug":"bandeirantes-y-misiones-jesuitas","status":"publish","type":"post","link":"https:\/\/adhilac.com.ar\/?p=16756","title":{"rendered":"Bandeirantes y misiones jesuitas"},"content":{"rendered":"\n<div class=\"wp-block-group alignwide\"><div class=\"wp-block-group__inner-container is-layout-flow wp-block-group-is-layout-flow\">\n<div class=\"wp-block-group alignwide\"><div class=\"wp-block-group__inner-container is-layout-flow wp-block-group-is-layout-flow\">\n<p class=\"has-text-align-center wp-block-paragraph\">Sergio Guerra Vilaboy<\/p>\n<\/div><\/div>\n\n\n\n<figure class=\"wp-block-image size-large is-resized\"><img loading=\"lazy\" decoding=\"async\" src=\"https:\/\/adhilac.com.ar\/wp-content\/uploads\/2020\/08\/bandeirante.jpeg\" alt=\"\" class=\"wp-image-16759\" width=\"465\" height=\"279\" srcset=\"https:\/\/adhilac.com.ar\/wp-content\/uploads\/2020\/08\/bandeirante.jpeg 1000w, https:\/\/adhilac.com.ar\/wp-content\/uploads\/2020\/08\/bandeirante-500x300.jpeg 500w, https:\/\/adhilac.com.ar\/wp-content\/uploads\/2020\/08\/bandeirante-768x461.jpeg 768w\" sizes=\"auto, (max-width: 465px) 100vw, 465px\" \/><\/figure>\n<\/div><\/div>\n\n\n\n<p class=\"wp-block-paragraph\">Desde 1580, tras la uni\u00f3n de los tronos de Espa\u00f1a y Portugal, los l\u00edmites fijados por el Tratado de Tordesillas (1494) entre Hispanoam\u00e9rica y Brasil comenzaron a ser ignorados por los <em>bandeirantes<\/em>. Este era el nombre de bandas armadas, salidas del litoral brasile\u00f1o, que penetraban al interior del continente enarbolando sus propias banderas o <em>bandeiras<\/em> en portugu\u00e9s. Al avanzar por los vedados territorios hispanoamericanos, pr\u00e1cticamente desconocidos para los europeos, los <em>bandeirantes<\/em> buscaban oro, plata, piedras preciosas o incluso ind\u00edgenas, a los que vend\u00edan como esclavos en las plantaciones azucareras de Pernambuco.<\/p>\n\n\n\n<!--more-->\n\n\n\n<p class=\"wp-block-paragraph\">Salidas de Sao Paulo, aunque algunas lo hac\u00edan de Bah\u00eda, estas bandas de aventureros criollos y portugueses<em>, <\/em>recorr\u00edan durante meses las tupidas selvas sudamericanas, aprovechando las redes hidrogr\u00e1ficas del Paran\u00e1, el Sao Francisco y el Amazonas, hasta encontrar algo de valor que llevar a la costa de Brasil. Ese proceso expansionista coincidi\u00f3 con la aparici\u00f3n en la regi\u00f3n de los jesuitas que, autorizados por la Corona espa\u00f1ola, reun\u00edan a los guaran\u00edes en reducciones. En 1610 se fund\u00f3 la primera misi\u00f3n (Loreto) en el Guair\u00e1, en el actual estado brasile\u00f1o de Paran\u00e1. Otros jesuitas les siguieron y ya hacia 1630 la orden fundada por Ignacio de Loyola pose\u00eda en la cuenca del Plata cuatro amplias comarcas con miles de abor\u00edgenes agrupados en 27 misiones, ente ellas las del Guair\u00e1, Paran\u00e1 medio (Paraguay), Entre R\u00edos y la del margen izquierdo del Uruguay (Siete Misiones).<\/p>\n\n\n\n<p class=\"wp-block-paragraph\">Las reducciones del Guair\u00e1, por ser las m\u00e1s pr\u00f3ximas a Sao Paulo, fueron las primeras amenazadas por los <em>bandeirantes<\/em>, que prefer\u00edan apoderarse de los ind\u00edgenas de las misiones, m\u00e1s valiosos y disciplinados que los que viv\u00edan dispersos en total libertad. Los jesuitas no s\u00f3lo evangelizaban a los pueblos originarios y los concentraban en lugares de m\u00e1s f\u00e1cil acceso, sino tambi\u00e9n los ense\u00f1aban a escribir en guaran\u00ed \u2013para lo cual elaboraron incluso una gram\u00e1tica-as\u00ed como t\u00e9cnicas y costumbres europeas para la agricultura y la vida cotidiana. En 1628 cientos de <em>bandeirantes,<\/em> encabezados por Manuel Preto y Antonio Raposo, atacaron y destruyeron varias reducciones jesuitas en la orilla izquierda del Paran\u00e1 y se llevaron miles de ind\u00edgenas para los mercados de esclavos de Sao Paulo y las plantaciones costeras.<\/p>\n\n\n\n<p class=\"wp-block-paragraph\">Imposibilitados de detener las constantes depredaciones de los <em>bandeirantes<\/em>, los jesuitas alejaron las misiones lo m\u00e1s posible de Brasil. No satisfechos con la conquista del alto Paran\u00e1, los paulistaslospersiguieron con sa\u00f1a hasta sus reducciones del Paraguay, Entre R\u00edos y la Banda Oriental, haciendo caso omiso a las disposiciones oficiales que trataban de impedir sus <em>razzias.<\/em> Durante la primera mitad del siglo XVII no dieron tregua a los jesuitas ni dejaron de realizar sus incursiones en busca de esclavos, como bien recrea el laureado filme norteamericano <em>La Misi\u00f3n<\/em> (1986), protagonizado por Roberto de Niro. Incluso los jesuitas, que llegaron a armar y entrenar a los pueblos originarios para su auto defensa, enfrentaron al propio ej\u00e9rcito portugu\u00e9s que pretend\u00eda desalojarlos de las Siete Misiones en las mal llamadas guerras guaran\u00edes (1753-1756).<\/p>\n\n\n\n<p class=\"wp-block-paragraph\">Desde 1640 la separaci\u00f3n de Espa\u00f1a y Portugal hab\u00eda hecho m\u00e1s dif\u00edcil la penetraci\u00f3n de los paulistas en el territorio hispanoamericano, por lo que tuvieron que dejar sus ataques a las reducciones jesuitas y conformarse con llevar sus campa\u00f1as al norte y al oeste, donde su suerte pronto cambi\u00f3. A fines del siglo XVIII los <em>bandeirantes<\/em> encontraron los anhelados minerales preciosos en las m\u00e1rgenes de un tributario del r\u00edo Sao Francisco \u2013das Velhas- y en el r\u00edo Doce, que desagua en el Oc\u00e9ano Atl\u00e1ntico, al noroeste del R\u00edo de Janeiro. En las fuentes de ambas arterias, se fund\u00f3 en 1690 la villa de Ouro Preto, convertida pronto en el centro de la explotaci\u00f3n minera en la regi\u00f3n que se llam\u00f3 Minas Geraes. Desde entonces, las actividades de los <em>bandeirantes<\/em> quedaron en el pasado, dejando como herencia la desaparici\u00f3n de buena parte de los pueblos originarios y un Brasil mucho m\u00e1s extenso que el delineado en el tratado de Tordesillas.<\/p>\n\n\n\n<p class=\"wp-block-paragraph\">Fuente: www.informefracto.com &#8211; 4 de agosto de 2020<\/p>\n\n\n\n<p class=\"has-very-light-gray-color has-vivid-cyan-blue-background-color has-text-color has-background wp-block-paragraph\"><strong>Publicado por ADHILAC Internacional \u00a9 www.adhilac.com.ar<\/strong><\/p>\n\n\n\n<p class=\"has-vivid-cyan-blue-color has-very-light-gray-background-color has-text-color has-background wp-block-paragraph\"> Si Ud. desea asociarse de acuerdo a los Estatutos de ADHILAC&nbsp;<a href=\"https:\/\/adhilac.com.ar\/?page_id=263\">(ver)<\/a> complete el siguiente formulario&nbsp;(<a href=\"https:\/\/adhilac.com.ar\/?page_id=4779\">ver<\/a>)<\/p>\n\n\n\n<p class=\"has-very-light-gray-color has-vivid-cyan-blue-background-color has-text-color has-background wp-block-paragraph\"> E-mail:&nbsp;info@adhilac.com.ar <\/p>\n\n\n\n<p class=\"has-very-light-gray-color has-vivid-cyan-blue-background-color has-text-color has-background wp-block-paragraph\"> Twitter: @AdhilacInfo <\/p>\n\n\n\n<div class=\"wp-block-image\"><figure class=\"aligncenter size-large\"><img loading=\"lazy\" decoding=\"async\" width=\"85\" height=\"85\" src=\"https:\/\/adhilac.com.ar\/wp-content\/uploads\/2015\/02\/Logo-ADHILAC-Internacional-PEQ.jpg\" alt=\"\" class=\"wp-image-10473\"\/><\/figure><\/div>\n\n\n\n<p class=\"wp-block-paragraph\">Ver <a href=\"https:\/\/adhilac.com.ar\/?page_id=541\">Presentaci\u00f3n de ADHILAC<\/a><\/p>\n\n\n\n\n\n<div style=\"height:20px\" aria-hidden=\"true\" class=\"wp-block-spacer\"><\/div>\n\n\n\n<div class=\"wp-block-group\"><div class=\"wp-block-group__inner-container is-layout-flow wp-block-group-is-layout-flow\">\n<p class=\"has-text-align-center has-very-light-gray-color has-vivid-cyan-blue-background-color has-text-color has-background wp-block-paragraph\"><strong><a href=\"https:\/\/adhilac.com.ar\/?page_id=541\">QUIENES SOMOS<\/a><\/strong><\/p>\n\n\n\n<p class=\"has-text-align-center has-vivid-cyan-blue-color has-very-light-gray-background-color has-text-color has-background wp-block-paragraph\"><strong><a href=\"https:\/\/adhilac.com.ar\/?page_id=15507\">DIRECTIVA DE ADHILAC INTERNACIONAL<\/a><\/strong><\/p>\n\n\n\n<p class=\"has-text-align-center has-very-light-gray-color has-vivid-cyan-blue-background-color has-text-color has-background wp-block-paragraph\"><strong><a href=\"https:\/\/adhilac.com.ar\/?page_id=267\">Declaraci\u00f3n de Caracas de ADHILAC (2007)<\/a><\/strong><\/p>\n\n\n\n<p class=\"has-text-align-center has-vivid-cyan-blue-color has-very-light-gray-background-color has-text-color has-background wp-block-paragraph\"><strong><a href=\"https:\/\/adhilac.com.ar\/?page_id=15873\">ADHILAC: Historia &#8211; Historidorxs<\/a><\/strong><\/p>\n\n\n\n<p class=\"has-text-align-center has-very-light-gray-color has-vivid-cyan-blue-background-color has-text-color has-background wp-block-paragraph\"><strong><a href=\"https:\/\/adhilac.com.ar\/?page_id=15876\">ADHILAC 20 a\u00f1os despu\u00e9s (1974-1994)<\/a> <\/strong><\/p>\n\n\n\n<p class=\"has-text-align-center has-vivid-cyan-blue-color has-very-light-gray-background-color has-text-color has-background wp-block-paragraph\"><strong><a href=\"https:\/\/adhilac.com.ar\/?page_id=15861\">ADHILAC Breve Historia<\/a> <\/strong><\/p>\n\n\n\n<p class=\"has-text-align-center has-very-light-gray-color has-vivid-cyan-blue-background-color has-text-color has-background wp-block-paragraph\"><strong><a href=\"https:\/\/adhilac.com.ar\/?page_id=15887\">ADHILAC: Miembrxs fundadores<\/a><\/strong><\/p>\n\n\n\n<p class=\"has-text-align-center has-vivid-cyan-blue-color has-very-light-gray-background-color has-text-color has-background wp-block-paragraph\"><strong><a href=\"https:\/\/adhilac.com.ar\/?page_id=15943\">ADHILAC: Historiadorxs Destacadxs<\/a><\/strong><\/p>\n\n\n\n<p class=\"has-text-align-center has-very-light-gray-color has-vivid-cyan-blue-background-color has-text-color has-background wp-block-paragraph\"><strong><a href=\"https:\/\/adhilac.com.ar\/?page_id=4779\">SOCIXS<\/a><\/strong><\/p>\n\n\n\n<p class=\"has-text-align-center has-vivid-cyan-blue-color has-very-light-gray-background-color has-text-color has-background wp-block-paragraph\"><strong><a href=\"https:\/\/adhilac.com.ar\/?page_id=263\">Estatutos de ADHILAC<\/a><\/strong><\/p>\n\n\n\n<p class=\"has-text-align-center has-very-light-gray-color has-vivid-cyan-blue-background-color has-text-color has-background wp-block-paragraph\"><strong><a href=\"https:\/\/adhilac.com.ar\/?page_id=8220\">BICENTENARIO<\/a><\/strong><\/p>\n\n\n\n<p class=\"has-text-align-center has-vivid-cyan-blue-color has-very-light-gray-background-color has-text-color has-background wp-block-paragraph\"><strong><a href=\"https:\/\/adhilac.com.ar\/?page_id=8279\">BIBLIOTECA<\/a><\/strong><\/p>\n\n\n\n<p class=\"has-text-align-center has-very-light-gray-color has-vivid-cyan-blue-background-color has-text-color has-background wp-block-paragraph\"><strong><a href=\"https:\/\/adhilac.com.ar\/?page_id=1698\">ENLACES<\/a> <\/strong><\/p>\n\n\n\n<p class=\"has-text-align-center has-vivid-cyan-blue-color has-very-light-gray-background-color has-text-color has-background wp-block-paragraph\"><a href=\"http:\/\/www.ariadnatucma.com.ar\">VISITE ARIADNA TUCMA REVISTA LATINOAMERICANA<\/a><\/p>\n<\/div><\/div>\n","protected":false},"excerpt":{"rendered":"<p>Sergio Guerra Vilaboy Desde 1580, tras la uni\u00f3n de los tronos de Espa\u00f1a y Portugal, los l\u00edmites fijados por el Tratado de Tordesillas (1494) entre Hispanoam\u00e9rica y Brasil comenzaron a ser ignorados por los bandeirantes. Este era el nombre de bandas armadas, salidas del litoral brasile\u00f1o, que penetraban al interior del continente enarbolando sus propias [&hellip;]<\/p>\n","protected":false},"author":17,"featured_media":0,"comment_status":"closed","ping_status":"closed","sticky":false,"template":"","format":"standard","meta":{"_crdt_document":"","footnotes":""},"categories":[15],"tags":[87,74,430],"class_list":["post-16756","post","type-post","status-publish","format-standard","hentry","category-historia","tag-bandeirantes","tag-brasil","tag-jesuitas"],"_links":{"self":[{"href":"https:\/\/adhilac.com.ar\/index.php?rest_route=\/wp\/v2\/posts\/16756","targetHints":{"allow":["GET"]}}],"collection":[{"href":"https:\/\/adhilac.com.ar\/index.php?rest_route=\/wp\/v2\/posts"}],"about":[{"href":"https:\/\/adhilac.com.ar\/index.php?rest_route=\/wp\/v2\/types\/post"}],"author":[{"embeddable":true,"href":"https:\/\/adhilac.com.ar\/index.php?rest_route=\/wp\/v2\/users\/17"}],"replies":[{"embeddable":true,"href":"https:\/\/adhilac.com.ar\/index.php?rest_route=%2Fwp%2Fv2%2Fcomments&post=16756"}],"version-history":[{"count":7,"href":"https:\/\/adhilac.com.ar\/index.php?rest_route=\/wp\/v2\/posts\/16756\/revisions"}],"predecessor-version":[{"id":16772,"href":"https:\/\/adhilac.com.ar\/index.php?rest_route=\/wp\/v2\/posts\/16756\/revisions\/16772"}],"wp:attachment":[{"href":"https:\/\/adhilac.com.ar\/index.php?rest_route=%2Fwp%2Fv2%2Fmedia&parent=16756"}],"wp:term":[{"taxonomy":"category","embeddable":true,"href":"https:\/\/adhilac.com.ar\/index.php?rest_route=%2Fwp%2Fv2%2Fcategories&post=16756"},{"taxonomy":"post_tag","embeddable":true,"href":"https:\/\/adhilac.com.ar\/index.php?rest_route=%2Fwp%2Fv2%2Ftags&post=16756"}],"curies":[{"name":"wp","href":"https:\/\/api.w.org\/{rel}","templated":true}]}}