{"id":16773,"date":"2020-08-12T08:02:00","date_gmt":"2020-08-12T11:02:00","guid":{"rendered":"https:\/\/adhilac.com.ar\/?p=16773"},"modified":"2020-12-15T09:09:38","modified_gmt":"2020-12-15T12:09:38","slug":"las-nacionalizaciones-cubanas-de-agosto-de-1960","status":"publish","type":"post","link":"https:\/\/adhilac.com.ar\/?p=16773","title":{"rendered":"Las nacionalizaciones cubanas de agosto de 1960"},"content":{"rendered":"\n<figure class=\"wp-block-image size-large is-resized\"><img loading=\"lazy\" decoding=\"async\" src=\"https:\/\/adhilac.com.ar\/wp-content\/uploads\/2020\/08\/nacionalizaciones-cubanas-800x480.jpeg\" alt=\"\" class=\"wp-image-16774\" width=\"546\" height=\"328\" srcset=\"https:\/\/adhilac.com.ar\/wp-content\/uploads\/2020\/08\/nacionalizaciones-cubanas-800x480.jpeg 800w, https:\/\/adhilac.com.ar\/wp-content\/uploads\/2020\/08\/nacionalizaciones-cubanas-300x180.jpeg 300w, https:\/\/adhilac.com.ar\/wp-content\/uploads\/2020\/08\/nacionalizaciones-cubanas-768x461.jpeg 768w, https:\/\/adhilac.com.ar\/wp-content\/uploads\/2020\/08\/nacionalizaciones-cubanas.jpeg 828w\" sizes=\"auto, (max-width: 546px) 100vw, 546px\" \/><\/figure>\n\n\n\n<p class=\"wp-block-paragraph\">En 1960 la pol\u00edtica agresiva de Estados Unidos hacia la Revoluci\u00f3n Cubana se intensific\u00f3, como reconoci\u00f3 en su libro <em>Seis Crisis<\/em>(1962)Richard M. Nixon. Seg\u00fan el entonces vicepresidente del gobierno de Dwight Eisenhower, a principios de ese a\u00f1o, \u201c<em>la CIA recibi\u00f3 instrucciones de facilitar armas, municiones y entrenamiento a los cubanos huidos del r\u00e9gimen de Castro, exiliados en los Estados Unidos y otros pa\u00edses de la Am\u00e9rica Latina. La operaci\u00f3n se realizaba en secreto<\/em>.\u201d<\/p>\n\n\n\n<!--more-->\n\n\n\n<p class=\"wp-block-paragraph\"><\/p>\n\n\n\n<p class=\"wp-block-paragraph\">Desde ese momento subieron de tono, con la abierta complicidad de la oligarqu\u00eda, la burgues\u00eda y otros sectores cubanos adinerados, las actividades subversivas promovidas con la descarnada ayuda norteamericana. La creciente hostilidad de Estados Unidos y el farise\u00edsmo de la administraci\u00f3n Eisenhower, fue comentado en enero de 1960 por el peri\u00f3dico <em>The Washington Post, <\/em>a prop\u00f3sito de las expropiaciones de tierras por la reforma agraria cubana aprobada el a\u00f1o anterior: \u201c<em>La pol\u00edtica de fuerza que se ha recomendado usen los Estados Unidos contra Cuba provocar\u00eda que su poblaci\u00f3n y las dem\u00e1s de Latinoam\u00e9rica se preguntaran por qu\u00e9 el Departamento de Estado muestra tantas preocupaciones por los derechos de propiedad, cuando se mantuvo casi completamente en silencio frente a la cuesti\u00f3n de los derechos humanos durante los a\u00f1os de la dictadura de Batista<\/em>.<\/p>\n\n\n\n<p class=\"wp-block-paragraph\">El 4 de marzo de 1960 explot\u00f3 en el puerto de La Habana el vapor franc\u00e9s <em>La Coubre<\/em>, cargado con armas y municiones adquiridas por el <em>Gobierno Revolucionario<\/em> en B\u00e9lgica, con un saldo de 75 muertos y m\u00e1s de 200 heridos. Este despiadado sabotaje, casi coincidi\u00f3 con la orden de Estados Unidos (17 de marzo) para entrenar en la Am\u00e9rica Central un contingente de exiliados cubanos para invadir la Isla.<\/p>\n\n\n\n<figure class=\"wp-block-image\"><img decoding=\"async\" src=\"https:\/\/informefracto.com\/wp-content\/uploads\/2020\/08\/Madre-Am\u00e9rica-2-1.jpeg\" alt=\"\" class=\"wp-image-29954\"\/><\/figure>\n\n\n\n<p class=\"wp-block-paragraph\">Ante la brutal acometida norteamericana, la Revoluci\u00f3n Cubana comenz\u00f3 a acercarse a la Uni\u00f3n Sovi\u00e9tica (URSS), aprovechando la presencia en La Habana, en febrero de 1960, de su viceprimer ministro Anastas Mikoyan, para inaugurar la exposici\u00f3n de <em>Logros de la Ciencia y T\u00e9cnica<\/em> de su pa\u00eds, ya presentada en M\u00e9xico y Estados Unidos. Al t\u00e9rmino de la visita se firm\u00f3 el primer convenio comercial entre los dos pa\u00edses, que permitir\u00eda a Cuba la venta de 5 millones de toneladas de az\u00facar hasta 1964 y la adquisici\u00f3n de petr\u00f3leo. Poco despu\u00e9s fueron restablecidas las relaciones diplom\u00e1ticas con la URSS y a fines de junio de 1960 Ra\u00fal Castro viaj\u00f3 a Mosc\u00fa, donde se reuni\u00f3 con el principal dirigente sovi\u00e9tico Nikita Jruschov.<\/p>\n\n\n\n<p class=\"wp-block-paragraph\">El inminente conflicto directo con Estados Unidos estall\u00f3 a fines de ese mismo mes, motivado por la negativa de la Standard Oil de New Jersey (Esso), Texas Company (Texaco) y la Royal Dutch Shell, de procesar en sus refiner\u00edas el petr\u00f3leo sovi\u00e9tico comprado por Cuba. El desacato de los grandes consorcios, que segu\u00edan instrucciones de Washington, llev\u00f3 al <em>Gobierno Revolucionario<\/em> a expropiarlas el 28 de junio de 1960, amparado en la ley sobre minerales combustibles de 1938, que las obligaba a refinar el hidrocarburo proporcionado por el Estado cubano. En represalia, el 6 de julio el presidente Eisenhower cancel\u00f3 las compras de az\u00facar a Cuba y poco despu\u00e9s la URSS anunciaba su disposici\u00f3n de adquirir tambi\u00e9n esa cantidad.<\/p>\n\n\n\n<p class=\"wp-block-paragraph\">La dura respuesta cubana lleg\u00f3 el 6 de agosto en un acto p\u00fablico en el stadium de El Cerro, encabezado por el Primer Ministro Fidel Castro, en presencia de centenares de asistentes al I Congreso Latinoamericano de Juventudes, entre ellos el derrocado gobernante de Guatemala Jacobo Arbenz. Se trataba de la nacionalizaci\u00f3n de todas las grandes empresas industriales y agrarias norteamericanas -f\u00e1bricas, minas, compa\u00f1\u00edas de tel\u00e9fonos, electricidad, ferrocarriles y otras muchas entidades-, complementadas el 17 de septiembre con la confiscaci\u00f3n de todos sus bancos. Seg\u00fan el decreto de expropiaci\u00f3n, los Estados Unidos podr\u00edan decidir sobre la compensaci\u00f3n, pues si segu\u00edan comprando az\u00facar cubano el excedente por encima de tres millones de toneladas ser\u00eda destinado a pagar las indemnizaciones. El propio embajador estadounidense en La Habana, Philip Bonsal, propuso aceptar el ofrecimiento, pero dos meses despu\u00e9s fue retirado y no volvi\u00f3 m\u00e1s a la Isla.<\/p>\n\n\n\n<p class=\"wp-block-paragraph\">El <em>Gobierno Revolucionario<\/em> declar\u00f3 entonces, hace ahora sesenta a\u00f1os, una semana de festejos populares y se organizaron entierros y funerales simb\u00f3licos de las compa\u00f1\u00edas norteamericanas expropiadas. Seg\u00fan el relato de un testigo: \u201c<em>En la escalinata del Capitolio Nacional se expuso los sarc\u00f3fagos de las empresas yanquis nacionalizadas. El 13 de agosto, los ata\u00fades simb\u00f3licos fueron lanzados al mar<\/em>.\u201d Ese mismo d\u00eda Fidel Castro cumpl\u00eda 34 a\u00f1os.<\/p>\n\n\n\n<p class=\"wp-block-paragraph\">Fuente: www.informefracto.com &#8211; 11 de agosto de 2020 <\/p>\n\n\n\n<div style=\"height:29px\" aria-hidden=\"true\" class=\"wp-block-spacer\"><\/div>\n\n\n\n<p class=\"has-very-light-gray-color has-vivid-cyan-blue-background-color has-text-color has-background wp-block-paragraph\"><strong>Publicado por ADHILAC Internacional \u00a9 www.adhilac.com.ar<\/strong><\/p>\n\n\n\n<p class=\"has-vivid-cyan-blue-color has-very-light-gray-background-color has-text-color has-background wp-block-paragraph\"> Si Ud. desea asociarse de acuerdo a los Estatutos de ADHILAC&nbsp;<a href=\"https:\/\/adhilac.com.ar\/?page_id=263\">(ver)<\/a> complete el siguiente formulario&nbsp;(<a href=\"https:\/\/adhilac.com.ar\/?page_id=4779\">ver<\/a>)<\/p>\n\n\n\n<p class=\"has-very-light-gray-color has-vivid-cyan-blue-background-color has-text-color has-background wp-block-paragraph\"> E-mail:&nbsp;info@adhilac.com.ar <\/p>\n\n\n\n<p class=\"has-very-light-gray-color has-vivid-cyan-blue-background-color has-text-color has-background wp-block-paragraph\"> Twitter: @AdhilacInfo <\/p>\n\n\n\n<div class=\"wp-block-image\"><figure class=\"aligncenter size-large\"><img loading=\"lazy\" decoding=\"async\" width=\"85\" height=\"85\" src=\"https:\/\/adhilac.com.ar\/wp-content\/uploads\/2015\/02\/Logo-ADHILAC-Internacional-PEQ.jpg\" alt=\"\" class=\"wp-image-10473\"\/><\/figure><\/div>\n\n\n\n<p class=\"wp-block-paragraph\">Ver <a href=\"https:\/\/adhilac.com.ar\/?page_id=541\">Presentaci\u00f3n de ADHILAC<\/a><\/p>\n\n\n\n<div style=\"height:32px\" aria-hidden=\"true\" class=\"wp-block-spacer\"><\/div>\n\n\n\n<div class=\"wp-block-group\"><div class=\"wp-block-group__inner-container is-layout-flow wp-block-group-is-layout-flow\">\n<p class=\"has-text-align-center has-very-light-gray-color has-vivid-cyan-blue-background-color has-text-color has-background wp-block-paragraph\"><strong><a href=\"https:\/\/adhilac.com.ar\/?page_id=541\">QUIENES SOMOS<\/a><\/strong><\/p>\n\n\n\n<p class=\"has-text-align-center has-vivid-cyan-blue-color has-very-light-gray-background-color has-text-color has-background wp-block-paragraph\"><strong><a href=\"https:\/\/adhilac.com.ar\/?page_id=15507\">DIRECTIVA DE ADHILAC INTERNACIONAL<\/a><\/strong><\/p>\n\n\n\n<p class=\"has-text-align-center has-very-light-gray-color has-vivid-cyan-blue-background-color has-text-color has-background wp-block-paragraph\"><strong><a href=\"https:\/\/adhilac.com.ar\/?page_id=267\">Declaraci\u00f3n de Caracas de ADHILAC (2007)<\/a><\/strong><\/p>\n\n\n\n<p class=\"has-text-align-center has-vivid-cyan-blue-color has-very-light-gray-background-color has-text-color has-background wp-block-paragraph\"><strong><a href=\"https:\/\/adhilac.com.ar\/?page_id=15873\">ADHILAC: Historia &#8211; Historidorxs<\/a><\/strong><\/p>\n\n\n\n<p class=\"has-text-align-center has-very-light-gray-color has-vivid-cyan-blue-background-color has-text-color has-background wp-block-paragraph\"><strong><a href=\"https:\/\/adhilac.com.ar\/?page_id=15876\">ADHILAC 20 a\u00f1os despu\u00e9s (1974-1994)<\/a> <\/strong><\/p>\n\n\n\n<p class=\"has-text-align-center has-vivid-cyan-blue-color has-very-light-gray-background-color has-text-color has-background wp-block-paragraph\"><strong><a href=\"https:\/\/adhilac.com.ar\/?page_id=15861\">ADHILAC Breve Historia<\/a> <\/strong><\/p>\n\n\n\n<p class=\"has-text-align-center has-very-light-gray-color has-vivid-cyan-blue-background-color has-text-color has-background wp-block-paragraph\"><strong><a href=\"https:\/\/adhilac.com.ar\/?page_id=15887\">ADHILAC: Miembrxs fundadores<\/a><\/strong><\/p>\n\n\n\n<p class=\"has-text-align-center has-vivid-cyan-blue-color has-very-light-gray-background-color has-text-color has-background wp-block-paragraph\"><strong><a href=\"https:\/\/adhilac.com.ar\/?page_id=15943\">ADHILAC: Historiadorxs Destacadxs<\/a><\/strong><\/p>\n\n\n\n<p class=\"has-text-align-center has-very-light-gray-color has-vivid-cyan-blue-background-color has-text-color has-background wp-block-paragraph\"><strong><a href=\"https:\/\/adhilac.com.ar\/?page_id=4779\">SOCIXS<\/a><\/strong><\/p>\n\n\n\n<p class=\"has-text-align-center has-vivid-cyan-blue-color has-very-light-gray-background-color has-text-color has-background wp-block-paragraph\"><strong><a href=\"https:\/\/adhilac.com.ar\/?page_id=263\">Estatutos de ADHILAC<\/a><\/strong><\/p>\n\n\n\n<p class=\"has-text-align-center has-very-light-gray-color has-vivid-cyan-blue-background-color has-text-color has-background wp-block-paragraph\"><strong><a href=\"https:\/\/adhilac.com.ar\/?page_id=8220\">BICENTENARIO<\/a><\/strong><\/p>\n\n\n\n<p class=\"has-text-align-center has-vivid-cyan-blue-color has-very-light-gray-background-color has-text-color has-background wp-block-paragraph\"><strong><a href=\"https:\/\/adhilac.com.ar\/?page_id=8279\">BIBLIOTECA<\/a><\/strong><\/p>\n\n\n\n<p class=\"has-text-align-center has-very-light-gray-color has-vivid-cyan-blue-background-color has-text-color has-background wp-block-paragraph\"><strong><a href=\"https:\/\/adhilac.com.ar\/?page_id=1698\">ENLACES<\/a> <\/strong><\/p>\n\n\n\n<p class=\"has-text-align-center has-vivid-cyan-blue-color has-very-light-gray-background-color has-text-color has-background wp-block-paragraph\"><a href=\"http:\/\/www.ariadnatucma.com.ar\">VISITE ARIADNA TUCMA REVISTA LATINOAMERICANA<\/a><\/p>\n<\/div><\/div>\n","protected":false},"excerpt":{"rendered":"<p>En 1960 la pol\u00edtica agresiva de Estados Unidos hacia la Revoluci\u00f3n Cubana se intensific\u00f3, como reconoci\u00f3 en su libro Seis Crisis(1962)Richard M. Nixon. Seg\u00fan el entonces vicepresidente del gobierno de Dwight Eisenhower, a principios de ese a\u00f1o, \u201cla CIA recibi\u00f3 instrucciones de facilitar armas, municiones y entrenamiento a los cubanos huidos del r\u00e9gimen de Castro, [&hellip;]<\/p>\n","protected":false},"author":17,"featured_media":0,"comment_status":"closed","ping_status":"closed","sticky":false,"template":"","format":"standard","meta":{"_crdt_document":"","footnotes":""},"categories":[15,40],"tags":[63,1092],"class_list":["post-16773","post","type-post","status-publish","format-standard","hentry","category-historia","category-informaciones","tag-cuba","tag-nacionalizaciones"],"_links":{"self":[{"href":"https:\/\/adhilac.com.ar\/index.php?rest_route=\/wp\/v2\/posts\/16773","targetHints":{"allow":["GET"]}}],"collection":[{"href":"https:\/\/adhilac.com.ar\/index.php?rest_route=\/wp\/v2\/posts"}],"about":[{"href":"https:\/\/adhilac.com.ar\/index.php?rest_route=\/wp\/v2\/types\/post"}],"author":[{"embeddable":true,"href":"https:\/\/adhilac.com.ar\/index.php?rest_route=\/wp\/v2\/users\/17"}],"replies":[{"embeddable":true,"href":"https:\/\/adhilac.com.ar\/index.php?rest_route=%2Fwp%2Fv2%2Fcomments&post=16773"}],"version-history":[{"count":3,"href":"https:\/\/adhilac.com.ar\/index.php?rest_route=\/wp\/v2\/posts\/16773\/revisions"}],"predecessor-version":[{"id":16777,"href":"https:\/\/adhilac.com.ar\/index.php?rest_route=\/wp\/v2\/posts\/16773\/revisions\/16777"}],"wp:attachment":[{"href":"https:\/\/adhilac.com.ar\/index.php?rest_route=%2Fwp%2Fv2%2Fmedia&parent=16773"}],"wp:term":[{"taxonomy":"category","embeddable":true,"href":"https:\/\/adhilac.com.ar\/index.php?rest_route=%2Fwp%2Fv2%2Fcategories&post=16773"},{"taxonomy":"post_tag","embeddable":true,"href":"https:\/\/adhilac.com.ar\/index.php?rest_route=%2Fwp%2Fv2%2Ftags&post=16773"}],"curies":[{"name":"wp","href":"https:\/\/api.w.org\/{rel}","templated":true}]}}