{"id":17071,"date":"2020-08-22T10:38:00","date_gmt":"2020-08-22T13:38:00","guid":{"rendered":"https:\/\/adhilac.com.ar\/?p=17071"},"modified":"2020-12-15T09:08:41","modified_gmt":"2020-12-15T12:08:41","slug":"la-conspiracion-de-los-soles-y-rayos-de-bolivar-en-cuba","status":"publish","type":"post","link":"https:\/\/adhilac.com.ar\/?p=17071","title":{"rendered":"La conspiraci\u00f3n de los Soles y Rayos de Bol\u00edvar en Cuba"},"content":{"rendered":"\n<figure class=\"wp-block-image size-large is-resized\"><img loading=\"lazy\" decoding=\"async\" src=\"https:\/\/adhilac.com.ar\/wp-content\/uploads\/2020\/08\/conspiracion-soles-y-rayos-800x480.jpeg\" alt=\"\" class=\"wp-image-17072\" width=\"550\" height=\"330\" srcset=\"https:\/\/adhilac.com.ar\/wp-content\/uploads\/2020\/08\/conspiracion-soles-y-rayos-800x480.jpeg 800w, https:\/\/adhilac.com.ar\/wp-content\/uploads\/2020\/08\/conspiracion-soles-y-rayos-300x180.jpeg 300w, https:\/\/adhilac.com.ar\/wp-content\/uploads\/2020\/08\/conspiracion-soles-y-rayos-768x461.jpeg 768w, https:\/\/adhilac.com.ar\/wp-content\/uploads\/2020\/08\/conspiracion-soles-y-rayos.jpeg 1000w\" sizes=\"auto, (max-width: 550px) 100vw, 550px\" \/><\/figure>\n\n\n\n<p class=\"has-cyan-bluish-gray-color has-text-color wp-block-paragraph\">Por Sergio Guerra Vilaboy<\/p>\n\n\n\n<p class=\"wp-block-paragraph\">Hace doscientos a\u00f1os florecieron logias mas\u00f3nicas en Cuba, favorecidas por el clima creado con el restablecimiento de la constituci\u00f3n gaditana de 1812 tras la sublevaci\u00f3n de Riego en enero de 1820.<\/p>\n\n\n\n<!--more-->\n\n\n\n<p class=\"wp-block-paragraph\"><\/p>\n\n\n\n<p class=\"wp-block-paragraph\"> Influidas por los avances de la independencia en Hispanoam\u00e9rica, varias de ellas formaron una extendida conspiraci\u00f3n separatista conocida como Soles y Rayos de Bol\u00edvar, que pretend\u00eda una rebeli\u00f3n armada que proclamara la \u201cRep\u00fablica de Cubanac\u00e1n\u201d \u2013nombre de un cacicazgo taino-, con una bandera que ten\u00eda al centro un sol con siete rayos dorados.<\/p>\n\n\n\n<p class=\"wp-block-paragraph\">La denominaci\u00f3n del primer movimiento independentista en la historia de Cuba ten\u00eda que ver con una frase del propio Sim\u00f3n Bol\u00edvar: \u201c<em>Estoy como el sol, brotando rayos por todas partes\u201d<\/em>. El complot se inici\u00f3 en 1817 en Estados Unidos, donde el habanero Jos\u00e9 Francisco Lemus se reuni\u00f3 con los agentes venezolanos Pedro Gual y Lino Clemente, que le dieron el grado de Coronel en el ej\u00e9rcito bolivariano. Poco despu\u00e9s tuvo encuentros en Espa\u00f1a con Jos\u00e9 Rafael Revenga y Jos\u00e9 Tiburcio Echavarr\u00eda, otros representantes de Venezuela, gestiones que comparti\u00f3 con sus amigos de La Habana.&nbsp;<\/p>\n\n\n\n<p class=\"wp-block-paragraph\">Durante el trienio liberal (1820-1823), Lemus tambi\u00e9n sobresali\u00f3 entre los seguidores del rico criollo Conde de O\u2019Reilly, apodados yuquinos, durante los enfrentamientos callejeros en la capital cubana con los \u201cgodos\u201d, peque\u00f1os comerciantes y empleados espa\u00f1oles capitaneados por el cl\u00e9rigo peninsular Tom\u00e1s Guti\u00e9rrez de Pi\u00f1eres. En ese caldeado ambiente brotaron como hongos las logias del rito de York, entre ellas Caballeros Racionales, Cadena El\u00e9ctrica, Cadena Triangular de Bol\u00edvar y la mencionada Soles y Rayos, todas nutridas de j\u00f3venes criollos, entre ellos el poeta Jos\u00e9 Mar\u00eda Heredia, Jos\u00e9 Teurbe Tol\u00f3n y Frasquito Ag\u00fcero Velasco, as\u00ed como varios emigrados hispanoamericanos: el ex presidente neograndino Jos\u00e9 Fern\u00e1ndez Madrid, el rioplatense Jos\u00e9 Antonio Miralla, el oidor peruano Manuel Lorenzo de Vidaurre y el guayaquile\u00f1o Vicente Rocafuerte.<\/p>\n\n\n\n<p class=\"wp-block-paragraph\">Pero la extendida conspiraci\u00f3n fue detectada por las fuerzas represivas del Capit\u00e1n General Dionisio Vives, quien inform\u00f3 el 2 de agosto de 1823: \u201c<em>Est\u00e1n aprehendidas al presente especies que de un modo inequivocable comprueban el cuerpo del delito: tres banderas, m\u00e1s de trescientas escarapelas tricolores, muchas armas de fuego y un crecido n\u00famero de proclamas, cuyas imposturas y falaces doctrinas dan muy bien a conocer las sanguinarias ideas de destrucci\u00f3n que abriga D. Jos\u00e9 Francisco Lemus que se titula jefe de las tropas y sus despreciables sat\u00e9lites<\/em>\u201d.<\/p>\n\n\n\n<p class=\"wp-block-paragraph\">Ese verano fueron arrestadas cerca de 600 personas, sobre todo en La Habana, Puerto Pr\u00edncipe (hoy Camag\u00fcey) y Trinidad, territorios donde, a diferencia de la capital cubana, estaban tambi\u00e9n comprometidos varios plantadores y ricos propietarios criollos. A varios de los detenidos le fueron ocupados documentos, firmados por Lemus en el \u201c<em>Cuartel General de Guadalupe, sobre los muros de La Habana\u2026 1823. Imprenta del Gobierno de Cubanac\u00e1n<\/em>\u201c. Tras ser capturado en Guanabacoa por una partida de dragones, el l\u00edder de los Soles y Rayos fue paseado por las principales calles habaneras para que fuera repudiado por los partidarios de Espa\u00f1a.&nbsp;<\/p>\n\n\n\n<p class=\"wp-block-paragraph\">La poderosa elite esclavista cubana del occidente de la isla, aliada con las autoridades coloniales que apoyaban la expansi\u00f3n de la plantaci\u00f3n azucarera, lleg\u00f3 a exigir castigos draconianos para los implicados. S\u00edmbolo de la confluencia de intereses entre la elite habanera y la restablecida monarqu\u00eda absolutista espa\u00f1ola fue la erecci\u00f3n, con el auspicio de prominentes criollos como Claudio Mart\u00ednez de Pinillos y Francisco de Arango y Parre\u00f1o, de una estatua de Fernando VII en la Plaza de Armas, frente al Palacio de los Capitanes Generales, que estuvo en este c\u00e9ntrico sitio hasta 1955.<\/p>\n\n\n\n<p class=\"wp-block-paragraph\">Algunos miembros de las logias represaliadas en 1823, lograron escapar a Estados Unidos, para descubrir que no ten\u00edan el apoyo esperado del gobierno norteamericano a la independencia de su patria. Desde entonces, los emigrados cubanos buscaron el respaldo de Colombia y M\u00e9xico, presididos entonces por Sim\u00f3n Bol\u00edvar y Guadalupe Victoria. Ese fue el caso del propio Lemus que, tras escapar de su prisi\u00f3n en Espa\u00f1a, se exili\u00f3 en M\u00e9xico, donde ingres\u00f3 en la \u201cJunta Promotora de la Libertad Cubana\u201d, creada en la capital mexicana en 1825 por muchos de sus compa\u00f1eros en la fracasada conspiraci\u00f3n de los Soles y Rayos de Bol\u00edvar.<\/p>\n\n\n\n<p class=\"wp-block-paragraph\">Fuente: www.informefracto.com &#8211; 21 de agosto de 2020 <\/p>\n\n\n\n<div style=\"height:20px\" aria-hidden=\"true\" class=\"wp-block-spacer\"><\/div>\n\n\n\n<p class=\"has-very-light-gray-color has-vivid-cyan-blue-background-color has-text-color has-background wp-block-paragraph\"><strong>Publicado por ADHILAC Internacional \u00a9 www.adhilac.com.ar<\/strong><\/p>\n\n\n\n<p class=\"has-vivid-cyan-blue-color has-very-light-gray-background-color has-text-color has-background wp-block-paragraph\"> Si Ud. desea asociarse de acuerdo a los Estatutos de ADHILAC&nbsp;<a href=\"https:\/\/adhilac.com.ar\/?page_id=263\">(ver)<\/a> complete el siguiente formulario&nbsp;(<a href=\"https:\/\/adhilac.com.ar\/?page_id=4779\">ver<\/a>)<\/p>\n\n\n\n<p class=\"has-very-light-gray-color has-vivid-cyan-blue-background-color has-text-color has-background wp-block-paragraph\"> E-mail:&nbsp;info@adhilac.com.ar <\/p>\n\n\n\n<p class=\"has-very-light-gray-color has-vivid-cyan-blue-background-color has-text-color has-background wp-block-paragraph\"> Twitter: @AdhilacInfo <\/p>\n\n\n\n<div class=\"wp-block-image\"><figure class=\"aligncenter size-large\"><img loading=\"lazy\" decoding=\"async\" width=\"85\" height=\"85\" src=\"https:\/\/adhilac.com.ar\/wp-content\/uploads\/2015\/02\/Logo-ADHILAC-Internacional-PEQ.jpg\" alt=\"\" class=\"wp-image-10473\"\/><\/figure><\/div>\n\n\n\n<p class=\"wp-block-paragraph\">Ver <a href=\"https:\/\/adhilac.com.ar\/?page_id=541\">Presentaci\u00f3n de ADHILAC<\/a><\/p>\n\n\n\n<div class=\"wp-block-group\"><div class=\"wp-block-group__inner-container is-layout-flow wp-block-group-is-layout-flow\">\n<p class=\"has-text-align-center has-very-light-gray-color has-vivid-cyan-blue-background-color has-text-color has-background wp-block-paragraph\"><strong><a href=\"https:\/\/adhilac.com.ar\/?page_id=541\">QUIENES SOMOS<\/a><\/strong><\/p>\n\n\n\n<p class=\"has-text-align-center has-vivid-cyan-blue-color has-very-light-gray-background-color has-text-color has-background wp-block-paragraph\"><strong><a href=\"https:\/\/adhilac.com.ar\/?page_id=15507\">DIRECTIVA DE ADHILAC INTERNACIONAL<\/a><\/strong><\/p>\n\n\n\n<p class=\"has-text-align-center has-very-light-gray-color has-vivid-cyan-blue-background-color has-text-color has-background wp-block-paragraph\"><strong><a href=\"https:\/\/adhilac.com.ar\/?page_id=267\">Declaraci\u00f3n de Caracas de ADHILAC (2007)<\/a><\/strong><\/p>\n\n\n\n<p class=\"has-text-align-center has-vivid-cyan-blue-color has-very-light-gray-background-color has-text-color has-background wp-block-paragraph\"><strong><a href=\"https:\/\/adhilac.com.ar\/?page_id=15873\">ADHILAC: Historia &#8211; Historidorxs<\/a><\/strong><\/p>\n\n\n\n<p class=\"has-text-align-center has-very-light-gray-color has-vivid-cyan-blue-background-color has-text-color has-background wp-block-paragraph\"><strong><a href=\"https:\/\/adhilac.com.ar\/?page_id=15876\">ADHILAC 20 a\u00f1os despu\u00e9s (1974-1994)<\/a> <\/strong><\/p>\n\n\n\n<p class=\"has-text-align-center has-vivid-cyan-blue-color has-very-light-gray-background-color has-text-color has-background wp-block-paragraph\"><strong><a href=\"https:\/\/adhilac.com.ar\/?page_id=15861\">ADHILAC Breve Historia<\/a> <\/strong><\/p>\n\n\n\n<p class=\"has-text-align-center has-very-light-gray-color has-vivid-cyan-blue-background-color has-text-color has-background wp-block-paragraph\"><strong><a href=\"https:\/\/adhilac.com.ar\/?page_id=15887\">ADHILAC: Miembrxs fundadores<\/a><\/strong><\/p>\n\n\n\n<p class=\"has-text-align-center has-vivid-cyan-blue-color has-very-light-gray-background-color has-text-color has-background wp-block-paragraph\"><strong><a href=\"https:\/\/adhilac.com.ar\/?page_id=15943\">ADHILAC: Historiadorxs Destacadxs<\/a><\/strong><\/p>\n\n\n\n<p class=\"has-text-align-center has-very-light-gray-color has-vivid-cyan-blue-background-color has-text-color has-background wp-block-paragraph\"><strong><a href=\"https:\/\/adhilac.com.ar\/?page_id=4779\">SOCIXS<\/a><\/strong><\/p>\n\n\n\n<p class=\"has-text-align-center has-vivid-cyan-blue-color has-very-light-gray-background-color has-text-color has-background wp-block-paragraph\"><strong><a href=\"https:\/\/adhilac.com.ar\/?page_id=263\">Estatutos de ADHILAC<\/a><\/strong><\/p>\n\n\n\n<p class=\"has-text-align-center has-very-light-gray-color has-vivid-cyan-blue-background-color has-text-color has-background wp-block-paragraph\"><strong><a href=\"https:\/\/adhilac.com.ar\/?page_id=8220\">BICENTENARIO<\/a><\/strong><\/p>\n\n\n\n<p class=\"has-text-align-center has-vivid-cyan-blue-color has-very-light-gray-background-color has-text-color has-background wp-block-paragraph\"><strong><a href=\"https:\/\/adhilac.com.ar\/?page_id=8279\">BIBLIOTECA<\/a><\/strong><\/p>\n\n\n\n<p class=\"has-text-align-center has-very-light-gray-color has-vivid-cyan-blue-background-color has-text-color has-background wp-block-paragraph\"><strong><a href=\"https:\/\/adhilac.com.ar\/?page_id=1698\">ENLACES<\/a> <\/strong><\/p>\n\n\n\n<p class=\"has-text-align-center has-vivid-cyan-blue-color has-very-light-gray-background-color has-text-color has-background wp-block-paragraph\"><a href=\"http:\/\/www.ariadnatucma.com.ar\">VISITE ARIADNA TUCMA REVISTA LATINOAMERICANA<\/a><\/p>\n<\/div><\/div>\n","protected":false},"excerpt":{"rendered":"<p>Por Sergio Guerra Vilaboy Hace doscientos a\u00f1os florecieron logias mas\u00f3nicas en Cuba, favorecidas por el clima creado con el restablecimiento de la constituci\u00f3n gaditana de 1812 tras la sublevaci\u00f3n de Riego en enero de 1820.<\/p>\n","protected":false},"author":17,"featured_media":0,"comment_status":"closed","ping_status":"closed","sticky":false,"template":"","format":"standard","meta":{"_crdt_document":"","footnotes":""},"categories":[15],"tags":[63,46],"class_list":["post-17071","post","type-post","status-publish","format-standard","hentry","category-historia","tag-cuba","tag-simon-bolivar"],"_links":{"self":[{"href":"https:\/\/adhilac.com.ar\/index.php?rest_route=\/wp\/v2\/posts\/17071","targetHints":{"allow":["GET"]}}],"collection":[{"href":"https:\/\/adhilac.com.ar\/index.php?rest_route=\/wp\/v2\/posts"}],"about":[{"href":"https:\/\/adhilac.com.ar\/index.php?rest_route=\/wp\/v2\/types\/post"}],"author":[{"embeddable":true,"href":"https:\/\/adhilac.com.ar\/index.php?rest_route=\/wp\/v2\/users\/17"}],"replies":[{"embeddable":true,"href":"https:\/\/adhilac.com.ar\/index.php?rest_route=%2Fwp%2Fv2%2Fcomments&post=17071"}],"version-history":[{"count":2,"href":"https:\/\/adhilac.com.ar\/index.php?rest_route=\/wp\/v2\/posts\/17071\/revisions"}],"predecessor-version":[{"id":17502,"href":"https:\/\/adhilac.com.ar\/index.php?rest_route=\/wp\/v2\/posts\/17071\/revisions\/17502"}],"wp:attachment":[{"href":"https:\/\/adhilac.com.ar\/index.php?rest_route=%2Fwp%2Fv2%2Fmedia&parent=17071"}],"wp:term":[{"taxonomy":"category","embeddable":true,"href":"https:\/\/adhilac.com.ar\/index.php?rest_route=%2Fwp%2Fv2%2Fcategories&post=17071"},{"taxonomy":"post_tag","embeddable":true,"href":"https:\/\/adhilac.com.ar\/index.php?rest_route=%2Fwp%2Fv2%2Ftags&post=17071"}],"curies":[{"name":"wp","href":"https:\/\/api.w.org\/{rel}","templated":true}]}}