{"id":17099,"date":"2019-01-24T17:43:00","date_gmt":"2019-01-24T20:43:00","guid":{"rendered":"https:\/\/adhilac.com.ar\/?p=17099"},"modified":"2020-08-24T18:02:51","modified_gmt":"2020-08-24T21:02:51","slug":"v-conferencia-internacional-de-acolec-barranquilla-colombia-9-11-04-2019","status":"publish","type":"post","link":"https:\/\/adhilac.com.ar\/?p=17099","title":{"rendered":"V Conferencia Internacional de ACOLEC. Barranquilla. Colombia 9-11\/04\/2019"},"content":{"rendered":"\n<div class=\"wp-block-group has-very-light-gray-to-cyan-bluish-gray-gradient-background has-background\"><div class=\"wp-block-group__inner-container is-layout-flow wp-block-group-is-layout-flow\">\n<p class=\"has-text-align-center has-white-color has-cyan-bluish-gray-background-color has-text-color has-background has-normal-font-size wp-block-paragraph\"><strong>Regi\u00f3n, pol\u00edtica y sociedad en el Caribe.<br \/>100 a\u00f1os de la Liga Coste\u00f1a<br \/>CONVOCATORIA<\/strong><\/p>\n\n\n\n<div class=\"wp-block-group\"><div class=\"wp-block-group__inner-container is-layout-flow wp-block-group-is-layout-flow\">\n<div class=\"wp-block-image\"><figure class=\"aligncenter size-large is-resized\"><img loading=\"lazy\" decoding=\"async\" src=\"https:\/\/adhilac.com.ar\/wp-content\/uploads\/2018\/10\/Barranquilla-9-11-abril-2019-732x1024.jpg\" alt=\"\" class=\"wp-image-14366\" width=\"296\" height=\"413\" srcset=\"https:\/\/adhilac.com.ar\/wp-content\/uploads\/2018\/10\/Barranquilla-9-11-abril-2019-732x1024.jpg 732w, https:\/\/adhilac.com.ar\/wp-content\/uploads\/2018\/10\/Barranquilla-9-11-abril-2019-214x300.jpg 214w, https:\/\/adhilac.com.ar\/wp-content\/uploads\/2018\/10\/Barranquilla-9-11-abril-2019.jpg 915w\" sizes=\"auto, (max-width: 296px) 100vw, 296px\" \/><\/figure><\/div>\n<\/div><\/div>\n<\/div><\/div>\n\n\n\n<!--more-->\n\n\n\n<div class=\"wp-block-image\"><figure class=\"aligncenter size-large\"><img loading=\"lazy\" decoding=\"async\" width=\"378\" height=\"328\" src=\"https:\/\/adhilac.com.ar\/wp-content\/uploads\/2020\/08\/Acolec-Barranquilla.jpg\" alt=\"\" class=\"wp-image-17100\" srcset=\"https:\/\/adhilac.com.ar\/wp-content\/uploads\/2020\/08\/Acolec-Barranquilla.jpg 378w, https:\/\/adhilac.com.ar\/wp-content\/uploads\/2020\/08\/Acolec-Barranquilla-300x260.jpg 300w\" sizes=\"auto, (max-width: 378px) 100vw, 378px\" \/><\/figure><\/div>\n\n\n\n<p class=\"wp-block-paragraph\"><a href=\"https:\/\/adhilac.com.ar\/wp-content\/uploads\/2018\/11\/V-CONFERENCIA-INTERNACIONAL-ASOCIACI\u00d3N-COLOMBIANA-DE-ESTUDIOS-DEL-CARIBE-V-Circular-1.pdf\">V CONFERENCIA INTERNACIONAL ASOCIACI\u00d3N COLOMBIANA DE ESTUDIOS DEL CARIBE V. Circular 1<\/a><\/p>\n\n\n\n<p class=\"wp-block-paragraph\"><strong>PRESENTACI\u00d3N<\/strong><\/p>\n\n\n\n<p class=\"wp-block-paragraph\">La Asociaci\u00f3n Colombiana de Estudios del Caribe \u2013ACOLEC\u2013, la Universidad del Norte, la Universidad Nacional de Colombia Sede Caribe, y el Banco de la Rep\u00fablica\u2013sede Barranquilla, invitan a investigadores, docentes y estudiantes de diferentes disciplinas interesados(as) a que presenten sus ponencias para participar en la Quinta Conferencia Internacional de la Asociaci\u00f3n Colombiana de Estudios del Caribe que se realizar\u00e1 en la ciudad de Barranquilla (Colombia) entre el 9 y 11 de abril de 2019. El tema central para esta versi\u00f3n, aunque no excluye otros temas ser\u00e1: <\/p>\n\n\n\n<p class=\"wp-block-paragraph\">\u201cRegi\u00f3n, Pol\u00edtica y Sociedad en el Caribe. 100 a\u00f1os de la Liga Coste\u00f1a\u201d<\/p>\n\n\n\n<p class=\"wp-block-paragraph\">En las \u00faltimas d\u00e9cadas el tema de la regi\u00f3n y su formaci\u00f3n ha ocupado un lugar central en los debates acad\u00e9micos de todo el mundo, ello se debe en buena medida a las diversas discusiones que ha generado el proceso de globalizaci\u00f3n econ\u00f3mica y cultural, y en especial a la crisis que se le atribuye al Estado naci\u00f3n en diferentes \u00e1mbitos y a sus limitaciones para satisfacer las diversas demandas de los territorios que lo componen, ello obliga necesariamente a una revisi\u00f3n en las relaciones entre el Estado y sus regiones, en especial aquellas m\u00e1s distantes del centro de poder.<\/p>\n\n\n\n<p class=\"wp-block-paragraph\">En el Caribe las explicaciones a este fen\u00f3meno cambiante de los roles regionales se asocian a las diversas formas que despleg\u00f3 el colonialismo y a los diversos procesos en la formaci\u00f3n del Estado naci\u00f3n, en este sentido la regi\u00f3n Caribe colombiana ha ido variada su importancia en diversas etapas que van del colonialismo espa\u00f1ol a la instauraci\u00f3n de la. Sin embargo, hay una constante y es su esfuerzo permanente por ser reconocida como una regi\u00f3n importante en los diversos procesos que dieron como resultado la construcci\u00f3n nacional. El pr\u00f3ximo a\u00f1o 2019 se cumplen 100 a\u00f1os de la formaci\u00f3n uno de los movientes pol\u00edticos y sociales m\u00e1s importantes de la regi\u00f3n Caribe Colombiana, se trat\u00f3 de creaci\u00f3n de la Liga Coste\u00f1a, en ella confluyeron liderazgos provenientes de diferentes ciudades del Caribe y de variados segmentos sociales con el prop\u00f3sito principal, de reclamar al gobierno central atenci\u00f3n para el desarrollo de la regi\u00f3n. Estos 100 a\u00f1os desde la creaci\u00f3n de la liga coste\u00f1a obligan a revisar los acontecimientos que la antecedieron, pero tambi\u00e9n como se han traducidos estas demandas de la regi\u00f3n en los actuales momentos.<\/p>\n\n\n\n<p class=\"wp-block-paragraph\"><strong>Objetivo General<\/strong><\/p>\n\n\n\n<p class=\"wp-block-paragraph\">Analizar los diferentes procesos hist\u00f3ricos, pol\u00edticos, sociales y culturales que han permitido la formaci\u00f3n de la regi\u00f3n Caribe Colombiana.<\/p>\n\n\n\n<p class=\"wp-block-paragraph\"><strong>Espec\u00edficos<\/strong><\/p>\n\n\n\n<p class=\"wp-block-paragraph\">Reflexionar sobre los mecanismos de gesti\u00f3n pol\u00edtica, de las ciudades y localidades para lograr su reconocimiento como parte de la regi\u00f3n Caribe colombiana<\/p>\n\n\n\n<p class=\"wp-block-paragraph\">Revisar las participaciones de los diversos sectores sociales y \u00e9tnicos en la formaci\u00f3n y reivindicaciones regionales.<\/p>\n\n\n\n<p class=\"wp-block-paragraph\">Analizar el papel de la geograf\u00eda incluyendo mar y r\u00edos en los procesos de desarrollo econ\u00f3mico, de identidades, cultura y pr\u00e1cticas ancestrales en la formaci\u00f3n regional.<\/p>\n\n\n\n<p class=\"wp-block-paragraph\">Explorar los conflictos y las din\u00e1micas de violencia que se dan en los procesos de configuraci\u00f3n territorial en la regi\u00f3n Caribe.<\/p>\n\n\n\n<p class=\"wp-block-paragraph\">Indagar por las implicaciones de la condici\u00f3n multifronteriza y transfronteriza de la regi\u00f3n Caribe colombiana en la configuraci\u00f3n de la regi\u00f3n<\/p>\n\n\n\n<p class=\"wp-block-paragraph\"><strong>MESAS TEM\u00c1TICAS<\/strong><\/p>\n\n\n\n<ul class=\"wp-block-list\"><li><strong>Regi\u00f3n, regionalizaci\u00f3n y desarrollo regional<\/strong><\/li><li><strong>La liga Coste\u00f1a y otras formas de \u201cregionalismo pol\u00edtico\u201d<\/strong><\/li><li><strong>Regi\u00f3n, subregiones, territorios, localidades<\/strong><\/li><li><strong>Violencia, conflictos pol\u00edticos y seguridad en la regi\u00f3n Caribe colombiana<\/strong><\/li><li><strong>Regi\u00f3n, identidad, m\u00fasica y cultura<\/strong><\/li><li><strong>Historia, narrativas, memoria y regi\u00f3n<\/strong><\/li><li><strong>Las met\u00e1foras de la regi\u00f3n en la literatura caribe\u00f1a<\/strong><\/li><li><strong>Din\u00e1micas de regionalizaci\u00f3n en los contextos rurales a urbanos.<\/strong><\/li><li><strong>Movimientos sociales, grupos \u00e9tnicos y g\u00e9nero en la regi\u00f3n Caribe.<\/strong><\/li><li><strong>Sistemas productivos regionales, desarrollo empresarial y turismo en el Caribe.<\/strong><\/li><li><strong>Ciudades transfronterizas y procesos de integraci\u00f3n cultural en el Caribe.<\/strong><\/li><li><strong>Ambiente y desarrollo sostenible.<\/strong><\/li><li><strong>La regi\u00f3n a trav\u00e9s de las artes en el Caribe.<\/strong><\/li><li><strong>La geograf\u00eda, monta\u00f1as, mares y r\u00edos en el Caribe colombiano<\/strong><\/li><\/ul>\n\n\n\n<p class=\"wp-block-paragraph\"><strong>METODOLOG\u00cdA<\/strong><\/p>\n\n\n\n<p class=\"wp-block-paragraph\">El evento acad\u00e9mico se realizar\u00e1 con la modalidad de mesas tem\u00e1ticas con ponencias individuales, seguidas de una sesi\u00f3n de preguntas y comentarios. Tambi\u00e9n se realizar\u00e1n conferencias centrales a cargo de especialistas reconocidos en el tema.<\/p>\n\n\n\n<p class=\"wp-block-paragraph\">Los interesados podr\u00e1n proponer mesas tem\u00e1ticas o enviar ponencias individuales. Las mesas tem\u00e1ticas deber\u00e1n contar con un m\u00ednimo de tres ponencias y un m\u00e1ximo de cinco, y los res\u00famenes ser\u00e1n evaluados individualmente.<\/p>\n\n\n\n<p class=\"wp-block-paragraph\"><strong>PARTICIPACI\u00d3N<\/strong><\/p>\n\n\n\n<p class=\"wp-block-paragraph\">Para participar como ponente en el evento los interesados deben enviar su propuesta de ponencia, ya sea en idioma ingl\u00e9s o espa\u00f1ol, a las siguientes direcci\u00f3nes de correo electr\u00f3nico:<\/p>\n\n\n\n<p class=\"wp-block-paragraph\">Dr. Ra\u00fal Rom\u00e1n Romero: Presidente ACOLEC-Univ. Nacional de Colombia<br \/>presidencia@acolec.orgco; conferenciaacolec2018@gmail.com<br \/>Dr. Jorge Enrique El\u00edas Caro: Vicepresidente ACOLEC-Univ. del Magdalena vicepresidencia@acolec.org conferenciaacolec2018@gmail.com<\/p>\n\n\n\n<p class=\"wp-block-paragraph\">La propuesta debe contener la siguiente informaci\u00f3n:<\/p>\n\n\n\n<p class=\"wp-block-paragraph\">Datos personales (nombre y apellido, direcci\u00f3n postal y correo electr\u00f3nico) Datos profesionales (grado acad\u00e9mico y pertenencia institucional) T\u00edtulo de la ponencia, mesa tem\u00e1tica elegida, y un resumen de hasta 500 palabras, que se recibir\u00e1 hasta el 10 de diciembre de 2018 La ponencia completa debe ser enviada hasta 25 de enero de 2019, siguiendo las Normas (APA), en formato Word, 12, espacio \u00bd, y con una extensi\u00f3n m\u00e1xima de 10 cuartillas, incluyendo la bibliograf\u00eda e im\u00e1genes.<\/p>\n\n\n\n<p class=\"wp-block-paragraph\"><strong>Solo se aceptar\u00e1n como m\u00e1ximo dos propuestas de ponencia en el evento y m\u00e1ximo tres participantes por ponencia<\/strong>. Posteriormente se enviar\u00e1n a los<br \/>ponentes que fueron aceptados las normas editoriales completas para la publicaci\u00f3n de las memorias este evento internacional.<\/p>\n\n\n\n<p class=\"wp-block-paragraph\">Las cartas de aceptaci\u00f3n de ponencias ser\u00e1n enviadas por los coordinadores del evento desde el momento que se reciban y aprueben las propuestas hasta el <strong>25 de febrero de 2019<\/strong> y la programaci\u00f3n definitiva saldr\u00e1 el <strong>20 de marzo de 2019<\/strong>.<\/p>\n\n\n\n<p class=\"wp-block-paragraph\"><strong>Valor de la inscripci\u00f3n hasta el 10 de enero de 2019<\/strong><\/p>\n\n\n\n<p class=\"wp-block-paragraph\">Ponentes nacionales $200.000<\/p>\n\n\n\n<p class=\"wp-block-paragraph\">Ponentes extranjeros 100 USD<\/p>\n\n\n\n<p class=\"wp-block-paragraph\">Participantes nacionales $150.000<\/p>\n\n\n\n<p class=\"wp-block-paragraph\">Participantes extranjeros 70 USD<\/p>\n\n\n\n<p class=\"wp-block-paragraph\">Estudiantes $ 100.000 = 50 USD<\/p>\n\n\n\n<p class=\"wp-block-paragraph\"><strong>Valor de la inscripci\u00f3n desde el 11 de marzo de 2019<\/strong><\/p>\n\n\n\n<p class=\"wp-block-paragraph\">Ponentes nacionales $ 250.000 Ponentes Extranjeros 150 USD Participantes nacionales $200.000 Participantes extranjeros 100 USD Estudiantes $120.000 = 70 d\u00f3lares<\/p>\n\n\n\n<p class=\"wp-block-paragraph\"><strong>Informaci\u00f3n e inscripciones<\/strong><\/p>\n\n\n\n<p class=\"wp-block-paragraph\">Dr. Ra\u00fal Rom\u00e1n Romero: Presidente ACOLEC-Univ. Nacional de Colombia<br \/>presidencia@acolec.orgco; conferenciaacolec2018@gmail.com<br \/>Dr. Jorge Enrique El\u00edas Caro: Vicepresidente ACOLEC-Univ del Magdalena vicepresidencia@acolec.org conferenciaacolec2018@gmail.com<br \/>Ver www.acolec.org.co<\/p>\n\n\n\n<p class=\"wp-block-paragraph\">Una vez aceptada su ponencia, deben consignar el valor por su participaci\u00f3n en el evento en la cuenta de ahorros N\u00ba 516-329425-01 del Bancolombia a nombre de la Asociaci\u00f3n Colombiana de Estudios del Caribe-ACOLEC y enviar recibo de consignaci\u00f3n escaneado con el nombre del ponente o participante a las direcciones de correo electr\u00f3nico arriba se\u00f1aladas. Los ponentes que no cancelen el valor de la inscripci\u00f3n no aparecer\u00e1n ni en el programa ni en las memorias del evento.<\/p>\n\n\n\n<p class=\"wp-block-paragraph\"><strong>Comit\u00e9 Acad\u00e9mico<\/strong><\/p>\n\n\n\n<p class=\"wp-block-paragraph\">Dr. Ra\u00fal Rom\u00e1n Romero, Universidad Nacional de Colombia<br \/>Dr. Jorge Enrique El\u00edas-Caro, Universidad del Magdalena (Colombia)<br \/>Dr. Antonino Vidal Ortega, Universidad del Norte (Colombia)<br \/>Dra. Muriel Vanegas Beltr\u00e1n, Universidad de Cartagena (Colombia)<br \/>Dra. Veronique Benei, CNRS (Francia)<br \/>Dra. M\u00f3nica Mar\u00eda del Valle, Universidad de la Salle (Colombia)<br \/>Dr. Adolfo Meisel Roca, Universidad del Norte<br \/>Dr. Joaqu\u00edn Viloria de La Hoz, Banco de la Rep\u00fablica (Colombia)<br \/>Dr. Enrique Camacho Navarro, UNAM (M\u00e9xico)<br \/>Dra. Francisco Maza, Universidad de Cartagena (Colombia)<br \/>Msc. Diva Marcela Piamba, Fundaci\u00f3n GCaribe<br \/>Msc. Yubis Estella Se\u00f1a, Corporaci\u00f3n Universitaria del Caribe, (CECAR)<\/p>\n\n\n\n<p class=\"wp-block-paragraph\"><strong>Comit\u00e9 Asesor<\/strong><\/p>\n\n\n\n<p class=\"wp-block-paragraph\">Dra. Mu-Kien Sang Ben, Univ. Cat\u00f3lica Madre Maestra (Rep. Dominicana)<br \/>Dr. Jorge Rodriguez Beruff, Universidad de Puerto Rico<br \/>Dr. Fabio Luis Barbosa Dos Santos, Univ. Federal de Sao Paulo (Brasil)<br \/>Dr. Yopahe Thiao, Universidad de Par\u00eds (Francia)<br \/>Msc, Daniel G\u00f3mez L\u00f3pez, Universidad del Magdalena (Colombia)<br \/>Dr. Bernardo Garc\u00eda D\u00edaz, Universidad Veracruzana (M\u00e9xico)<br \/>Dr. Jos\u00e9 Javier Col\u00f3n Morera, Universidad de Puerto Rico<br \/>Msc. Hernando Motato C., Universidad Industrial de Santander (Colombia)<br \/>Dra. Adriana Santos Mart\u00ednez, Universidad Nacional de Colombia<br \/>Dr. David D\u00edaz Arias, Universidad de (Costa Rica)<br \/>Dra. Silvia Mantilla Valbuena, Universidad Nacional de Colombia<br \/>Dr. Edgar Rey Sinning, Universidad Popular del Cesar (Colombia)<br \/>Dr. Roberto Gonzalez, Universidad del Norte, (Colombia)<br \/>Dr. Anderson Ferreira Brettas, Instituto Federal del Tri\u00e1ngulo Mineiro (Brasil)<\/p>\n\n\n\n<p class=\"wp-block-paragraph\"><strong>Entidades que organizan y apoyan<\/strong><\/p>\n\n\n\n<p class=\"wp-block-paragraph\">Asociaci\u00f3n Colombiana de Estudios del Caribe (ACOLEC)<\/p>\n\n\n\n<p class=\"wp-block-paragraph\">Universidad del Norte<\/p>\n\n\n\n<p class=\"wp-block-paragraph\">Universidad Nacional de Colombia, sede Caribe<\/p>\n\n\n\n<p class=\"wp-block-paragraph\">Banco de la Rep\u00fablica, seccional Barranquilla.<\/p>\n\n\n\n<p class=\"wp-block-paragraph\">Instituto de Altos Estudios Sociales y Culturales de&nbsp;Am\u00e9rica Latina y el Caribe<\/p>\n\n\n\n<p class=\"has-very-light-gray-color has-vivid-cyan-blue-background-color has-text-color has-background wp-block-paragraph\"><strong>Publicado por ADHILAC Internacional \u00a9 www.adhilac.com.ar<\/strong><\/p>\n\n\n\n<p class=\"has-vivid-cyan-blue-color has-very-light-gray-background-color has-text-color has-background wp-block-paragraph\"> Si Ud. desea asociarse de acuerdo a los Estatutos de ADHILAC&nbsp;<a href=\"https:\/\/adhilac.com.ar\/?page_id=263\">(ver)<\/a> complete el siguiente formulario&nbsp;(<a href=\"https:\/\/adhilac.com.ar\/?page_id=4779\">ver<\/a>)<\/p>\n\n\n\n<p class=\"has-very-light-gray-color has-vivid-cyan-blue-background-color has-text-color has-background wp-block-paragraph\"> E-mail:&nbsp;info@adhilac.com.ar <\/p>\n\n\n\n<p class=\"has-very-light-gray-color has-vivid-cyan-blue-background-color has-text-color has-background wp-block-paragraph\"> Twitter: @AdhilacInfo <\/p>\n\n\n\n<div class=\"wp-block-image\"><figure class=\"aligncenter size-large\"><img loading=\"lazy\" decoding=\"async\" width=\"85\" height=\"85\" src=\"https:\/\/adhilac.com.ar\/wp-content\/uploads\/2015\/02\/Logo-ADHILAC-Internacional-PEQ.jpg\" alt=\"\" class=\"wp-image-10473\"\/><\/figure><\/div>\n\n\n\n<div class=\"wp-block-group\"><div class=\"wp-block-group__inner-container is-layout-flow wp-block-group-is-layout-flow\">\n<p class=\"has-text-align-center has-very-light-gray-color has-vivid-cyan-blue-background-color has-text-color has-background wp-block-paragraph\"><strong><a href=\"https:\/\/adhilac.com.ar\/?page_id=541\">QUIENES SOMOS<\/a><\/strong><\/p>\n\n\n\n<p class=\"has-text-align-center has-vivid-cyan-blue-color has-very-light-gray-background-color has-text-color has-background wp-block-paragraph\"><strong><a href=\"https:\/\/adhilac.com.ar\/?page_id=15507\">DIRECTIVA DE ADHILAC INTERNACIONAL<\/a><\/strong><\/p>\n\n\n\n<p class=\"has-text-align-center has-very-light-gray-color has-vivid-cyan-blue-background-color has-text-color has-background wp-block-paragraph\"><strong><a href=\"https:\/\/adhilac.com.ar\/?page_id=267\">Declaraci\u00f3n de Caracas de ADHILAC (2007)<\/a><\/strong><\/p>\n\n\n\n<p class=\"has-text-align-center has-vivid-cyan-blue-color has-very-light-gray-background-color has-text-color has-background wp-block-paragraph\"><strong><a href=\"https:\/\/adhilac.com.ar\/?page_id=15873\">ADHILAC: Historia &#8211; Historidorxs<\/a><\/strong><\/p>\n\n\n\n<p class=\"has-text-align-center has-very-light-gray-color has-vivid-cyan-blue-background-color has-text-color has-background wp-block-paragraph\"><strong><a href=\"https:\/\/adhilac.com.ar\/?page_id=15876\">ADHILAC 20 a\u00f1os despu\u00e9s (1974-1994)<\/a> <\/strong><\/p>\n\n\n\n<p class=\"has-text-align-center has-vivid-cyan-blue-color has-very-light-gray-background-color has-text-color has-background wp-block-paragraph\"><strong><a href=\"https:\/\/adhilac.com.ar\/?page_id=15861\">ADHILAC Breve Historia<\/a> <\/strong><\/p>\n\n\n\n<p class=\"has-text-align-center has-very-light-gray-color has-vivid-cyan-blue-background-color has-text-color has-background wp-block-paragraph\"><strong><a href=\"https:\/\/adhilac.com.ar\/?page_id=15887\">ADHILAC: Miembrxs fundadores<\/a><\/strong><\/p>\n\n\n\n<p class=\"has-text-align-center has-vivid-cyan-blue-color has-very-light-gray-background-color has-text-color has-background wp-block-paragraph\"><strong><a href=\"https:\/\/adhilac.com.ar\/?page_id=15943\">ADHILAC: Historiadorxs Destacadxs<\/a><\/strong><\/p>\n\n\n\n<p class=\"has-text-align-center has-very-light-gray-color has-vivid-cyan-blue-background-color has-text-color has-background wp-block-paragraph\"><strong><a href=\"https:\/\/adhilac.com.ar\/?page_id=4779\">SOCIXS<\/a><\/strong><\/p>\n\n\n\n<p class=\"has-text-align-center has-vivid-cyan-blue-color has-very-light-gray-background-color has-text-color has-background wp-block-paragraph\"><strong><a href=\"https:\/\/adhilac.com.ar\/?page_id=263\">Estatutos de ADHILAC<\/a><\/strong><\/p>\n\n\n\n<p class=\"has-text-align-center has-very-light-gray-color has-vivid-cyan-blue-background-color has-text-color has-background wp-block-paragraph\"><strong><a href=\"https:\/\/adhilac.com.ar\/?page_id=8220\">BICENTENARIO<\/a><\/strong><\/p>\n\n\n\n<p class=\"has-text-align-center has-vivid-cyan-blue-color has-very-light-gray-background-color has-text-color has-background wp-block-paragraph\"><strong><a href=\"https:\/\/adhilac.com.ar\/?page_id=8279\">BIBLIOTECA<\/a><\/strong><\/p>\n\n\n\n<p class=\"has-text-align-center has-very-light-gray-color has-vivid-cyan-blue-background-color has-text-color has-background wp-block-paragraph\"><strong><a href=\"https:\/\/adhilac.com.ar\/?page_id=1698\">ENLACES<\/a> <\/strong><\/p>\n\n\n\n<p class=\"has-text-align-center has-vivid-cyan-blue-color has-very-light-gray-background-color has-text-color has-background wp-block-paragraph\"><a href=\"http:\/\/www.ariadnatucma.com.ar\">VISITE ARIADNA TUCMA REVISTA LATINOAMERICANA<\/a><\/p>\n<\/div><\/div>\n\n\n\n<p class=\"wp-block-paragraph\">Ver <a href=\"https:\/\/adhilac.com.ar\/?page_id=541\">Presentaci\u00f3n de ADHILAC<\/a><\/p>\n\n\n\n<div style=\"height:20px\" aria-hidden=\"true\" class=\"wp-block-spacer\"><\/div>\n","protected":false},"excerpt":{"rendered":"<p>Regi\u00f3n, pol\u00edtica y sociedad en el Caribe.100 a\u00f1os de la Liga Coste\u00f1aCONVOCATORIA<\/p>\n","protected":false},"author":2,"featured_media":0,"comment_status":"closed","ping_status":"closed","sticky":false,"template":"","format":"standard","meta":{"_crdt_document":"","footnotes":""},"categories":[3,5,15],"tags":[],"class_list":["post-17099","post","type-post","status-publish","format-standard","hentry","category-adhilac-inter","category-congresos","category-historia"],"_links":{"self":[{"href":"https:\/\/adhilac.com.ar\/index.php?rest_route=\/wp\/v2\/posts\/17099","targetHints":{"allow":["GET"]}}],"collection":[{"href":"https:\/\/adhilac.com.ar\/index.php?rest_route=\/wp\/v2\/posts"}],"about":[{"href":"https:\/\/adhilac.com.ar\/index.php?rest_route=\/wp\/v2\/types\/post"}],"author":[{"embeddable":true,"href":"https:\/\/adhilac.com.ar\/index.php?rest_route=\/wp\/v2\/users\/2"}],"replies":[{"embeddable":true,"href":"https:\/\/adhilac.com.ar\/index.php?rest_route=%2Fwp%2Fv2%2Fcomments&post=17099"}],"version-history":[{"count":3,"href":"https:\/\/adhilac.com.ar\/index.php?rest_route=\/wp\/v2\/posts\/17099\/revisions"}],"predecessor-version":[{"id":17103,"href":"https:\/\/adhilac.com.ar\/index.php?rest_route=\/wp\/v2\/posts\/17099\/revisions\/17103"}],"wp:attachment":[{"href":"https:\/\/adhilac.com.ar\/index.php?rest_route=%2Fwp%2Fv2%2Fmedia&parent=17099"}],"wp:term":[{"taxonomy":"category","embeddable":true,"href":"https:\/\/adhilac.com.ar\/index.php?rest_route=%2Fwp%2Fv2%2Fcategories&post=17099"},{"taxonomy":"post_tag","embeddable":true,"href":"https:\/\/adhilac.com.ar\/index.php?rest_route=%2Fwp%2Fv2%2Ftags&post=17099"}],"curies":[{"name":"wp","href":"https:\/\/api.w.org\/{rel}","templated":true}]}}