{"id":17172,"date":"2020-09-08T11:47:00","date_gmt":"2020-09-08T14:47:00","guid":{"rendered":"https:\/\/adhilac.com.ar\/?p=17172"},"modified":"2020-12-15T09:04:58","modified_gmt":"2020-12-15T12:04:58","slug":"exilio-y-muerte-de-artigas","status":"publish","type":"post","link":"https:\/\/adhilac.com.ar\/?p=17172","title":{"rendered":"Exilio y muerte de Artigas"},"content":{"rendered":"\n<figure class=\"wp-block-image size-large is-resized\"><img loading=\"lazy\" decoding=\"async\" src=\"https:\/\/adhilac.com.ar\/wp-content\/uploads\/2020\/09\/Artigas-exilio-800x480.jpeg\" alt=\"\" class=\"wp-image-17173\" width=\"459\" height=\"275\" srcset=\"https:\/\/adhilac.com.ar\/wp-content\/uploads\/2020\/09\/Artigas-exilio-800x480.jpeg 800w, https:\/\/adhilac.com.ar\/wp-content\/uploads\/2020\/09\/Artigas-exilio-300x180.jpeg 300w, https:\/\/adhilac.com.ar\/wp-content\/uploads\/2020\/09\/Artigas-exilio-768x461.jpeg 768w, https:\/\/adhilac.com.ar\/wp-content\/uploads\/2020\/09\/Artigas-exilio.jpeg 1000w\" sizes=\"auto, (max-width: 459px) 100vw, 459px\" \/><\/figure>\n\n\n\n<p class=\"wp-block-paragraph\"><strong>Por Sergio Guerra Vilaboy<\/strong><\/p>\n\n\n\n<!--more-->\n\n\n\n<p class=\"wp-block-paragraph\">El 5 de septiembre de1820, hace ahora doscientos a\u00f1os, el perseguido general rioplatense Jos\u00e9 Artigas se refugi\u00f3 en Paraguay en busca de ayuda para seguir luchando por una rep\u00fablica federal en el R\u00edo de la Plata. Despu\u00e9s del Grito de Asencio en la Banda Oriental del Uruguay, el 28 de febrero de 1811, Artigas se hab\u00eda unido al levantamiento contra la dominaci\u00f3n espa\u00f1ola. Gracias al respaldo popular y a su experiencia personal como oficial de la Corona, pronto se convirti\u00f3 en el principal insurrecto oriental con su victoria de Las Piedras (18 de mayo), que le permiti\u00f3 dominar las zonas rurales y acorralar a los realistas en Montevideo. La invasi\u00f3n portuguesa a la Banda Oriental, tolerada por las autoridades porte\u00f1as en mayo de 1812, forz\u00f3 a los patriotas uruguayos a replegarse, seguidos por miles de personas con todas sus pertenencias, en el denominado \u00e9xodo del pueblo oriental.<\/p>\n\n\n\n<p class=\"wp-block-paragraph\">Los principales partidarios de Artigas eran los gauchos, peones y <em>agregados<\/em> mestizos de las estancias ganaderas e incluso sacerdotes del bajo clero, as\u00ed como ind\u00edgenas charr\u00faas, chanaes y guaran\u00edes, junto a esclavos negros. Para facilitarles tierras y otros beneficios, promulg\u00f3 en 1815 su <em>Reglamento Provisorio, <\/em>dirigido a \u201c<em>que los m\u00e1s infelices sean los m\u00e1s privilegiados<\/em>\u201d. Pero el desconocimiento de sus representantes a la asamblea de 1813 en Buenos Aires, portadores de la propuesta del <em>Jefe de los Orientales<\/em>, como era llamado Artigas, de proclamar la independencia y el federalismo en el R\u00edo de la Plata, lo llevaron a romper con el gobierno porte\u00f1o para tejer una alianza con las provincias, perjudicadas por el monopolio, el centralismo, los impuestos discriminatorios y privilegios de la antigua capital virreinal.<\/p>\n\n\n\n<p class=\"wp-block-paragraph\">Entre 1814 y 1815, Corrientes, Entre R\u00edos, Misiones, Santa Fe, C\u00f3rdoba y la Banda Oriental, se integraron en la Liga Federal, que reconoci\u00f3 a Artigas como <em>Jefe de los habitantes de la Costa Oriental y Protector de los Pueblos Libres<\/em>. &nbsp;La ocupaci\u00f3n de Montevideo el 18 de julio de 1815 dio mayores ventajas a la Liga Federal, pues Artigas pudo establecer una uni\u00f3n aduanera entre las provincias aliadas, que proteg\u00eda la producci\u00f3n aut\u00f3ctona y daba acceso al exterior por los puertos orientales al margen de Buenos Aires. Para neutralizarlo, el gobierno porte\u00f1o le ofreci\u00f3 la independencia de Uruguay, oferta rechazada por el <em>Protector de los Pueblos Libres,<\/em> convencido de que el Rio de la Plata deb\u00eda ser una sola naci\u00f3n.<\/p>\n\n\n\n<p class=\"wp-block-paragraph\">Eso explica el silencio c\u00f3mplice de Buenos Aires ante la nueva invasi\u00f3n portuguesa a la Banda Oriental, iniciada en junio de 1816, e incluso que Buenos Aires desencadenara su propia ofensiva contra la Liga Federal, para envolver a los artiguistas en una guerra de dos frentes. Los desesperados esfuerzos de Artigas por contener la avalancha militar de Brasil fueron in\u00fatiles, sufriendo una cadena de duros reveses (India Muerta, arroyo Catal\u00e1n, Arapay, Aquapy) y la p\u00e9rdida de Montevideo.<\/p>\n\n\n\n<p class=\"wp-block-paragraph\">A pesar de las crueles represalias de los invasores, los orientales prosiguieron el hostigamiento a las tropas lusitanas e incluso obtuvieron la peque\u00f1a victoria de Guirapaut\u00e1 chico (1819), hasta qu\u00e9 vencidos al a\u00f1o siguiente en Tacuaremb\u00f3 debieron replegarse al litoral del Paran\u00e1 o rendirse a los portugueses. A pesar de estas derrotas, el <em>Jefe de los Orientales<\/em> se propuso resistir en las provincias litorales del Paran\u00e1, hasta que dos caudillos aliados que acababan de vencer al ej\u00e9rcito porte\u00f1o, Francisco Ram\u00edrez y Estanislao L\u00f3pez, lo traicionaron. Reducida la soberan\u00eda de Buenos Aires al de una provincia m\u00e1s, la anarqu\u00eda pol\u00edtica se impuso en el desaparecido Virreinato del R\u00edo de la Plata.<\/p>\n\n\n\n<p class=\"wp-block-paragraph\">Obligado a exiliarse en Paraguay, que hab\u00eda proclamado en 1813 su emancipaci\u00f3n tanto de Espa\u00f1a como de Buenos Aires, Artigas solicit\u00f3 apoyo al doctor Jos\u00e9 Gaspar Francia para restablecer el federalismo. Fiel a su pol\u00edtica de no inmiscuirse en los asuntos internos rioplatenses, al que consideraba otro pa\u00eds, el doctor Francia s\u00f3lo le dio protecci\u00f3n y una <em>chacra<\/em>, pero no respaldo para reanudar su lucha. Al fundarse la Rep\u00fablica Oriental del Uruguay en 1828, el legendario <em>Jefe de los Orientales<\/em> y <em>Protector de los Pueblos Libre<\/em>, consagrado a la agricultura, se neg\u00f3 a regresar a su tierra natal, para convalidar la creaci\u00f3n de la nueva naci\u00f3n, y muri\u00f3 en Paraguay el 23 de septiembre de 1850. Por esas paradojas de la historia, hoy es venerado como el padre de la independencia uruguaya.<\/p>\n\n\n\n<p class=\"wp-block-paragraph\">Fuente: www.informefracto.com &#8211; 4 de septiembre de 2020<\/p>\n\n\n\n<div style=\"height:20px\" aria-hidden=\"true\" class=\"wp-block-spacer\"><\/div>\n\n\n\n<p class=\"has-very-light-gray-color has-vivid-cyan-blue-background-color has-text-color has-background wp-block-paragraph\"><strong>Publicado por ADHILAC Internacional \u00a9 www.adhilac.com.ar<\/strong><\/p>\n\n\n\n<p class=\"has-vivid-cyan-blue-color has-very-light-gray-background-color has-text-color has-background wp-block-paragraph\"> Si Ud. desea asociarse de acuerdo a los Estatutos de ADHILAC&nbsp;<a href=\"https:\/\/adhilac.com.ar\/?page_id=263\">(ver)<\/a> complete el siguiente formulario&nbsp;(<a href=\"https:\/\/adhilac.com.ar\/?page_id=4779\">ver<\/a>)<\/p>\n\n\n\n<p class=\"has-very-light-gray-color has-vivid-cyan-blue-background-color has-text-color has-background wp-block-paragraph\"> E-mail:&nbsp;info@adhilac.com.ar <\/p>\n\n\n\n<p class=\"has-very-light-gray-color has-vivid-cyan-blue-background-color has-text-color has-background wp-block-paragraph\"> Twitter: @AdhilacInfo <\/p>\n\n\n\n<div class=\"wp-block-image\"><figure class=\"aligncenter size-large\"><img loading=\"lazy\" decoding=\"async\" width=\"85\" height=\"85\" src=\"https:\/\/adhilac.com.ar\/wp-content\/uploads\/2015\/02\/Logo-ADHILAC-Internacional-PEQ.jpg\" alt=\"\" class=\"wp-image-10473\"\/><\/figure><\/div>\n\n\n\n<p class=\"wp-block-paragraph\">Ver <a href=\"https:\/\/adhilac.com.ar\/?page_id=541\">Presentaci\u00f3n de ADHILAC<\/a><\/p>\n\n\n\n<div class=\"wp-block-group\"><div class=\"wp-block-group__inner-container is-layout-flow wp-block-group-is-layout-flow\">\n<p class=\"has-text-align-center has-very-light-gray-color has-vivid-cyan-blue-background-color has-text-color has-background wp-block-paragraph\"><strong><a href=\"https:\/\/adhilac.com.ar\/?page_id=541\">QUIENES SOMOS<\/a><\/strong><\/p>\n\n\n\n<p class=\"has-text-align-center has-vivid-cyan-blue-color has-very-light-gray-background-color has-text-color has-background wp-block-paragraph\"><strong><a href=\"https:\/\/adhilac.com.ar\/?page_id=15507\">DIRECTIVA DE ADHILAC INTERNACIONAL<\/a><\/strong><\/p>\n\n\n\n<p class=\"has-text-align-center has-very-light-gray-color has-vivid-cyan-blue-background-color has-text-color has-background wp-block-paragraph\"><strong><a href=\"https:\/\/adhilac.com.ar\/?page_id=267\">Declaraci\u00f3n de Caracas de ADHILAC (2007)<\/a><\/strong><\/p>\n\n\n\n<p class=\"has-text-align-center has-vivid-cyan-blue-color has-very-light-gray-background-color has-text-color has-background wp-block-paragraph\"><strong><a href=\"https:\/\/adhilac.com.ar\/?page_id=15873\">ADHILAC: Historia &#8211; Historidorxs<\/a><\/strong><\/p>\n\n\n\n<p class=\"has-text-align-center has-very-light-gray-color has-vivid-cyan-blue-background-color has-text-color has-background wp-block-paragraph\"><strong><a href=\"https:\/\/adhilac.com.ar\/?page_id=15876\">ADHILAC 20 a\u00f1os despu\u00e9s (1974-1994)<\/a> <\/strong><\/p>\n\n\n\n<p class=\"has-text-align-center has-vivid-cyan-blue-color has-very-light-gray-background-color has-text-color has-background wp-block-paragraph\"><strong><a href=\"https:\/\/adhilac.com.ar\/?page_id=15861\">ADHILAC Breve Historia<\/a> <\/strong><\/p>\n\n\n\n<p class=\"has-text-align-center has-very-light-gray-color has-vivid-cyan-blue-background-color has-text-color has-background wp-block-paragraph\"><strong><a href=\"https:\/\/adhilac.com.ar\/?page_id=15887\">ADHILAC: Miembrxs fundadores<\/a><\/strong><\/p>\n\n\n\n<p class=\"has-text-align-center has-vivid-cyan-blue-color has-very-light-gray-background-color has-text-color has-background wp-block-paragraph\"><strong><a href=\"https:\/\/adhilac.com.ar\/?page_id=15943\">ADHILAC: Historiadorxs Destacadxs<\/a><\/strong><\/p>\n\n\n\n<p class=\"has-text-align-center has-very-light-gray-color has-vivid-cyan-blue-background-color has-text-color has-background wp-block-paragraph\"><strong><a href=\"https:\/\/adhilac.com.ar\/?page_id=4779\">SOCIXS<\/a><\/strong><\/p>\n\n\n\n<p class=\"has-text-align-center has-vivid-cyan-blue-color has-very-light-gray-background-color has-text-color has-background wp-block-paragraph\"><strong><a href=\"https:\/\/adhilac.com.ar\/?page_id=263\">Estatutos de ADHILAC<\/a><\/strong><\/p>\n\n\n\n<p class=\"has-text-align-center has-very-light-gray-color has-vivid-cyan-blue-background-color has-text-color has-background wp-block-paragraph\"><strong><a href=\"https:\/\/adhilac.com.ar\/?page_id=8220\">BICENTENARIO<\/a><\/strong><\/p>\n\n\n\n<p class=\"has-text-align-center has-vivid-cyan-blue-color has-very-light-gray-background-color has-text-color has-background wp-block-paragraph\"><strong><a href=\"https:\/\/adhilac.com.ar\/?page_id=8279\">BIBLIOTECA<\/a><\/strong><\/p>\n\n\n\n<p class=\"has-text-align-center has-very-light-gray-color has-vivid-cyan-blue-background-color has-text-color has-background wp-block-paragraph\"><strong><a href=\"https:\/\/adhilac.com.ar\/?page_id=1698\">ENLACES<\/a> <\/strong><\/p>\n\n\n\n<p class=\"has-text-align-center has-vivid-cyan-blue-color has-very-light-gray-background-color has-text-color has-background wp-block-paragraph\"><a href=\"http:\/\/www.ariadnatucma.com.ar\">VISITE ARIADNA TUCMA REVISTA LATINOAMERICANA<\/a><\/p>\n<\/div><\/div>\n","protected":false},"excerpt":{"rendered":"<p>Por Sergio Guerra Vilaboy<\/p>\n","protected":false},"author":17,"featured_media":0,"comment_status":"closed","ping_status":"closed","sticky":false,"template":"","format":"standard","meta":{"_crdt_document":"","footnotes":""},"categories":[15],"tags":[386,149],"class_list":["post-17172","post","type-post","status-publish","format-standard","hentry","category-historia","tag-exilio","tag-uruguay"],"_links":{"self":[{"href":"https:\/\/adhilac.com.ar\/index.php?rest_route=\/wp\/v2\/posts\/17172","targetHints":{"allow":["GET"]}}],"collection":[{"href":"https:\/\/adhilac.com.ar\/index.php?rest_route=\/wp\/v2\/posts"}],"about":[{"href":"https:\/\/adhilac.com.ar\/index.php?rest_route=\/wp\/v2\/types\/post"}],"author":[{"embeddable":true,"href":"https:\/\/adhilac.com.ar\/index.php?rest_route=\/wp\/v2\/users\/17"}],"replies":[{"embeddable":true,"href":"https:\/\/adhilac.com.ar\/index.php?rest_route=%2Fwp%2Fv2%2Fcomments&post=17172"}],"version-history":[{"count":1,"href":"https:\/\/adhilac.com.ar\/index.php?rest_route=\/wp\/v2\/posts\/17172\/revisions"}],"predecessor-version":[{"id":17174,"href":"https:\/\/adhilac.com.ar\/index.php?rest_route=\/wp\/v2\/posts\/17172\/revisions\/17174"}],"wp:attachment":[{"href":"https:\/\/adhilac.com.ar\/index.php?rest_route=%2Fwp%2Fv2%2Fmedia&parent=17172"}],"wp:term":[{"taxonomy":"category","embeddable":true,"href":"https:\/\/adhilac.com.ar\/index.php?rest_route=%2Fwp%2Fv2%2Fcategories&post=17172"},{"taxonomy":"post_tag","embeddable":true,"href":"https:\/\/adhilac.com.ar\/index.php?rest_route=%2Fwp%2Fv2%2Ftags&post=17172"}],"curies":[{"name":"wp","href":"https:\/\/api.w.org\/{rel}","templated":true}]}}