{"id":17180,"date":"2020-09-09T08:40:25","date_gmt":"2020-09-09T11:40:25","guid":{"rendered":"https:\/\/adhilac.com.ar\/?p=17180"},"modified":"2020-12-15T09:04:32","modified_gmt":"2020-12-15T12:04:32","slug":"a-cien-anos-de-la-huelga-de-balleneros-en-la-isla-san-pedro","status":"publish","type":"post","link":"https:\/\/adhilac.com.ar\/?p=17180","title":{"rendered":"A cien a\u00f1os de la huelga de balleneros en la isla San Pedro"},"content":{"rendered":"\n<p class=\"wp-block-paragraph\"><strong>Una revoluci\u00f3n bolchevique en las islas Georgias<\/strong><\/p>\n\n\n\n<figure class=\"wp-block-image size-large is-resized\"><img loading=\"lazy\" decoding=\"async\" src=\"https:\/\/adhilac.com.ar\/wp-content\/uploads\/2020\/09\/CAP-trabajadores-Georgia-Sur-800x526.jpg\" alt=\"\" class=\"wp-image-17182\" width=\"431\" height=\"283\" srcset=\"https:\/\/adhilac.com.ar\/wp-content\/uploads\/2020\/09\/CAP-trabajadores-Georgia-Sur-800x526.jpg 800w, https:\/\/adhilac.com.ar\/wp-content\/uploads\/2020\/09\/CAP-trabajadores-Georgia-Sur-300x197.jpg 300w, https:\/\/adhilac.com.ar\/wp-content\/uploads\/2020\/09\/CAP-trabajadores-Georgia-Sur-768x505.jpg 768w, https:\/\/adhilac.com.ar\/wp-content\/uploads\/2020\/09\/CAP-trabajadores-Georgia-Sur.jpg 933w\" sizes=\"auto, (max-width: 431px) 100vw, 431px\" \/><\/figure>\n\n\n\n<p class=\"has-vivid-green-cyan-color has-text-color wp-block-paragraph\"><strong>Por Pablo Fontana<\/strong><\/p>\n\n\n\n<p class=\"wp-block-paragraph\">En 1920, en las islas Georgias del Sur, una huelga liderada por obreros \u00abbolcheviques\u00bb contratados en La Boca deriv\u00f3 en un soviet de balleneros que puso en jaque a la ocupaci\u00f3n ilegal brit\u00e1nica. Una p\u00e1gina desconocida de la historia del movimiento obrero argentino, all\u00ed donde tuvo origen la guerra de Malvinas.<\/p>\n\n\n\n<!--more-->\n\n\n\n<p class=\"wp-block-paragraph\"><\/p>\n\n\n\n<p class=\"wp-block-paragraph\">Hace un siglo, en las islas Georgias del Atl\u00e1ntico sur, sucedi\u00f3 una \u00abrevoluci\u00f3n bolchevique\u00bb. <strong>Los protagonistas fueron trabajadores de la Compa\u00f1\u00eda Argentina de Pesca (CAP) contratados en el barrio de La Boca a fines de 1919.<\/strong> La CAP era una empresa argentina creada en 1904 con Ernesto Torquinst al frente. Ese mismo a\u00f1o, con ayuda de la Armada Argentina, la compa\u00f1\u00eda instal\u00f3 la factor\u00eda ballenera en Grytviken &#8211;isla San Pedro&#8211; deshabitada hasta entonces, por lo que se trasform\u00f3 en el primer asentamiento humano permanente de las islas Georgias del Sur.<\/p>\n\n\n\n<p class=\"wp-block-paragraph\">El contexto fue el auge del imperialismo europeo. <strong>Las importantes ganancias de esta estaci\u00f3n llamaron la atenci\u00f3n de los brit\u00e1nicos, quienes aparecieron en esa isla en enero de 1906 con el crucero de guerra HMS Sappho<\/strong>. Bajo la mira de sus poderosos ca\u00f1ones, el comandante del buque orden\u00f3 izar la bandera brit\u00e1nica en la isla, sin dejar mucha opci\u00f3n a los locales. De todas formas, durante varios a\u00f1os, buques de la Armada Argentina continuaron visitando las islas para realizar tareas cient\u00edficas. Ya en 1905 hab\u00edan instalado un observatorio meteorol\u00f3gico que oper\u00f3 con bandera argentina hasta 1950, cuando fue unilateralmente clausurado por los brit\u00e1nicos.<\/p>\n\n\n\n<p class=\"wp-block-paragraph\">Con el colonialismo brit\u00e1nico llegaron tambi\u00e9n empresas de otros continentes, principalmente europeas. Algunas de ellas utilizaron mano de obra semiesclava de origen africano. <strong>Pero Argentina continu\u00f3 brindando trabajadores a la CAP y a otras compa\u00f1\u00edas, adem\u00e1s de ser el principal proveedor de alimentos.<\/strong> La CAP ten\u00eda cine, cancha de f\u00fatbol, hospital, panader\u00eda, carnicer\u00eda, estaci\u00f3n de radio, biblioteca y usina hidroel\u00e9ctrica. Esto hac\u00eda la vida de los trabajadores m\u00e1s llevadera en el aislamiento. Pero las condiciones de explotaci\u00f3n se fueron haciendo cada vez m\u00e1s duras, lo que provoc\u00f3 <strong>huelgas frecuentes que desembocaron en un peque\u00f1a pero significativa \u00abrevoluci\u00f3n\u00bb.<\/strong><\/p>\n\n\n\n<p class=\"wp-block-paragraph\">La Revoluci\u00f3n de Octubre de 1917 tuvo repercusi\u00f3n global, generando p\u00e1nico entre los capitalistas de las potencias imperiales. Al mismo tiempo, gener\u00f3 esperanzas entre los trabajadores que ve\u00edan en ella la posibilidad de construir un mundo m\u00e1s justo. El marxismo recibi\u00f3 nuevo impulso, as\u00ed como la organizaci\u00f3n de soviets, que consist\u00edan en consejos de obreros, soldados y campesinos. <strong>Estas ideas revolucionarias y los temores del poder econ\u00f3mico llegaron a Buenos Aires.<\/strong> Si bien el marxismo no lograr\u00eda instalarse como la principal ideolog\u00eda del movimiento obrero argentino, el espanto de la clase hegem\u00f3nica ante la toma del poder por los bolcheviques, sumado a sentimientos antisemitas, desencadenar\u00edan en enero de 1919 en la zona sur de Buenos Aires la Semana Tr\u00e1gica.<\/p>\n\n\n\n<p class=\"wp-block-paragraph\">En la primavera de ese a\u00f1o, en una Buenos Aires a\u00fan convulsionada, un grupo de obreros fue contratado por la CAP para trabajar en la factor\u00eda de isla San Pedro. <strong>En noviembre, un vapor abandon\u00f3 el puerto de Buenos Aires con aquel grupo de hombres que crear\u00edan el soviet del Atl\u00e1ntico Sur.<\/strong><\/p>\n\n\n\n<p class=\"wp-block-paragraph\"><strong>El 11 de enero de 1920 comenz\u00f3 en Grytviken una huelga impulsada por esos treinta y seis obreros, en su mayor\u00eda de origen ruso.<\/strong> Se autodenominaron bolcheviques y, seg\u00fan archivos en Noruega y Puerto Argentino, estaban liderados por Hersh Schwartz y Oscar Johansen, este \u00faltimo un \u201ccomunista argentino\u201d. R\u00e1pidamente lograron sumar a m\u00e1s de doscientos compa\u00f1eros de varias compa\u00f1\u00edas balleneras y presentaron sus demandas con un escrito en espa\u00f1ol. Adem\u00e1s de exigir mejores condiciones de trabajo, reclamaban que sus salarios fuesen pagados en pesos argentinos, al igual que las horas extras y una jornada laboral m\u00e1xima de ocho horas. Al no recibir respuesta positiva, los huelguistas destruyeron maquinaria y amenazaron con atacar a las autoridades de ocupaci\u00f3n brit\u00e1nica, las cuales en un acto de desesperaci\u00f3n enviaron un barco arponero a islas Malvinas, pidiendo un buque de guerra para detener a los huelguistas. Adem\u00e1s, destruyeron los fusiles de caza para evitar que fueran utilizados en su contra por los trabajadores. En sus informes manifestaron no poder controlar la situaci\u00f3n ni poseer poder suficiente para expulsar a los l\u00edderes. <strong>Describ\u00edan a los obreros en \u00abactitud agresiva y amenazante, neg\u00e1ndose a trabajar y dictando sus propias reglas\u00bb.<\/strong><\/p>\n\n\n\n<p class=\"wp-block-paragraph\"><strong>Los trabajadores guiados por su vanguardia bolchevique formaron un gobierno sovi\u00e9tico bajo la consigna \u00ab\u00a1trabajadores balleneros del mundo, \u00fananse!\u00bb<\/strong>, y seg\u00fan los historiadores noruegos Johan Tonnessen y Arne Johnsen, proclamaron la \u00abprimera rep\u00fablica bolchevique fuera de Rusia\u00bb, al tiempo que le exig\u00edan a las autoridades de la compa\u00f1\u00eda expulsar de la isla a los \u00fanicos tres obreros que se hab\u00edan negado a la huelga. El 17 de enero lleg\u00f3 el crucero brit\u00e1nico HMS Dartmouth desde Islas Malvinas. Los trabajadores resistieron pero fueron reprimidos: el gobierno de ocupaci\u00f3n se reestableci\u00f3 en la isla. <strong>Diecis\u00e9is de los l\u00edderes fueron expulsados en dos barcos arponeros a Buenos Aires.<\/strong><\/p>\n\n\n\n<p class=\"wp-block-paragraph\">Sin embargo, el fervor de la lucha obrera no ces\u00f3: <strong>con la llegada de la primavera comenz\u00f3 una huelga en la Patagonia argentina, la \u201cPatagonia Rebelde\u201d que finalizar\u00eda con una feroz represi\u00f3n.<\/strong> La historia del soviet bolchevique en Grytviken se inscribe en esos a\u00f1os febriles y sangrientos del movimiento obrero argentino.<\/p>\n\n\n\n<p class=\"wp-block-paragraph\">La CAP tendr\u00eda una historia de importantes ganancias y brindar\u00eda su apoyo a numerosas campa\u00f1as ant\u00e1rticas argentinas. Pero a principios de los a\u00f1os sesenta, luego de la ca\u00edda de la industria ballenera, cerr\u00f3 sus instalaciones despu\u00e9s de haber sido la empresa con mayor presencia ininterrumpida. Si bien la caza ballenera ya no se practica en la zona, los brit\u00e1nicos mantienen dos funcionarios para sostener formalmente su ocupaci\u00f3n ilegal y seguir cobrando millonarios permisos de pesca a barcos extranjeros, en contra de lo dispuesto por la Convenci\u00f3n para la Conservaci\u00f3n de los Recursos Vivos Marinos Ant\u00e1rticos, seg\u00fan la cual el r\u00e9gimen de administraci\u00f3n es multilateral. Frente a esta explotaci\u00f3n ileg\u00edtima y para salvaguardar la fauna marina, Argentina realiza inspecciones de acuerdo con la mencionada convenci\u00f3n, como lo hizo por \u00faltima vez el buque Dr. Eduardo L. Holmberg en 2013.<\/p>\n\n\n\n<p class=\"wp-block-paragraph\"><strong>Los trabajadores argentinos de la CAP no ser\u00edan los \u00faltimos en habitar las Georgias del Sur<\/strong>. El regreso de obreros argentinos a la isla San Pedro en marzo de 1982 fue la chispa que dio el impulso final al desembarco argentino en las islas Malvinas. Un empresario argentino hab\u00eda enviado a esos obreros para desmantelar y usar como chatarra los restos de una estaci\u00f3n ballenera. Los obreros llegaron a la isla San Pedroen un barco de la Armada Argentina y seg\u00fan las autoridades brit\u00e1nicas, no cumplieron el tr\u00e1mite de reportarse formalmente.<strong> All\u00ed izaron una bandera argentina, lo cual fue reportado a Londres. Desde Malvinas lleg\u00f3 una fuerza militar para expulsarlos a la fuerza.<\/strong> Fue en medio de esta crisis diplom\u00e1tica, con barcos militares de ambos pa\u00edses en los alrededores de San Pedro, que Argentina recuper\u00f3 las Malvinas el 2 de abril. Al d\u00eda siguiente le llegar\u00eda el momento a las Georgias del Sur, cuando las fuerzas argentinas vencieron a los infantes de marina brit\u00e1nicos, debiendo lamentar tres muertos y la p\u00e9rdida de un helic\u00f3ptero. San Pedro se encontraba nuevamente bajo bandera argentina, pero no por mucho tiempo. Dos semanas despu\u00e9s llegaron buques brit\u00e1nicos y hubo otro breve pero duro combate donde se perdi\u00f3 al submarino ARA Santa Fe y muri\u00f3 el submarinista F\u00e9lix Artuso, cuya tumba en Grytviken es una huella de esos enfrentamientos.<\/p>\n\n\n\n<p class=\"wp-block-paragraph\">Muy cerca, a pocos metros, a\u00fan se encuentran algunos barcos de la CAP encallados. En sus chimeneas se puede distinguir pintada la celeste y blanca, un testimonio de la soberan\u00eda leg\u00edtima sobre <strong>aquellas islas que nunca Argentina dej\u00f3 de reclamar y que forman parte tambi\u00e9n de la historia del movimiento obrero argentino<\/strong>.<\/p>\n\n\n\n<p class=\"wp-block-paragraph\"><strong>Pablo Fontana es historiador del Instituto Ant\u00e1rtico Argentino, investigador del Conicet. Autor de \u00abLa pugna ant\u00e1rtica\u00bb (2014).<\/strong><\/p>\n\n\n\n<p class=\"wp-block-paragraph\"><strong>Los trabajadores argentinos de la CAP no ser\u00edan los \u00faltimos en habitar las Georgias del Sur<\/strong>. El regreso de obreros argentinos a la isla San Pedro en marzo de 1982 fue la chispa que dio el impulso final al desembarco argentino en las islas Malvinas. Un empresario argentino hab\u00eda enviado a esos obreros para desmantelar y usar como chatarra los restos de una estaci\u00f3n ballenera. Los obreros llegaron a la isla San Pedroen un barco de la Armada Argentina y seg\u00fan las autoridades brit\u00e1nicas, no cumplieron el tr\u00e1mite de reportarse formalmente.<strong> All\u00ed izaron una bandera argentina, lo cual fue reportado a Londres. Desde Malvinas lleg\u00f3 una fuerza militar para expulsarlos a la fuerza.<\/strong> Fue en medio de esta crisis diplom\u00e1tica, con barcos militares de ambos pa\u00edses en los alrededores de San Pedro, que Argentina recuper\u00f3 las Malvinas el 2 de abril. Al d\u00eda siguiente le llegar\u00eda el momento a las Georgias del Sur, cuando las fuerzas argentinas vencieron a los infantes de marina brit\u00e1nicos, debiendo lamentar tres muertos y la p\u00e9rdida de un helic\u00f3ptero. San Pedro se encontraba nuevamente bajo bandera argentina, pero no por mucho tiempo. Dos semanas despu\u00e9s llegaron buques brit\u00e1nicos y hubo otro breve pero duro combate donde se perdi\u00f3 al submarino ARA Santa Fe y muri\u00f3 el submarinista F\u00e9lix Artuso, cuya tumba en Grytviken es una huella de esos enfrentamientos.<\/p>\n\n\n\n<p class=\"wp-block-paragraph\">Muy cerca, a pocos metros, a\u00fan se encuentran algunos barcos de la CAP encallados. En sus chimeneas se puede distinguir pintada la celeste y blanca, un testimonio de la soberan\u00eda leg\u00edtima sobre <strong>aquellas islas que nunca Argentina dej\u00f3 de reclamar y que forman parte tambi\u00e9n de la historia del movimiento obrero argentino<\/strong>.<\/p>\n\n\n\n<p class=\"wp-block-paragraph\"><strong>Pablo Fontana es historiador del Instituto Ant\u00e1rtico Argentino, investigador del Conicet. Autor de \u00abLa pugna ant\u00e1rtica\u00bb (2014).<\/strong><\/p>\n\n\n\n<p class=\"wp-block-paragraph\">Fuente: www.pagina12.com.ar &#8211; 7 de septiembre de 2020<\/p>\n\n\n\n<div style=\"height:20px\" aria-hidden=\"true\" class=\"wp-block-spacer\"><\/div>\n\n\n\n<p class=\"has-very-light-gray-color has-vivid-cyan-blue-background-color has-text-color has-background wp-block-paragraph\"><strong>Publicado por ADHILAC Internacional \u00a9 www.adhilac.com.ar<\/strong><\/p>\n\n\n\n<p class=\"has-vivid-cyan-blue-color has-very-light-gray-background-color has-text-color has-background wp-block-paragraph\"> Si Ud. desea asociarse de acuerdo a los Estatutos de ADHILAC&nbsp;<a href=\"https:\/\/adhilac.com.ar\/?page_id=263\">(ver)<\/a> complete el siguiente formulario&nbsp;(<a href=\"https:\/\/adhilac.com.ar\/?page_id=4779\">ver<\/a>)<\/p>\n\n\n\n<p class=\"has-very-light-gray-color has-vivid-cyan-blue-background-color has-text-color has-background wp-block-paragraph\"> E-mail:&nbsp;info@adhilac.com.ar <\/p>\n\n\n\n<p class=\"has-very-light-gray-color has-vivid-cyan-blue-background-color has-text-color has-background wp-block-paragraph\"> Twitter: @AdhilacInfo <\/p>\n\n\n\n<div class=\"wp-block-image\"><figure class=\"aligncenter size-large\"><img loading=\"lazy\" decoding=\"async\" width=\"85\" height=\"85\" src=\"https:\/\/adhilac.com.ar\/wp-content\/uploads\/2015\/02\/Logo-ADHILAC-Internacional-PEQ.jpg\" alt=\"\" class=\"wp-image-10473\"\/><\/figure><\/div>\n\n\n\n<p class=\"wp-block-paragraph\">Ver <a href=\"https:\/\/adhilac.com.ar\/?page_id=541\">Presentaci\u00f3n de ADHILAC<\/a><\/p>\n\n\n\n<div class=\"wp-block-group\"><div class=\"wp-block-group__inner-container is-layout-flow wp-block-group-is-layout-flow\">\n<p class=\"has-text-align-center has-very-light-gray-color has-vivid-cyan-blue-background-color has-text-color has-background wp-block-paragraph\"><strong><a href=\"https:\/\/adhilac.com.ar\/?page_id=541\">QUIENES SOMOS<\/a><\/strong><\/p>\n\n\n\n<p class=\"has-text-align-center has-vivid-cyan-blue-color has-very-light-gray-background-color has-text-color has-background wp-block-paragraph\"><strong><a href=\"https:\/\/adhilac.com.ar\/?page_id=15507\">DIRECTIVA DE ADHILAC INTERNACIONAL<\/a><\/strong><\/p>\n\n\n\n<p class=\"has-text-align-center has-very-light-gray-color has-vivid-cyan-blue-background-color has-text-color has-background wp-block-paragraph\"><strong><a href=\"https:\/\/adhilac.com.ar\/?page_id=267\">Declaraci\u00f3n de Caracas de ADHILAC (2007)<\/a><\/strong><\/p>\n\n\n\n<p class=\"has-text-align-center has-vivid-cyan-blue-color has-very-light-gray-background-color has-text-color has-background wp-block-paragraph\"><strong><a href=\"https:\/\/adhilac.com.ar\/?page_id=15873\">ADHILAC: Historia &#8211; Historidorxs<\/a><\/strong><\/p>\n\n\n\n<p class=\"has-text-align-center has-very-light-gray-color has-vivid-cyan-blue-background-color has-text-color has-background wp-block-paragraph\"><strong><a href=\"https:\/\/adhilac.com.ar\/?page_id=15876\">ADHILAC 20 a\u00f1os despu\u00e9s (1974-1994)<\/a> <\/strong><\/p>\n\n\n\n<p class=\"has-text-align-center has-vivid-cyan-blue-color has-very-light-gray-background-color has-text-color has-background wp-block-paragraph\"><strong><a href=\"https:\/\/adhilac.com.ar\/?page_id=15861\">ADHILAC Breve Historia<\/a> <\/strong><\/p>\n\n\n\n<p class=\"has-text-align-center has-very-light-gray-color has-vivid-cyan-blue-background-color has-text-color has-background wp-block-paragraph\"><strong><a href=\"https:\/\/adhilac.com.ar\/?page_id=15887\">ADHILAC: Miembrxs fundadores<\/a><\/strong><\/p>\n\n\n\n<p class=\"has-text-align-center has-vivid-cyan-blue-color has-very-light-gray-background-color has-text-color has-background wp-block-paragraph\"><strong><a href=\"https:\/\/adhilac.com.ar\/?page_id=15943\">ADHILAC: Historiadorxs Destacadxs<\/a><\/strong><\/p>\n\n\n\n<p class=\"has-text-align-center has-very-light-gray-color has-vivid-cyan-blue-background-color has-text-color has-background wp-block-paragraph\"><strong><a href=\"https:\/\/adhilac.com.ar\/?page_id=4779\">SOCIXS<\/a><\/strong><\/p>\n\n\n\n<p class=\"has-text-align-center has-vivid-cyan-blue-color has-very-light-gray-background-color has-text-color has-background wp-block-paragraph\"><strong><a href=\"https:\/\/adhilac.com.ar\/?page_id=263\">Estatutos de ADHILAC<\/a><\/strong><\/p>\n\n\n\n<p class=\"has-text-align-center has-very-light-gray-color has-vivid-cyan-blue-background-color has-text-color has-background wp-block-paragraph\"><strong><a href=\"https:\/\/adhilac.com.ar\/?page_id=8220\">BICENTENARIO<\/a><\/strong><\/p>\n\n\n\n<p class=\"has-text-align-center has-vivid-cyan-blue-color has-very-light-gray-background-color has-text-color has-background wp-block-paragraph\"><strong><a href=\"https:\/\/adhilac.com.ar\/?page_id=8279\">BIBLIOTECA<\/a><\/strong><\/p>\n\n\n\n<p class=\"has-text-align-center has-very-light-gray-color has-vivid-cyan-blue-background-color has-text-color has-background wp-block-paragraph\"><strong><a href=\"https:\/\/adhilac.com.ar\/?page_id=1698\">ENLACES<\/a> <\/strong><\/p>\n\n\n\n<p class=\"has-text-align-center has-vivid-cyan-blue-color has-very-light-gray-background-color has-text-color has-background wp-block-paragraph\"><a href=\"http:\/\/www.ariadnatucma.com.ar\">VISITE ARIADNA TUCMA REVISTA LATINOAMERICANA<\/a><\/p>\n<\/div><\/div>\n\n\n\n<p class=\"wp-block-paragraph\"><\/p>\n","protected":false},"excerpt":{"rendered":"<p>Una revoluci\u00f3n bolchevique en las islas Georgias Por Pablo Fontana En 1920, en las islas Georgias del Sur, una huelga liderada por obreros \u00abbolcheviques\u00bb contratados en La Boca deriv\u00f3 en un soviet de balleneros que puso en jaque a la ocupaci\u00f3n ilegal brit\u00e1nica. Una p\u00e1gina desconocida de la historia del movimiento obrero argentino, all\u00ed donde [&hellip;]<\/p>\n","protected":false},"author":71,"featured_media":0,"comment_status":"closed","ping_status":"closed","sticky":false,"template":"","format":"standard","meta":{"_crdt_document":"","footnotes":""},"categories":[15,40],"tags":[67,1112,1113,1111],"class_list":["post-17180","post","type-post","status-publish","format-standard","hentry","category-historia","category-informaciones","tag-argentina","tag-georgias-del-sur","tag-pesca","tag-revolucion-bolchevique"],"_links":{"self":[{"href":"https:\/\/adhilac.com.ar\/index.php?rest_route=\/wp\/v2\/posts\/17180","targetHints":{"allow":["GET"]}}],"collection":[{"href":"https:\/\/adhilac.com.ar\/index.php?rest_route=\/wp\/v2\/posts"}],"about":[{"href":"https:\/\/adhilac.com.ar\/index.php?rest_route=\/wp\/v2\/types\/post"}],"author":[{"embeddable":true,"href":"https:\/\/adhilac.com.ar\/index.php?rest_route=\/wp\/v2\/users\/71"}],"replies":[{"embeddable":true,"href":"https:\/\/adhilac.com.ar\/index.php?rest_route=%2Fwp%2Fv2%2Fcomments&post=17180"}],"version-history":[{"count":4,"href":"https:\/\/adhilac.com.ar\/index.php?rest_route=\/wp\/v2\/posts\/17180\/revisions"}],"predecessor-version":[{"id":17252,"href":"https:\/\/adhilac.com.ar\/index.php?rest_route=\/wp\/v2\/posts\/17180\/revisions\/17252"}],"wp:attachment":[{"href":"https:\/\/adhilac.com.ar\/index.php?rest_route=%2Fwp%2Fv2%2Fmedia&parent=17180"}],"wp:term":[{"taxonomy":"category","embeddable":true,"href":"https:\/\/adhilac.com.ar\/index.php?rest_route=%2Fwp%2Fv2%2Fcategories&post=17180"},{"taxonomy":"post_tag","embeddable":true,"href":"https:\/\/adhilac.com.ar\/index.php?rest_route=%2Fwp%2Fv2%2Ftags&post=17180"}],"curies":[{"name":"wp","href":"https:\/\/api.w.org\/{rel}","templated":true}]}}