{"id":17184,"date":"2020-09-08T09:17:00","date_gmt":"2020-09-08T12:17:00","guid":{"rendered":"https:\/\/adhilac.com.ar\/?p=17184"},"modified":"2020-12-15T09:05:23","modified_gmt":"2020-12-15T12:05:23","slug":"ascenso-y-caida-de-baby-doc-en-haiti","status":"publish","type":"post","link":"https:\/\/adhilac.com.ar\/?p=17184","title":{"rendered":"Ascenso y ca\u00edda de Baby Doc en Hait\u00ed"},"content":{"rendered":"\n<figure class=\"wp-block-image size-large is-resized\"><img loading=\"lazy\" decoding=\"async\" src=\"https:\/\/adhilac.com.ar\/wp-content\/uploads\/2020\/09\/Haiti-baby-doc-800x413.jpg\" alt=\"\" class=\"wp-image-17185\" width=\"549\" height=\"283\" srcset=\"https:\/\/adhilac.com.ar\/wp-content\/uploads\/2020\/09\/Haiti-baby-doc-800x413.jpg 800w, https:\/\/adhilac.com.ar\/wp-content\/uploads\/2020\/09\/Haiti-baby-doc-300x155.jpg 300w, https:\/\/adhilac.com.ar\/wp-content\/uploads\/2020\/09\/Haiti-baby-doc-768x396.jpg 768w, https:\/\/adhilac.com.ar\/wp-content\/uploads\/2020\/09\/Haiti-baby-doc.jpg 1024w\" sizes=\"auto, (max-width: 549px) 100vw, 549px\" \/><\/figure>\n\n\n\n<p class=\"wp-block-paragraph\"><strong>Por Sergio Guerra Vilaboy<\/strong><\/p>\n\n\n\n<p class=\"wp-block-paragraph\">Como contamos en <em>Madre Am\u00e9rica<\/em>, al morir el dictador haitiano Fran\u00e7ois Duvalier en 1971, le sucedi\u00f3 su hijo Jean Claude (1951-2014), conocido como <em>Baby Doc,<\/em> en alusi\u00f3n al apodo de su padre: <em>Papa Doc<\/em>. Para ello fue necesario modificar la constituci\u00f3n y realizar un ama\u00f1ado plebiscito, pues era menor de edad, proceso apoyado por Estados Unidos al impedir el retorno de los exiliados.<\/p>\n\n\n\n<!--more-->\n\n\n\n<p class=\"wp-block-paragraph\"><\/p>\n\n\n\n<p class=\"wp-block-paragraph\">El rechaz\u00f3 a la sucesi\u00f3n se expres\u00f3 de muchas maneras, entre ellas con el secuestro del embajador norteamericano Clinton Knox, cuyo papel hab\u00eda sido decisivo en el relevo dictatorial y el expedito reconocimiento estadounidense. El compromiso de Washington con la nueva tiran\u00eda tambi\u00e9n se manifest\u00f3 mediante una cuantiosa ayuda militar y la modernizaci\u00f3n de su ej\u00e9rcito, incluyendo al cuerpo de esbirros de los <em>Tontons Macoutes<\/em>, ahora reciclados como <em>Leopardos<\/em>.<\/p>\n\n\n\n<p class=\"wp-block-paragraph\">En lo fundamental, el gobierno del segundo Duvalier no difer\u00eda de la criminal satrap\u00eda de su progenitor, aunque en sus inicios trat\u00f3 de hacer cambios cosm\u00e9ticos, bajando el tono al autoritarismo y la corrupci\u00f3n. La enga\u00f1osa liberalizaci\u00f3n vino acompa\u00f1ada de ciertas reformas presupuestarias y judiciales, del rejuvenecimiento del gabinete, la liberaci\u00f3n de presos pol\u00edticos, el alivio de la censura de prensa y la promesa de democratizar las instituciones. Como colof\u00f3n, anunci\u00f3 pomposamente: \u201c<em>mi padre hizo la revoluci\u00f3n pol\u00edtica, yo har\u00e9 la revoluci\u00f3n econ\u00f3mica<\/em>\u201d.&nbsp;<\/p>\n\n\n\n<p class=\"wp-block-paragraph\">La anunciada transformaci\u00f3n no era otra cosa que una mayor entrega de los recursos nacionales al capital extranjero a cambio de pr\u00e9stamos, donaciones y cr\u00e9ditos. Lo m\u00e1s singular fue el fomento de la manufactura ligera, con la apertura de unas 300 peque\u00f1as f\u00e1bricas o maquiladoras de textiles, juguetes y piezas electr\u00f3nicas, destinadas al mercado norteamericano. En su momento de mayor expansi\u00f3n, a principios de los setenta, represent\u00f3 el 40% de las exportaciones haitianas y el capital for\u00e1neo invertido fue de 125 millones de d\u00f3lares (1975), 45 millones m\u00e1s de los existentes en 1968.<\/p>\n\n\n\n<p class=\"wp-block-paragraph\">La descomunal corrupci\u00f3n y la impericia gubernamentales frustraron cualquier mejor\u00eda. En 1977 la crisis econ\u00f3mica recrudeci\u00f3, s\u00f3lo paliada por el incremento de las remesas de los de miles de haitianos que hab\u00edan huido a Estados Unidos en endebles embarcaciones, para escapar del terror duvalierista y la pavorosa miseria del pa\u00eds. Ante la fuerte presi\u00f3n internacional, y el crecimiento de los atentados y sublevaciones, a comienzos de los ochenta <em>Baby Doc<\/em> ensay\u00f3 nuevos cambios de imagen con otra constituci\u00f3n, el reconocimiento de partidos de oposici\u00f3n y la convocatoria a elecciones legislativas (1984). En esos comicios, sus partidarios del Comit\u00e9 de Acci\u00f3n Jeanclaudista (CONAJEC) arrasaron, pues la mayor\u00eda de los contrincantes fueron encarcelados, perseguidos o asesinados.<\/p>\n\n\n\n<p class=\"wp-block-paragraph\">A potenciar el descontento contribuy\u00f3 el enorme desprestigio de Duvalier II, que era amante de los placeres mundanos y descarnado depredador de la hacienda p\u00fablica, con la ayuda de su joven esposa, Michele Bennet, de la elite mulata, con la que se hab\u00eda casado en una boda fastuosa en 1980. Su creciente importancia atemoriz\u00f3 a la burgues\u00eda negra, preocupada con la posible recuperaci\u00f3n del poder del ala rival mestiza. Para colmo, Baby Doc no tuvo escr\u00fapulo en aprobar la presidencia vitalicia en un refer\u00e9ndum con el 99.98% de la votaci\u00f3n.<\/p>\n\n\n\n<p class=\"wp-block-paragraph\">En 1984 estallaron violentas protestas y motines, que dejaron decenas de personas muertas por la represi\u00f3n, repetidas al a\u00f1o siguiente al grito de <em>\u00a1Preferimos morir de pie que vivir de rodillas! <\/em>El punto culminante de las manifestaciones opositoras se alcanz\u00f3 en 1986, al incorporarse los campesinos y sumarse la iglesia cat\u00f3lica, cuya influencia hab\u00eda crecido gracias a sus extendidas comunidades de base. El 7 de febrero de ese a\u00f1o, <em>Baby Doc<\/em> no pudo resistir m\u00e1s y huy\u00f3 con toda su familia a Francia, en un avi\u00f3n militar proporcionado por Estados Unidos, despu\u00e9s de conocer la retirada del apoyo de Washington y del golpe militar que se orquestaba en su contra.<\/p>\n\n\n\n<p class=\"wp-block-paragraph\">Tras su estampida a la costa azul francesa, el dictador se dedic\u00f3 a dilapidar, en gastos suntuarios, juergas y caprichos, las riquezas obtenidas a costa de la miseria del pueblo haitiano. Retenido por las autoridades de Francia, a solicitud del gobierno de Hait\u00ed, acusado del robo de 120 millones de d\u00f3lares de los fondos estatales, se abri\u00f3 un largo proceso judicial que logr\u00f3 la devoluci\u00f3n de 5,7 millones de sus cuentas en Suiza. Arruinado, el 16 de enero de 2011 <em>Baby Doc<\/em> se apareci\u00f3 por sorpresa en Hait\u00ed, despu\u00e9s del devastador terremoto ocurrido en Port-au-Prince, con la trasnochada idea de recuperar el poder. Enfrentado a varias causas judiciales por cr\u00edmenes y latrocinio, pas\u00f3 los \u00faltimos a\u00f1os de su vida encerrado en una lujosa mansi\u00f3n, hasta que muri\u00f3 de un infarto el 4 de octubre de 2014.<\/p>\n\n\n\n<p class=\"wp-block-paragraph\">Fuente: www.informefracto.com &#8211; 8 de septiembre de 2020<\/p>\n\n\n\n<div style=\"height:20px\" aria-hidden=\"true\" class=\"wp-block-spacer\"><\/div>\n\n\n\n<p class=\"has-very-light-gray-color has-vivid-cyan-blue-background-color has-text-color has-background wp-block-paragraph\"><strong>Publicado por ADHILAC Internacional \u00a9 www.adhilac.com.ar<\/strong><\/p>\n\n\n\n<p class=\"has-vivid-cyan-blue-color has-very-light-gray-background-color has-text-color has-background wp-block-paragraph\"> Si Ud. desea asociarse de acuerdo a los Estatutos de ADHILAC&nbsp;<a href=\"https:\/\/adhilac.com.ar\/?page_id=263\">(ver)<\/a> complete el siguiente formulario&nbsp;(<a href=\"https:\/\/adhilac.com.ar\/?page_id=4779\">ver<\/a>)<\/p>\n\n\n\n<p class=\"has-very-light-gray-color has-vivid-cyan-blue-background-color has-text-color has-background wp-block-paragraph\"> E-mail:&nbsp;info@adhilac.com.ar <\/p>\n\n\n\n<p class=\"has-very-light-gray-color has-vivid-cyan-blue-background-color has-text-color has-background wp-block-paragraph\"> Twitter: @AdhilacInfo <\/p>\n\n\n\n<div class=\"wp-block-image\"><figure class=\"aligncenter size-large\"><img loading=\"lazy\" decoding=\"async\" width=\"85\" height=\"85\" src=\"https:\/\/adhilac.com.ar\/wp-content\/uploads\/2015\/02\/Logo-ADHILAC-Internacional-PEQ.jpg\" alt=\"\" class=\"wp-image-10473\"\/><\/figure><\/div>\n\n\n\n<p class=\"wp-block-paragraph\">Ver <a href=\"https:\/\/adhilac.com.ar\/?page_id=541\">Presentaci\u00f3n de ADHILAC<\/a><\/p>\n\n\n\n<div class=\"wp-block-group\"><div class=\"wp-block-group__inner-container is-layout-flow wp-block-group-is-layout-flow\">\n<p class=\"has-text-align-center has-very-light-gray-color has-vivid-cyan-blue-background-color has-text-color has-background wp-block-paragraph\"><strong><a href=\"https:\/\/adhilac.com.ar\/?page_id=541\">QUIENES SOMOS<\/a><\/strong><\/p>\n\n\n\n<p class=\"has-text-align-center has-vivid-cyan-blue-color has-very-light-gray-background-color has-text-color has-background wp-block-paragraph\"><strong><a href=\"https:\/\/adhilac.com.ar\/?page_id=15507\">DIRECTIVA DE ADHILAC INTERNACIONAL<\/a><\/strong><\/p>\n\n\n\n<p class=\"has-text-align-center has-very-light-gray-color has-vivid-cyan-blue-background-color has-text-color has-background wp-block-paragraph\"><strong><a href=\"https:\/\/adhilac.com.ar\/?page_id=267\">Declaraci\u00f3n de Caracas de ADHILAC (2007)<\/a><\/strong><\/p>\n\n\n\n<p class=\"has-text-align-center has-vivid-cyan-blue-color has-very-light-gray-background-color has-text-color has-background wp-block-paragraph\"><strong><a href=\"https:\/\/adhilac.com.ar\/?page_id=15873\">ADHILAC: Historia &#8211; Historidorxs<\/a><\/strong><\/p>\n\n\n\n<p class=\"has-text-align-center has-very-light-gray-color has-vivid-cyan-blue-background-color has-text-color has-background wp-block-paragraph\"><strong><a href=\"https:\/\/adhilac.com.ar\/?page_id=15876\">ADHILAC 20 a\u00f1os despu\u00e9s (1974-1994)<\/a> <\/strong><\/p>\n\n\n\n<p class=\"has-text-align-center has-vivid-cyan-blue-color has-very-light-gray-background-color has-text-color has-background wp-block-paragraph\"><strong><a href=\"https:\/\/adhilac.com.ar\/?page_id=15861\">ADHILAC Breve Historia<\/a> <\/strong><\/p>\n\n\n\n<p class=\"has-text-align-center has-very-light-gray-color has-vivid-cyan-blue-background-color has-text-color has-background wp-block-paragraph\"><strong><a href=\"https:\/\/adhilac.com.ar\/?page_id=15887\">ADHILAC: Miembrxs fundadores<\/a><\/strong><\/p>\n\n\n\n<p class=\"has-text-align-center has-vivid-cyan-blue-color has-very-light-gray-background-color has-text-color has-background wp-block-paragraph\"><strong><a href=\"https:\/\/adhilac.com.ar\/?page_id=15943\">ADHILAC: Historiadorxs Destacadxs<\/a><\/strong><\/p>\n\n\n\n<p class=\"has-text-align-center has-very-light-gray-color has-vivid-cyan-blue-background-color has-text-color has-background wp-block-paragraph\"><strong><a href=\"https:\/\/adhilac.com.ar\/?page_id=4779\">SOCIXS<\/a><\/strong><\/p>\n\n\n\n<p class=\"has-text-align-center has-vivid-cyan-blue-color has-very-light-gray-background-color has-text-color has-background wp-block-paragraph\"><strong><a href=\"https:\/\/adhilac.com.ar\/?page_id=263\">Estatutos de ADHILAC<\/a><\/strong><\/p>\n\n\n\n<p class=\"has-text-align-center has-very-light-gray-color has-vivid-cyan-blue-background-color has-text-color has-background wp-block-paragraph\"><strong><a href=\"https:\/\/adhilac.com.ar\/?page_id=8220\">BICENTENARIO<\/a><\/strong><\/p>\n\n\n\n<p class=\"has-text-align-center has-vivid-cyan-blue-color has-very-light-gray-background-color has-text-color has-background wp-block-paragraph\"><strong><a href=\"https:\/\/adhilac.com.ar\/?page_id=8279\">BIBLIOTECA<\/a><\/strong><\/p>\n\n\n\n<p class=\"has-text-align-center has-very-light-gray-color has-vivid-cyan-blue-background-color has-text-color has-background wp-block-paragraph\"><strong><a href=\"https:\/\/adhilac.com.ar\/?page_id=1698\">ENLACES<\/a> <\/strong><\/p>\n\n\n\n<p class=\"has-text-align-center has-vivid-cyan-blue-color has-very-light-gray-background-color has-text-color has-background wp-block-paragraph\"><a href=\"http:\/\/www.ariadnatucma.com.ar\">VISITE ARIADNA TUCMA REVISTA LATINOAMERICANA<\/a><\/p>\n<\/div><\/div>\n\n\n\n<p class=\"wp-block-paragraph\"><\/p>\n\n\n\n<p class=\"wp-block-paragraph\"><\/p>\n","protected":false},"excerpt":{"rendered":"<p>Por Sergio Guerra Vilaboy Como contamos en Madre Am\u00e9rica, al morir el dictador haitiano Fran\u00e7ois Duvalier en 1971, le sucedi\u00f3 su hijo Jean Claude (1951-2014), conocido como Baby Doc, en alusi\u00f3n al apodo de su padre: Papa Doc. Para ello fue necesario modificar la constituci\u00f3n y realizar un ama\u00f1ado plebiscito, pues era menor de edad, [&hellip;]<\/p>\n","protected":false},"author":17,"featured_media":0,"comment_status":"closed","ping_status":"open","sticky":false,"template":"","format":"standard","meta":{"_crdt_document":"","footnotes":""},"categories":[15],"tags":[1115,181,54],"class_list":["post-17184","post","type-post","status-publish","format-standard","hentry","category-historia","tag-baby-doc","tag-dictadura","tag-haiti"],"_links":{"self":[{"href":"https:\/\/adhilac.com.ar\/index.php?rest_route=\/wp\/v2\/posts\/17184","targetHints":{"allow":["GET"]}}],"collection":[{"href":"https:\/\/adhilac.com.ar\/index.php?rest_route=\/wp\/v2\/posts"}],"about":[{"href":"https:\/\/adhilac.com.ar\/index.php?rest_route=\/wp\/v2\/types\/post"}],"author":[{"embeddable":true,"href":"https:\/\/adhilac.com.ar\/index.php?rest_route=\/wp\/v2\/users\/17"}],"replies":[{"embeddable":true,"href":"https:\/\/adhilac.com.ar\/index.php?rest_route=%2Fwp%2Fv2%2Fcomments&post=17184"}],"version-history":[{"count":1,"href":"https:\/\/adhilac.com.ar\/index.php?rest_route=\/wp\/v2\/posts\/17184\/revisions"}],"predecessor-version":[{"id":17186,"href":"https:\/\/adhilac.com.ar\/index.php?rest_route=\/wp\/v2\/posts\/17184\/revisions\/17186"}],"wp:attachment":[{"href":"https:\/\/adhilac.com.ar\/index.php?rest_route=%2Fwp%2Fv2%2Fmedia&parent=17184"}],"wp:term":[{"taxonomy":"category","embeddable":true,"href":"https:\/\/adhilac.com.ar\/index.php?rest_route=%2Fwp%2Fv2%2Fcategories&post=17184"},{"taxonomy":"post_tag","embeddable":true,"href":"https:\/\/adhilac.com.ar\/index.php?rest_route=%2Fwp%2Fv2%2Ftags&post=17184"}],"curies":[{"name":"wp","href":"https:\/\/api.w.org\/{rel}","templated":true}]}}