{"id":17229,"date":"2020-09-29T09:32:00","date_gmt":"2020-09-29T12:32:00","guid":{"rendered":"https:\/\/adhilac.com.ar\/?p=17229"},"modified":"2020-10-04T10:00:50","modified_gmt":"2020-10-04T13:00:50","slug":"alerta-noam-chomsky-sobre-la-posibilidad-de-una-guerra-civil-en-estados-unidos","status":"publish","type":"post","link":"https:\/\/adhilac.com.ar\/?p=17229","title":{"rendered":"Alerta Noam Chomsky sobre la posibilidad de una \u201cguerra civil\u201d en Estados Unidos"},"content":{"rendered":"\n<div class=\"wp-block-group has-cool-to-warm-spectrum-gradient-background has-background\"><div class=\"wp-block-group__inner-container is-layout-flow wp-block-group-is-layout-flow\">\n<p class=\"wp-block-paragraph\">Por H\u00e9ctor Hern\u00e1ndez Pardo<\/p>\n\n\n\n<p class=\"has-white-color has-text-color wp-block-paragraph\"><strong><em>El destacado cient\u00edfico norteamericano hizo la advertencia en el c\u00f3nclave virtual de la Internacional Progresista. Participaron tambi\u00e9n otros relevantes intelectuales de varios pa\u00edses. Se debati\u00f3 acerca de la crisis integral que padece el mundo. El griego Yanis Varoufakis afirm\u00f3 que \u201ceste es el momento de demostrar que s\u00ed hay una alternativa\u201d.<\/em><\/strong><\/p>\n<\/div><\/div>\n\n\n\n<!--more-->\n\n\n\n<p class=\"wp-block-paragraph\">La alarma ha saltado. La posibilidad de una guerra civil en Estados Unidos ante los empinados antagonismos entre grupos de derecha, fuertemente armados, y sectores progresistas, sobre todo concentrados en manifestaciones contra la violencia racista, no es una exageraci\u00f3n.<\/p>\n\n\n\n<p class=\"wp-block-paragraph\">Ahora sobre ese tema se ha pronunciado el destacado cient\u00edfico social Noam Chomsky, quien alert\u00f3 seriamente acerca del riesgo de un enfrentamiento sin precedentes en el territorio norteamericano, que implicar\u00eda a toda la sociedad.<\/p>\n\n\n\n<p class=\"wp-block-paragraph\">El autor de \u201c<em>Qui\u00e9n domina el mundo<\/em>\u201d y de otras importantes obras relevantes, en recientes declaraciones en el transcurso de un encuentro virtual de la denominada <em>Internacional Progresista<\/em>, predijo y lanz\u00f3 serias advertencias sobre lo que podr\u00eda desatarse en el pa\u00eds del Norte, <em>\u201cuna guerra civil<\/em>\u201d.<\/p>\n\n\n\n<p class=\"wp-block-paragraph\">Chomsky, considerado una de las figuras m\u00e1s relevantes de ling\u00fc\u00edstica en el \u00faltimo siglo, precis\u00f3 que para el mundo y para Estados Unidos la reelecci\u00f3n de Donald Trump \u201c<em>ser\u00eda una crisis final, terminal, que puede tener consecuencias muy lamentables<\/em>\u201d.&nbsp;<\/p>\n\n\n\n<p class=\"wp-block-paragraph\">Como hemos comentado en otras ocasiones, el Jefe de la Casa Blanca ha insinuado que no reconocer\u00e1 resultado electoral que no le favorezca y que lo considerar\u00eda fraude. Y no hay que olvidar que cuenta con legiones de seguidores, muchos verdaderos fan\u00e1ticos que ya est\u00e1n organizados en milicias armadas en todo el territorio norteamericano.<\/p>\n\n\n\n<p class=\"wp-block-paragraph\">Durante su intervenci\u00f3n en el c\u00f3nclave, titulada \u201c<em>Internacionalismo o extinci\u00f3n<\/em>\u201d, Chomsky afirm\u00f3 que este es un momento\u201d <em>\u201cdif\u00edcil<\/em>, ya que combina la amenaza de una guerra nuclear, la cat\u00e1strofe ecol\u00f3gica, la pandemia y la destrucci\u00f3n de la democracia. Sin embargo, refiri\u00e9ndose a la unidad que va apareciendo en los sectores progresistas a nivel global, indic\u00f3 que a su vez esta situaci\u00f3n genera \u201c<em>esperanza para un mejor futuro<\/em>\u201d.<\/p>\n\n\n\n<p class=\"wp-block-paragraph\">Asegur\u00f3 que \u201c<em>La Internacional Progresista<\/em><em> (IP) tiene un papel crucial para determinar qu\u00e9 curso va a seguir la historia<\/em>\u201d y reflexion\u00f3 que \u201c<em>La vida humana est\u00e1 en peligro directo y los grandes poderes imperialistas del momento est\u00e1n enfrent\u00e1ndose. El poder brit\u00e1nico se est\u00e1 saliendo de Europa, volvi\u00e9ndose m\u00e1s un sat\u00e9lite de Estados Unidos de lo que ya era. Para la significaci\u00f3n del futuro es importante ver qu\u00e9 pasa en la&nbsp;hegemon\u00eda global, disminuida por los delirios de Trump, pero con el poder y las ventajas militares de Estados Unidos<\/em>\u201d.<\/p>\n\n\n\n<p class=\"wp-block-paragraph\">La Internacional Progresista, emergi\u00f3 en mayo para unir, organizar y movilizar a las fuerzas progresistas en un frente com\u00fan y as\u00ed frenar el avance de la derecha en el mundo. Este encuentro virtual dur\u00f3 tres y debati\u00f3 sobre la crisis que sacude al planeta, las consecuencias del colapso del capitalismo y alternativas progresistas a la globalizaci\u00f3n, as\u00ed como fortalecer la organizaci\u00f3n, que agrupa a intelectuales, diplom\u00e1ticos, pol\u00edticos, juristas y profesores de varios pa\u00edses.<\/p>\n\n\n\n<p class=\"wp-block-paragraph\">Entre otros, en esta ocasi\u00f3n participaron en las discusiones, adem\u00e1s de Chomsky, la escritora canadiense Naomi Klein y el ex ministro de Finanzas de Grecia, Yanis Varoufakis, quien se\u00f1al\u00f3 que la crisis del capitalismo tendr\u00e1 consecuencias tanto econ\u00f3micas como medioambientales y afirm\u00f3 que \u201c<em>este es el momento de demostrar que s\u00ed, hay una alternativa<\/em>\u201d.<\/p>\n\n\n\n<p class=\"wp-block-paragraph\">Semanas atr\u00e1s, en entrevista reportada por la agencia francesa de noticias,&nbsp; Chomsky hab\u00eda declarado que Estados Unidos corre hacia el abismo sin un plan federal para enfrentar la pandemia de coronavirus, retirando financiaci\u00f3n a la salud p\u00fablica mientras ignora el inexorable avance del calentamiento clim\u00e1tico.<\/p>\n\n\n\n<p class=\"wp-block-paragraph\">En dichas declaraciones, el tambi\u00e9n considerado fundador de la ling\u00fc\u00edstica moderna, en alusi\u00f3n al presidente Trump, subray\u00f3 <em>\u201cNo hay un liderazgo coherente. Es ca\u00f3tico. La Casa Blanca est\u00e1 en manos de un soci\u00f3pata megal\u00f3mano que solo est\u00e1 interesado en su propio poder, en sus perspectivas electorales, y al cual no le importa lo que pasa en el pa\u00eds, ni en el mundo\u201d.<\/em><\/p>\n\n\n\n<p class=\"wp-block-paragraph\">Fuente: www.informefracto.com &#8211; 28 de septiembre de 2020<\/p>\n\n\n\n<p class=\"has-very-light-gray-color has-vivid-cyan-blue-background-color has-text-color has-background wp-block-paragraph\"><strong>Publicado por ADHILAC Internacional \u00a9 www.adhilac.com.ar<\/strong><\/p>\n\n\n\n<p class=\"has-vivid-cyan-blue-color has-very-light-gray-background-color has-text-color has-background wp-block-paragraph\"> Si Ud. desea asociarse de acuerdo a los Estatutos de ADHILAC&nbsp;<a href=\"https:\/\/adhilac.com.ar\/?page_id=263\">(ver)<\/a> complete el siguiente formulario&nbsp;(<a href=\"https:\/\/adhilac.com.ar\/?page_id=4779\">ver<\/a>)<\/p>\n\n\n\n<p class=\"has-very-light-gray-color has-vivid-cyan-blue-background-color has-text-color has-background wp-block-paragraph\"> E-mail:&nbsp;info@adhilac.com.ar <\/p>\n\n\n\n<p class=\"has-very-light-gray-color has-vivid-cyan-blue-background-color has-text-color has-background wp-block-paragraph\"> Twitter: @AdhilacInfo <\/p>\n\n\n\n<div class=\"wp-block-image is-style-default\"><figure class=\"aligncenter size-large\"><img loading=\"lazy\" decoding=\"async\" width=\"85\" height=\"85\" src=\"https:\/\/adhilac.com.ar\/wp-content\/uploads\/2015\/02\/Logo-ADHILAC-Internacional-PEQ.jpg\" alt=\"\" class=\"wp-image-10473\"\/><\/figure><\/div>\n\n\n\n<p class=\"wp-block-paragraph\">Ver <a href=\"https:\/\/adhilac.com.ar\/?page_id=541\">Presentaci\u00f3n de ADHILAC<\/a><\/p>\n\n\n\n<div style=\"height:60px\" aria-hidden=\"true\" class=\"wp-block-spacer\"><\/div>\n\n\n\n<div class=\"wp-block-group\"><div class=\"wp-block-group__inner-container is-layout-flow wp-block-group-is-layout-flow\">\n<p class=\"has-text-align-center has-very-light-gray-color has-vivid-cyan-blue-background-color has-text-color has-background wp-block-paragraph\"><strong><a href=\"https:\/\/adhilac.com.ar\/?page_id=541\">QUIENES SOMOS<\/a><\/strong><\/p>\n\n\n\n<p class=\"has-text-align-center has-vivid-cyan-blue-color has-very-light-gray-background-color has-text-color has-background wp-block-paragraph\"><strong><a href=\"https:\/\/adhilac.com.ar\/?page_id=15507\">DIRECTIVA DE ADHILAC INTERNACIONAL<\/a><\/strong><\/p>\n\n\n\n<p class=\"has-text-align-center has-very-light-gray-color has-vivid-cyan-blue-background-color has-text-color has-background wp-block-paragraph\"><strong><a href=\"https:\/\/adhilac.com.ar\/?page_id=267\">Declaraci\u00f3n de Caracas de ADHILAC (2007)<\/a><\/strong><\/p>\n\n\n\n<p class=\"has-text-align-center has-vivid-cyan-blue-color has-very-light-gray-background-color has-text-color has-background wp-block-paragraph\"><strong><a href=\"https:\/\/adhilac.com.ar\/?page_id=15873\">ADHILAC: Historia &#8211; Historidorxs<\/a><\/strong><\/p>\n\n\n\n<p class=\"has-text-align-center has-very-light-gray-color has-vivid-cyan-blue-background-color has-text-color has-background wp-block-paragraph\"><strong><a href=\"https:\/\/adhilac.com.ar\/?page_id=15876\">ADHILAC 20 a\u00f1os despu\u00e9s (1974-1994)<\/a> <\/strong><\/p>\n\n\n\n<p class=\"has-text-align-center has-vivid-cyan-blue-color has-very-light-gray-background-color has-text-color has-background wp-block-paragraph\"><strong><a href=\"https:\/\/adhilac.com.ar\/?page_id=15861\">ADHILAC Breve Historia<\/a> <\/strong><\/p>\n\n\n\n<p class=\"has-text-align-center has-very-light-gray-color has-vivid-cyan-blue-background-color has-text-color has-background wp-block-paragraph\"><strong><a href=\"https:\/\/adhilac.com.ar\/?page_id=15887\">ADHILAC: Miembrxs fundadores<\/a><\/strong><\/p>\n\n\n\n<p class=\"has-text-align-center has-vivid-cyan-blue-color has-very-light-gray-background-color has-text-color has-background wp-block-paragraph\"><strong><a href=\"https:\/\/adhilac.com.ar\/?page_id=15943\">ADHILAC: Historiadorxs Destacadxs<\/a><\/strong><\/p>\n\n\n\n<p class=\"has-text-align-center has-very-light-gray-color has-vivid-cyan-blue-background-color has-text-color has-background wp-block-paragraph\"><strong><a href=\"https:\/\/adhilac.com.ar\/?page_id=4779\">SOCIXS<\/a><\/strong><\/p>\n\n\n\n<p class=\"has-text-align-center has-vivid-cyan-blue-color has-very-light-gray-background-color has-text-color has-background wp-block-paragraph\"><strong><a href=\"https:\/\/adhilac.com.ar\/?page_id=263\">Estatutos de ADHILAC<\/a><\/strong><\/p>\n\n\n\n<p class=\"has-text-align-center has-very-light-gray-color has-vivid-cyan-blue-background-color has-text-color has-background wp-block-paragraph\"><strong><a href=\"https:\/\/adhilac.com.ar\/?page_id=8220\">BICENTENARIO<\/a><\/strong><\/p>\n\n\n\n<p class=\"has-text-align-center has-vivid-cyan-blue-color has-very-light-gray-background-color has-text-color has-background wp-block-paragraph\"><strong><a href=\"https:\/\/adhilac.com.ar\/?page_id=8279\">BIBLIOTECA<\/a><\/strong><\/p>\n\n\n\n<p class=\"has-text-align-center has-very-light-gray-color has-vivid-cyan-blue-background-color has-text-color has-background wp-block-paragraph\"><strong><a href=\"https:\/\/adhilac.com.ar\/?page_id=1698\">ENLACES<\/a> <\/strong><\/p>\n\n\n\n<p class=\"has-text-align-center has-vivid-cyan-blue-color has-very-light-gray-background-color has-text-color has-background wp-block-paragraph\"><a href=\"http:\/\/www.ariadnatucma.com.ar\">VISITE ARIADNA TUCMA REVISTA LATINOAMERICANA<\/a><\/p>\n<\/div><\/div>\n","protected":false},"excerpt":{"rendered":"<p>Por H\u00e9ctor Hern\u00e1ndez Pardo El destacado cient\u00edfico norteamericano hizo la advertencia en el c\u00f3nclave virtual de la Internacional Progresista. Participaron tambi\u00e9n otros relevantes intelectuales de varios pa\u00edses. Se debati\u00f3 acerca de la crisis integral que padece el mundo. El griego Yanis Varoufakis afirm\u00f3 que \u201ceste es el momento de demostrar que s\u00ed hay una alternativa\u201d.<\/p>\n","protected":false},"author":2,"featured_media":0,"comment_status":"closed","ping_status":"closed","sticky":false,"template":"","format":"standard","meta":{"_crdt_document":"","footnotes":""},"categories":[40],"tags":[164],"class_list":["post-17229","post","type-post","status-publish","format-standard","hentry","category-informaciones","tag-estados-unidos"],"_links":{"self":[{"href":"https:\/\/adhilac.com.ar\/index.php?rest_route=\/wp\/v2\/posts\/17229","targetHints":{"allow":["GET"]}}],"collection":[{"href":"https:\/\/adhilac.com.ar\/index.php?rest_route=\/wp\/v2\/posts"}],"about":[{"href":"https:\/\/adhilac.com.ar\/index.php?rest_route=\/wp\/v2\/types\/post"}],"author":[{"embeddable":true,"href":"https:\/\/adhilac.com.ar\/index.php?rest_route=\/wp\/v2\/users\/2"}],"replies":[{"embeddable":true,"href":"https:\/\/adhilac.com.ar\/index.php?rest_route=%2Fwp%2Fv2%2Fcomments&post=17229"}],"version-history":[{"count":2,"href":"https:\/\/adhilac.com.ar\/index.php?rest_route=\/wp\/v2\/posts\/17229\/revisions"}],"predecessor-version":[{"id":17231,"href":"https:\/\/adhilac.com.ar\/index.php?rest_route=\/wp\/v2\/posts\/17229\/revisions\/17231"}],"wp:attachment":[{"href":"https:\/\/adhilac.com.ar\/index.php?rest_route=%2Fwp%2Fv2%2Fmedia&parent=17229"}],"wp:term":[{"taxonomy":"category","embeddable":true,"href":"https:\/\/adhilac.com.ar\/index.php?rest_route=%2Fwp%2Fv2%2Fcategories&post=17229"},{"taxonomy":"post_tag","embeddable":true,"href":"https:\/\/adhilac.com.ar\/index.php?rest_route=%2Fwp%2Fv2%2Ftags&post=17229"}],"curies":[{"name":"wp","href":"https:\/\/api.w.org\/{rel}","templated":true}]}}