{"id":17232,"date":"2020-09-23T10:58:00","date_gmt":"2020-09-23T13:58:00","guid":{"rendered":"https:\/\/adhilac.com.ar\/?p=17232"},"modified":"2020-12-15T08:59:59","modified_gmt":"2020-12-15T11:59:59","slug":"dictaduras-camaleonicas-de-los-cuarenta","status":"publish","type":"post","link":"https:\/\/adhilac.com.ar\/?p=17232","title":{"rendered":"Dictaduras camale\u00f3nicas de los cuarenta"},"content":{"rendered":"\n<figure class=\"wp-block-image size-large is-resized is-style-default\"><img loading=\"lazy\" decoding=\"async\" src=\"https:\/\/adhilac.com.ar\/wp-content\/uploads\/2020\/10\/dictaduras-camaleonicas-800x480.jpeg\" alt=\"\" class=\"wp-image-17233\" width=\"491\" height=\"295\" srcset=\"https:\/\/adhilac.com.ar\/wp-content\/uploads\/2020\/10\/dictaduras-camaleonicas-800x480.jpeg 800w, https:\/\/adhilac.com.ar\/wp-content\/uploads\/2020\/10\/dictaduras-camaleonicas-300x180.jpeg 300w, https:\/\/adhilac.com.ar\/wp-content\/uploads\/2020\/10\/dictaduras-camaleonicas-768x461.jpeg 768w, https:\/\/adhilac.com.ar\/wp-content\/uploads\/2020\/10\/dictaduras-camaleonicas.jpeg 1000w\" sizes=\"auto, (max-width: 491px) 100vw, 491px\" \/><\/figure>\n\n\n\n<p class=\"has-luminous-vivid-amber-color has-text-color wp-block-paragraph\"><strong>Por Sergio Guerra Vilaboy<\/strong><\/p>\n\n\n\n<!--more-->\n\n\n\n<p class=\"wp-block-paragraph\">Las consignas antifascistas de la Segunda Guerra Mundial, obligaron a varios dictadores latinoamericanas a reinventarse ante la oleada democratizadora y la nueva pol\u00edtica de Estados Unidos. Eso explica las sorpresivas aperturas de Anastasio Somoza en Nicaragua, Rafael Le\u00f3nidas Trujillo en Rep\u00fablica Dominicana, Fulgencio Batista en Cuba y Getulio Vargas en Brasil, para remodelar la imagen represiva de sus reg\u00edmenes, as\u00ed como borrar sus devaneos fascistoides, los coqueteos con los nazis y el falangismo espa\u00f1ol.<\/p>\n\n\n\n<p class=\"wp-block-paragraph\">Para ponerse a tono con la situaci\u00f3n internacional, los dictadores camale\u00f3nicos se apresuraron a legalizar a los partidos de oposici\u00f3n y fuerzas de izquierda\u2013incluyendo al Partido Comunista-, estableciendo relaciones con la Uni\u00f3n Sovi\u00e9tica. El primero que dio este giro teatral de ciento ochenta grados, y el que m\u00e1s lejos lleg\u00f3, fue Batista, verdadero hombre fuerte de Cuba desde 1934. Tras su visita a Estados Unidos (1938), orden\u00f3 a su presidente t\u00edtere Federico Laredo Br\u00fa, la excarcelaci\u00f3n de m\u00e1s de tres mil presos pol\u00edticos, el regreso de los exiliados, el reconocimiento de la autonom\u00eda universitaria y la libre actividad de los partidos pol\u00edticos. Para ganar las elecciones de 1940, Batista teji\u00f3 una alianza electoral con el Partido Comunista, que bajo la influencia del <em>browderismo,<\/em>-corriente dominante en su hom\u00f3logo norteamericano-, adoptar\u00eda el nombre de Partido Socialista Popular (PSP), al que favoreci\u00f3 con la incorporaci\u00f3n de dos de sus dirigentes a su gabinete, permiti\u00e9ndoles tener su propia prensa, una emisora de radio y el control de la reci\u00e9n creada Confederaci\u00f3n de Trabajadores de Cuba (CTC).<\/p>\n\n\n\n<p class=\"wp-block-paragraph\">El sanguinario dictador de la Rep\u00fablica Dominicana fue otro que hizo cambios cosm\u00e9ticos a su r\u00e9gimen, inaugurado en 1930. Trujillo aparent\u00f3 dejar el gobierno entre 1938 y 1940, para recuperarlo en ama\u00f1ados comicios. En mayo de 1945 ofreci\u00f3 garant\u00edas a sus acorralados opositores, favoreciendo la creaci\u00f3n de partidos, entre ellos uno marxista, denominado, como en la isla vecina Partido Socialista Popular (PSP). Con el consentimiento del tirano, los comunistas dominicanos fueron asesorados por los experimentados camaradas cubanos. Pero la distensi\u00f3n trujillista, que incluy\u00f3 el reconocimiento de la Uni\u00f3n Sovi\u00e9tica, ser\u00eda ef\u00edmera.<\/p>\n\n\n\n<p class=\"wp-block-paragraph\">Somoza, aleccionado por la ca\u00edda en 1944 de las aborrecidas dictaduras de Maximiliano Hern\u00e1ndez Mart\u00ednez en El Salvador y Jorge Ubico en Guatemala, decidi\u00f3 hacer algunos cambios en Nicaragua, que dominaba desde el asesinato de Sandino en 1934. A pesar de que hab\u00eda llegado al extremo de reconocer a Franco, cuando todav\u00eda se hallaba en las afueras de Madrid, en 1944 permiti\u00f3 la actividad legal del reci\u00e9n creado Partido Socialista Nicarag\u00fcense (Comunista) y promulg\u00f3 un C\u00f3digo de Trabajo que despert\u00f3 la ojeriza de las elites, permitiendo a Somoza asumir pose de <em>\u201cdem\u00f3crata progresista<\/em>\u201d.<\/p>\n\n\n\n<p class=\"wp-block-paragraph\">Tambi\u00e9n Getulio Vargas, encaramado en el poder en 1930, art\u00edfice del <em>Estado Novo<\/em>, inspirado en el de Mussolini, y que ten\u00eda estrechas relaciones con la Alemania nazi y los grupos fascistas aut\u00f3ctonos, les dio un portazo en 1942. Declar\u00f3 la guerra al Eje y al a\u00f1o siguiente purg\u00f3 sus pecados enviando un ej\u00e9rcito de 25 mil hombres a combatirlos en el frente italiano. En 1945, convoc\u00f3 una constituyente, estableci\u00f3 relaciones con la Uni\u00f3n Sovi\u00e9tica, permiti\u00f3 el regreso de los exiliados y liber\u00f3 a centenares de presos pol\u00edticos. Entre ellos el l\u00edder comunista Luiz Carlos Prestes, cuya esposa embarazada, Olga Benario, hab\u00eda muerto en un campo de concentraci\u00f3n despu\u00e9s que Vargas la entregara a los nazis (1935). Desconfiados de las verdaderas intenciones del dictador brasile\u00f1o, los principales partidos, el ej\u00e9rcito y la embajada de Estados Unidos, lo derrocaron en octubre de 1945, aunque seis a\u00f1os despu\u00e9s retornar\u00eda al poder gracias a otra de sus inesperadas piruetas. Tampoco la careta democr\u00e1tica permiti\u00f3 a Batista, atrapado en sus maquiavelismos, volver a ser el hombre fuerte en Cuba despu\u00e9s de los comicios de 1944, lo que no impidi\u00f3 su regreso mediante un golpe militar (1952).<\/p>\n\n\n\n<p class=\"wp-block-paragraph\">Verdaderos expertos en el arte de la metamorfosis, Somoza y Trujillo nunca perdieron el control gracias a una nueva mutaci\u00f3n a la hora de la Guerra Fr\u00eda y el macartismo. Con el mismo entusiasmo con el que hab\u00edan maquillado sus reg\u00edmenes, aplastaron a las organizaciones obreras y partidos de izquierda que hab\u00edan fomentado, convertidos ahora en campeones del anticomunismo, aunque ambos ser\u00edan ejecutados en 1956 y 1961.<\/p>\n\n\n\n<p class=\"wp-block-paragraph\">Fuente: www.informefracto. &#8211; 22 de septiembre de 2020<\/p>\n\n\n\n<p class=\"has-very-light-gray-color has-vivid-cyan-blue-background-color has-text-color has-background wp-block-paragraph\"><strong>Publicado por ADHILAC Internacional \u00a9 www.adhilac.com.ar<\/strong><\/p>\n\n\n\n<p class=\"has-vivid-cyan-blue-color has-very-light-gray-background-color has-text-color has-background wp-block-paragraph\"> Si Ud. desea asociarse de acuerdo a los Estatutos de ADHILAC&nbsp;<a href=\"https:\/\/adhilac.com.ar\/?page_id=263\">(ver)<\/a> complete el siguiente formulario&nbsp;(<a href=\"https:\/\/adhilac.com.ar\/?page_id=4779\">ver<\/a>)<\/p>\n\n\n\n<p class=\"has-very-light-gray-color has-vivid-cyan-blue-background-color has-text-color has-background wp-block-paragraph\"> E-mail:&nbsp;info@adhilac.com.ar <\/p>\n\n\n\n<p class=\"has-very-light-gray-color has-vivid-cyan-blue-background-color has-text-color has-background wp-block-paragraph\"> Twitter: @AdhilacInfo <\/p>\n\n\n\n<div class=\"wp-block-image is-style-default\"><figure class=\"aligncenter size-large\"><img loading=\"lazy\" decoding=\"async\" width=\"85\" height=\"85\" src=\"https:\/\/adhilac.com.ar\/wp-content\/uploads\/2015\/02\/Logo-ADHILAC-Internacional-PEQ.jpg\" alt=\"\" class=\"wp-image-10473\"\/><\/figure><\/div>\n\n\n\n<p class=\"wp-block-paragraph\">Ver <a href=\"https:\/\/adhilac.com.ar\/?page_id=541\">Presentaci\u00f3n de ADHILAC<\/a><\/p>\n\n\n\n<div style=\"height:68px\" aria-hidden=\"true\" class=\"wp-block-spacer\"><\/div>\n\n\n\n<div class=\"wp-block-group\"><div class=\"wp-block-group__inner-container is-layout-flow wp-block-group-is-layout-flow\">\n<p class=\"has-text-align-center has-very-light-gray-color has-vivid-cyan-blue-background-color has-text-color has-background wp-block-paragraph\"><strong><a href=\"https:\/\/adhilac.com.ar\/?page_id=541\">QUIENES SOMOS<\/a><\/strong><\/p>\n\n\n\n<p class=\"has-text-align-center has-vivid-cyan-blue-color has-very-light-gray-background-color has-text-color has-background wp-block-paragraph\"><strong><a href=\"https:\/\/adhilac.com.ar\/?page_id=15507\">DIRECTIVA DE ADHILAC INTERNACIONAL<\/a><\/strong><\/p>\n\n\n\n<p class=\"has-text-align-center has-very-light-gray-color has-vivid-cyan-blue-background-color has-text-color has-background wp-block-paragraph\"><strong><a href=\"https:\/\/adhilac.com.ar\/?page_id=267\">Declaraci\u00f3n de Caracas de ADHILAC (2007)<\/a><\/strong><\/p>\n\n\n\n<p class=\"has-text-align-center has-vivid-cyan-blue-color has-very-light-gray-background-color has-text-color has-background wp-block-paragraph\"><strong><a href=\"https:\/\/adhilac.com.ar\/?page_id=15873\">ADHILAC: Historia &#8211; Historidorxs<\/a><\/strong><\/p>\n\n\n\n<p class=\"has-text-align-center has-very-light-gray-color has-vivid-cyan-blue-background-color has-text-color has-background wp-block-paragraph\"><strong><a href=\"https:\/\/adhilac.com.ar\/?page_id=15876\">ADHILAC 20 a\u00f1os despu\u00e9s (1974-1994)<\/a> <\/strong><\/p>\n\n\n\n<p class=\"has-text-align-center has-vivid-cyan-blue-color has-very-light-gray-background-color has-text-color has-background wp-block-paragraph\"><strong><a href=\"https:\/\/adhilac.com.ar\/?page_id=15861\">ADHILAC Breve Historia<\/a> <\/strong><\/p>\n\n\n\n<p class=\"has-text-align-center has-very-light-gray-color has-vivid-cyan-blue-background-color has-text-color has-background wp-block-paragraph\"><strong><a href=\"https:\/\/adhilac.com.ar\/?page_id=15887\">ADHILAC: Miembrxs fundadores<\/a><\/strong><\/p>\n\n\n\n<p class=\"has-text-align-center has-vivid-cyan-blue-color has-very-light-gray-background-color has-text-color has-background wp-block-paragraph\"><strong><a href=\"https:\/\/adhilac.com.ar\/?page_id=15943\">ADHILAC: Historiadorxs Destacadxs<\/a><\/strong><\/p>\n\n\n\n<p class=\"has-text-align-center has-very-light-gray-color has-vivid-cyan-blue-background-color has-text-color has-background wp-block-paragraph\"><strong><a href=\"https:\/\/adhilac.com.ar\/?page_id=4779\">SOCIXS<\/a><\/strong><\/p>\n\n\n\n<p class=\"has-text-align-center has-vivid-cyan-blue-color has-very-light-gray-background-color has-text-color has-background wp-block-paragraph\"><strong><a href=\"https:\/\/adhilac.com.ar\/?page_id=263\">Estatutos de ADHILAC<\/a><\/strong><\/p>\n\n\n\n<p class=\"has-text-align-center has-very-light-gray-color has-vivid-cyan-blue-background-color has-text-color has-background wp-block-paragraph\"><strong><a href=\"https:\/\/adhilac.com.ar\/?page_id=8220\">BICENTENARIO<\/a><\/strong><\/p>\n\n\n\n<p class=\"has-text-align-center has-vivid-cyan-blue-color has-very-light-gray-background-color has-text-color has-background wp-block-paragraph\"><strong><a href=\"https:\/\/adhilac.com.ar\/?page_id=8279\">BIBLIOTECA<\/a><\/strong><\/p>\n\n\n\n<p class=\"has-text-align-center has-very-light-gray-color has-vivid-cyan-blue-background-color has-text-color has-background wp-block-paragraph\"><strong><a href=\"https:\/\/adhilac.com.ar\/?page_id=1698\">ENLACES<\/a> <\/strong><\/p>\n\n\n\n<p class=\"has-text-align-center has-vivid-cyan-blue-color has-very-light-gray-background-color has-text-color has-background wp-block-paragraph\"><a href=\"http:\/\/www.ariadnatucma.com.ar\">VISITE ARIADNA TUCMA REVISTA LATINOAMERICANA<\/a><\/p>\n<\/div><\/div>\n","protected":false},"excerpt":{"rendered":"<p>Por Sergio Guerra Vilaboy<\/p>\n","protected":false},"author":17,"featured_media":0,"comment_status":"closed","ping_status":"closed","sticky":false,"template":"","format":"standard","meta":{"_crdt_document":"","footnotes":""},"categories":[15],"tags":[13,401],"class_list":["post-17232","post","type-post","status-publish","format-standard","hentry","category-historia","tag-america-latina","tag-dictaduras"],"_links":{"self":[{"href":"https:\/\/adhilac.com.ar\/index.php?rest_route=\/wp\/v2\/posts\/17232","targetHints":{"allow":["GET"]}}],"collection":[{"href":"https:\/\/adhilac.com.ar\/index.php?rest_route=\/wp\/v2\/posts"}],"about":[{"href":"https:\/\/adhilac.com.ar\/index.php?rest_route=\/wp\/v2\/types\/post"}],"author":[{"embeddable":true,"href":"https:\/\/adhilac.com.ar\/index.php?rest_route=\/wp\/v2\/users\/17"}],"replies":[{"embeddable":true,"href":"https:\/\/adhilac.com.ar\/index.php?rest_route=%2Fwp%2Fv2%2Fcomments&post=17232"}],"version-history":[{"count":3,"href":"https:\/\/adhilac.com.ar\/index.php?rest_route=\/wp\/v2\/posts\/17232\/revisions"}],"predecessor-version":[{"id":17246,"href":"https:\/\/adhilac.com.ar\/index.php?rest_route=\/wp\/v2\/posts\/17232\/revisions\/17246"}],"wp:attachment":[{"href":"https:\/\/adhilac.com.ar\/index.php?rest_route=%2Fwp%2Fv2%2Fmedia&parent=17232"}],"wp:term":[{"taxonomy":"category","embeddable":true,"href":"https:\/\/adhilac.com.ar\/index.php?rest_route=%2Fwp%2Fv2%2Fcategories&post=17232"},{"taxonomy":"post_tag","embeddable":true,"href":"https:\/\/adhilac.com.ar\/index.php?rest_route=%2Fwp%2Fv2%2Ftags&post=17232"}],"curies":[{"name":"wp","href":"https:\/\/api.w.org\/{rel}","templated":true}]}}