{"id":17236,"date":"2020-09-04T10:59:00","date_gmt":"2020-09-04T13:59:00","guid":{"rendered":"https:\/\/adhilac.com.ar\/?p=17236"},"modified":"2022-11-11T11:24:22","modified_gmt":"2022-11-11T14:24:22","slug":"un-cubano-en-la-independencia-de-cartagena","status":"publish","type":"post","link":"https:\/\/adhilac.com.ar\/?p=17236","title":{"rendered":"\u00bfUn cubano en la independencia de Cartagena?"},"content":{"rendered":"\n<figure class=\"wp-block-image size-large is-resized is-style-default\"><img loading=\"lazy\" decoding=\"async\" src=\"https:\/\/adhilac.com.ar\/wp-content\/uploads\/2020\/10\/Cartagena-San-Felipe-de-Barajas-800x480.jpeg\" alt=\"\" class=\"wp-image-17237\" width=\"528\" height=\"317\" srcset=\"https:\/\/adhilac.com.ar\/wp-content\/uploads\/2020\/10\/Cartagena-San-Felipe-de-Barajas-800x480.jpeg 800w, https:\/\/adhilac.com.ar\/wp-content\/uploads\/2020\/10\/Cartagena-San-Felipe-de-Barajas-300x180.jpeg 300w, https:\/\/adhilac.com.ar\/wp-content\/uploads\/2020\/10\/Cartagena-San-Felipe-de-Barajas-768x461.jpeg 768w, https:\/\/adhilac.com.ar\/wp-content\/uploads\/2020\/10\/Cartagena-San-Felipe-de-Barajas.jpeg 1000w\" sizes=\"auto, (max-width: 528px) 100vw, 528px\" \/><\/figure>\n\n\n\n<p class=\"wp-block-paragraph\">Por Sergio Guerra Vilaboy<\/p>\n\n\n\n<p class=\"wp-block-paragraph\">En los albores del proceso emancipador neogranadino se destac\u00f3 en Cartagena de Indias el artesano mulato <em>Pedro Romero Porras<\/em> (1756-1816), a quien se atribuye origen cubano. A este hombre correspondi\u00f3 un papel protag\u00f3nico para que Nueva Granada fuera el primero territorio de ese Virreinato en proclamar su separaci\u00f3n de Espa\u00f1a, el 11 de noviembre de 1811, y el segundo de toda Hispanoam\u00e9rica, despu\u00e9s de Venezuela. <\/p>\n\n\n\n<!--more-->\n\n\n\n<p class=\"wp-block-paragraph\">Para algunos historiadores, Pedro Romero era natural de la ciudad portuaria cubana de Matanzas y, seg\u00fan esa versi\u00f3n, fue uno de los artesanos que el ingeniero Antonio Ar\u00e9valo llev\u00f3 desde Cuba para los trabajos de fortificaci\u00f3n de Cartagena. Otros, en cambio, cuestionan su nacimiento en la Mayor de las Antillas, pues no se ha encontrado su inscripci\u00f3n, ni otra informaci\u00f3n suya en la isla. La documentaci\u00f3n confirma que Pedro Romero era desde 1778 due\u00f1o de su propia herrer\u00eda en el barrio de Santa Catalina en Cartagena, que mud\u00f3 m\u00e1s tarde al de Getseman\u00ed, para acercarse al Arsenal del Apostadero de la Marina, donde estaban la mayor\u00eda de los talleres de metales duros. Desde 1786 obtuvo un contrato de asentista de herrer\u00eda, cerrajer\u00eda, armer\u00eda y fundici\u00f3n, que hizo de su taller uno de los m\u00e1s grandes de Cartagena hasta que se produjo la invasi\u00f3n napole\u00f3nica a Espa\u00f1a.<\/p>\n\n\n\n<p class=\"wp-block-paragraph\">El movimiento juntista en el Virreinato de Nueva Granada se inici\u00f3 por el puerto de Cartagena, el 22 de mayo de 1810, cuando fue depuesto el gobernador real Francisco Montes. Casi a la par, surgieron nuevos gobiernos en otras villas, Cali, Pamplona y Socorro, hasta alcanzar a Bogot\u00e1, donde despu\u00e9s de un d\u00eda agitado por reyertas entre criollos y espa\u00f1oles, se form\u00f3 el 20 de julio una junta que depuso al Virrey Amar y Borb\u00f3n, aunque mantuvo el reconocimiento a Fernando VII como soberano.<\/p>\n\n\n\n<p class=\"wp-block-paragraph\">De ah\u00ed en adelante la vida de Pedro Romero cambi\u00f3 radicalmente, pues devino uno de los principales l\u00edderes de las milicias de pardos y morenos libres del barrio de Getseman\u00ed, que le imprimieron al proceso revolucionario en Cartagena un car\u00e1cter igualitarista, anti espa\u00f1ol y anti aristocr\u00e1tico. La actuaci\u00f3n de sus hombres fue decisiva para aplastar, el 4 de febrero de 1811, el intento sedicioso de los comerciantes espa\u00f1oles aliados al regimiento <em>Fijo<\/em> acantonado en ese puerto. Nueve meses despu\u00e9s, las tropas de mulatos y negros libres impusieron a la moderada junta aristocr\u00e1tica criolla, presidida por el abogado Jos\u00e9 Mar\u00eda Garc\u00eda de Toledo, el <em>Acta de Independencia<\/em>, que declaraba \u201csolemnemente a la faz de todo el mundo que la provincia de Cartagena de Indias es desde hoy y por derecho Estado Libre, Soberano, e Independiente\u201d. El 15 de junio del a\u00f1o siguiente, se aprob\u00f3 la constituci\u00f3n igualitarista del <em>Estado de Cartagena de Indias<\/em>, por la primera asamblea legislativa de esa provincia, de la que Pedro Romero era diputado.<\/p>\n\n\n\n<p class=\"wp-block-paragraph\">Hasta el propio Antonio Nari\u00f1o mencion\u00f3 a este patriota, coste\u00f1o o cubano, en su peri\u00f3dico <em>La Bagatela<\/em> de Bogot\u00e1, al rese\u00f1ar las \u00faltimas noticias recibidas en la capital sobre lo sucedido e Cartagena. All\u00ed el conocido revolucionario neogranadino anot\u00f3: <em>\u201cresulta que el cuerpo de patriotas Lanceros de Getseman\u00ed fue el que dio impulso y sostuvo la revoluci\u00f3n para que se desconociera definitivamente la Regencia de C\u00e1diz, proclamando una absoluta independencia\u2026entre los patriotas que m\u00e1s se han distinguido se notan a los dos hermanos Pi\u00f1eres, y al c\u00e9lebre matancero,&nbsp; jefe de los pardos, siempre amantes de la libertad<\/em>\u201d.<\/p>\n\n\n\n<p class=\"wp-block-paragraph\">Con posterioridad, Romero, ascendido a teniente coronel, fue encargado de la defensa en la puerta de la media luna en la amurallada Cartagena, donde resisti\u00f3 seis meses al sitio impuesto por las fuerzas de Pablo Morillo en 1815. La rendici\u00f3n de la plaza, el 6 de diciembre de ese a\u00f1o, lo oblig\u00f3 a escapar en el balandro <em>La Estrella<\/em>, que sesenta d\u00edas despu\u00e9s arrib\u00f3 al puerto haitiano de Los Cayos, refugi\u00f3 de patriotas neogranadinos y venezolanos. Seg\u00fan algunos autores, muri\u00f3 a comienzos de 1816 por las penalidades de la traves\u00eda, aunque para Francisco Pividal, el antiguo artesano acompa\u00f1\u00f3 a Bol\u00edvar en la expedici\u00f3n que sali\u00f3 de Hait\u00ed a liberar Venezuela el 31 de marzo de 1816. Acorde al desaparecido historiador cubano: \u201cEn la relaci\u00f3n de 272 expedicionarios, figura don Pedro Romero con el grado de teniente y de nacionalidad neogranadina (colombiana)\u201d, lo que reafirma el misterio que envuelve el nacimiento y la muerte de este poco conocido pr\u00f3cer de la independencia de Nuestra Am\u00e9rica.<\/p>\n\n\n\n<p class=\"wp-block-paragraph\">Fuente: www.informefracto.com &#8211; 25 de septiembre de 2010<\/p>\n\n\n\n<p class=\"has-very-light-gray-color has-vivid-cyan-blue-background-color has-text-color has-background wp-block-paragraph\"><strong>Publicado por ADHILAC Internacional \u00a9 www.adhilac.com.ar<\/strong><\/p>\n\n\n\n<p class=\"has-vivid-cyan-blue-color has-very-light-gray-background-color has-text-color has-background wp-block-paragraph\"> Si Ud. desea asociarse de acuerdo a los Estatutos de ADHILAC&nbsp;<a href=\"https:\/\/adhilac.com.ar\/?page_id=263\">(ver)<\/a> complete el siguiente formulario&nbsp;(<a href=\"https:\/\/adhilac.com.ar\/?page_id=4779\">ver<\/a>)<\/p>\n\n\n\n<p class=\"has-very-light-gray-color has-vivid-cyan-blue-background-color has-text-color has-background wp-block-paragraph\"> E-mail:&nbsp;info@adhilac.com.ar <\/p>\n\n\n\n<p class=\"has-very-light-gray-color has-vivid-cyan-blue-background-color has-text-color has-background wp-block-paragraph\"> Twitter: @AdhilacInfo <\/p>\n\n\n\n<div class=\"wp-block-image is-style-default\"><figure class=\"aligncenter size-large\"><img loading=\"lazy\" decoding=\"async\" width=\"85\" height=\"85\" src=\"https:\/\/adhilac.com.ar\/wp-content\/uploads\/2015\/02\/Logo-ADHILAC-Internacional-PEQ.jpg\" alt=\"\" class=\"wp-image-10473\"\/><\/figure><\/div>\n\n\n\n<p class=\"wp-block-paragraph\">Ver <a href=\"https:\/\/adhilac.com.ar\/?page_id=541\">Presentaci\u00f3n de ADHILAC<\/a><\/p>\n\n\n\n<div style=\"height:56px\" aria-hidden=\"true\" class=\"wp-block-spacer\"><\/div>\n\n\n\n<div class=\"wp-block-group\"><div class=\"wp-block-group__inner-container is-layout-flow wp-block-group-is-layout-flow\">\n<p class=\"has-text-align-center has-very-light-gray-color has-vivid-cyan-blue-background-color has-text-color has-background wp-block-paragraph\"><strong><a href=\"https:\/\/adhilac.com.ar\/?page_id=541\">QUIENES SOMOS<\/a><\/strong><\/p>\n\n\n\n<p class=\"has-text-align-center has-vivid-cyan-blue-color has-very-light-gray-background-color has-text-color has-background wp-block-paragraph\"><strong><a href=\"https:\/\/adhilac.com.ar\/?page_id=15507\">DIRECTIVA DE ADHILAC INTERNACIONAL<\/a><\/strong><\/p>\n\n\n\n<p class=\"has-text-align-center has-very-light-gray-color has-vivid-cyan-blue-background-color has-text-color has-background wp-block-paragraph\"><strong><a href=\"https:\/\/adhilac.com.ar\/?page_id=267\">Declaraci\u00f3n de Caracas de ADHILAC (2007)<\/a><\/strong><\/p>\n\n\n\n<p class=\"has-text-align-center has-vivid-cyan-blue-color has-very-light-gray-background-color has-text-color has-background wp-block-paragraph\"><strong><a href=\"https:\/\/adhilac.com.ar\/?page_id=15873\">ADHILAC: Historia &#8211; Historidorxs<\/a><\/strong><\/p>\n\n\n\n<p class=\"has-text-align-center has-very-light-gray-color has-vivid-cyan-blue-background-color has-text-color has-background wp-block-paragraph\"><strong><a href=\"https:\/\/adhilac.com.ar\/?page_id=15876\">ADHILAC 20 a\u00f1os despu\u00e9s (1974-1994)<\/a> <\/strong><\/p>\n\n\n\n<p class=\"has-text-align-center has-vivid-cyan-blue-color has-very-light-gray-background-color has-text-color has-background wp-block-paragraph\"><strong><a href=\"https:\/\/adhilac.com.ar\/?page_id=15861\">ADHILAC Breve Historia<\/a> <\/strong><\/p>\n\n\n\n<p class=\"has-text-align-center has-very-light-gray-color has-vivid-cyan-blue-background-color has-text-color has-background wp-block-paragraph\"><strong><a href=\"https:\/\/adhilac.com.ar\/?page_id=15887\">ADHILAC: Miembrxs fundadores<\/a><\/strong><\/p>\n\n\n\n<p class=\"has-text-align-center has-vivid-cyan-blue-color has-very-light-gray-background-color has-text-color has-background wp-block-paragraph\"><strong><a href=\"https:\/\/adhilac.com.ar\/?page_id=15943\">ADHILAC: Historiadorxs Destacadxs<\/a><\/strong><\/p>\n\n\n\n<p class=\"has-text-align-center has-very-light-gray-color has-vivid-cyan-blue-background-color has-text-color has-background wp-block-paragraph\"><strong><a href=\"https:\/\/adhilac.com.ar\/?page_id=4779\">SOCIXS<\/a><\/strong><\/p>\n\n\n\n<p class=\"has-text-align-center has-vivid-cyan-blue-color has-very-light-gray-background-color has-text-color has-background wp-block-paragraph\"><strong><a href=\"https:\/\/adhilac.com.ar\/?page_id=263\">Estatutos de ADHILAC<\/a><\/strong><\/p>\n\n\n\n<p class=\"has-text-align-center has-very-light-gray-color has-vivid-cyan-blue-background-color has-text-color has-background wp-block-paragraph\"><strong><a href=\"https:\/\/adhilac.com.ar\/?page_id=8220\">BICENTENARIO<\/a><\/strong><\/p>\n\n\n\n<p class=\"has-text-align-center has-vivid-cyan-blue-color has-very-light-gray-background-color has-text-color has-background wp-block-paragraph\"><strong><a href=\"https:\/\/adhilac.com.ar\/?page_id=8279\">BIBLIOTECA<\/a><\/strong><\/p>\n\n\n\n<p class=\"has-text-align-center has-very-light-gray-color has-vivid-cyan-blue-background-color has-text-color has-background wp-block-paragraph\"><strong><a href=\"https:\/\/adhilac.com.ar\/?page_id=1698\">ENLACES<\/a> <\/strong><\/p>\n\n\n\n<p class=\"has-text-align-center has-vivid-cyan-blue-color has-very-light-gray-background-color has-text-color has-background wp-block-paragraph\"><a href=\"http:\/\/www.ariadnatucma.com.ar\">VISITE ARIADNA TUCMA REVISTA LATINOAMERICANA<\/a><\/p>\n<\/div><\/div>\n","protected":false},"excerpt":{"rendered":"<p>Por Sergio Guerra Vilaboy En los albores del proceso emancipador neogranadino se destac\u00f3 en Cartagena de Indias el artesano mulato Pedro Romero Porras (1756-1816), a quien se atribuye origen cubano. A este hombre correspondi\u00f3 un papel protag\u00f3nico para que Nueva Granada fuera el primero territorio de ese Virreinato en proclamar su separaci\u00f3n de Espa\u00f1a, el [&hellip;]<\/p>\n","protected":false},"author":2,"featured_media":0,"comment_status":"closed","ping_status":"closed","sticky":false,"template":"","format":"standard","meta":{"_crdt_document":"","footnotes":""},"categories":[40],"tags":[611],"class_list":["post-17236","post","type-post","status-publish","format-standard","hentry","category-informaciones","tag-independencia-americana"],"_links":{"self":[{"href":"https:\/\/adhilac.com.ar\/index.php?rest_route=\/wp\/v2\/posts\/17236","targetHints":{"allow":["GET"]}}],"collection":[{"href":"https:\/\/adhilac.com.ar\/index.php?rest_route=\/wp\/v2\/posts"}],"about":[{"href":"https:\/\/adhilac.com.ar\/index.php?rest_route=\/wp\/v2\/types\/post"}],"author":[{"embeddable":true,"href":"https:\/\/adhilac.com.ar\/index.php?rest_route=\/wp\/v2\/users\/2"}],"replies":[{"embeddable":true,"href":"https:\/\/adhilac.com.ar\/index.php?rest_route=%2Fwp%2Fv2%2Fcomments&post=17236"}],"version-history":[{"count":1,"href":"https:\/\/adhilac.com.ar\/index.php?rest_route=\/wp\/v2\/posts\/17236\/revisions"}],"predecessor-version":[{"id":17238,"href":"https:\/\/adhilac.com.ar\/index.php?rest_route=\/wp\/v2\/posts\/17236\/revisions\/17238"}],"wp:attachment":[{"href":"https:\/\/adhilac.com.ar\/index.php?rest_route=%2Fwp%2Fv2%2Fmedia&parent=17236"}],"wp:term":[{"taxonomy":"category","embeddable":true,"href":"https:\/\/adhilac.com.ar\/index.php?rest_route=%2Fwp%2Fv2%2Fcategories&post=17236"},{"taxonomy":"post_tag","embeddable":true,"href":"https:\/\/adhilac.com.ar\/index.php?rest_route=%2Fwp%2Fv2%2Ftags&post=17236"}],"curies":[{"name":"wp","href":"https:\/\/api.w.org\/{rel}","templated":true}]}}