{"id":17247,"date":"2020-09-30T19:31:00","date_gmt":"2020-09-30T22:31:00","guid":{"rendered":"https:\/\/adhilac.com.ar\/?p=17247"},"modified":"2020-12-15T08:59:44","modified_gmt":"2020-12-15T11:59:44","slug":"juan-bisonte-gomez-el-detestado-dictador-venezolano","status":"publish","type":"post","link":"https:\/\/adhilac.com.ar\/?p=17247","title":{"rendered":"Juan \u201cBisonte\u201d G\u00f3mez, el detestado dictador venezolano"},"content":{"rendered":"\n<figure class=\"wp-block-image size-large is-resized is-style-default\"><img loading=\"lazy\" decoding=\"async\" src=\"https:\/\/adhilac.com.ar\/wp-content\/uploads\/2020\/10\/Juan-Visonte-800x413.jpeg\" alt=\"\" class=\"wp-image-17248\" width=\"554\" height=\"286\" srcset=\"https:\/\/adhilac.com.ar\/wp-content\/uploads\/2020\/10\/Juan-Visonte-800x413.jpeg 800w, https:\/\/adhilac.com.ar\/wp-content\/uploads\/2020\/10\/Juan-Visonte-300x155.jpeg 300w, https:\/\/adhilac.com.ar\/wp-content\/uploads\/2020\/10\/Juan-Visonte-768x396.jpeg 768w, https:\/\/adhilac.com.ar\/wp-content\/uploads\/2020\/10\/Juan-Visonte.jpeg 1024w\" sizes=\"auto, (max-width: 554px) 100vw, 554px\" \/><\/figure>\n\n\n\n<p class=\"has-vivid-cyan-blue-color has-text-color wp-block-paragraph\"><strong>Por Sergio Guerra Vilaboy<\/strong><\/p>\n\n\n\n<!--more-->\n\n\n\n<p class=\"wp-block-paragraph\">Fue el escritor Rufino Blanco Fombona quien puso al dictador venezolano el mote de Juan <em>Bisonte<\/em> G\u00f3mez, como hizo el poeta comunista cubano Rub\u00e9n Mart\u00ednez Villena con su hom\u00f3logo cubano Gerardo Machado, al que calific\u00f3 de <em>Asno con garras<\/em>. La tiran\u00eda del general Juan Vicente G\u00f3mez Chac\u00f3n (1858-1935), se extendi\u00f3 en Venezuela por casi tres d\u00e9cadas, favorecida por el <em>boom<\/em> petrolero. Se encaram\u00f3 en el poder en 1908 despu\u00e9s de traicionar a su viejo compa\u00f1ero de armas y compadre, general Cipriano Castro, l\u00edder de la llamada revoluci\u00f3n liberal restauradora, quien como presidente resisti\u00f3 las intervenciones europeas y las presiones de Estados Unidos, como hemos narrado en otra nota de <em>Madre Am\u00e9rica.<\/em><\/p>\n\n\n\n<p class=\"wp-block-paragraph\">El papel de G\u00f3mez hab\u00eda sido clave para consolidar el triunfo del movimiento de Castro con su oportuna victoria militar en Ciudad Bol\u00edvar en 1903. Nombrado vicepresidente, aprovech\u00f3 un viaje del mandatario a Europa para desalojarlo del poder con la complicidad de las elites criollas aliadas y de las potencias europeas y Estados Unidos, interesadas en el petr\u00f3leo venezolano. Para satisfacer a Washington, en 1909 se firmaron los protocolos Buchanan-G\u00f3mez, que aceptaban todas las exigencias norteamericanas, rechazadas por el gobierno anterior.&nbsp;<\/p>\n\n\n\n<p class=\"wp-block-paragraph\">Durante su primer mandato, G\u00f3mez, favorecido por la recuperaci\u00f3n de los tradicionales productos de exportaci\u00f3n (caf\u00e9, cacao y carnes), pudo liquidar a los d\u00edscolos caudillos regionales, que desafiaban la autoridad central. A su fortaleza tambi\u00e9n contribuy\u00f3 la creaci\u00f3n de un selecto grupo armado, denominado <em>La Sagrada<\/em>, formado con sus hombres del T\u00e1chira, y la modernizaci\u00f3n del ej\u00e9rcito, que controlaba desde su campamento en Maracay, convertido en una verdadera ciudad militar.&nbsp;<\/p>\n\n\n\n<p class=\"wp-block-paragraph\">Al aproximarse el fin de su primer periodo, G\u00f3mez prorrog\u00f3 su mandato, lo que desencaden\u00f3 las primeras protestas estudiantiles, neutralizadas con la clausura de la Universidad Central de Caracas en 1919, mientras florec\u00edan levantamientos armados y conspiraciones en su contra. Dos a\u00f1os m\u00e1s tarde, los artesanos, obreros y trabajadores tranviarios de la capital, respaldados por los universitarios, se lanzaron a las calles, lo que condujo al cierre de la principal casa de estudios hasta 1925. Algunos de los l\u00edderes estudiantiles, como Eduardo y Gustavo Machado, Salvador de la Plaza y Francisco de Paula Laguado Jaimes, encontraron refugio en Cuba-donde fundaron con Julio Antonio Mella la revista <em>Venezuela Libre-<\/em>y en M\u00e9xico. En la isla antillana sufrieron la persecuci\u00f3n de la dictadura de Machado\u2013cuyos esbirros echaron a Laguado Jaimes a los tiburones-, mientras que en M\u00e9xico tuvieron la ayuda del presidente \u00c1lvaro Obreg\u00f3n, por lo que G\u00f3mez rompi\u00f3 sus relaciones diplom\u00e1ticas con este pa\u00eds. Fue precisamente en tierra mexicana donde se fund\u00f3 en 1926 el Partido Revolucionario Venezolano (PRV), embri\u00f3n del Partido Comunista Venezolano.<\/p>\n\n\n\n<p class=\"wp-block-paragraph\">Reabierta la Universidad Central de Caracas, la reci\u00e9n fundada Federaci\u00f3n de Estudiantes de Venezuela (FEV), presidida por Ra\u00fal Leoni, organiz\u00f3 nuevas protestas contra la dictadura gomecista que llevaron a la c\u00e1rcel a sus principales figuras, entre ellas J\u00f3vito Villalba, P\u00edo Tamayo, Antonio Arr\u00e1iz, R\u00f3mulo Betancourt, Guillermo Prince Lara, Andr\u00e9s Eloy Blanco y Juan Oropeza, integrantes de la llamada \u201c<em>generaci\u00f3n de 1928<\/em>\u201d. El respaldo de la poblaci\u00f3n al movimiento universitario y a las manifestaciones contestar\u00edas significaron el desaf\u00edo m\u00e1s serio a la dictadura gomecista, sumado al a\u00f1o siguiente al desembarco por las costas de Cuman\u00e1 de la expedici\u00f3n del crucero <em>Falke,<\/em> en la que muri\u00f3 el general Rom\u00e1n Delgado Chalbaud, uno de los m\u00e1s tenaces opositores del r\u00e9gimen. El 17 de diciembre de 1930, en el centenario de la desaparici\u00f3n f\u00edsica de Sim\u00f3n Bol\u00edvar, se efectu\u00f3 en Caracas una gran protesta popular contra la dictadura que fue disuelta a tiros, con el saldo de varios muertos y heridos.<\/p>\n\n\n\n<p class=\"wp-block-paragraph\">Pero ninguno de estos movimientos revolucionarios logr\u00f3 derribar a la dictadura, beneficiada con la conversi\u00f3n de Venezuela en el segundo productor mundial de petr\u00f3leo\u2013s\u00f3lo superado por los Estados Unidos- y el primer exportador. El 17 de diciembre de 1935 Juan Vicente G\u00f3mez falleci\u00f3 de una enfermedad de la pr\u00f3stata. Se estima que su fortuna superaba los cuarenta millones de d\u00f3lares, aunque todos sus bienes ser\u00edan confiscados al a\u00f1o siguiente por decisi\u00f3n del congreso de la Rep\u00fablica, que las traspas\u00f3 al patrimonio nacional.<\/p>\n\n\n\n<p class=\"wp-block-paragraph\">Fuente: www.informefracto.com &#8211; 29 de septiembre de 2020<\/p>\n\n\n\n<p class=\"has-very-light-gray-color has-vivid-cyan-blue-background-color has-text-color has-background wp-block-paragraph\"><strong>Publicado por ADHILAC Internacional \u00a9 www.adhilac.com.ar<\/strong><\/p>\n\n\n\n<p class=\"has-vivid-cyan-blue-color has-very-light-gray-background-color has-text-color has-background wp-block-paragraph\"> Si Ud. desea asociarse de acuerdo a los Estatutos de ADHILAC&nbsp;<a href=\"https:\/\/adhilac.com.ar\/?page_id=263\">(ver)<\/a> complete el siguiente formulario&nbsp;(<a href=\"https:\/\/adhilac.com.ar\/?page_id=4779\">ver<\/a>)<\/p>\n\n\n\n<p class=\"has-very-light-gray-color has-vivid-cyan-blue-background-color has-text-color has-background wp-block-paragraph\"> E-mail:&nbsp;info@adhilac.com.ar <\/p>\n\n\n\n<p class=\"has-very-light-gray-color has-vivid-cyan-blue-background-color has-text-color has-background wp-block-paragraph\"> Twitter: @AdhilacInfo <\/p>\n\n\n\n<div class=\"wp-block-image is-style-default\"><figure class=\"aligncenter size-large\"><img loading=\"lazy\" decoding=\"async\" width=\"85\" height=\"85\" src=\"https:\/\/adhilac.com.ar\/wp-content\/uploads\/2015\/02\/Logo-ADHILAC-Internacional-PEQ.jpg\" alt=\"\" class=\"wp-image-10473\"\/><\/figure><\/div>\n\n\n\n<p class=\"wp-block-paragraph\">Ver <a href=\"https:\/\/adhilac.com.ar\/?page_id=541\">Presentaci\u00f3n de ADHILAC<\/a><\/p>\n\n\n\n<div style=\"height:51px\" aria-hidden=\"true\" class=\"wp-block-spacer\"><\/div>\n\n\n\n<div class=\"wp-block-group\"><div class=\"wp-block-group__inner-container is-layout-flow wp-block-group-is-layout-flow\">\n<p class=\"has-text-align-center has-very-light-gray-color has-vivid-cyan-blue-background-color has-text-color has-background wp-block-paragraph\"><strong><a href=\"https:\/\/adhilac.com.ar\/?page_id=541\">QUIENES SOMOS<\/a><\/strong><\/p>\n\n\n\n<p class=\"has-text-align-center has-vivid-cyan-blue-color has-very-light-gray-background-color has-text-color has-background wp-block-paragraph\"><strong><a href=\"https:\/\/adhilac.com.ar\/?page_id=15507\">DIRECTIVA DE ADHILAC INTERNACIONAL<\/a><\/strong><\/p>\n\n\n\n<p class=\"has-text-align-center has-very-light-gray-color has-vivid-cyan-blue-background-color has-text-color has-background wp-block-paragraph\"><strong><a href=\"https:\/\/adhilac.com.ar\/?page_id=267\">Declaraci\u00f3n de Caracas de ADHILAC (2007)<\/a><\/strong><\/p>\n\n\n\n<p class=\"has-text-align-center has-vivid-cyan-blue-color has-very-light-gray-background-color has-text-color has-background wp-block-paragraph\"><strong><a href=\"https:\/\/adhilac.com.ar\/?page_id=15873\">ADHILAC: Historia &#8211; Historidorxs<\/a><\/strong><\/p>\n\n\n\n<p class=\"has-text-align-center has-very-light-gray-color has-vivid-cyan-blue-background-color has-text-color has-background wp-block-paragraph\"><strong><a href=\"https:\/\/adhilac.com.ar\/?page_id=15876\">ADHILAC 20 a\u00f1os despu\u00e9s (1974-1994)<\/a> <\/strong><\/p>\n\n\n\n<p class=\"has-text-align-center has-vivid-cyan-blue-color has-very-light-gray-background-color has-text-color has-background wp-block-paragraph\"><strong><a href=\"https:\/\/adhilac.com.ar\/?page_id=15861\">ADHILAC Breve Historia<\/a> <\/strong><\/p>\n\n\n\n<p class=\"has-text-align-center has-very-light-gray-color has-vivid-cyan-blue-background-color has-text-color has-background wp-block-paragraph\"><strong><a href=\"https:\/\/adhilac.com.ar\/?page_id=15887\">ADHILAC: Miembrxs fundadores<\/a><\/strong><\/p>\n\n\n\n<p class=\"has-text-align-center has-vivid-cyan-blue-color has-very-light-gray-background-color has-text-color has-background wp-block-paragraph\"><strong><a href=\"https:\/\/adhilac.com.ar\/?page_id=15943\">ADHILAC: Historiadorxs Destacadxs<\/a><\/strong><\/p>\n\n\n\n<p class=\"has-text-align-center has-very-light-gray-color has-vivid-cyan-blue-background-color has-text-color has-background wp-block-paragraph\"><strong><a href=\"https:\/\/adhilac.com.ar\/?page_id=4779\">SOCIXS<\/a><\/strong><\/p>\n\n\n\n<p class=\"has-text-align-center has-vivid-cyan-blue-color has-very-light-gray-background-color has-text-color has-background wp-block-paragraph\"><strong><a href=\"https:\/\/adhilac.com.ar\/?page_id=263\">Estatutos de ADHILAC<\/a><\/strong><\/p>\n\n\n\n<p class=\"has-text-align-center has-very-light-gray-color has-vivid-cyan-blue-background-color has-text-color has-background wp-block-paragraph\"><strong><a href=\"https:\/\/adhilac.com.ar\/?page_id=8220\">BICENTENARIO<\/a><\/strong><\/p>\n\n\n\n<p class=\"has-text-align-center has-vivid-cyan-blue-color has-very-light-gray-background-color has-text-color has-background wp-block-paragraph\"><strong><a href=\"https:\/\/adhilac.com.ar\/?page_id=8279\">BIBLIOTECA<\/a><\/strong><\/p>\n\n\n\n<p class=\"has-text-align-center has-very-light-gray-color has-vivid-cyan-blue-background-color has-text-color has-background wp-block-paragraph\"><strong><a href=\"https:\/\/adhilac.com.ar\/?page_id=1698\">ENLACES<\/a> <\/strong><\/p>\n\n\n\n<p class=\"has-text-align-center has-vivid-cyan-blue-color has-very-light-gray-background-color has-text-color has-background wp-block-paragraph\"><a href=\"http:\/\/www.ariadnatucma.com.ar\">VISITE ARIADNA TUCMA REVISTA LATINOAMERICANA<\/a><\/p>\n<\/div><\/div>\n","protected":false},"excerpt":{"rendered":"<p>Por Sergio Guerra Vilaboy<\/p>\n","protected":false},"author":17,"featured_media":0,"comment_status":"closed","ping_status":"open","sticky":false,"template":"","format":"standard","meta":{"_crdt_document":"","footnotes":""},"categories":[15],"tags":[181,23],"class_list":["post-17247","post","type-post","status-publish","format-standard","hentry","category-historia","tag-dictadura","tag-venezuela"],"_links":{"self":[{"href":"https:\/\/adhilac.com.ar\/index.php?rest_route=\/wp\/v2\/posts\/17247","targetHints":{"allow":["GET"]}}],"collection":[{"href":"https:\/\/adhilac.com.ar\/index.php?rest_route=\/wp\/v2\/posts"}],"about":[{"href":"https:\/\/adhilac.com.ar\/index.php?rest_route=\/wp\/v2\/types\/post"}],"author":[{"embeddable":true,"href":"https:\/\/adhilac.com.ar\/index.php?rest_route=\/wp\/v2\/users\/17"}],"replies":[{"embeddable":true,"href":"https:\/\/adhilac.com.ar\/index.php?rest_route=%2Fwp%2Fv2%2Fcomments&post=17247"}],"version-history":[{"count":2,"href":"https:\/\/adhilac.com.ar\/index.php?rest_route=\/wp\/v2\/posts\/17247\/revisions"}],"predecessor-version":[{"id":17256,"href":"https:\/\/adhilac.com.ar\/index.php?rest_route=\/wp\/v2\/posts\/17247\/revisions\/17256"}],"wp:attachment":[{"href":"https:\/\/adhilac.com.ar\/index.php?rest_route=%2Fwp%2Fv2%2Fmedia&parent=17247"}],"wp:term":[{"taxonomy":"category","embeddable":true,"href":"https:\/\/adhilac.com.ar\/index.php?rest_route=%2Fwp%2Fv2%2Fcategories&post=17247"},{"taxonomy":"post_tag","embeddable":true,"href":"https:\/\/adhilac.com.ar\/index.php?rest_route=%2Fwp%2Fv2%2Ftags&post=17247"}],"curies":[{"name":"wp","href":"https:\/\/api.w.org\/{rel}","templated":true}]}}