{"id":17313,"date":"2020-11-01T12:53:12","date_gmt":"2020-11-01T15:53:12","guid":{"rendered":"https:\/\/adhilac.com.ar\/?p=17313"},"modified":"2020-11-01T19:34:00","modified_gmt":"2020-11-01T22:34:00","slug":"fallece-el-destacado-historiador-ecuatoriano-jorge-nunez-sanchez","status":"publish","type":"post","link":"https:\/\/adhilac.com.ar\/?p=17313","title":{"rendered":"Fallece el destacado historiador ecuatoriano Jorge N\u00fa\u00f1ez S\u00e1nchez"},"content":{"rendered":"\n<figure class=\"wp-block-image size-large is-resized is-style-default\"><img loading=\"lazy\" decoding=\"async\" src=\"https:\/\/adhilac.com.ar\/wp-content\/uploads\/2020\/10\/DSC04266-800x600.jpg\" alt=\"\" class=\"wp-image-17329\" width=\"487\" height=\"365\" srcset=\"https:\/\/adhilac.com.ar\/wp-content\/uploads\/2020\/10\/DSC04266-800x600.jpg 800w, https:\/\/adhilac.com.ar\/wp-content\/uploads\/2020\/10\/DSC04266-300x225.jpg 300w, https:\/\/adhilac.com.ar\/wp-content\/uploads\/2020\/10\/DSC04266-768x576.jpg 768w, https:\/\/adhilac.com.ar\/wp-content\/uploads\/2020\/10\/DSC04266-1536x1152.jpg 1536w, https:\/\/adhilac.com.ar\/wp-content\/uploads\/2020\/10\/DSC04266-2048x1536.jpg 2048w\" sizes=\"auto, (max-width: 487px) 100vw, 487px\" \/><figcaption>Jorge N\u00fa\u00f1ez S\u00e1nchez. Quito. 2010<\/figcaption><\/figure>\n\n\n\n<div class=\"wp-block-group alignwide has-background\" style=\"background:linear-gradient(135deg,rgb(238,238,238) 47%,rgb(169,184,195) 100%)\"><div class=\"wp-block-group__inner-container is-layout-flow wp-block-group-is-layout-flow\">\n<!--more-->\n\n\n\n<div class=\"wp-block-media-text alignwide has-media-on-the-right is-stacked-on-mobile is-image-fill has-pale-ocean-gradient-background has-background\"><figure class=\"wp-block-media-text__media\" style=\"background-image:url(https:\/\/adhilac.com.ar\/wp-content\/uploads\/2020\/10\/DSC02630-scaled-e1604146022452-800x762.jpg);background-position:50% 50%\"><img loading=\"lazy\" decoding=\"async\" width=\"800\" height=\"762\" src=\"https:\/\/adhilac.com.ar\/wp-content\/uploads\/2020\/10\/DSC02630-scaled-e1604146022452-800x762.jpg\" alt=\"\" class=\"wp-image-17314\" srcset=\"https:\/\/adhilac.com.ar\/wp-content\/uploads\/2020\/10\/DSC02630-scaled-e1604146022452-800x762.jpg 800w, https:\/\/adhilac.com.ar\/wp-content\/uploads\/2020\/10\/DSC02630-scaled-e1604146022452-300x286.jpg 300w, https:\/\/adhilac.com.ar\/wp-content\/uploads\/2020\/10\/DSC02630-scaled-e1604146022452-768x731.jpg 768w, https:\/\/adhilac.com.ar\/wp-content\/uploads\/2020\/10\/DSC02630-scaled-e1604146022452-1536x1463.jpg 1536w, https:\/\/adhilac.com.ar\/wp-content\/uploads\/2020\/10\/DSC02630-scaled-e1604146022452.jpg 2016w\" sizes=\"auto, (max-width: 800px) 100vw, 800px\" \/><\/figure><div class=\"wp-block-media-text__content\">\n<div style=\"height:23px\" aria-hidden=\"true\" class=\"wp-block-spacer\"><\/div>\n\n\n\n<p class=\"has-text-align-left has-small-font-size wp-block-paragraph\">El Dr. Jorge N\u00fa\u00f1ez S\u00e1nchez fue Presidente de la Asociaci\u00f3n de Historiadores Latinoamericanos y del Caribe  y nombrado Miembro de Honor de nuestra entidad en 2010.<\/p>\n\n\n\n<p class=\"wp-block-paragraph\" style=\"font-size:12px\">ADHILAC Argentina lamenta la p\u00e9rdida del destacado colega y amigo Jorge N\u00fa\u00f1ez S\u00e1nchez. A continuaci\u00f3n la despedida que dedica al amigo el presidente de nuestra asociaci\u00f3n Sergio Guerra Vilaboy.<\/p>\n\n\n\n<p class=\"wp-block-paragraph\" style=\"font-size:11px\">Carolina Crisorio (Argentina)  Secretaria Ejecutiva de ADHILAC Internacional<\/p>\n\n\n\n<div style=\"height:33px\" aria-hidden=\"true\" class=\"wp-block-spacer\"><\/div>\n<\/div><\/div>\n<\/div><\/div>\n\n\n\n<p class=\"wp-block-paragraph\"><a rel=\"noreferrer noopener\" href=\"https:\/\/adhilac.com.ar\/?p=17376\" target=\"_blank\">Carta de Jenny Londo\u00f1o L\u00f3pez a los amigos<\/a>. <\/p>\n\n\n\n<p class=\"wp-block-paragraph\">Ha fallecido en Quito Jorge N\u00fa\u00f1ez S\u00e1nchez (1947), uno de los m\u00e1s relevantes historiadores ecuatorianos.&nbsp;Historiador, antrop\u00f3logo, periodista y profesor universitario, Jorge fue Secretario Ejecutivo y Presidente de la Asociaci\u00f3n de Historiadores Latinoamericanos y del Caribe (ADHILAC), entre 1981 y 1994, de la que fue uno de sus impulsores. <\/p>\n\n\n\n<figure class=\"wp-block-image size-large is-resized is-style-default\"><img loading=\"lazy\" decoding=\"async\" src=\"https:\/\/adhilac.com.ar\/wp-content\/uploads\/2020\/10\/DSC04297-800x600.jpg\" alt=\"\" class=\"wp-image-17338\" width=\"507\" height=\"380\" srcset=\"https:\/\/adhilac.com.ar\/wp-content\/uploads\/2020\/10\/DSC04297-800x600.jpg 800w, https:\/\/adhilac.com.ar\/wp-content\/uploads\/2020\/10\/DSC04297-300x225.jpg 300w, https:\/\/adhilac.com.ar\/wp-content\/uploads\/2020\/10\/DSC04297-768x576.jpg 768w, https:\/\/adhilac.com.ar\/wp-content\/uploads\/2020\/10\/DSC04297-1536x1152.jpg 1536w, https:\/\/adhilac.com.ar\/wp-content\/uploads\/2020\/10\/DSC04297-2048x1536.jpg 2048w\" sizes=\"auto, (max-width: 507px) 100vw, 507px\" \/><figcaption>Juan Paz y Mi\u00f1o, Jorge El\u00edas Caro y Jorge N\u00fa\u00f1ez S\u00e1nchez. Quito. 2010<\/figcaption><\/figure>\n\n\n\n<p class=\"wp-block-paragraph\">Tambi\u00e9n fue Director de la Academia de la Historia de Ecuador y miembro correspondiente de la de Cuba, Colombia, Espa\u00f1a, Per\u00fa y otros pa\u00edses.&nbsp;<br \/>Hizo estudios en Ciencias Sociales y Derecho, adem\u00e1s de posgrados en Antropolog\u00eda, Historia y Geograf\u00eda. <\/p>\n\n\n\n<div class=\"wp-block-image is-style-default\"><figure class=\"aligncenter size-large\"><img loading=\"lazy\" decoding=\"async\" width=\"320\" height=\"240\" src=\"https:\/\/adhilac.com.ar\/wp-content\/uploads\/2012\/05\/Arturo-Roig-con-su-esposa-y-Jorge-N\u00fa\u00f1ez-en-Congreso-Adhilac-Caracas.jpg\" alt=\"Caracas. 2012\" class=\"wp-image-5623\" srcset=\"https:\/\/adhilac.com.ar\/wp-content\/uploads\/2012\/05\/Arturo-Roig-con-su-esposa-y-Jorge-N\u00fa\u00f1ez-en-Congreso-Adhilac-Caracas.jpg 320w, https:\/\/adhilac.com.ar\/wp-content\/uploads\/2012\/05\/Arturo-Roig-con-su-esposa-y-Jorge-N\u00fa\u00f1ez-en-Congreso-Adhilac-Caracas-300x225.jpg 300w\" sizes=\"auto, (max-width: 320px) 100vw, 320px\" \/><figcaption>Jorge N\u00fa\u00f1ez S\u00e1nchez, Irma y Arturo Roig. Caracas. 2007<\/figcaption><\/figure><\/div>\n\n\n\n<div class=\"wp-block-image is-style-default\"><figure class=\"aligncenter size-large\"><img loading=\"lazy\" decoding=\"async\" width=\"320\" height=\"240\" src=\"https:\/\/adhilac.com.ar\/wp-content\/uploads\/2012\/05\/Jenny-Londo\u00f1o-Jorge-N\u00fa\u00f1ez-Irma-y-Arturo-Roig.jpg\" alt=\"\" class=\"wp-image-5622\" srcset=\"https:\/\/adhilac.com.ar\/wp-content\/uploads\/2012\/05\/Jenny-Londo\u00f1o-Jorge-N\u00fa\u00f1ez-Irma-y-Arturo-Roig.jpg 320w, https:\/\/adhilac.com.ar\/wp-content\/uploads\/2012\/05\/Jenny-Londo\u00f1o-Jorge-N\u00fa\u00f1ez-Irma-y-Arturo-Roig-300x225.jpg 300w\" sizes=\"auto, (max-width: 320px) 100vw, 320px\" \/><figcaption>Jenny Londo\u00f1o L\u00f3pez, Jorge N\u00fa\u00f1ez S\u00e1nchez, Irma y <br \/>Arturo Roig. Caracas. 2007<\/figcaption><\/figure><\/div>\n\n\n\n<p class=\"wp-block-paragraph\">Fue Subsecretario de Cultura y Presidente del Consejo Nacional de Cultura de Ecuador y Coordinador para el \u00c1rea Andina de la Sociedad Latinoamericana de Historia de las Ideas (SOLAR).&nbsp;Durante a\u00f1os se desempe\u00f1\u00f3 como Profesor Principal y Jefe de la C\u00e1tedra de Historia de Am\u00e9rica Latina en la Universidad Central del Ecuador; Director de la Secci\u00f3n Acad\u00e9mica de Historia y Geograf\u00eda de la Casa de la Cultura Ecuatoriana y de la Revista&nbsp;<em>Anales<\/em>&nbsp;de la Universidad Central.<\/p>\n\n\n\n<div class=\"wp-block-image is-style-default\"><figure class=\"aligncenter size-large\"><img loading=\"lazy\" decoding=\"async\" width=\"397\" height=\"293\" src=\"https:\/\/adhilac.com.ar\/wp-content\/uploads\/2010\/06\/Homenaje-Jorge-Nunez.jpg\" alt=\"\" class=\"wp-image-1782\"\/><figcaption>Sergio Guerra vilaboy, Jorge El\u00edas Caro y Jorge N\u00fa\u00f1ez S\u00e1nchez. <br \/>Santa Marta Colombia. 2010.<\/figcaption><\/figure><\/div>\n\n\n\n<p class=\"wp-block-paragraph\">Recibi\u00f3 m\u00e1s de una decena de reconocimientos y premios, entre los que se destacan la Orden Nacional al M\u00e9rito, en el grado de Comendador, otorgada por el gobierno de Ecuador en 2007; la Condecoraci\u00f3n Gran Collar \u201cFederico Gonz\u00e1lez Su\u00e1rez\u201d, de la Municipalidad de Quito, a la m\u00e1s destacada labor acad\u00e9mica, en el 2008; y la Gran Cruz Excelencia Acad\u00e9mica, otorgada por la Academia Hispanoamericana de Letras y Ciencias, en el 2003, as\u00ed como el Premio Nacional Eugenio Espejo (2010), la m\u00e1xima condecoraci\u00f3n de su pa\u00eds, por su valiosa labor intelectual.<\/p>\n\n\n\n<div class=\"wp-block-image is-style-default\"><figure class=\"aligncenter size-large\"><img loading=\"lazy\" decoding=\"async\" width=\"425\" height=\"568\" src=\"https:\/\/adhilac.com.ar\/wp-content\/uploads\/2010\/09\/JorgeNun-Madre.jpg\" alt=\"\" class=\"wp-image-2428\"\/><figcaption>Premio Nacional Eugenio Espejo. Quito. 2010<\/figcaption><\/figure><\/div>\n\n\n\n<p class=\"wp-block-paragraph\">Public\u00f3 varias decenas de ensayos y m\u00e1s de medio centenar de libros, entre ellos&nbsp;<em>Mito de la Independencia<\/em>&nbsp;(1976);<em>&nbsp;La historia de los partidos pol\u00edticos del Ecuador<\/em>&nbsp;(1979)<em>;&nbsp;La Guerra sin fin: Estados Unidos vs Am\u00e9rica Latina<\/em>&nbsp;(1980);&nbsp;<em>Historia del Seguro Social Ecuatoriano<\/em>&nbsp;(1984); Nicaragua, el Invencible Trench (1985);&nbsp;<em>La conciencia hist\u00f3rica de Andr\u00e9s Bello<\/em>&nbsp;(1989);<em>&nbsp;El cataclismo de 1797<\/em>&nbsp;(1990);&nbsp;<em>El Pensamiento de Jos\u00e9 Peralta<\/em>&nbsp;(1991);&nbsp;<em>Hacia una teor\u00eda latinoamericana de la Historia<\/em>&nbsp;(1992);&nbsp;<em>Ensayos sobre historia de las ideas en Am\u00e9rica<\/em>&nbsp;(1993);&nbsp;<em>El pa\u00eds del mediod\u00eda<\/em>&nbsp;(1993);&nbsp;<em>La Historiograf\u00eda ecuatoriana contempor\u00e1nea<\/em>&nbsp;(1994);<em>&nbsp;Entrevista a Sim\u00f3n Bol\u00edvar (1995);<\/em>&nbsp;<em>La revoluci\u00f3n alfarista de 1895<\/em>&nbsp;(1995);&nbsp;<em>Guayaquil, una ciudad colonial del tr\u00f3pico<\/em>&nbsp;(1998);&nbsp;<em>La defensa del pa\u00eds de Quito<\/em>&nbsp;(1999);&nbsp;<em>Un hombre llamado Sim\u00f3n Bol\u00edvar<\/em>&nbsp;(1999);&nbsp;<em>Historias del pa\u00eds de Quito<\/em>&nbsp;(1999);&nbsp;<em>Ciudad y vida urbana en la \u00e9poca colonial<\/em>&nbsp;(1999);&nbsp;<em>Bancos y banqueros. De Urbina Jado a Aspiazu<\/em>&nbsp;(1999);&nbsp;<em>La historiograf\u00eda ecuatoriana en el periodo 1975-1999. Antolog\u00eda&nbsp;<\/em>(2000);&nbsp;<em>El Ecuador en el siglo XIX. Ensayos hist\u00f3ricos<\/em>&nbsp;(2003) y&nbsp;<em>Una fiesta popular andina. El carnaval de Guaranda<\/em>&nbsp;(2003) y Ecuador en la Historia (2017).<\/p>\n\n\n\n<figure class=\"wp-block-image size-large is-resized is-style-default\"><img loading=\"lazy\" decoding=\"async\" src=\"https:\/\/adhilac.com.ar\/wp-content\/uploads\/2020\/10\/DSC00271-800x600.jpg\" alt=\"\" class=\"wp-image-17348\" width=\"511\" height=\"383\" srcset=\"https:\/\/adhilac.com.ar\/wp-content\/uploads\/2020\/10\/DSC00271-800x600.jpg 800w, https:\/\/adhilac.com.ar\/wp-content\/uploads\/2020\/10\/DSC00271-300x225.jpg 300w, https:\/\/adhilac.com.ar\/wp-content\/uploads\/2020\/10\/DSC00271-768x576.jpg 768w, https:\/\/adhilac.com.ar\/wp-content\/uploads\/2020\/10\/DSC00271-1536x1152.jpg 1536w, https:\/\/adhilac.com.ar\/wp-content\/uploads\/2020\/10\/DSC00271-2048x1536.jpg 2048w\" sizes=\"auto, (max-width: 511px) 100vw, 511px\" \/><figcaption>Roberto Gonz\u00e1lez Arana, Alejo Maldonado, Jorge N\u00fa\u00f1ez S\u00e1nchez y <br \/>Sergio Guerra Vilaboy. Rep\u00fablica Dominicana. 2011<\/figcaption><\/figure>\n\n\n\n<p class=\"wp-block-paragraph\">Llegue a su esposa Jenny, a sus familiares, amigos y colegas, nuestras sentidas condolencias por la perdida de este gran amigo y destacado historiador, una de las m\u00e1s sobresalientes personalidades de Nuestra Am\u00e9rica.<\/p>\n\n\n\n<p class=\"wp-block-paragraph\">Sergio Guerra Vilaboy<\/p>\n\n\n\n<p class=\"wp-block-paragraph\">Presidente de la ADHILAC <\/p>\n\n\n\n<div style=\"height:49px\" aria-hidden=\"true\" class=\"wp-block-spacer\"><\/div>\n\n\n\n<figure class=\"wp-block-image size-large is-resized is-style-default\"><img loading=\"lazy\" decoding=\"async\" src=\"https:\/\/adhilac.com.ar\/wp-content\/uploads\/2020\/10\/DSC00290-800x600.jpg\" alt=\"\" class=\"wp-image-17351\" width=\"487\" height=\"365\" srcset=\"https:\/\/adhilac.com.ar\/wp-content\/uploads\/2020\/10\/DSC00290-800x600.jpg 800w, https:\/\/adhilac.com.ar\/wp-content\/uploads\/2020\/10\/DSC00290-300x225.jpg 300w, https:\/\/adhilac.com.ar\/wp-content\/uploads\/2020\/10\/DSC00290-768x576.jpg 768w, https:\/\/adhilac.com.ar\/wp-content\/uploads\/2020\/10\/DSC00290-1536x1152.jpg 1536w, https:\/\/adhilac.com.ar\/wp-content\/uploads\/2020\/10\/DSC00290-2048x1536.jpg 2048w\" sizes=\"auto, (max-width: 487px) 100vw, 487px\" \/><figcaption>De pie Jorge N\u00fa\u00f1ez S\u00e1nchez. Rep\u00fablica Dominicana. 2011<\/figcaption><\/figure>\n\n\n\n<div style=\"height:45px\" aria-hidden=\"true\" class=\"wp-block-spacer\"><\/div>\n\n\n\n<p class=\"has-very-light-gray-color has-vivid-cyan-blue-background-color has-text-color has-background wp-block-paragraph\"><strong>Publicado por ADHILAC Internacional \u00a9 www.adhilac.com.ar<\/strong><\/p>\n\n\n\n<p class=\"has-vivid-cyan-blue-color has-very-light-gray-background-color has-text-color has-background wp-block-paragraph\"> Si Ud. desea asociarse de acuerdo a los Estatutos de ADHILAC&nbsp;<a href=\"https:\/\/adhilac.com.ar\/?page_id=263\">(ver)<\/a> complete el siguiente formulario&nbsp;(<a href=\"https:\/\/adhilac.com.ar\/?page_id=4779\">ver<\/a>)<\/p>\n\n\n\n<p class=\"has-very-light-gray-color has-vivid-cyan-blue-background-color has-text-color has-background wp-block-paragraph\"> E-mail:&nbsp;info@adhilac.com.ar <\/p>\n\n\n\n<p class=\"has-very-light-gray-color has-vivid-cyan-blue-background-color has-text-color has-background wp-block-paragraph\"> Twitter: @AdhilacInfo <\/p>\n\n\n\n<div class=\"wp-block-image is-style-default\"><figure class=\"aligncenter size-large\"><img loading=\"lazy\" decoding=\"async\" width=\"85\" height=\"85\" src=\"https:\/\/adhilac.com.ar\/wp-content\/uploads\/2015\/02\/Logo-ADHILAC-Internacional-PEQ.jpg\" alt=\"\" class=\"wp-image-10473\"\/><\/figure><\/div>\n\n\n\n<p class=\"wp-block-paragraph\">Ver <a href=\"https:\/\/adhilac.com.ar\/?page_id=541\">Presentaci\u00f3n de ADHILAC<\/a><\/p>\n\n\n\n<div style=\"height:38px\" aria-hidden=\"true\" class=\"wp-block-spacer\"><\/div>\n\n\n\n<div class=\"wp-block-group\"><div class=\"wp-block-group__inner-container is-layout-flow wp-block-group-is-layout-flow\">\n<p class=\"has-text-align-center has-very-light-gray-color has-vivid-cyan-blue-background-color has-text-color has-background wp-block-paragraph\"><strong><a href=\"https:\/\/adhilac.com.ar\/?page_id=541\">QUIENES SOMOS<\/a><\/strong><\/p>\n\n\n\n<p class=\"has-text-align-center has-vivid-cyan-blue-color has-very-light-gray-background-color has-text-color has-background wp-block-paragraph\"><strong><a href=\"https:\/\/adhilac.com.ar\/?page_id=15507\">DIRECTIVA DE ADHILAC INTERNACIONAL<\/a><\/strong><\/p>\n\n\n\n<p class=\"has-text-align-center has-very-light-gray-color has-vivid-cyan-blue-background-color has-text-color has-background wp-block-paragraph\"><strong><a href=\"https:\/\/adhilac.com.ar\/?page_id=267\">Declaraci\u00f3n de Caracas de ADHILAC (2007)<\/a><\/strong><\/p>\n\n\n\n<p class=\"has-text-align-center has-vivid-cyan-blue-color has-very-light-gray-background-color has-text-color has-background wp-block-paragraph\"><strong><a href=\"https:\/\/adhilac.com.ar\/?page_id=15873\">ADHILAC: Historia &#8211; Historidorxs<\/a><\/strong><\/p>\n\n\n\n<p class=\"has-text-align-center has-very-light-gray-color has-vivid-cyan-blue-background-color has-text-color has-background wp-block-paragraph\"><strong><a href=\"https:\/\/adhilac.com.ar\/?page_id=15876\">ADHILAC 20 a\u00f1os despu\u00e9s (1974-1994)<\/a> <\/strong><\/p>\n\n\n\n<p class=\"has-text-align-center has-vivid-cyan-blue-color has-very-light-gray-background-color has-text-color has-background wp-block-paragraph\"><strong><a href=\"https:\/\/adhilac.com.ar\/?page_id=15861\">ADHILAC Breve Historia<\/a> <\/strong><\/p>\n\n\n\n<p class=\"has-text-align-center has-very-light-gray-color has-vivid-cyan-blue-background-color has-text-color has-background wp-block-paragraph\"><strong><a href=\"https:\/\/adhilac.com.ar\/?page_id=15887\">ADHILAC: Miembrxs fundadores<\/a><\/strong><\/p>\n\n\n\n<p class=\"has-text-align-center has-vivid-cyan-blue-color has-very-light-gray-background-color has-text-color has-background wp-block-paragraph\"><strong><a href=\"https:\/\/adhilac.com.ar\/?page_id=15943\">ADHILAC: Historiadorxs Destacadxs<\/a><\/strong><\/p>\n\n\n\n<p class=\"has-text-align-center has-very-light-gray-color has-vivid-cyan-blue-background-color has-text-color has-background wp-block-paragraph\"><strong><a href=\"https:\/\/adhilac.com.ar\/?page_id=4779\">SOCIXS<\/a><\/strong><\/p>\n\n\n\n<p class=\"has-text-align-center has-vivid-cyan-blue-color has-very-light-gray-background-color has-text-color has-background wp-block-paragraph\"><strong><a href=\"https:\/\/adhilac.com.ar\/?page_id=263\">Estatutos de ADHILAC<\/a><\/strong><\/p>\n\n\n\n<p class=\"has-text-align-center has-very-light-gray-color has-vivid-cyan-blue-background-color has-text-color has-background wp-block-paragraph\"><strong><a href=\"https:\/\/adhilac.com.ar\/?page_id=8220\">BICENTENARIO<\/a><\/strong><\/p>\n\n\n\n<p class=\"has-text-align-center has-vivid-cyan-blue-color has-very-light-gray-background-color has-text-color has-background wp-block-paragraph\"><strong><a href=\"https:\/\/adhilac.com.ar\/?page_id=8279\">BIBLIOTECA<\/a><\/strong><\/p>\n\n\n\n<p class=\"has-text-align-center has-very-light-gray-color has-vivid-cyan-blue-background-color has-text-color has-background wp-block-paragraph\"><strong><a href=\"https:\/\/adhilac.com.ar\/?page_id=1698\">ENLACES<\/a> <\/strong><\/p>\n\n\n\n<p class=\"has-text-align-center has-vivid-cyan-blue-color has-very-light-gray-background-color has-text-color has-background wp-block-paragraph\"><a href=\"http:\/\/www.ariadnatucma.com.ar\">VISITE ARIADNA TUCMA REVISTA LATINOAMERICANA<\/a><\/p>\n<\/div><\/div>\n\n\n\n<div class=\"wp-block-columns is-layout-flex wp-container-core-columns-is-layout-8f761849 wp-block-columns-is-layout-flex\">\n<div class=\"wp-block-column is-layout-flow wp-block-column-is-layout-flow\" style=\"flex-basis:33.33%\">\n<p class=\"wp-block-paragraph\"><\/p>\n<\/div>\n\n\n\n<div class=\"wp-block-column is-layout-flow wp-block-column-is-layout-flow\" style=\"flex-basis:66.66%\"><\/div>\n<\/div>\n\n\n\n<div class=\"wp-block-columns is-layout-flex wp-container-core-columns-is-layout-8f761849 wp-block-columns-is-layout-flex\">\n<div class=\"wp-block-column is-layout-flow wp-block-column-is-layout-flow\" style=\"flex-basis:45.9%\"><\/div>\n\n\n\n<div class=\"wp-block-column is-vertically-aligned-center is-layout-flow wp-block-column-is-layout-flow\" style=\"flex-basis:66.66%\"><\/div>\n<\/div>\n\n\n\n<div class=\"wp-block-columns is-layout-flex wp-container-core-columns-is-layout-8f761849 wp-block-columns-is-layout-flex\">\n<div class=\"wp-block-column is-layout-flow wp-block-column-is-layout-flow\"><\/div>\n\n\n\n<div class=\"wp-block-column is-layout-flow wp-block-column-is-layout-flow\">\n<p class=\"wp-block-paragraph\"><\/p>\n<\/div>\n<\/div>\n\n\n\n<div class=\"wp-block-columns is-layout-flex wp-container-core-columns-is-layout-8f761849 wp-block-columns-is-layout-flex\">\n<div class=\"wp-block-column is-layout-flow wp-block-column-is-layout-flow\"><\/div>\n\n\n\n<div class=\"wp-block-column is-layout-flow wp-block-column-is-layout-flow\"><\/div>\n<\/div>\n\n\n\n<div class=\"wp-block-columns is-layout-flex wp-container-core-columns-is-layout-8f761849 wp-block-columns-is-layout-flex\">\n<div class=\"wp-block-column is-layout-flow wp-block-column-is-layout-flow\"><\/div>\n\n\n\n<div class=\"wp-block-column is-layout-flow wp-block-column-is-layout-flow\"><\/div>\n<\/div>\n","protected":false},"excerpt":{"rendered":"","protected":false},"author":2,"featured_media":0,"comment_status":"closed","ping_status":"closed","sticky":false,"template":"","format":"standard","meta":{"_crdt_document":"","footnotes":""},"categories":[32,351,40],"tags":[27,1148],"class_list":["post-17313","post","type-post","status-publish","format-standard","hentry","category-adhilac-ecuador","category-historiadores","category-informaciones","tag-ecuador","tag-jorge-nunez-sanchez"],"_links":{"self":[{"href":"https:\/\/adhilac.com.ar\/index.php?rest_route=\/wp\/v2\/posts\/17313","targetHints":{"allow":["GET"]}}],"collection":[{"href":"https:\/\/adhilac.com.ar\/index.php?rest_route=\/wp\/v2\/posts"}],"about":[{"href":"https:\/\/adhilac.com.ar\/index.php?rest_route=\/wp\/v2\/types\/post"}],"author":[{"embeddable":true,"href":"https:\/\/adhilac.com.ar\/index.php?rest_route=\/wp\/v2\/users\/2"}],"replies":[{"embeddable":true,"href":"https:\/\/adhilac.com.ar\/index.php?rest_route=%2Fwp%2Fv2%2Fcomments&post=17313"}],"version-history":[{"count":33,"href":"https:\/\/adhilac.com.ar\/index.php?rest_route=\/wp\/v2\/posts\/17313\/revisions"}],"predecessor-version":[{"id":17394,"href":"https:\/\/adhilac.com.ar\/index.php?rest_route=\/wp\/v2\/posts\/17313\/revisions\/17394"}],"wp:attachment":[{"href":"https:\/\/adhilac.com.ar\/index.php?rest_route=%2Fwp%2Fv2%2Fmedia&parent=17313"}],"wp:term":[{"taxonomy":"category","embeddable":true,"href":"https:\/\/adhilac.com.ar\/index.php?rest_route=%2Fwp%2Fv2%2Fcategories&post=17313"},{"taxonomy":"post_tag","embeddable":true,"href":"https:\/\/adhilac.com.ar\/index.php?rest_route=%2Fwp%2Fv2%2Ftags&post=17313"}],"curies":[{"name":"wp","href":"https:\/\/api.w.org\/{rel}","templated":true}]}}