{"id":17397,"date":"2020-11-03T09:52:24","date_gmt":"2020-11-03T12:52:24","guid":{"rendered":"https:\/\/adhilac.com.ar\/?p=17397"},"modified":"2020-11-03T09:53:35","modified_gmt":"2020-11-03T12:53:35","slug":"jorge-nunez-el-primero-de-los-historiadores-ecuatorianos","status":"publish","type":"post","link":"https:\/\/adhilac.com.ar\/?p=17397","title":{"rendered":"Jorge N\u00fa\u00f1ez, el primero de los historiadores ecuatorianos"},"content":{"rendered":"\n<div class=\"wp-block-media-text alignwide is-stacked-on-mobile is-image-fill has-vivid-red-color has-text-color has-background\" style=\"background:linear-gradient(135deg,rgb(122,220,180) 56%,rgb(0,208,130) 100%)\"><figure class=\"wp-block-media-text__media\" style=\"background-image:url(https:\/\/adhilac.com.ar\/wp-content\/uploads\/2020\/10\/DSC04266-800x600.jpg);background-position:50% 50%\"><img loading=\"lazy\" decoding=\"async\" width=\"800\" height=\"600\" src=\"https:\/\/adhilac.com.ar\/wp-content\/uploads\/2020\/10\/DSC04266-800x600.jpg\" alt=\"\" class=\"wp-image-17329\" srcset=\"https:\/\/adhilac.com.ar\/wp-content\/uploads\/2020\/10\/DSC04266-800x600.jpg 800w, https:\/\/adhilac.com.ar\/wp-content\/uploads\/2020\/10\/DSC04266-300x225.jpg 300w, https:\/\/adhilac.com.ar\/wp-content\/uploads\/2020\/10\/DSC04266-768x576.jpg 768w, https:\/\/adhilac.com.ar\/wp-content\/uploads\/2020\/10\/DSC04266-1536x1152.jpg 1536w, https:\/\/adhilac.com.ar\/wp-content\/uploads\/2020\/10\/DSC04266-2048x1536.jpg 2048w\" sizes=\"auto, (max-width: 800px) 100vw, 800px\" \/><\/figure><div class=\"wp-block-media-text__content\">\n<p class=\"has-text-align-center wp-block-paragraph\" style=\"font-size:14px\"><strong>Por Sergio Guerra Vilaboy<\/strong><\/p>\n<\/div><\/div>\n\n\n\n<p class=\"wp-block-paragraph\">Fue en 1981, en la entrada del Hotel Riviera de La Habana, cuando conoc\u00ed a Jorge N\u00fa\u00f1ez S\u00e1nchez (1947-2020). Me lo present\u00f3 el historiador cubano Francisco Pividal, amigo com\u00fan. Ambos acababan de ser electos m\u00e1ximas autoridades de la Asociaci\u00f3n de Historiadores Latinoamericanos y del Caribe (ADHILAC). Su nombre no me era desconocido, pues le\u00eda todas las semanas sus magn\u00edficos art\u00edculos en la revista ecuatoriana <em>Nueva,<\/em> dedicados a las relaciones de Am\u00e9rica Latina y los Estados Unidos, que despu\u00e9s publicara como separata.<\/p>\n\n\n\n<!--more-->\n\n\n\n<p class=\"wp-block-paragraph\">Fue de las figuras centrales en el IV Encuentro Internacional de ADHILAC en Bayamo (Cuba) en 1983. En un descanso en las largas sesiones de trabajo de este c\u00f3nclave, Juan Paz y Mi\u00f1o nos tom\u00f3 una foto, sentados al borde de la piscina, en compa\u00f1\u00eda de Oscar Zanetti, Enrique Ayala y Leonardo Espinosa, que muestra la confraternidad reinante entre historiadores cubanos y ecuatorianos, grupo en el que Jorge sobresal\u00eda con sus ocurrentes bromas.<\/p>\n\n\n\n<p class=\"wp-block-paragraph\">Historiador, antrop\u00f3logo, periodista y profesor universitario, fue secretario ejecutivo de la ADHILAC durante toda la d\u00e9cada del ochenta y su presidente entre 1990 y 1994. Durante su fruct\u00edfera gesti\u00f3n se alcanzaron notables \u00e9xitos, entre ellos la edici\u00f3n en 1991 de ocho tomos con las mejores ponencias de todos los anteriores congresos. En reconocimiento a su brillante gesti\u00f3n, en el IX Encuentro Internacional de esta Asociaci\u00f3n, celebrado en Santa Marta (Colombia) en 2010, fue aclamado como Presidente de Honor.<\/p>\n\n\n\n<figure class=\"wp-block-image is-style-default\"><img decoding=\"async\" src=\"https:\/\/informefracto.com\/wp-content\/uploads\/2020\/11\/Madre-Am\u00e9rica-2.jpeg\" alt=\"\" class=\"wp-image-33630\"\/><\/figure>\n\n\n\n<p class=\"wp-block-paragraph\">Jorge N\u00fa\u00f1ez fue tambi\u00e9n subsecretario de Cultura del Ecuador y presidente del Consejo Nacional de Cultura, entre 1988 y 1990, as\u00ed como coordinador para el \u00c1rea Andina de la Sociedad Latinoamericana de Historia de las Ideas (SOLAR). Era miembro correspondiente de las academias de historia de Cuba, Colombia, Espa\u00f1a, Per\u00fa, Nicaragua, Paraguay y, hasta hace muy poco, el director de la ecuatoriana. Durante a\u00f1os fue profesor principal y jefe de la C\u00e1tedra de Historia de Am\u00e9rica Latina en la Universidad Central del Ecuador; director de secci\u00f3n en la Casa de la Cultura Ecuatoriana y de la Revista <em>Anales<\/em> de la Universidad Central.<\/p>\n\n\n\n<p class=\"wp-block-paragraph\">Public\u00f3 varias decenas de ensayos y m\u00e1s de medio centenar de libros, entre ellos <em>Mito de la Independencia<\/em> (1976);<em> La historia de los partidos pol\u00edticos del Ecuador<\/em> (1979)<em>; <\/em><em>La Guerra sin fin: Estados Unidos vs Am\u00e9rica Latina<\/em> (1980); <em>La conciencia hist\u00f3rica de Andr\u00e9s Bello<\/em> (1989); <em>Hacia una teor\u00eda latinoamericana de la Historia<\/em> (1992); <em>El pa\u00eds del mediod\u00eda<\/em> (1993); <em>La Historiograf\u00eda ecuatoriana contempor\u00e1nea<\/em> (1994); <em>La defensa del pa\u00eds de Quito<\/em> (1999); <em>Un hombre llamado Sim\u00f3n Bol\u00edvar<\/em> (1999); <em>Una fiesta popular andina <\/em>&nbsp;(2003); <em>El Ecuador en la Historia<\/em> (2016) \u2013cuyo pr\u00f3logo me encarg\u00f3- y <em>Nuestra Am\u00e9rica, proleg\u00f3menos para una historia continental<\/em> (2020), obra que hace s\u00f3lo unos d\u00edas fue anunciada en <em>Informe Fracto.<\/em><\/p>\n\n\n\n<p class=\"wp-block-paragraph\">Fui testigo de su ascendente carrera profesional, que lo convirtieron en uno de los m\u00e1s prestigiosos historiadores de Ecuador y de toda Am\u00e9rica Latina, como reconociera el presidente Rafael Correa cuando en 2010 le entregara personalmente el Premio Nacional Eugenio Espejo, la m\u00e1xima condecoraci\u00f3n del pa\u00eds. Recibi\u00f3 m\u00e1s de una decena de reconocimientos y premios, entre ellos la Gran Cruz Excelencia Acad\u00e9mica de la Academia Hispanoamericana de Letras y Ciencias (2003), la Orden Nacional al M\u00e9rito, en el grado de Comendador, del Ecuador (2007) y el Gran Collar \u201cFederico Gonz\u00e1lez Su\u00e1rez\u201d, de la ciudad de Quito (2008). En 2012 tuvo a su cargo, en el Aula Magna del Colegio San Ger\u00f3nimo de la Universidad de La Habana, el discurso de recepci\u00f3n a nombre de los primeros Correspondientes Extranjeros de la Academia de la Historia de Cuba.<\/p>\n\n\n\n<p class=\"wp-block-paragraph\">Una de las caracter\u00edsticas que m\u00e1s admir\u00e9 de Jorge, fue su sensibilidad con los maestros, que advert\u00ed en su trato con Pividal o cuando fuimos a rendir tributo, en su residencia en Mendoza, al fil\u00f3sofo argentino Arturo Andr\u00e9s Roig. Estuvo por \u00faltima vez en La Habana en 2018, con el prop\u00f3sito de entregar personalmente la condici\u00f3n de miembros correspondientes de la Academia de la Historia del Ecuador a tres colegas cubanos. Compart\u00ed por \u00faltima vez con Jorge N\u00fa\u00f1ez el a\u00f1o pasado en Quito, en el sentido homenaje que su propia Academia le rindiera, colmado de personalidades nacionales y extranjeras, a quien, por su calibre cient\u00edfico y su compromiso militante con las mejores causas de Nuestra Am\u00e9rica, fuera el primero de los historiadores ecuatorianos.<\/p>\n\n\n\n<p class=\"wp-block-paragraph\">Fuente: www.informefracto.com &#8211; 3 de noviembre de 2020<\/p>\n\n\n\n<div style=\"height:33px\" aria-hidden=\"true\" class=\"wp-block-spacer\"><\/div>\n\n\n\n<p class=\"has-very-light-gray-color has-vivid-cyan-blue-background-color has-text-color has-background wp-block-paragraph\"><strong>Publicado por ADHILAC Internacional \u00a9 www.adhilac.com.ar<\/strong><\/p>\n\n\n\n<p class=\"has-vivid-cyan-blue-color has-very-light-gray-background-color has-text-color has-background wp-block-paragraph\"> Si Ud. desea asociarse de acuerdo a los Estatutos de ADHILAC&nbsp;<a href=\"https:\/\/adhilac.com.ar\/?page_id=263\">(ver)<\/a> complete el siguiente formulario&nbsp;(<a href=\"https:\/\/adhilac.com.ar\/?page_id=4779\">ver<\/a>)<\/p>\n\n\n\n<p class=\"has-very-light-gray-color has-vivid-cyan-blue-background-color has-text-color has-background wp-block-paragraph\"> E-mail:&nbsp;info@adhilac.com.ar <\/p>\n\n\n\n<p class=\"has-very-light-gray-color has-vivid-cyan-blue-background-color has-text-color has-background wp-block-paragraph\"> Twitter: @AdhilacInfo <\/p>\n\n\n\n<div class=\"wp-block-image is-style-default\"><figure class=\"aligncenter size-large\"><img loading=\"lazy\" decoding=\"async\" width=\"85\" height=\"85\" src=\"https:\/\/adhilac.com.ar\/wp-content\/uploads\/2015\/02\/Logo-ADHILAC-Internacional-PEQ.jpg\" alt=\"\" class=\"wp-image-10473\"\/><\/figure><\/div>\n\n\n\n<p class=\"wp-block-paragraph\">Ver <a href=\"https:\/\/adhilac.com.ar\/?page_id=541\">Presentaci\u00f3n de ADHILAC<\/a><\/p>\n\n\n\n<div class=\"wp-block-group\"><div class=\"wp-block-group__inner-container is-layout-flow wp-block-group-is-layout-flow\">\n<p class=\"has-text-align-center has-very-light-gray-color has-vivid-cyan-blue-background-color has-text-color has-background wp-block-paragraph\"><strong><a href=\"https:\/\/adhilac.com.ar\/?page_id=541\">QUIENES SOMOS<\/a><\/strong><\/p>\n\n\n\n<p class=\"has-text-align-center has-vivid-cyan-blue-color has-very-light-gray-background-color has-text-color has-background wp-block-paragraph\"><strong><a href=\"https:\/\/adhilac.com.ar\/?page_id=15507\">DIRECTIVA DE ADHILAC INTERNACIONAL<\/a><\/strong><\/p>\n\n\n\n<p class=\"has-text-align-center has-very-light-gray-color has-vivid-cyan-blue-background-color has-text-color has-background wp-block-paragraph\"><strong><a href=\"https:\/\/adhilac.com.ar\/?page_id=267\">Declaraci\u00f3n de Caracas de ADHILAC (2007)<\/a><\/strong><\/p>\n\n\n\n<p class=\"has-text-align-center has-vivid-cyan-blue-color has-very-light-gray-background-color has-text-color has-background wp-block-paragraph\"><strong><a href=\"https:\/\/adhilac.com.ar\/?page_id=15873\">ADHILAC: Historia &#8211; Historidorxs<\/a><\/strong><\/p>\n\n\n\n<p class=\"has-text-align-center has-very-light-gray-color has-vivid-cyan-blue-background-color has-text-color has-background wp-block-paragraph\"><strong><a href=\"https:\/\/adhilac.com.ar\/?page_id=15876\">ADHILAC 20 a\u00f1os despu\u00e9s (1974-1994)<\/a> <\/strong><\/p>\n\n\n\n<p class=\"has-text-align-center has-vivid-cyan-blue-color has-very-light-gray-background-color has-text-color has-background wp-block-paragraph\"><strong><a href=\"https:\/\/adhilac.com.ar\/?page_id=15861\">ADHILAC Breve Historia<\/a> <\/strong><\/p>\n\n\n\n<p class=\"has-text-align-center has-very-light-gray-color has-vivid-cyan-blue-background-color has-text-color has-background wp-block-paragraph\"><strong><a href=\"https:\/\/adhilac.com.ar\/?page_id=15887\">ADHILAC: Miembrxs fundadores<\/a><\/strong><\/p>\n\n\n\n<p class=\"has-text-align-center has-vivid-cyan-blue-color has-very-light-gray-background-color has-text-color has-background wp-block-paragraph\"><strong><a href=\"https:\/\/adhilac.com.ar\/?page_id=15943\">ADHILAC: Historiadorxs Destacadxs<\/a><\/strong><\/p>\n\n\n\n<p class=\"has-text-align-center has-very-light-gray-color has-vivid-cyan-blue-background-color has-text-color has-background wp-block-paragraph\"><strong><a href=\"https:\/\/adhilac.com.ar\/?page_id=4779\">SOCIXS<\/a><\/strong><\/p>\n\n\n\n<p class=\"has-text-align-center has-vivid-cyan-blue-color has-very-light-gray-background-color has-text-color has-background wp-block-paragraph\"><strong><a href=\"https:\/\/adhilac.com.ar\/?page_id=263\">Estatutos de ADHILAC<\/a><\/strong><\/p>\n\n\n\n<p class=\"has-text-align-center has-very-light-gray-color has-vivid-cyan-blue-background-color has-text-color has-background wp-block-paragraph\"><strong><a href=\"https:\/\/adhilac.com.ar\/?page_id=8220\">BICENTENARIO<\/a><\/strong><\/p>\n\n\n\n<p class=\"has-text-align-center has-vivid-cyan-blue-color has-very-light-gray-background-color has-text-color has-background wp-block-paragraph\"><strong><a href=\"https:\/\/adhilac.com.ar\/?page_id=8279\">BIBLIOTECA<\/a><\/strong><\/p>\n\n\n\n<p class=\"has-text-align-center has-very-light-gray-color has-vivid-cyan-blue-background-color has-text-color has-background wp-block-paragraph\"><strong><a href=\"https:\/\/adhilac.com.ar\/?page_id=1698\">ENLACES<\/a> <\/strong><\/p>\n\n\n\n<p class=\"has-text-align-center has-vivid-cyan-blue-color has-very-light-gray-background-color has-text-color has-background wp-block-paragraph\"><a href=\"http:\/\/www.ariadnatucma.com.ar\">VISITE ARIADNA TUCMA REVISTA LATINOAMERICANA<\/a><\/p>\n<\/div><\/div>\n","protected":false},"excerpt":{"rendered":"<p>Por Sergio Guerra Vilaboy Fue en 1981, en la entrada del Hotel Riviera de La Habana, cuando conoc\u00ed a Jorge N\u00fa\u00f1ez S\u00e1nchez (1947-2020). Me lo present\u00f3 el historiador cubano Francisco Pividal, amigo com\u00fan. Ambos acababan de ser electos m\u00e1ximas autoridades de la Asociaci\u00f3n de Historiadores Latinoamericanos y del Caribe (ADHILAC). Su nombre no me era [&hellip;]<\/p>\n","protected":false},"author":2,"featured_media":0,"comment_status":"closed","ping_status":"closed","sticky":false,"template":"","format":"standard","meta":{"_crdt_document":"","footnotes":""},"categories":[15,351],"tags":[27,1148],"class_list":["post-17397","post","type-post","status-publish","format-standard","hentry","category-historia","category-historiadores","tag-ecuador","tag-jorge-nunez-sanchez"],"_links":{"self":[{"href":"https:\/\/adhilac.com.ar\/index.php?rest_route=\/wp\/v2\/posts\/17397","targetHints":{"allow":["GET"]}}],"collection":[{"href":"https:\/\/adhilac.com.ar\/index.php?rest_route=\/wp\/v2\/posts"}],"about":[{"href":"https:\/\/adhilac.com.ar\/index.php?rest_route=\/wp\/v2\/types\/post"}],"author":[{"embeddable":true,"href":"https:\/\/adhilac.com.ar\/index.php?rest_route=\/wp\/v2\/users\/2"}],"replies":[{"embeddable":true,"href":"https:\/\/adhilac.com.ar\/index.php?rest_route=%2Fwp%2Fv2%2Fcomments&post=17397"}],"version-history":[{"count":1,"href":"https:\/\/adhilac.com.ar\/index.php?rest_route=\/wp\/v2\/posts\/17397\/revisions"}],"predecessor-version":[{"id":17398,"href":"https:\/\/adhilac.com.ar\/index.php?rest_route=\/wp\/v2\/posts\/17397\/revisions\/17398"}],"wp:attachment":[{"href":"https:\/\/adhilac.com.ar\/index.php?rest_route=%2Fwp%2Fv2%2Fmedia&parent=17397"}],"wp:term":[{"taxonomy":"category","embeddable":true,"href":"https:\/\/adhilac.com.ar\/index.php?rest_route=%2Fwp%2Fv2%2Fcategories&post=17397"},{"taxonomy":"post_tag","embeddable":true,"href":"https:\/\/adhilac.com.ar\/index.php?rest_route=%2Fwp%2Fv2%2Ftags&post=17397"}],"curies":[{"name":"wp","href":"https:\/\/api.w.org\/{rel}","templated":true}]}}