{"id":17488,"date":"2020-12-02T08:13:00","date_gmt":"2020-12-02T11:13:00","guid":{"rendered":"https:\/\/adhilac.com.ar\/?p=17488"},"modified":"2020-12-15T08:54:20","modified_gmt":"2020-12-15T11:54:20","slug":"la-morigerada-reforma-liberal-guatemalteca","status":"publish","type":"post","link":"https:\/\/adhilac.com.ar\/?p=17488","title":{"rendered":"La morigerada reforma liberal guatemalteca"},"content":{"rendered":"\n<figure class=\"wp-block-image size-large is-resized is-style-default\"><img loading=\"lazy\" decoding=\"async\" src=\"https:\/\/adhilac.com.ar\/wp-content\/uploads\/2020\/12\/reforma-liberal-guatemalteca-800x480.jpeg\" alt=\"\" class=\"wp-image-17489\" width=\"528\" height=\"317\" srcset=\"https:\/\/adhilac.com.ar\/wp-content\/uploads\/2020\/12\/reforma-liberal-guatemalteca-800x480.jpeg 800w, https:\/\/adhilac.com.ar\/wp-content\/uploads\/2020\/12\/reforma-liberal-guatemalteca-300x180.jpeg 300w, https:\/\/adhilac.com.ar\/wp-content\/uploads\/2020\/12\/reforma-liberal-guatemalteca-768x461.jpeg 768w, https:\/\/adhilac.com.ar\/wp-content\/uploads\/2020\/12\/reforma-liberal-guatemalteca.jpeg 1000w\" sizes=\"auto, (max-width: 528px) 100vw, 528px\" \/><\/figure>\n\n\n\n<p class=\"wp-block-paragraph\">Por Sergio Guerra Vilaboy<\/p>\n\n\n\n<p class=\"wp-block-paragraph\">La reforma liberal en Guatemala, enfilada contra el viejo orden socio econ\u00f3mico heredado de la colonia, refrendado por la dictadura conservadora de Rafael Carrera, fue un p\u00e1lido reflejo de la de M\u00e9xico. <\/p>\n\n\n\n<!--more-->\n\n\n\n<p class=\"wp-block-paragraph\">Los liberales lucharon infructuosamente durante mucho tiempo contra ese r\u00e9gimen, lo mismo que hicieron contra su sucesor, el mariscal Vicente Cerna, quien se reeligi\u00f3 en 1869, en medio de una grave crisis econ\u00f3mica y financiera, cuando el caf\u00e9 a\u00fan no lograba ocupar el lugar de la grana en las exiguas recaudaciones fiscales.<\/p>\n\n\n\n<p class=\"wp-block-paragraph\">En sus inicios, el nuevo levantamiento liberal de 1870 fue un fracaso y los involucrados s\u00f3lo pudieron ocupar unos pocos pueblos en Huehuetenango. Reorganizados en M\u00e9xico, pasaron al contra ataque al a\u00f1o siguiente, ocupando San Marcos y Retalhuleu, guiados por Justo Rufino Barrios y Miguel Garc\u00eda Granados. Las victorias militares de Laguna Seca (28 de mayo) y San Lucas Sacatep\u00e9quez (30 de junio) les permiti\u00f3 entrar en la capital. Establecido el gobierno provisional de Garc\u00eda Granados, se dispuso el libre cultivo del tabaco y la expulsi\u00f3n de los jesuitas, que provoc\u00f3 una sublevaci\u00f3n conservadora alentada por el clero.<\/p>\n\n\n\n<p class=\"wp-block-paragraph\">Fue durante la presidencia de Barrios, iniciada en 1873, que se llevaron adelante las principales reformas, como la consolidaci\u00f3n de los bienes procedentes de <em>\u201cmanos muertas<\/em>\u201d, la secularizaci\u00f3n de propiedades eclesi\u00e1sticas, la abolici\u00f3n del censo enfit\u00e9utico, el fin del enclaustramiento de religiosos y el establecimiento del registro civil, disposiciones recogidas en la constituci\u00f3n de 1879, que estableci\u00f3 la separaci\u00f3n de la Iglesia del Estado. De esa forma se puso fin a lo que el viajero John L. Stephens describiera como un territorio \u201c<em>plagado de sacerdotes, frailes y monjas de diferentes \u00f3rdenes. Por todas partes los edificios m\u00e1s suntuosos, las tierras mejor cultivadas, y la mayor parte de la riqueza del pa\u00eds estaban en sus manos.<\/em>\u201d<\/p>\n\n\n\n<p class=\"wp-block-paragraph\">Pero la reforma liberal de Barrios no transform\u00f3 en profundidad la anquilosada tierra del quetzal, aunque se eliminaran los privilegios y fueros de la Iglesia. Prueba de ello es que las tierras del clero y las comunidades ind\u00edgenas, afectadas por un decreto de 1877, sirvieron para engrosar en n\u00famero y extensi\u00f3n las fincas cafetaleras, en particular en Quezaltenango, San Marcos y Alta Verapaz. Para garantizar la fuerza de trabajo, los ind\u00edgenas que lograron conservar sus tierras \u2013en particular en el fr\u00edo altiplano, no apto para el cultivo del grano- ten\u00edan que trabajar por temporadas en las haciendas (<em>mandamientos<\/em>), bajo amenaza de represi\u00f3n militar, como si siguieran en la colonia. Muchos de ellos se endeudaban con los ricos finqueros-a esto se llamaba la <em>habilitaci\u00f3n<\/em>-, por lo general con m\u00e9todos inescrupulosos, y se convert\u00edan en verdaderos siervos al estilo de la Europa medieval. Los abusos a los pueblos originarios provocaron airadas revueltas, entre ellas la de los quich\u00e9s (1877), junto a la aparici\u00f3n de guerrillas ind\u00edgenas como la de Momostenango.<\/p>\n\n\n\n<p class=\"wp-block-paragraph\">La moderada reforma liberal guatemalteca propici\u00f3 un extraordinario crecimiento de la producci\u00f3n cafetalera, al disponer los finqueros de tierras baratas -bald\u00edas, eclesi\u00e1sticas y las de comunidades-, mano de obra casi gratuita y buenos precios en el mercado internacional. Entre 1870 y 1880, el cultivo y la exportaci\u00f3n del grano crecieron en un 150%, favorecido con la construcci\u00f3n de puertos, almacenes, caminos, tel\u00e9grafos y ferrocarriles, en gran parte con capital alem\u00e1n y norteamericano.<\/p>\n\n\n\n<p class=\"wp-block-paragraph\">Una de las aspiraciones de Justo Rufino Barrios era restablecer la integraci\u00f3n centroamericana, meta incluida en la constituci\u00f3n de 1879. Imposibilitado de alcanzarla por la v\u00eda pac\u00edfica, el mandatario decidi\u00f3 imponerla a sus vecinos, pese a la oposici\u00f3n de M\u00e9xico y los Estados Unidos, a la vez que se propon\u00eda evitar la construcci\u00f3n de un canal norteamericano por Nicaragua. El 28 de febrero de 1885, el presidente de Guatemala proclam\u00f3 restablecida la uni\u00f3n centroamericana e invadi\u00f3 El Salvador, donde obtuvo las victorias de Coco y San Lorenzo. Pero en el combate de Chalchuapa, el 2 de abril de ese a\u00f1o, perdi\u00f3 la vida y su desmoralizado ej\u00e9rcito, al mando de Adolfo Hall, regres\u00f3 a Guatemala. Pese a la inesperada muerte de Barrios, el morigerado reformismo liberal termin\u00f3 por imponerse en toda la regi\u00f3n bajo la conducci\u00f3n de tres de sus disc\u00edpulos: Marco Aurelio Soto en Honduras, Rafael Zald\u00edvar en El Salvador y Jos\u00e9 Santos Zelaya en Nicaragua, a qui\u00e9n dedicamos una nota de <em>Madre Am\u00e9rica<\/em>.<\/p>\n\n\n\n<p class=\"wp-block-paragraph\">Fuente: www.informefracto.com &#8211; 1 de diciembre de 2020<\/p>\n\n\n\n<div style=\"height:20px\" aria-hidden=\"true\" class=\"wp-block-spacer\"><\/div>\n\n\n\n<p class=\"has-very-light-gray-color has-vivid-cyan-blue-background-color has-text-color has-background wp-block-paragraph\"><strong>Publicado por ADHILAC Internacional \u00a9 www.adhilac.com.ar<\/strong><\/p>\n\n\n\n<p class=\"has-vivid-cyan-blue-color has-very-light-gray-background-color has-text-color has-background wp-block-paragraph\"> Si Ud. desea asociarse de acuerdo a los Estatutos de ADHILAC&nbsp;<a href=\"https:\/\/adhilac.com.ar\/?page_id=263\">(ver)<\/a> complete el siguiente formulario&nbsp;(<a href=\"https:\/\/adhilac.com.ar\/?page_id=4779\">ver<\/a>)<\/p>\n\n\n\n<p class=\"has-very-light-gray-color has-vivid-cyan-blue-background-color has-text-color has-background wp-block-paragraph\"> E-mail:&nbsp;info@adhilac.com.ar <\/p>\n\n\n\n<p class=\"has-very-light-gray-color has-vivid-cyan-blue-background-color has-text-color has-background wp-block-paragraph\"> Twitter: @AdhilacInfo <\/p>\n\n\n\n<div class=\"wp-block-image is-style-default\"><figure class=\"aligncenter size-large\"><img loading=\"lazy\" decoding=\"async\" width=\"85\" height=\"85\" src=\"https:\/\/adhilac.com.ar\/wp-content\/uploads\/2015\/02\/Logo-ADHILAC-Internacional-PEQ.jpg\" alt=\"\" class=\"wp-image-10473\"\/><\/figure><\/div>\n\n\n\n<p class=\"wp-block-paragraph\">Ver <a href=\"https:\/\/adhilac.com.ar\/?page_id=541\">Presentaci\u00f3n de ADHILAC<\/a><\/p>\n\n\n\n<div style=\"height:20px\" aria-hidden=\"true\" class=\"wp-block-spacer\"><\/div>\n\n\n\n<div class=\"wp-block-group\"><div class=\"wp-block-group__inner-container is-layout-flow wp-block-group-is-layout-flow\">\n<p class=\"has-text-align-center has-very-light-gray-color has-vivid-cyan-blue-background-color has-text-color has-background wp-block-paragraph\"><strong><a href=\"https:\/\/adhilac.com.ar\/?page_id=541\">QUIENES SOMOS<\/a><\/strong><\/p>\n\n\n\n<p class=\"has-text-align-center has-vivid-cyan-blue-color has-very-light-gray-background-color has-text-color has-background wp-block-paragraph\"><strong><a href=\"https:\/\/adhilac.com.ar\/?page_id=15507\">DIRECTIVA DE ADHILAC INTERNACIONAL<\/a><\/strong><\/p>\n\n\n\n<p class=\"has-text-align-center has-very-light-gray-color has-vivid-cyan-blue-background-color has-text-color has-background wp-block-paragraph\"><strong><a href=\"https:\/\/adhilac.com.ar\/?page_id=267\">Declaraci\u00f3n de Caracas de ADHILAC (2007)<\/a><\/strong><\/p>\n\n\n\n<p class=\"has-text-align-center has-vivid-cyan-blue-color has-very-light-gray-background-color has-text-color has-background wp-block-paragraph\"><strong><a href=\"https:\/\/adhilac.com.ar\/?page_id=15873\">ADHILAC: Historia &#8211; Historidorxs<\/a><\/strong><\/p>\n\n\n\n<p class=\"has-text-align-center has-very-light-gray-color has-vivid-cyan-blue-background-color has-text-color has-background wp-block-paragraph\"><strong><a href=\"https:\/\/adhilac.com.ar\/?page_id=15876\">ADHILAC 20 a\u00f1os despu\u00e9s (1974-1994)<\/a> <\/strong><\/p>\n\n\n\n<p class=\"has-text-align-center has-vivid-cyan-blue-color has-very-light-gray-background-color has-text-color has-background wp-block-paragraph\"><strong><a href=\"https:\/\/adhilac.com.ar\/?page_id=15861\">ADHILAC Breve Historia<\/a> <\/strong><\/p>\n\n\n\n<p class=\"has-text-align-center has-very-light-gray-color has-vivid-cyan-blue-background-color has-text-color has-background wp-block-paragraph\"><strong><a href=\"https:\/\/adhilac.com.ar\/?page_id=15887\">ADHILAC: Miembrxs fundadores<\/a><\/strong><\/p>\n\n\n\n<p class=\"has-text-align-center has-vivid-cyan-blue-color has-very-light-gray-background-color has-text-color has-background wp-block-paragraph\"><strong><a href=\"https:\/\/adhilac.com.ar\/?page_id=15943\">ADHILAC: Historiadorxs Destacadxs<\/a><\/strong><\/p>\n\n\n\n<p class=\"has-text-align-center has-very-light-gray-color has-vivid-cyan-blue-background-color has-text-color has-background wp-block-paragraph\"><strong><a href=\"https:\/\/adhilac.com.ar\/?page_id=4779\">SOCIXS<\/a><\/strong><\/p>\n\n\n\n<p class=\"has-text-align-center has-vivid-cyan-blue-color has-very-light-gray-background-color has-text-color has-background wp-block-paragraph\"><strong><a href=\"https:\/\/adhilac.com.ar\/?page_id=263\">Estatutos de ADHILAC<\/a><\/strong><\/p>\n\n\n\n<p class=\"has-text-align-center has-very-light-gray-color has-vivid-cyan-blue-background-color has-text-color has-background wp-block-paragraph\"><strong><a href=\"https:\/\/adhilac.com.ar\/?page_id=8220\">BICENTENARIO<\/a><\/strong><\/p>\n\n\n\n<p class=\"has-text-align-center has-vivid-cyan-blue-color has-very-light-gray-background-color has-text-color has-background wp-block-paragraph\"><strong><a href=\"https:\/\/adhilac.com.ar\/?page_id=8279\">BIBLIOTECA<\/a><\/strong><\/p>\n\n\n\n<p class=\"has-text-align-center has-very-light-gray-color has-vivid-cyan-blue-background-color has-text-color has-background wp-block-paragraph\"><strong><a href=\"https:\/\/adhilac.com.ar\/?page_id=1698\">ENLACES<\/a> <\/strong><\/p>\n\n\n\n<p class=\"has-text-align-center has-vivid-cyan-blue-color has-very-light-gray-background-color has-text-color has-background wp-block-paragraph\"><a href=\"http:\/\/www.ariadnatucma.com.ar\">VISITE ARIADNA TUCMA REVISTA LATINOAMERICANA<\/a><\/p>\n<\/div><\/div>\n","protected":false},"excerpt":{"rendered":"<p>Por Sergio Guerra Vilaboy La reforma liberal en Guatemala, enfilada contra el viejo orden socio econ\u00f3mico heredado de la colonia, refrendado por la dictadura conservadora de Rafael Carrera, fue un p\u00e1lido reflejo de la de M\u00e9xico.<\/p>\n","protected":false},"author":17,"featured_media":0,"comment_status":"closed","ping_status":"closed","sticky":false,"template":"","format":"standard","meta":{"_crdt_document":"","footnotes":""},"categories":[15],"tags":[472,282],"class_list":["post-17488","post","type-post","status-publish","format-standard","hentry","category-historia","tag-guatemala","tag-liberalismo"],"_links":{"self":[{"href":"https:\/\/adhilac.com.ar\/index.php?rest_route=\/wp\/v2\/posts\/17488","targetHints":{"allow":["GET"]}}],"collection":[{"href":"https:\/\/adhilac.com.ar\/index.php?rest_route=\/wp\/v2\/posts"}],"about":[{"href":"https:\/\/adhilac.com.ar\/index.php?rest_route=\/wp\/v2\/types\/post"}],"author":[{"embeddable":true,"href":"https:\/\/adhilac.com.ar\/index.php?rest_route=\/wp\/v2\/users\/17"}],"replies":[{"embeddable":true,"href":"https:\/\/adhilac.com.ar\/index.php?rest_route=%2Fwp%2Fv2%2Fcomments&post=17488"}],"version-history":[{"count":2,"href":"https:\/\/adhilac.com.ar\/index.php?rest_route=\/wp\/v2\/posts\/17488\/revisions"}],"predecessor-version":[{"id":17491,"href":"https:\/\/adhilac.com.ar\/index.php?rest_route=\/wp\/v2\/posts\/17488\/revisions\/17491"}],"wp:attachment":[{"href":"https:\/\/adhilac.com.ar\/index.php?rest_route=%2Fwp%2Fv2%2Fmedia&parent=17488"}],"wp:term":[{"taxonomy":"category","embeddable":true,"href":"https:\/\/adhilac.com.ar\/index.php?rest_route=%2Fwp%2Fv2%2Fcategories&post=17488"},{"taxonomy":"post_tag","embeddable":true,"href":"https:\/\/adhilac.com.ar\/index.php?rest_route=%2Fwp%2Fv2%2Ftags&post=17488"}],"curies":[{"name":"wp","href":"https:\/\/api.w.org\/{rel}","templated":true}]}}