{"id":17492,"date":"2020-12-05T08:30:00","date_gmt":"2020-12-05T11:30:00","guid":{"rendered":"https:\/\/adhilac.com.ar\/?p=17492"},"modified":"2020-12-15T08:54:06","modified_gmt":"2020-12-15T11:54:06","slug":"ocupacion-holandesa-de-pernambuco","status":"publish","type":"post","link":"https:\/\/adhilac.com.ar\/?p=17492","title":{"rendered":"Ocupaci\u00f3n holandesa de Pernambuco"},"content":{"rendered":"\n<figure class=\"wp-block-image size-large is-resized is-style-rounded\"><img loading=\"lazy\" decoding=\"async\" src=\"https:\/\/adhilac.com.ar\/wp-content\/uploads\/2020\/12\/Pernambuco-800x480.jpg\" alt=\"\" class=\"wp-image-17493\" width=\"560\" height=\"336\" srcset=\"https:\/\/adhilac.com.ar\/wp-content\/uploads\/2020\/12\/Pernambuco-800x480.jpg 800w, https:\/\/adhilac.com.ar\/wp-content\/uploads\/2020\/12\/Pernambuco-300x180.jpg 300w, https:\/\/adhilac.com.ar\/wp-content\/uploads\/2020\/12\/Pernambuco-768x461.jpg 768w, https:\/\/adhilac.com.ar\/wp-content\/uploads\/2020\/12\/Pernambuco.jpg 1000w\" sizes=\"auto, (max-width: 560px) 100vw, 560px\" \/><\/figure>\n\n\n\n<p class=\"wp-block-paragraph\">Por Sergio Guerra Vilaboy<\/p>\n\n\n\n<p class=\"wp-block-paragraph\">La historia de la dominaci\u00f3n holandesa en Pernambuco (1630-1654) comenz\u00f3 con el desplazamiento de los portugueses de muchas de sus posesiones en Asia y \u00c1frica, a ra\u00edz de la uni\u00f3n de las coronas de Espa\u00f1a y Portugal (1580-1640). <\/p>\n\n\n\n<!--more-->\n\n\n\n<p class=\"wp-block-paragraph\">El cierre de los puertos ib\u00e9ricos, decretada por Felipe II en 1594 contra los Pa\u00edses Bajos, impuls\u00f3 sus ataques a las colonias lusitanas, sobre todo despu\u00e9s de recrudecida la guerra desde 1621. Las primeras incursiones holandeses en Am\u00e9rica, entre 1624 y 1629, fueron contra Bah\u00eda, ocupada por varios meses, Paraiba, Cear\u00e1 y Par\u00e1.<\/p>\n\n\n\n<p class=\"wp-block-paragraph\">Otro fue el desenlace en Pernambuco, entonces el enclave azucarero m\u00e1s rico del mundo. En 1630, una gran armada de los Pa\u00edses Bajos se apoder\u00f3 de las villas costeras de Olinda y Recife, a pesar de la enconada resistencia encabezada por el gobernador Mat\u00edas de Albuquerque. Imposibilitados de prolongar indefinidamente la lucha, muchos <em>senhores de engenh<\/em>o se desanimaron y negociaron con los invasores. Debilitado el frente opositor, los holandeses pudieron ocupar siete de las doce capitan\u00edas portuguesas originarias: R\u00edo Grande do Norte. Paraiba, Itamarac\u00e1, Pernambuco, Cear\u00e1 y Sergipe.<\/p>\n\n\n\n<p class=\"wp-block-paragraph\">Despu\u00e9s del rev\u00e9s sufrido en julio de 1635 en el campamento del Bom Jes\u00fas, el exgobernador Albuquerque y cientos de sus seguidores, entre los que se encontraban algunos plantadores con sus dotaciones, colonos y abor\u00edgenes, se retiraron al sur de Pernambuco, hasta las m\u00e1rgenes del r\u00edo Sao Francisco. Aqu\u00ed continuaron la desigual resistencia, que pronto adquiri\u00f3 un marcado car\u00e1cter popular liderada por el negro Henrique D\u00edas, el cacique ind\u00edgena Poti y el propio Albuquerque.&nbsp;<\/p>\n\n\n\n<p class=\"wp-block-paragraph\">El primer gobernante oficial de los Pa\u00edses Bajos en Brasil fue el pr\u00edncipe de la Casa de Orange Johan Maurits, conde de Nassau-Siegen, quien lleg\u00f3 a Pernambuco en 1637. Durante su mandato, la villa de Recife, capital de toda la colonia holandesa, creci\u00f3 mucho a costa de la semidestruida Olinda. Para redondear la reactivaci\u00f3n del negocio azucarero, los Pa\u00edses Bajos conquistaron las posesiones portuguesas de Guinea (1638) y Angola (1641), de donde sacaban los esclavos que necesitan en sus plantaciones brasile\u00f1as, apoy\u00e1ndose en la isla caribe\u00f1a de Cura\u00e7ao, ocupada desde 1634.<\/p>\n\n\n\n<p class=\"wp-block-paragraph\">La separaci\u00f3n de los tronos de Espa\u00f1a y Portugal en 1640, y el ascenso a la Corona lusitana del duque de Bragan\u00e7a, proclamado como Joao IV, fue el preludio del fin de la dominaci\u00f3n holandesa en Brasil. A ello tambi\u00e9n contribuy\u00f3 la salida del pr\u00edncipe de Orange de Pernambuco, cuatro a\u00f1os despu\u00e9s, quien hab\u00eda desarrollado una pol\u00edtica conciliadora con los grandes propietarios portugueses y criollos, lo que volvi\u00f3 a avivar las contradicciones con los Pa\u00edses Bajos. En junio de 1648 estall\u00f3 la rebeli\u00f3n encabezada por Joao Fern\u00e1ndez Vieira, apodado el \u201cGobernador de la Libertad\u201d, qui\u00e9n consigui\u00f3 arrinconar a los holandeses en sus fortificaciones del litoral de Recife, R\u00edo Grande do Norte, Paraiba e Itamarac\u00e1. Aunque los sublevados ganaron las dos batallas de los Guararapes, en abril de 1648 y febrero de 1649, para sellar la victoria definitiva debieron esperar el arribo en 1653 de una poderosa flota lusitana. El ataque conjunto de ambas fuerzas, iniciado el 15 de enero del a\u00f1o siguiente, arroll\u00f3 las defensas holandesas, que capitularon.<\/p>\n\n\n\n<p class=\"wp-block-paragraph\">Este resultado revel\u00f3, el poder\u00edo de los<em> senhores de engenh<\/em>o capaces de vertebrar un vasto movimiento popular contra los ocupantes extranjeros, sin necesidad del auxilio de las autoridades portuguesas. En esa lucha ocuparon sitio todas las clases y grupos sociales de la colonia, en particular los explotados trabajadores negros y pueblos originarios. De esa forma, la guerra contra los holandeses contribuy\u00f3 a ir forjando cierta comunidad de intereses entre todos los habitantes del noreste, antecedente de la sociedad criolla en formaci\u00f3n, y del creciente deslinde entre portugueses y los naturales de Brasil. Pero el despertar de la conciencia nacional estaba lejano todav\u00eda, pues los criollos mezclaban su fidelidad a la Corona con el apego al suelo patrio.<\/p>\n\n\n\n<p class=\"wp-block-paragraph\">Fuente: www.informefracto.com &#8211; 1 de diciembre de 2020<\/p>\n\n\n\n<div style=\"height:20px\" aria-hidden=\"true\" class=\"wp-block-spacer\"><\/div>\n\n\n\n<p class=\"has-very-light-gray-color has-vivid-cyan-blue-background-color has-text-color has-background wp-block-paragraph\"><strong>Publicado por ADHILAC Internacional \u00a9 www.adhilac.com.ar<\/strong><\/p>\n\n\n\n<p class=\"has-vivid-cyan-blue-color has-very-light-gray-background-color has-text-color has-background wp-block-paragraph\"> Si Ud. desea asociarse de acuerdo a los Estatutos de ADHILAC&nbsp;<a href=\"https:\/\/adhilac.com.ar\/?page_id=263\">(ver)<\/a> complete el siguiente formulario&nbsp;(<a href=\"https:\/\/adhilac.com.ar\/?page_id=4779\">ver<\/a>)<\/p>\n\n\n\n<p class=\"has-very-light-gray-color has-vivid-cyan-blue-background-color has-text-color has-background wp-block-paragraph\"> E-mail:&nbsp;info@adhilac.com.ar <\/p>\n\n\n\n<p class=\"has-very-light-gray-color has-vivid-cyan-blue-background-color has-text-color has-background wp-block-paragraph\"> Twitter: @AdhilacInfo <\/p>\n\n\n\n<div class=\"wp-block-image is-style-default\"><figure class=\"aligncenter size-large\"><img loading=\"lazy\" decoding=\"async\" width=\"85\" height=\"85\" src=\"https:\/\/adhilac.com.ar\/wp-content\/uploads\/2015\/02\/Logo-ADHILAC-Internacional-PEQ.jpg\" alt=\"\" class=\"wp-image-10473\"\/><\/figure><\/div>\n\n\n\n<p class=\"wp-block-paragraph\">Ver <a href=\"https:\/\/adhilac.com.ar\/?page_id=541\">Presentaci\u00f3n de ADHILAC<\/a><\/p>\n\n\n\n<div style=\"height:20px\" aria-hidden=\"true\" class=\"wp-block-spacer\"><\/div>\n\n\n\n<div class=\"wp-block-group\"><div class=\"wp-block-group__inner-container is-layout-flow wp-block-group-is-layout-flow\">\n<p class=\"has-text-align-center has-very-light-gray-color has-vivid-cyan-blue-background-color has-text-color has-background wp-block-paragraph\"><strong><a href=\"https:\/\/adhilac.com.ar\/?page_id=541\">QUIENES SOMOS<\/a><\/strong><\/p>\n\n\n\n<p class=\"has-text-align-center has-vivid-cyan-blue-color has-very-light-gray-background-color has-text-color has-background wp-block-paragraph\"><strong><a href=\"https:\/\/adhilac.com.ar\/?page_id=15507\">DIRECTIVA DE ADHILAC INTERNACIONAL<\/a><\/strong><\/p>\n\n\n\n<p class=\"has-text-align-center has-very-light-gray-color has-vivid-cyan-blue-background-color has-text-color has-background wp-block-paragraph\"><strong><a href=\"https:\/\/adhilac.com.ar\/?page_id=267\">Declaraci\u00f3n de Caracas de ADHILAC (2007)<\/a><\/strong><\/p>\n\n\n\n<p class=\"has-text-align-center has-vivid-cyan-blue-color has-very-light-gray-background-color has-text-color has-background wp-block-paragraph\"><strong><a href=\"https:\/\/adhilac.com.ar\/?page_id=15873\">ADHILAC: Historia &#8211; Historidorxs<\/a><\/strong><\/p>\n\n\n\n<p class=\"has-text-align-center has-very-light-gray-color has-vivid-cyan-blue-background-color has-text-color has-background wp-block-paragraph\"><strong><a href=\"https:\/\/adhilac.com.ar\/?page_id=15876\">ADHILAC 20 a\u00f1os despu\u00e9s (1974-1994)<\/a> <\/strong><\/p>\n\n\n\n<p class=\"has-text-align-center has-vivid-cyan-blue-color has-very-light-gray-background-color has-text-color has-background wp-block-paragraph\"><strong><a href=\"https:\/\/adhilac.com.ar\/?page_id=15861\">ADHILAC Breve Historia<\/a> <\/strong><\/p>\n\n\n\n<p class=\"has-text-align-center has-very-light-gray-color has-vivid-cyan-blue-background-color has-text-color has-background wp-block-paragraph\"><strong><a href=\"https:\/\/adhilac.com.ar\/?page_id=15887\">ADHILAC: Miembrxs fundadores<\/a><\/strong><\/p>\n\n\n\n<p class=\"has-text-align-center has-vivid-cyan-blue-color has-very-light-gray-background-color has-text-color has-background wp-block-paragraph\"><strong><a href=\"https:\/\/adhilac.com.ar\/?page_id=15943\">ADHILAC: Historiadorxs Destacadxs<\/a><\/strong><\/p>\n\n\n\n<p class=\"has-text-align-center has-very-light-gray-color has-vivid-cyan-blue-background-color has-text-color has-background wp-block-paragraph\"><strong><a href=\"https:\/\/adhilac.com.ar\/?page_id=4779\">SOCIXS<\/a><\/strong><\/p>\n\n\n\n<p class=\"has-text-align-center has-vivid-cyan-blue-color has-very-light-gray-background-color has-text-color has-background wp-block-paragraph\"><strong><a href=\"https:\/\/adhilac.com.ar\/?page_id=263\">Estatutos de ADHILAC<\/a><\/strong><\/p>\n\n\n\n<p class=\"has-text-align-center has-very-light-gray-color has-vivid-cyan-blue-background-color has-text-color has-background wp-block-paragraph\"><strong><a href=\"https:\/\/adhilac.com.ar\/?page_id=8220\">BICENTENARIO<\/a><\/strong><\/p>\n\n\n\n<p class=\"has-text-align-center has-vivid-cyan-blue-color has-very-light-gray-background-color has-text-color has-background wp-block-paragraph\"><strong><a href=\"https:\/\/adhilac.com.ar\/?page_id=8279\">BIBLIOTECA<\/a><\/strong><\/p>\n\n\n\n<p class=\"has-text-align-center has-very-light-gray-color has-vivid-cyan-blue-background-color has-text-color has-background wp-block-paragraph\"><strong><a href=\"https:\/\/adhilac.com.ar\/?page_id=1698\">ENLACES<\/a> <\/strong><\/p>\n\n\n\n<p class=\"has-text-align-center has-vivid-cyan-blue-color has-very-light-gray-background-color has-text-color has-background wp-block-paragraph\"><a href=\"http:\/\/www.ariadnatucma.com.ar\">VISITE ARIADNA TUCMA REVISTA LATINOAMERICANA<\/a><\/p>\n<\/div><\/div>\n","protected":false},"excerpt":{"rendered":"<p>Por Sergio Guerra Vilaboy La historia de la dominaci\u00f3n holandesa en Pernambuco (1630-1654) comenz\u00f3 con el desplazamiento de los portugueses de muchas de sus posesiones en Asia y \u00c1frica, a ra\u00edz de la uni\u00f3n de las coronas de Espa\u00f1a y Portugal (1580-1640).<\/p>\n","protected":false},"author":17,"featured_media":0,"comment_status":"closed","ping_status":"closed","sticky":false,"template":"","format":"standard","meta":{"_crdt_document":"","footnotes":""},"categories":[40],"tags":[74,1224],"class_list":["post-17492","post","type-post","status-publish","format-standard","hentry","category-informaciones","tag-brasil","tag-ocupacion-holandesa"],"_links":{"self":[{"href":"https:\/\/adhilac.com.ar\/index.php?rest_route=\/wp\/v2\/posts\/17492","targetHints":{"allow":["GET"]}}],"collection":[{"href":"https:\/\/adhilac.com.ar\/index.php?rest_route=\/wp\/v2\/posts"}],"about":[{"href":"https:\/\/adhilac.com.ar\/index.php?rest_route=\/wp\/v2\/types\/post"}],"author":[{"embeddable":true,"href":"https:\/\/adhilac.com.ar\/index.php?rest_route=\/wp\/v2\/users\/17"}],"replies":[{"embeddable":true,"href":"https:\/\/adhilac.com.ar\/index.php?rest_route=%2Fwp%2Fv2%2Fcomments&post=17492"}],"version-history":[{"count":1,"href":"https:\/\/adhilac.com.ar\/index.php?rest_route=\/wp\/v2\/posts\/17492\/revisions"}],"predecessor-version":[{"id":17494,"href":"https:\/\/adhilac.com.ar\/index.php?rest_route=\/wp\/v2\/posts\/17492\/revisions\/17494"}],"wp:attachment":[{"href":"https:\/\/adhilac.com.ar\/index.php?rest_route=%2Fwp%2Fv2%2Fmedia&parent=17492"}],"wp:term":[{"taxonomy":"category","embeddable":true,"href":"https:\/\/adhilac.com.ar\/index.php?rest_route=%2Fwp%2Fv2%2Fcategories&post=17492"},{"taxonomy":"post_tag","embeddable":true,"href":"https:\/\/adhilac.com.ar\/index.php?rest_route=%2Fwp%2Fv2%2Ftags&post=17492"}],"curies":[{"name":"wp","href":"https:\/\/api.w.org\/{rel}","templated":true}]}}