{"id":17496,"date":"2020-12-09T08:34:00","date_gmt":"2020-12-09T11:34:00","guid":{"rendered":"https:\/\/adhilac.com.ar\/?p=17496"},"modified":"2020-12-15T08:53:54","modified_gmt":"2020-12-15T11:53:54","slug":"la-ultima-monarquia-americana","status":"publish","type":"post","link":"https:\/\/adhilac.com.ar\/?p=17496","title":{"rendered":"La \u00faltima monarqu\u00eda americana"},"content":{"rendered":"\n<p class=\"wp-block-paragraph\">Por Sergio Guerra Vilaboy<\/p>\n\n\n\n<figure class=\"wp-block-image size-large is-resized is-style-default\"><img loading=\"lazy\" decoding=\"async\" src=\"https:\/\/adhilac.com.ar\/wp-content\/uploads\/2020\/12\/Ultima-monarquia-americana-800x413.jpeg\" alt=\"\" class=\"wp-image-17497\" width=\"454\" height=\"234\" srcset=\"https:\/\/adhilac.com.ar\/wp-content\/uploads\/2020\/12\/Ultima-monarquia-americana-800x413.jpeg 800w, https:\/\/adhilac.com.ar\/wp-content\/uploads\/2020\/12\/Ultima-monarquia-americana-300x155.jpeg 300w, https:\/\/adhilac.com.ar\/wp-content\/uploads\/2020\/12\/Ultima-monarquia-americana-768x396.jpeg 768w, https:\/\/adhilac.com.ar\/wp-content\/uploads\/2020\/12\/Ultima-monarquia-americana.jpeg 1024w\" sizes=\"auto, (max-width: 454px) 100vw, 454px\" \/><\/figure>\n\n\n\n<p class=\"wp-block-paragraph\">En la lucha por la independencia surgieron tres monarqu\u00edas en Am\u00e9rica Latina.\u00a0 La primera fue la de Hait\u00ed, implantada por Jean Jacques Dessalines (1804) y continuada por Henri Christophe hasta su muerte en 1820, como ya referimos en <em>Informe Fracto<\/em>. <\/p>\n\n\n\n<!--more-->\n\n\n\n<p class=\"wp-block-paragraph\">Despu\u00e9s surgieron la de Agust\u00edn de Iturbide en el antiguo Virreinato de Nueva Espa\u00f1a (1821-1823), que tuvo jurisdicci\u00f3n desde Texas a Panam\u00e1, y la de Maximiliano de Habsburgo en el propio M\u00e9xico (1864-1867). A ellas hay que agregar la de Brasil, instalada por los Bragan\u00e7a en 1822 y que se derrumb\u00f3 en 1889, la m\u00e1s longeva de todas las monarqu\u00edas americanas.<\/p>\n\n\n\n<p class=\"wp-block-paragraph\">El colapso del Imperio de Brasil comenz\u00f3 la noche del 11 de noviembre de 1889, cuando los oficiales del club militar fueron incitados a la rebeli\u00f3n contra la Corona, por el exaltado republicano Benjam\u00edn Constant Botelho de Magalhaes, en los momentos en que el monarca Pedro II se divert\u00eda en una fastuosa fiesta en R\u00edo de Janeiro. Cuatro d\u00edas despu\u00e9s, las tropas del general Manuel Deodoro da Fonseca sal\u00edan de los cuarteles, ocupaban posiciones en la capital, exigiendo la dimisi\u00f3n del gobierno, mientras en el ayuntamiento de la ciudad otros opositores a la monarqu\u00eda proclamaban la rep\u00fablica.<\/p>\n\n\n\n<p class=\"wp-block-paragraph\">La casa de los Bragan\u00e7a se ven\u00eda desgastando de manera acelerada desde el fin de la guerra contra Paraguay (1870), por su pasividad ante la prolongaci\u00f3n de la esclavitud, que convirti\u00f3 a Brasil en el \u00faltimo pa\u00eds americano en abolirla, y los conflictos con la Iglesia y el Vaticano, provocados por el ejercicio del patronato. A ellos se agregaron las crecientes contradicciones con el ej\u00e9rcito, surgidas cuando los militares se negaron a perseguir cimarrones y luego rechazaron la ley de retiro (1883), lo que resquebraj\u00f3 la disciplina de la instituci\u00f3n armada y su tradicional fidelidad a la Corona. En 1887, el prestigioso general da Fonseca, comandante de R\u00edo Grande do Sul, apoy\u00f3 a sus subordinados que exig\u00edan el fin de la esclavitud y defend\u00edan el derecho a opinar en la prensa. Al aumento del descontento militar tambi\u00e9n contribuy\u00f3 la tradicional pol\u00edtica mon\u00e1rquica de favorecer a los <em>\u201ccoroneles<\/em>\u201d de la Guardia Nacional, todos grandes hacendados.<\/p>\n\n\n\n<p class=\"wp-block-paragraph\">En ese caldeado ambiente se puso de moda la filosof\u00eda positivista, con su lema de <em>Orden y Progres<\/em>o, que era ense\u00f1ada a los cadetes de la Escuela Militar por el teniente coronel Benjam\u00edn Constant, quien predicaba la necesidad de establecer en Brasil una dictadura militar republicana. Tambi\u00e9n el Partido Republicano, fundado en 1870, nutrido de las capas medias urbanas, la emergente burgues\u00eda industrial y los ricos cafetaleros de Sao Paulo, era partidario de derribar la monarqu\u00eda, modernizar el pa\u00eds, separar la Iglesia del Estado y acabar con instituciones que consideraban antidemocr\u00e1ticas, como el Senado Vitalicio o el Consejo de Estado.<\/p>\n\n\n\n<p class=\"wp-block-paragraph\">Para aplacar a la oposici\u00f3n, el emperador entreg\u00f3 el gobierno al vizconde de Ouro Preto, portador de un programa de reformas que inclu\u00eda nuevas elecciones al congreso nacional, nombramiento de un militar en la cartera de guerra y marina, autonom\u00eda provincial y municipal, libertad de cultos y la reducci\u00f3n de las atribuciones del Consejo de Estado. Pero estas promesas, que deb\u00edan ser presentadas al parlamento el 20 de noviembre de 1889, llegaban demasiado tarde. La impopularidad del gabinete de Ouro Preto, junto con el rumor de que el general da Fonseca ser\u00eda arrestado, precipitaron el desenlace. En la ma\u00f1ana del 15 de noviembre de 1889 este alto oficial sublevaba las tropas bajo su mando, mientras el general Floriano Peixoto, jefe de la guarnici\u00f3n capitalina, se negaba a reprimir el levantamiento y encarcelaba a todo el gabinete, incluyendo al propio vizconde de Ouro Preto.<\/p>\n\n\n\n<p class=\"wp-block-paragraph\">Todos los intentos del emperador, que apresuradamente se present\u00f3 en Rio de Janeiro desde su residencia en Petropolis, para revertir el derrocamiento fueron in\u00fatiles. Esa misma noche del 16 de noviembre de 1889 fue obligado a abandonar el pa\u00eds con toda su familia. El exitoso golpe militar permiti\u00f3 el establecimiento de una rep\u00fablica olig\u00e1rquica \u2013con el lema de <em>Orden y Progreso <\/em>en su bandera-, conocida como la del \u201ccaf\u00e9 con leche\u201d, surgida para satisfacer los intereses exclusivos de las elites cafetaleras y ganaderas de Sao Paulo y Rio Grande do Sul. La ca\u00edda del imperio brasile\u00f1o fue resultado de un movimiento \u201c<em>desde arriba<\/em>\u201d, sin participaci\u00f3n popular, que prolong\u00f3 el viejo e injusto orden econ\u00f3mico y social.<\/p>\n\n\n\n<p class=\"wp-block-paragraph\">Fuente: www.informefracto.com &#8211; 8 de diciembre de 2020<\/p>\n\n\n\n<div style=\"height:20px\" aria-hidden=\"true\" class=\"wp-block-spacer\"><\/div>\n\n\n\n<p class=\"has-very-light-gray-color has-vivid-cyan-blue-background-color has-text-color has-background wp-block-paragraph\"><strong>Publicado por ADHILAC Internacional \u00a9 www.adhilac.com.ar<\/strong><\/p>\n\n\n\n<p class=\"has-vivid-cyan-blue-color has-very-light-gray-background-color has-text-color has-background wp-block-paragraph\"> Si Ud. desea asociarse de acuerdo a los Estatutos de ADHILAC&nbsp;<a href=\"https:\/\/adhilac.com.ar\/?page_id=263\">(ver)<\/a> complete el siguiente formulario&nbsp;(<a href=\"https:\/\/adhilac.com.ar\/?page_id=4779\">ver<\/a>)<\/p>\n\n\n\n<p class=\"has-very-light-gray-color has-vivid-cyan-blue-background-color has-text-color has-background wp-block-paragraph\"> E-mail:&nbsp;info@adhilac.com.ar <\/p>\n\n\n\n<p class=\"has-very-light-gray-color has-vivid-cyan-blue-background-color has-text-color has-background wp-block-paragraph\"> Twitter: @AdhilacInfo <\/p>\n\n\n\n<div class=\"wp-block-image is-style-default\"><figure class=\"aligncenter size-large\"><img loading=\"lazy\" decoding=\"async\" width=\"85\" height=\"85\" src=\"https:\/\/adhilac.com.ar\/wp-content\/uploads\/2015\/02\/Logo-ADHILAC-Internacional-PEQ.jpg\" alt=\"\" class=\"wp-image-10473\"\/><\/figure><\/div>\n\n\n\n<p class=\"wp-block-paragraph\">Ver <a href=\"https:\/\/adhilac.com.ar\/?page_id=541\">Presentaci\u00f3n de ADHILAC<\/a><\/p>\n\n\n\n<div style=\"height:20px\" aria-hidden=\"true\" class=\"wp-block-spacer\"><\/div>\n\n\n\n<div class=\"wp-block-group\"><div class=\"wp-block-group__inner-container is-layout-flow wp-block-group-is-layout-flow\">\n<p class=\"has-text-align-center has-very-light-gray-color has-vivid-cyan-blue-background-color has-text-color has-background wp-block-paragraph\"><strong><a href=\"https:\/\/adhilac.com.ar\/?page_id=541\">QUIENES SOMOS<\/a><\/strong><\/p>\n\n\n\n<p class=\"has-text-align-center has-vivid-cyan-blue-color has-very-light-gray-background-color has-text-color has-background wp-block-paragraph\"><strong><a href=\"https:\/\/adhilac.com.ar\/?page_id=15507\">DIRECTIVA DE ADHILAC INTERNACIONAL<\/a><\/strong><\/p>\n\n\n\n<p class=\"has-text-align-center has-very-light-gray-color has-vivid-cyan-blue-background-color has-text-color has-background wp-block-paragraph\"><strong><a href=\"https:\/\/adhilac.com.ar\/?page_id=267\">Declaraci\u00f3n de Caracas de ADHILAC (2007)<\/a><\/strong><\/p>\n\n\n\n<p class=\"has-text-align-center has-vivid-cyan-blue-color has-very-light-gray-background-color has-text-color has-background wp-block-paragraph\"><strong><a href=\"https:\/\/adhilac.com.ar\/?page_id=15873\">ADHILAC: Historia &#8211; Historidorxs<\/a><\/strong><\/p>\n\n\n\n<p class=\"has-text-align-center has-very-light-gray-color has-vivid-cyan-blue-background-color has-text-color has-background wp-block-paragraph\"><strong><a href=\"https:\/\/adhilac.com.ar\/?page_id=15876\">ADHILAC 20 a\u00f1os despu\u00e9s (1974-1994)<\/a> <\/strong><\/p>\n\n\n\n<p class=\"has-text-align-center has-vivid-cyan-blue-color has-very-light-gray-background-color has-text-color has-background wp-block-paragraph\"><strong><a href=\"https:\/\/adhilac.com.ar\/?page_id=15861\">ADHILAC Breve Historia<\/a> <\/strong><\/p>\n\n\n\n<p class=\"has-text-align-center has-very-light-gray-color has-vivid-cyan-blue-background-color has-text-color has-background wp-block-paragraph\"><strong><a href=\"https:\/\/adhilac.com.ar\/?page_id=15887\">ADHILAC: Miembrxs fundadores<\/a><\/strong><\/p>\n\n\n\n<p class=\"has-text-align-center has-vivid-cyan-blue-color has-very-light-gray-background-color has-text-color has-background wp-block-paragraph\"><strong><a href=\"https:\/\/adhilac.com.ar\/?page_id=15943\">ADHILAC: Historiadorxs Destacadxs<\/a><\/strong><\/p>\n\n\n\n<p class=\"has-text-align-center has-very-light-gray-color has-vivid-cyan-blue-background-color has-text-color has-background wp-block-paragraph\"><strong><a href=\"https:\/\/adhilac.com.ar\/?page_id=4779\">SOCIXS<\/a><\/strong><\/p>\n\n\n\n<p class=\"has-text-align-center has-vivid-cyan-blue-color has-very-light-gray-background-color has-text-color has-background wp-block-paragraph\"><strong><a href=\"https:\/\/adhilac.com.ar\/?page_id=263\">Estatutos de ADHILAC<\/a><\/strong><\/p>\n\n\n\n<p class=\"has-text-align-center has-very-light-gray-color has-vivid-cyan-blue-background-color has-text-color has-background wp-block-paragraph\"><strong><a href=\"https:\/\/adhilac.com.ar\/?page_id=8220\">BICENTENARIO<\/a><\/strong><\/p>\n\n\n\n<p class=\"has-text-align-center has-vivid-cyan-blue-color has-very-light-gray-background-color has-text-color has-background wp-block-paragraph\"><strong><a href=\"https:\/\/adhilac.com.ar\/?page_id=8279\">BIBLIOTECA<\/a><\/strong><\/p>\n\n\n\n<p class=\"has-text-align-center has-very-light-gray-color has-vivid-cyan-blue-background-color has-text-color has-background wp-block-paragraph\"><strong><a href=\"https:\/\/adhilac.com.ar\/?page_id=1698\">ENLACES<\/a> <\/strong><\/p>\n\n\n\n<p class=\"has-text-align-center has-vivid-cyan-blue-color has-very-light-gray-background-color has-text-color has-background wp-block-paragraph\"><a href=\"http:\/\/www.ariadnatucma.com.ar\">VISITE ARIADNA TUCMA REVISTA LATINOAMERICANA<\/a><\/p>\n<\/div><\/div>\n","protected":false},"excerpt":{"rendered":"<p>Por Sergio Guerra Vilaboy En la lucha por la independencia surgieron tres monarqu\u00edas en Am\u00e9rica Latina.\u00a0 La primera fue la de Hait\u00ed, implantada por Jean Jacques Dessalines (1804) y continuada por Henri Christophe hasta su muerte en 1820, como ya referimos en Informe Fracto.<\/p>\n","protected":false},"author":17,"featured_media":0,"comment_status":"closed","ping_status":"closed","sticky":false,"template":"","format":"standard","meta":{"_crdt_document":"","footnotes":""},"categories":[15],"tags":[74,1225],"class_list":["post-17496","post","type-post","status-publish","format-standard","hentry","category-historia","tag-brasil","tag-monarquia"],"_links":{"self":[{"href":"https:\/\/adhilac.com.ar\/index.php?rest_route=\/wp\/v2\/posts\/17496","targetHints":{"allow":["GET"]}}],"collection":[{"href":"https:\/\/adhilac.com.ar\/index.php?rest_route=\/wp\/v2\/posts"}],"about":[{"href":"https:\/\/adhilac.com.ar\/index.php?rest_route=\/wp\/v2\/types\/post"}],"author":[{"embeddable":true,"href":"https:\/\/adhilac.com.ar\/index.php?rest_route=\/wp\/v2\/users\/17"}],"replies":[{"embeddable":true,"href":"https:\/\/adhilac.com.ar\/index.php?rest_route=%2Fwp%2Fv2%2Fcomments&post=17496"}],"version-history":[{"count":1,"href":"https:\/\/adhilac.com.ar\/index.php?rest_route=\/wp\/v2\/posts\/17496\/revisions"}],"predecessor-version":[{"id":17498,"href":"https:\/\/adhilac.com.ar\/index.php?rest_route=\/wp\/v2\/posts\/17496\/revisions\/17498"}],"wp:attachment":[{"href":"https:\/\/adhilac.com.ar\/index.php?rest_route=%2Fwp%2Fv2%2Fmedia&parent=17496"}],"wp:term":[{"taxonomy":"category","embeddable":true,"href":"https:\/\/adhilac.com.ar\/index.php?rest_route=%2Fwp%2Fv2%2Fcategories&post=17496"},{"taxonomy":"post_tag","embeddable":true,"href":"https:\/\/adhilac.com.ar\/index.php?rest_route=%2Fwp%2Fv2%2Ftags&post=17496"}],"curies":[{"name":"wp","href":"https:\/\/api.w.org\/{rel}","templated":true}]}}