{"id":17499,"date":"2020-12-12T08:48:00","date_gmt":"2020-12-12T11:48:00","guid":{"rendered":"https:\/\/adhilac.com.ar\/?p=17499"},"modified":"2020-12-15T08:53:40","modified_gmt":"2020-12-15T11:53:40","slug":"peru-y-la-independencia-de-cuba","status":"publish","type":"post","link":"https:\/\/adhilac.com.ar\/?p=17499","title":{"rendered":"Per\u00fa y la independencia de Cuba"},"content":{"rendered":"\n<figure class=\"wp-block-image size-large is-resized is-style-rounded\"><img loading=\"lazy\" decoding=\"async\" src=\"https:\/\/adhilac.com.ar\/wp-content\/uploads\/2020\/12\/Peru-y-la-indep-Cuba-800x413.jpeg\" alt=\"\" class=\"wp-image-17500\" width=\"547\" height=\"282\" srcset=\"https:\/\/adhilac.com.ar\/wp-content\/uploads\/2020\/12\/Peru-y-la-indep-Cuba-800x413.jpeg 800w, https:\/\/adhilac.com.ar\/wp-content\/uploads\/2020\/12\/Peru-y-la-indep-Cuba-300x155.jpeg 300w, https:\/\/adhilac.com.ar\/wp-content\/uploads\/2020\/12\/Peru-y-la-indep-Cuba-768x396.jpeg 768w, https:\/\/adhilac.com.ar\/wp-content\/uploads\/2020\/12\/Peru-y-la-indep-Cuba.jpeg 1024w\" sizes=\"auto, (max-width: 547px) 100vw, 547px\" \/><\/figure>\n\n\n\n<p class=\"wp-block-paragraph\">Por Sergio Guerra Vilaboy<\/p>\n\n\n\n<p class=\"wp-block-paragraph\">Hace unos d\u00edas, el embajador de Per\u00fa en La Habana, Guido Toro, me sugiri\u00f3 escribiera sobre el apoyo a la independencia de Cuba del presidente peruano Mariano Prado (1826-1901) y sus hijos Leoncio, Grocio y Justo. <\/p>\n\n\n\n<!--more-->\n\n\n\n<p class=\"wp-block-paragraph\">Las primeras manifestaciones a favor de la emancipaci\u00f3n cubana de este mandatario peruano aparecieron asociadas a los planes para la emancipaci\u00f3n de la Mayor de las Antillas del chileno Benjam\u00edn Vicu\u00f1a Mackenna.<\/p>\n\n\n\n<p class=\"wp-block-paragraph\">Los proyectos revolucionarios ten\u00edan que ver con la guerra contra Espa\u00f1a de Per\u00fa y Chile \u2013despu\u00e9s se sumaron Ecuador y Bolivia-, desatada en 1866 por la ilegal ocupaci\u00f3n por una escuadra hispana de las islas Chinchas, valiosas por sus yacimientos de guano. La agresi\u00f3n de la antigua metr\u00f3poli condujo a los dos pa\u00edses sudamericanos aliados a promover la independencia de Cuba y con esa finalidad el gobierno de Chile nombr\u00f3 a Vicu\u00f1a Mackenna su agente en Estados Unidos. En cumplimiento de esa misi\u00f3n, el representante chileno propuso al presidente Prado organizar una expedici\u00f3n conjunta, a la que el mandatario peruano contest\u00f3 que \u201c<em>La causa de Cuba es una causa santa, la causa de la redenci\u00f3n americana. Cuba es Am\u00e9rica y Am\u00e9rica es mi patria, y \u00bfqu\u00e9 no har\u00eda yo por Am\u00e9rica, qu\u00e9 no har\u00eda yo por mi patria?\u201d<\/em> Seg\u00fan el propio Prado revel\u00f3 al patriota cubano Francisco Vicente Aguilera, para este prop\u00f3sito dispon\u00eda de los monitores <em>Atahualpa<\/em> y <em>Manco C\u00e1pac<\/em>, as\u00ed como veinte mil fusiles y artiller\u00eda.<\/p>\n\n\n\n<p class=\"wp-block-paragraph\">Fue al presidente Jos\u00e9 Balta, al frente del gobierno peruano desde enero de 1868, a qui\u00e9n se debe el reconocimiento de la beligerancia de los patriotas cubanos, tras el estallido el 10 de octubre de ese mismo a\u00f1o de la insurrecci\u00f3n armada. Su decreto del 12 de junio de 1869 tambi\u00e9n autorizaba a los consulados de Per\u00fa a prestar protecci\u00f3n y ayuda a los combatientes antillanos. M\u00e1s lejos lleg\u00f3 el propio mandatario unos meses despu\u00e9s, al firmar un nuevo decreto, el 13 de agosto de ese mismo a\u00f1o, que reconoc\u00eda \u201c<em>la independencia de la Isla de Cuba de la dominaci\u00f3n espa\u00f1ola, como igualmente al Gobierno Republicano establecido en ella\u201d<\/em>, que convirti\u00f3 a Per\u00fa en el primer pa\u00eds de Am\u00e9rica Latina en dar ese paso, que s\u00f3lo seguir\u00eda Guatemala.<\/p>\n\n\n\n<p class=\"wp-block-paragraph\">Aunque despu\u00e9s Balta se neg\u00f3 a recibir al representante oficial cubano, fue el siguiente presidente peruano, Manuel Pardo, en el poder entre 1872 y 1876, quien se reuni\u00f3 con el enviado de la Rep\u00fablica de Cuba en Armas, Manuel M\u00e1rquez Sterling, y nombr\u00f3 a varios patriotas de la isla como c\u00f3nsules del Per\u00fa. A pesar de las graves dificultades financieras del pa\u00eds andino, el propio gobernante entreg\u00f3 recursos que servir\u00edan para la malograda expedici\u00f3n del <em>Uruguay,<\/em> en la que se enrolaron tres hijos del expresidente Prado: Leoncio, Grocio y Justo. Varados en New York, al fracasar el plan del <em>Uruguay<\/em>, los dos \u00faltimos hermanos Prado lograr\u00edan su prop\u00f3sito de luchar por la independencia cubana, uni\u00e9ndose a su Ej\u00e9rcito Libertador. Uno de ellos, Grocio, combati\u00f3 junto a M\u00e1ximo G\u00f3mez hasta el final de la contienda independentista (1878).<\/p>\n\n\n\n<figure class=\"wp-block-image is-style-default\"><img decoding=\"async\" src=\"https:\/\/informefracto.com\/wp-content\/uploads\/2020\/12\/Madre-Am\u00e9rica-Per\u00fa-2.jpeg\" alt=\"\" class=\"wp-image-35212\"\/><\/figure>\n\n\n\n<p class=\"wp-block-paragraph\">Por su parte, Leoncio Prado, despu\u00e9s de infructuosos intentos de obtener un buque para artillarlo y dedicarlo a hostilizar a Espa\u00f1a, se apoder\u00f3 por la fuerza del vapor hispano <em>Moctezuma<\/em>, cuando sal\u00eda de Puerto Plata (Rep\u00fablica Dominicana), el 7 de noviembre de 1876. Leoncio, acompa\u00f1ado de s\u00f3lo diez cubanos, mantuvo en jaque a la marina espa\u00f1ola que lo perseguir\u00eda hasta enero del a\u00f1o siguiente. Ante la imposibilidad de poder mantener navegando el buque, sus tripulantes quemaron el <em>C\u00e9spedes<\/em>, nuevo nombre dado a la embarcaci\u00f3n, frente a las costas centroamericanas y se refugiaron en Honduras. Leoncio volvi\u00f3 entonces a New York a hacer campa\u00f1a a favor de Cuba y fue ascendido a coronel del Ej\u00e9rcito Libertador, hasta que la proximidad de la guerra de su pa\u00eds con Chile lo oblig\u00f3 a regresar a su patria, en la que pele\u00f3 heroicamente en la batalla de Huamachuco (1883). Herido y postrado en una cama, fue fusilado por los invasores.<\/p>\n\n\n\n<p class=\"wp-block-paragraph\">Uno de las \u00faltimas acciones peruanas a favor de la causa cubana durante la Guerra de los Diez A\u00f1os (1868-1878) provino precisamente del mencionado presidente Prado, qui\u00e9n en 1876, v\u00edsperas de ocupar por segunda vez la jefatura del estado, declar\u00f3: \u201c<em>Demos al mundo un hermoso ejemplo ayudando y auxiliando a nuestros hermanos de Cuba en sus sacrificios por la patria<\/em>.\u201d El propio mandatario invit\u00f3 a un representante de la Rep\u00fablica de Cuba en Armas al Congreso de Jurisconsultos Americanos de Lima (1877), argumentado que <em>\u201cPara el gobierno del Per\u00fa, que hace largo tiempo reconoci\u00f3 la independencia de Cuba, ha entrado ya, esta importante fracci\u00f3n de la Am\u00e9rica, en el rol de los Estados soberanos; y, no obstante, las circunstancias en que se halla colocada esa nueva nacionalidad, por efecto de la heroica lucha que a\u00fan sostiene, cree de su deber convocarla, como tiene el honor de hacerlo por mi conducto, a tomar parte en la formaci\u00f3n de ese Congreso<\/em>.\u201d<\/p>\n\n\n\n<p class=\"wp-block-paragraph\">Fuente: www.informefracto.com &#8211; 11 de diciembre de 2020<\/p>\n\n\n\n<div style=\"height:20px\" aria-hidden=\"true\" class=\"wp-block-spacer\"><\/div>\n\n\n\n<p class=\"has-very-light-gray-color has-vivid-cyan-blue-background-color has-text-color has-background wp-block-paragraph\"><strong>Publicado por ADHILAC Internacional \u00a9 www.adhilac.com.ar<\/strong><\/p>\n\n\n\n<p class=\"has-vivid-cyan-blue-color has-very-light-gray-background-color has-text-color has-background wp-block-paragraph\"> Si Ud. desea asociarse de acuerdo a los Estatutos de ADHILAC&nbsp;<a href=\"https:\/\/adhilac.com.ar\/?page_id=263\">(ver)<\/a> complete el siguiente formulario&nbsp;(<a href=\"https:\/\/adhilac.com.ar\/?page_id=4779\">ver<\/a>)<\/p>\n\n\n\n<p class=\"has-very-light-gray-color has-vivid-cyan-blue-background-color has-text-color has-background wp-block-paragraph\"> E-mail:&nbsp;info@adhilac.com.ar <\/p>\n\n\n\n<p class=\"has-very-light-gray-color has-vivid-cyan-blue-background-color has-text-color has-background wp-block-paragraph\"> Twitter: @AdhilacInfo <\/p>\n\n\n\n<div class=\"wp-block-image is-style-default\"><figure class=\"aligncenter size-large\"><img loading=\"lazy\" decoding=\"async\" width=\"85\" height=\"85\" src=\"https:\/\/adhilac.com.ar\/wp-content\/uploads\/2015\/02\/Logo-ADHILAC-Internacional-PEQ.jpg\" alt=\"\" class=\"wp-image-10473\"\/><\/figure><\/div>\n\n\n\n<p class=\"wp-block-paragraph\">Ver <a href=\"https:\/\/adhilac.com.ar\/?page_id=541\">Presentaci\u00f3n de ADHILAC<\/a><\/p>\n\n\n\n<div style=\"height:20px\" aria-hidden=\"true\" class=\"wp-block-spacer\"><\/div>\n\n\n\n<div class=\"wp-block-group\"><div class=\"wp-block-group__inner-container is-layout-flow wp-block-group-is-layout-flow\">\n<p class=\"has-text-align-center has-very-light-gray-color has-vivid-cyan-blue-background-color has-text-color has-background wp-block-paragraph\"><strong><a href=\"https:\/\/adhilac.com.ar\/?page_id=541\">QUIENES SOMOS<\/a><\/strong><\/p>\n\n\n\n<p class=\"has-text-align-center has-vivid-cyan-blue-color has-very-light-gray-background-color has-text-color has-background wp-block-paragraph\"><strong><a href=\"https:\/\/adhilac.com.ar\/?page_id=15507\">DIRECTIVA DE ADHILAC INTERNACIONAL<\/a><\/strong><\/p>\n\n\n\n<p class=\"has-text-align-center has-very-light-gray-color has-vivid-cyan-blue-background-color has-text-color has-background wp-block-paragraph\"><strong><a href=\"https:\/\/adhilac.com.ar\/?page_id=267\">Declaraci\u00f3n de Caracas de ADHILAC (2007)<\/a><\/strong><\/p>\n\n\n\n<p class=\"has-text-align-center has-vivid-cyan-blue-color has-very-light-gray-background-color has-text-color has-background wp-block-paragraph\"><strong><a href=\"https:\/\/adhilac.com.ar\/?page_id=15873\">ADHILAC: Historia &#8211; Historidorxs<\/a><\/strong><\/p>\n\n\n\n<p class=\"has-text-align-center has-very-light-gray-color has-vivid-cyan-blue-background-color has-text-color has-background wp-block-paragraph\"><strong><a href=\"https:\/\/adhilac.com.ar\/?page_id=15876\">ADHILAC 20 a\u00f1os despu\u00e9s (1974-1994)<\/a> <\/strong><\/p>\n\n\n\n<p class=\"has-text-align-center has-vivid-cyan-blue-color has-very-light-gray-background-color has-text-color has-background wp-block-paragraph\"><strong><a href=\"https:\/\/adhilac.com.ar\/?page_id=15861\">ADHILAC Breve Historia<\/a> <\/strong><\/p>\n\n\n\n<p class=\"has-text-align-center has-very-light-gray-color has-vivid-cyan-blue-background-color has-text-color has-background wp-block-paragraph\"><strong><a href=\"https:\/\/adhilac.com.ar\/?page_id=15887\">ADHILAC: Miembrxs fundadores<\/a><\/strong><\/p>\n\n\n\n<p class=\"has-text-align-center has-vivid-cyan-blue-color has-very-light-gray-background-color has-text-color has-background wp-block-paragraph\"><strong><a href=\"https:\/\/adhilac.com.ar\/?page_id=15943\">ADHILAC: Historiadorxs Destacadxs<\/a><\/strong><\/p>\n\n\n\n<p class=\"has-text-align-center has-very-light-gray-color has-vivid-cyan-blue-background-color has-text-color has-background wp-block-paragraph\"><strong><a href=\"https:\/\/adhilac.com.ar\/?page_id=4779\">SOCIXS<\/a><\/strong><\/p>\n\n\n\n<p class=\"has-text-align-center has-vivid-cyan-blue-color has-very-light-gray-background-color has-text-color has-background wp-block-paragraph\"><strong><a href=\"https:\/\/adhilac.com.ar\/?page_id=263\">Estatutos de ADHILAC<\/a><\/strong><\/p>\n\n\n\n<p class=\"has-text-align-center has-very-light-gray-color has-vivid-cyan-blue-background-color has-text-color has-background wp-block-paragraph\"><strong><a href=\"https:\/\/adhilac.com.ar\/?page_id=8220\">BICENTENARIO<\/a><\/strong><\/p>\n\n\n\n<p class=\"has-text-align-center has-vivid-cyan-blue-color has-very-light-gray-background-color has-text-color has-background wp-block-paragraph\"><strong><a href=\"https:\/\/adhilac.com.ar\/?page_id=8279\">BIBLIOTECA<\/a><\/strong><\/p>\n\n\n\n<p class=\"has-text-align-center has-very-light-gray-color has-vivid-cyan-blue-background-color has-text-color has-background wp-block-paragraph\"><strong><a href=\"https:\/\/adhilac.com.ar\/?page_id=1698\">ENLACES<\/a> <\/strong><\/p>\n\n\n\n<p class=\"has-text-align-center has-vivid-cyan-blue-color has-very-light-gray-background-color has-text-color has-background wp-block-paragraph\"><a href=\"http:\/\/www.ariadnatucma.com.ar\">VISITE ARIADNA TUCMA REVISTA LATINOAMERICANA<\/a><\/p>\n<\/div><\/div>\n","protected":false},"excerpt":{"rendered":"<p>Por Sergio Guerra Vilaboy Hace unos d\u00edas, el embajador de Per\u00fa en La Habana, Guido Toro, me sugiri\u00f3 escribiera sobre el apoyo a la independencia de Cuba del presidente peruano Mariano Prado (1826-1901) y sus hijos Leoncio, Grocio y Justo.<\/p>\n","protected":false},"author":17,"featured_media":0,"comment_status":"closed","ping_status":"closed","sticky":false,"template":"","format":"standard","meta":{"_crdt_document":"","footnotes":""},"categories":[15],"tags":[63,49,411],"class_list":["post-17499","post","type-post","status-publish","format-standard","hentry","category-historia","tag-cuba","tag-independencia","tag-peru"],"_links":{"self":[{"href":"https:\/\/adhilac.com.ar\/index.php?rest_route=\/wp\/v2\/posts\/17499","targetHints":{"allow":["GET"]}}],"collection":[{"href":"https:\/\/adhilac.com.ar\/index.php?rest_route=\/wp\/v2\/posts"}],"about":[{"href":"https:\/\/adhilac.com.ar\/index.php?rest_route=\/wp\/v2\/types\/post"}],"author":[{"embeddable":true,"href":"https:\/\/adhilac.com.ar\/index.php?rest_route=\/wp\/v2\/users\/17"}],"replies":[{"embeddable":true,"href":"https:\/\/adhilac.com.ar\/index.php?rest_route=%2Fwp%2Fv2%2Fcomments&post=17499"}],"version-history":[{"count":1,"href":"https:\/\/adhilac.com.ar\/index.php?rest_route=\/wp\/v2\/posts\/17499\/revisions"}],"predecessor-version":[{"id":17501,"href":"https:\/\/adhilac.com.ar\/index.php?rest_route=\/wp\/v2\/posts\/17499\/revisions\/17501"}],"wp:attachment":[{"href":"https:\/\/adhilac.com.ar\/index.php?rest_route=%2Fwp%2Fv2%2Fmedia&parent=17499"}],"wp:term":[{"taxonomy":"category","embeddable":true,"href":"https:\/\/adhilac.com.ar\/index.php?rest_route=%2Fwp%2Fv2%2Fcategories&post=17499"},{"taxonomy":"post_tag","embeddable":true,"href":"https:\/\/adhilac.com.ar\/index.php?rest_route=%2Fwp%2Fv2%2Ftags&post=17499"}],"curies":[{"name":"wp","href":"https:\/\/api.w.org\/{rel}","templated":true}]}}