{"id":17513,"date":"2020-12-05T09:45:00","date_gmt":"2020-12-05T12:45:00","guid":{"rendered":"https:\/\/adhilac.com.ar\/?p=17513"},"modified":"2020-12-15T09:46:25","modified_gmt":"2020-12-15T12:46:25","slug":"resena-tres-revoluciones-latinoamericanas","status":"publish","type":"post","link":"https:\/\/adhilac.com.ar\/?p=17513","title":{"rendered":"Rese\u00f1a: \u00abTres revoluciones latinoamericanas\u00bb"},"content":{"rendered":"\n<figure class=\"wp-block-image size-large is-resized is-style-rounded\"><img loading=\"lazy\" decoding=\"async\" src=\"https:\/\/adhilac.com.ar\/wp-content\/uploads\/2020\/12\/Tres-Revoluciones-800x413.jpg\" alt=\"\" class=\"wp-image-17514\" width=\"561\" height=\"289\" srcset=\"https:\/\/adhilac.com.ar\/wp-content\/uploads\/2020\/12\/Tres-Revoluciones-800x413.jpg 800w, https:\/\/adhilac.com.ar\/wp-content\/uploads\/2020\/12\/Tres-Revoluciones-300x155.jpg 300w, https:\/\/adhilac.com.ar\/wp-content\/uploads\/2020\/12\/Tres-Revoluciones-768x396.jpg 768w, https:\/\/adhilac.com.ar\/wp-content\/uploads\/2020\/12\/Tres-Revoluciones.jpg 1024w\" sizes=\"auto, (max-width: 561px) 100vw, 561px\" \/><\/figure>\n\n\n\n<p class=\"wp-block-paragraph\">PorJuan J. Paz y Mi\u00f1o Cepeda<\/p>\n\n\n\n<p class=\"wp-block-paragraph\">Se public\u00f3, recientemente, el libro titulado <em>Tres Revoluciones que Estremecieron el Continente en el Siglo XX. M\u00e9xico, Cuba y Nicaragua <\/em>(2020), escrito por tres reconocidos historiadores: el cubano Sergio Guerra Vilaboy, el mexicano Alejo Maldonado Gallardo y el colombiano Roberto Gonz\u00e1lez Arana. <\/p>\n\n\n\n<!--more-->\n\n\n\n<p class=\"wp-block-paragraph\">Ellos pertenecen a la Asociaci\u00f3n de Historiadores Latinoamericanos y del Caribe (ADHILAC: <a href=\"http:\/\/www.adhilac.com.ar\">www.adhilac.com.ar<\/a>), cuyos encuentros, congresos y actividades han permitido que un amplio n\u00famero de investigadores dedicados a Nuestra Am\u00e9rica Latina, mantengamos estrecha comunicaci\u00f3n y contribuyamos al conocimiento de la historia de esta regi\u00f3n desde una perspectiva social y progresista.<\/p>\n\n\n\n<p class=\"wp-block-paragraph\">Esta apasionante obra, de indetenible lectura por su trama y la frescura de los textos, merece destacarse por su importancia para el presente latinoamericano por varias razones. Aunque se dieron en contextos hist\u00f3ricos distintos, las tres revoluciones coincidieron en ciertos procesos: estuvieron precedidas por reg\u00edmenes autoritarios y represivos, como fue el de Porfirio D\u00edaz (y Victoriano Huerta) en M\u00e9xico, la dictadura de Fulgencio Batista en Cuba y la dinast\u00eda de los Somoza en Nicaragua (estas \u00faltimas, adem\u00e1s, sanguinarias); para enfrentarlos se requiri\u00f3 de la lucha armada y un amplio respaldo popular, que en M\u00e9xico fue marcadamente rural y masivamente campesino e ind\u00edgena, mientras en Cuba y Nicaragua las guerrillas encabezaron la resistencia y movilizaci\u00f3n populares en el campo y las ciudades; las tres revoluciones vencieron a los ej\u00e9rcitos regulares y, desde el poder, construyeron la nueva institucionalidad estatal; tuvieron claras orientaciones sociales y alteraron la hegemon\u00eda que hab\u00edan mantenido las oligarqu\u00edas internas y las burgues\u00edas en ascenso; despertaron la inquietud y el intervencionismo de los EEUU, que en M\u00e9xico procur\u00f3 influir sobre el rumbo de los acontecimientos; mientras en Nicaragua se orient\u00f3 a liquidar el proceso, hasta lograrlo; y en Cuba despleg\u00f3, hasta el presente, el m\u00e1s impresionante e ileg\u00edtimo bloqueo que haya sufrido un pa\u00eds en el mundo contempor\u00e1neo, sin lograr abatirlo.<\/p>\n\n\n\n<p class=\"wp-block-paragraph\">Precisamente lo que distingue a la obra es el pormenorizado seguimiento que se hace de los procesos r\u00e1pidamente referidos. Alejo Maldonado detalla cada episodio de la revoluci\u00f3n en M\u00e9xico (1910-1940), en la que se evidencia c\u00f3mo la trama pol\u00edtica de la compleja estructura de clases volv\u00eda, a las capas altas de la sociedad y sus dirigentes, en freno permanente contra la \u201cradicalidad\u201d de las masas, a las que siempre procuraron apartarlas; pero, al mismo tiempo, c\u00f3mo esta presencia fue la determinante para que el pa\u00eds asumiera una orientaci\u00f3n social in\u00e9dita en la \u00e9poca. Sergio Guerra igualmente sigue paso a paso el camino de Cuba (1953-hoy), gestado desde las primeras reacciones contra Batista, pasando por el triunfo popular y de all\u00ed a la edificaci\u00f3n del socialismo hasta nuestros d\u00edas. Roberto Gonz\u00e1lez describe los or\u00edgenes de la dinast\u00eda Somoza y c\u00f3mo literalmente este clan se convirti\u00f3 en due\u00f1o econ\u00f3mico del pa\u00eds, y detalla el despegue del sandinismo y su triunfo, que tambi\u00e9n tuvo que ver con la ruptura de un sector de las elites dominantes con el gobierno de Anastasio Somoza; pormenoriza sobre la d\u00e9cada sandinista y analiza las razones de su derrota electoral en 1990, que frustr\u00f3, como dice el autor, \u201cun sue\u00f1o\u201d; pero, adem\u00e1s, con agudo sentido cr\u00edtico, deja una ligera apreciaci\u00f3n sobre el gobierno de Daniel Ortega, 40 a\u00f1os m\u00e1s tarde de aquella historia sandinista, y juzga que instaur\u00f3 un gobierno represor y que ha desconocido las libertades.<\/p>\n\n\n\n<p class=\"wp-block-paragraph\">El estudio de la Revoluci\u00f3n Mexicana tiene crucial importancia para descubrir c\u00f3mo los mecanismos de la pol\u00edtica pueden limitar la v\u00eda de la transformaci\u00f3n definitiva de una sociedad latinoamericana, si no se logra imponer la hegemon\u00eda y el poder de los sectores populares. La Revoluci\u00f3n Cubana, cercada por todas partes y afectada en forma inesperada por el derrumbe del socialismo en la URSS, merece particular atenci\u00f3n precisamente en el \u201cper\u00edodo especial\u201d que arranc\u00f3 al avanzar la d\u00e9cada de 1990, porque la conducci\u00f3n pol\u00edtica logr\u00f3 sortear el problema hist\u00f3rico m\u00e1s serio vivido por la isla, en su objetivo por construir el socialismo. Pero la Revoluci\u00f3n Sandinista tiene un inter\u00e9s que no puede dejar de analizarse en forma profunda y detallada, porque la conjunci\u00f3n de iniciales logros sociales y hasta de recuperaci\u00f3n econ\u00f3mica, se vuelve dif\u00edcil de mantener al poco tiempo y fue preciso tomar una serie de medidas de ajuste y estabilizaci\u00f3n, que demostraron los l\u00edmites y equivocaciones que el sandinismo no pudo solucionar, en lo que Roberto realiza un sustancioso an\u00e1lisis.<\/p>\n\n\n\n<p class=\"wp-block-paragraph\">Desde luego, quedan una cantidad de asuntos por reflexionar sobre la historia de las tres revoluciones mencionadas. Sergio y Alejo comprueban el liderazgo de Fidel Castro en Cuba y de L\u00e1zaro C\u00e1rdenas en M\u00e9xico, lo cual invita a tomar en cuenta la importancia de las personalidades en la historia. Inquieta el tema de la determinaci\u00f3n de las clases sociales que encabezaron esas transformaciones, un asunto nada f\u00e1cil, porque es evidente que no se puede hablar, en forma dogm\u00e1tica, de \u201crevoluciones proletarias\u201d que procuraron instalar la \u201cdictadura del proletariado\u201d y mucho menos en el caso de M\u00e9xico. En cuanto a Cuba, tambi\u00e9n es evidente que la masiva salida del pa\u00eds de las capas otrora dominantes, libr\u00f3 a la pol\u00edtica interna de las resistencias que las burgues\u00edas presentaron en Nicaragua al poder sandinista. No es nada despreciable la dimensi\u00f3n que puede alcanzar el intervencionismo de los EEUU con sus sanciones, recursos o bloqueos. Las experiencias de Nicaragua y la que sigue viviendo Cuba, demuestran c\u00f3mo quedan afectadas las econom\u00edas de los pa\u00edses latinoamericanos con semejantes acciones imperialistas. Ahora tambi\u00e9n es Venezuela la que ofrece ese mismo espejo.<\/p>\n\n\n\n<p class=\"wp-block-paragraph\">Finalmente, los mismos autores de la obra subrayan que la historia de Am\u00e9rica Latina ha sido marcada por las revoluciones desde los tiempos de Sim\u00f3n Bol\u00edvar; a las independencias siguieron las revoluciones liberales; y en el siglo XX las tres m\u00e1s importantes y decisivas que ellos han estudiado. Pero no son las \u00fanicas, porque podr\u00edan unirse otras como la guatemalteca o la boliviana. Adem\u00e1s, permanentemente hay luchas y revueltas contra la dominaci\u00f3n. Unos procesos llegan a ser exitosos y otros no. Pero es imposible dejar de observar, dicen los autores, la impronta hist\u00f3rica de las revoluciones latinoamericanas en nuestro presente. Afirman: \u201c<em>Los acontecimientos que a diario sacuden al hemisferio, desde la sublevaci\u00f3n en 1994 del Ej\u00e9rcito Zapatista de Liberaci\u00f3n Nacional (EZLN) en Chiapas (M\u00e9xico), hasta la eclosi\u00f3n de movimientos sociales de diferente signo como los registrados en el pasado reciente en la Am\u00e9rica del Sur -la revoluci\u00f3n ciudadana de Ecuador, la bolivariana de Venezuela, etc.-, demuestran que las revoluciones no han envejecido o desaparecido para siempre del escenario continental, sino que, por el contrario, se mantienen latentes, reapareciendo y modificando el curso de la historia en los momentos m\u00e1s inesperados<\/em>\u201d.<\/p>\n\n\n\n<p class=\"wp-block-paragraph\">Fuente: www.informefracto.com &#8211; 4 de diciembre de 2020<\/p>\n\n\n\n<div class=\"wp-block-group\"><div class=\"wp-block-group__inner-container is-layout-flow wp-block-group-is-layout-flow\">\n<div style=\"height:43px\" aria-hidden=\"true\" class=\"wp-block-spacer\"><\/div>\n\n\n\n<p class=\"has-very-light-gray-color has-vivid-cyan-blue-background-color has-text-color has-background wp-block-paragraph\"><strong>Publicado por ADHILAC Internacional \u00a9 www.adhilac.com.ar<\/strong><\/p>\n\n\n\n<p class=\"has-vivid-cyan-blue-color has-very-light-gray-background-color has-text-color has-background wp-block-paragraph\"> Si Ud. desea asociarse de acuerdo a los Estatutos de ADHILAC&nbsp;<a href=\"https:\/\/adhilac.com.ar\/?page_id=263\">(ver)<\/a> complete el siguiente formulario&nbsp;(<a href=\"https:\/\/adhilac.com.ar\/?page_id=4779\">ver<\/a>)<\/p>\n\n\n\n<p class=\"has-very-light-gray-color has-vivid-cyan-blue-background-color has-text-color has-background wp-block-paragraph\"> E-mail:&nbsp;info@adhilac.com.ar <\/p>\n\n\n\n<p class=\"has-very-light-gray-color has-vivid-cyan-blue-background-color has-text-color has-background wp-block-paragraph\"> Twitter: @AdhilacInfo <\/p>\n\n\n\n<div class=\"wp-block-image is-style-default\"><figure class=\"aligncenter size-large\"><img loading=\"lazy\" decoding=\"async\" width=\"85\" height=\"85\" src=\"https:\/\/adhilac.com.ar\/wp-content\/uploads\/2015\/02\/Logo-ADHILAC-Internacional-PEQ.jpg\" alt=\"\" class=\"wp-image-10473\"\/><\/figure><\/div>\n\n\n\n<p class=\"wp-block-paragraph\">Ver <a href=\"https:\/\/adhilac.com.ar\/?page_id=541\">Presentaci\u00f3n de ADHILAC<\/a><\/p>\n<\/div><\/div>\n\n\n\n<div class=\"wp-block-group\"><div class=\"wp-block-group__inner-container is-layout-flow wp-block-group-is-layout-flow\">\n<p class=\"has-text-align-center has-very-light-gray-color has-vivid-cyan-blue-background-color has-text-color has-background wp-block-paragraph\"><strong><a href=\"https:\/\/adhilac.com.ar\/?page_id=541\">QUIENES SOMOS<\/a><\/strong><\/p>\n\n\n\n<p class=\"has-text-align-center has-vivid-cyan-blue-color has-very-light-gray-background-color has-text-color has-background wp-block-paragraph\"><strong><a href=\"https:\/\/adhilac.com.ar\/?page_id=15507\">DIRECTIVA DE ADHILAC INTERNACIONAL<\/a><\/strong><\/p>\n\n\n\n<p class=\"has-text-align-center has-very-light-gray-color has-vivid-cyan-blue-background-color has-text-color has-background wp-block-paragraph\"><strong><a href=\"https:\/\/adhilac.com.ar\/?page_id=267\">Declaraci\u00f3n de Caracas de ADHILAC (2007)<\/a><\/strong><\/p>\n\n\n\n<p class=\"has-text-align-center has-vivid-cyan-blue-color has-very-light-gray-background-color has-text-color has-background wp-block-paragraph\"><strong><a href=\"https:\/\/adhilac.com.ar\/?page_id=15873\">ADHILAC: Historia &#8211; Historidorxs<\/a><\/strong><\/p>\n\n\n\n<p class=\"has-text-align-center has-very-light-gray-color has-vivid-cyan-blue-background-color has-text-color has-background wp-block-paragraph\"><strong><a href=\"https:\/\/adhilac.com.ar\/?page_id=15876\">ADHILAC 20 a\u00f1os despu\u00e9s (1974-1994)<\/a> <\/strong><\/p>\n\n\n\n<p class=\"has-text-align-center has-vivid-cyan-blue-color has-very-light-gray-background-color has-text-color has-background wp-block-paragraph\"><strong><a href=\"https:\/\/adhilac.com.ar\/?page_id=15861\">ADHILAC Breve Historia<\/a> <\/strong><\/p>\n\n\n\n<p class=\"has-text-align-center has-very-light-gray-color has-vivid-cyan-blue-background-color has-text-color has-background wp-block-paragraph\"><strong><a href=\"https:\/\/adhilac.com.ar\/?page_id=15887\">ADHILAC: Miembrxs fundadores<\/a><\/strong><\/p>\n\n\n\n<p class=\"has-text-align-center has-vivid-cyan-blue-color has-very-light-gray-background-color has-text-color has-background wp-block-paragraph\"><strong><a href=\"https:\/\/adhilac.com.ar\/?page_id=15943\">ADHILAC: Historiadorxs Destacadxs<\/a><\/strong><\/p>\n\n\n\n<p class=\"has-text-align-center has-very-light-gray-color has-vivid-cyan-blue-background-color has-text-color has-background wp-block-paragraph\"><strong><a href=\"https:\/\/adhilac.com.ar\/?page_id=4779\">SOCIXS<\/a><\/strong><\/p>\n\n\n\n<p class=\"has-text-align-center has-vivid-cyan-blue-color has-very-light-gray-background-color has-text-color has-background wp-block-paragraph\"><strong><a href=\"https:\/\/adhilac.com.ar\/?page_id=263\">Estatutos de ADHILAC<\/a><\/strong><\/p>\n\n\n\n<p class=\"has-text-align-center has-very-light-gray-color has-vivid-cyan-blue-background-color has-text-color has-background wp-block-paragraph\"><strong><a href=\"https:\/\/adhilac.com.ar\/?page_id=8220\">BICENTENARIO<\/a><\/strong><\/p>\n\n\n\n<p class=\"has-text-align-center has-vivid-cyan-blue-color has-very-light-gray-background-color has-text-color has-background wp-block-paragraph\"><strong><a href=\"https:\/\/adhilac.com.ar\/?page_id=8279\">BIBLIOTECA<\/a><\/strong><\/p>\n\n\n\n<p class=\"has-text-align-center has-very-light-gray-color has-vivid-cyan-blue-background-color has-text-color has-background wp-block-paragraph\"><strong><a href=\"https:\/\/adhilac.com.ar\/?page_id=1698\">ENLACES<\/a> <\/strong><\/p>\n\n\n\n<p class=\"has-text-align-center has-vivid-cyan-blue-color has-very-light-gray-background-color has-text-color has-background wp-block-paragraph\"><a href=\"http:\/\/www.ariadnatucma.com.ar\">VISITE ARIADNA TUCMA REVISTA LATINOAMERICANA<\/a><\/p>\n<\/div><\/div>\n","protected":false},"excerpt":{"rendered":"<p>PorJuan J. Paz y Mi\u00f1o Cepeda Se public\u00f3, recientemente, el libro titulado Tres Revoluciones que Estremecieron el Continente en el Siglo XX. M\u00e9xico, Cuba y Nicaragua (2020), escrito por tres reconocidos historiadores: el cubano Sergio Guerra Vilaboy, el mexicano Alejo Maldonado Gallardo y el colombiano Roberto Gonz\u00e1lez Arana.<\/p>\n","protected":false},"author":18,"featured_media":0,"comment_status":"closed","ping_status":"closed","sticky":false,"template":"","format":"standard","meta":{"_crdt_document":"","footnotes":""},"categories":[15,40,7],"tags":[13,138,379],"class_list":["post-17513","post","type-post","status-publish","format-standard","hentry","category-historia","category-informaciones","category-publicac-info","tag-america-latina","tag-revoluciones","tag-siglo-xx"],"_links":{"self":[{"href":"https:\/\/adhilac.com.ar\/index.php?rest_route=\/wp\/v2\/posts\/17513","targetHints":{"allow":["GET"]}}],"collection":[{"href":"https:\/\/adhilac.com.ar\/index.php?rest_route=\/wp\/v2\/posts"}],"about":[{"href":"https:\/\/adhilac.com.ar\/index.php?rest_route=\/wp\/v2\/types\/post"}],"author":[{"embeddable":true,"href":"https:\/\/adhilac.com.ar\/index.php?rest_route=\/wp\/v2\/users\/18"}],"replies":[{"embeddable":true,"href":"https:\/\/adhilac.com.ar\/index.php?rest_route=%2Fwp%2Fv2%2Fcomments&post=17513"}],"version-history":[{"count":3,"href":"https:\/\/adhilac.com.ar\/index.php?rest_route=\/wp\/v2\/posts\/17513\/revisions"}],"predecessor-version":[{"id":17520,"href":"https:\/\/adhilac.com.ar\/index.php?rest_route=\/wp\/v2\/posts\/17513\/revisions\/17520"}],"wp:attachment":[{"href":"https:\/\/adhilac.com.ar\/index.php?rest_route=%2Fwp%2Fv2%2Fmedia&parent=17513"}],"wp:term":[{"taxonomy":"category","embeddable":true,"href":"https:\/\/adhilac.com.ar\/index.php?rest_route=%2Fwp%2Fv2%2Fcategories&post=17513"},{"taxonomy":"post_tag","embeddable":true,"href":"https:\/\/adhilac.com.ar\/index.php?rest_route=%2Fwp%2Fv2%2Ftags&post=17513"}],"curies":[{"name":"wp","href":"https:\/\/api.w.org\/{rel}","templated":true}]}}