{"id":17525,"date":"2020-12-16T18:45:00","date_gmt":"2020-12-16T21:45:00","guid":{"rendered":"https:\/\/adhilac.com.ar\/?p=17525"},"modified":"2021-01-03T18:52:00","modified_gmt":"2021-01-03T21:52:00","slug":"agonia-del-libertador","status":"publish","type":"post","link":"https:\/\/adhilac.com.ar\/?p=17525","title":{"rendered":"Agon\u00eda del Libertador"},"content":{"rendered":"\n<div class=\"wp-block-image is-style-default\"><figure class=\"aligncenter size-large is-resized\"><img loading=\"lazy\" decoding=\"async\" src=\"https:\/\/adhilac.com.ar\/wp-content\/uploads\/2021\/01\/simon-bolivar-x-martin-tovar-y-tovar-1883-800x413.jpg\" alt=\"\" class=\"wp-image-17526\" width=\"628\" height=\"324\" srcset=\"https:\/\/adhilac.com.ar\/wp-content\/uploads\/2021\/01\/simon-bolivar-x-martin-tovar-y-tovar-1883-800x413.jpg 800w, https:\/\/adhilac.com.ar\/wp-content\/uploads\/2021\/01\/simon-bolivar-x-martin-tovar-y-tovar-1883-300x155.jpg 300w, https:\/\/adhilac.com.ar\/wp-content\/uploads\/2021\/01\/simon-bolivar-x-martin-tovar-y-tovar-1883-768x396.jpg 768w, https:\/\/adhilac.com.ar\/wp-content\/uploads\/2021\/01\/simon-bolivar-x-martin-tovar-y-tovar-1883.jpg 1024w\" sizes=\"auto, (max-width: 628px) 100vw, 628px\" \/><figcaption>Sim\u00f3n Bol\u00edvar. Martin Tovar y Tovar. 1883<\/figcaption><\/figure><\/div>\n\n\n\n<p class=\"wp-block-paragraph\"><strong>Por Sergio Guerra Vilaboy <\/strong><\/p>\n\n\n\n<p class=\"wp-block-paragraph\">El 17 de diciembre de 1830, hace 190 a\u00f1os, falleci\u00f3 Sim\u00f3n Bol\u00edvar en la Quinta de San Pedro Alejandrino en Santa Marta (Colombia), donde hab\u00eda encontrado refugio ante el grave deterioro de su salud, despu\u00e9s de renunciar a la presidencia de la gran rep\u00fablica que hab\u00eda fundado precisamente ese mismo d\u00eda en 1819. Al morir, con 47 a\u00f1os de edad, estaba acompa\u00f1ado por su m\u00e9dico de cabecera, el franc\u00e9s Alejandro Pr\u00f3spero R\u00e9v\u00e9rend, y sus edecanes, los m\u00e1s fieles altos oficiales de su ej\u00e9rcito, junto a amigos \u00edntimos.<\/p>\n\n\n\n<!--more-->\n\n\n\n<p class=\"wp-block-paragraph\">El 8 de mayo de 1820, el <em>Libertador<\/em> hab\u00eda dejado Bogot\u00e1, capital de la <em>gran<\/em> Colombia, en medio del silencio hostil de sus enemigos, para viajar por el r\u00edo Magdalena hacia Cartagena, con la finalidad de abandonar el pa\u00eds, traves\u00eda que recre\u00f3 Gabriel Garc\u00eda M\u00e1rquez en su conocida novela <em>El general en su laberinto<\/em> (1989). Al llegar a la costa atl\u00e1ntica colombiana, su maltrecha salud hab\u00eda empeorado, descansando en Cartagena, Soledad y Barranquilla, hasta que finalmente, el 1 de diciembre, se traslad\u00f3 a Santa Marta. Aqu\u00ed fue alojado primero en el edificio de la Aduana, hasta que una semana despu\u00e9s se mud\u00f3 a la finca San Pedro Alejandrino del gaditano Joaqu\u00edn Mier, en las afueras de la propia villa, con mejores condiciones para su atenci\u00f3n.<\/p>\n\n\n\n<p class=\"wp-block-paragraph\">El doctor R\u00e9v\u00e9rend le hab\u00eda diagnosticado un antiguo padecimiento pulmonar para cuya curaci\u00f3n, siguiendo los criterios de la \u00e9poca, indic\u00f3 ars\u00e9nico. Al parecer, este remedio agrav\u00f3 la tuberculosis, que era su verdadera enfermedad, seg\u00fan el an\u00e1lisis cient\u00edfico efectuado a sus restos en Caracas (2010). El acelerado debilitamiento f\u00edsico del <em>Libertador, <\/em>cuyo peso se hab\u00eda reducido a 38 kilogramos<em>,<\/em> era tambi\u00e9n resultado de una profunda depresi\u00f3n al contemplar impotente la destrucci\u00f3n de la obra a la que hab\u00eda consagrado su vida, que lo hizo exclamar angustiado: <em>\u201cHe arado en el mar y sembrado en el viento<\/em>\u201d.<\/p>\n\n\n\n<p class=\"wp-block-paragraph\">La independencia de la mayor parte de la Am\u00e9rica del Sur hab\u00eda sido el resultado de los \u00e9xitos obtenidos por Bol\u00edvar desde 1816, tras su regreso del exilio haitiano, gracias a la adopci\u00f3n de un programa revolucionario que inclu\u00eda la libertad de los esclavos y la redenci\u00f3n de los pueblos originarios. La cadena de victorias militares conseguida desde entonces por el ej\u00e9rcito bolivariano le permitieron la fundaci\u00f3n de Colombia y la liberaci\u00f3n de Per\u00fa y del Alto Per\u00fa.<\/p>\n\n\n\n<p class=\"wp-block-paragraph\">Pero los ambiciosos planes de uni\u00f3n hispanoamericana de Bol\u00edvar se vinieron abajo poco despu\u00e9s de celebrar sus triunfos en el cerr\u00f3 de Potos\u00ed. Aguijoneado por la reacci\u00f3n antibolivariana peruana, nutrida de antiguos oficiales realistas, y la posibilidad de la desintegraci\u00f3n de Colombia, por los planes separatistas de Jos\u00e9 Antonio P\u00e1ez, tuvo que regresar a su patria, seguido poco despu\u00e9s de la forzada evacuaci\u00f3n de sus ej\u00e9rcitos de Per\u00fa y Bolivia. La postura inescrupulosa de la elite peruana, que hab\u00eda tolerado a rega\u00f1adientes al <em>Libertador<\/em> para conseguir la derrota de Espa\u00f1a, lleg\u00f3 al extremo de invadir el propio territorio colombiano, donde fueron derrotados por Antonio Jos\u00e9 de Sucre (1829).<\/p>\n\n\n\n<p class=\"wp-block-paragraph\">La presencia de Bol\u00edvar en Colombia aviv\u00f3 las contradicciones con los partidarios del vicepresidente Francisco de Paula Santander, que le reprochaban su condescendencia con P\u00e1ez, la adopci\u00f3n de amplios poderes y la eliminaci\u00f3n del centralismo fiscal, que hab\u00eda generado el descontento en Quito y Venezuela. A continuaci\u00f3n, vinieron los intentos de magnicidio, como el frustrado por Manuelita S\u00e1enz, el 25 de septiembre de 1828, en el Palacio de San Carlos en Bogot\u00e1, y el levantamiento \u201c<em>liberal\u201d<\/em> en el suroccidente de Colombia, en connivencia con los invasores peruanos. A pesar de la victoria de las armas bolivarianas, el <em>Libertador<\/em> acept\u00f3 el compromiso de restaurar las \u201c<em>libertades civiles<\/em>\u201d que reclamaban sus adversarios y acatar las decisiones de una convenci\u00f3n reunida en 1830, ante la que dimiti\u00f3.<\/p>\n\n\n\n<p class=\"wp-block-paragraph\">En su trayecto a la costa atl\u00e1ntica, despu\u00e9s de dejar la presidencia, conoci\u00f3 del fin de Colombia y, en Cartagena, del asesinato del Gran Mariscal de Ayacucho, a quien consideraba su heredero pol\u00edtico. Abatido por estos fatales sucesos, que sin duda agravaron los males que padec\u00eda, escribi\u00f3 en una \u00faltima proclama, en la propia Quinta de San Pedro Alejandrino, una semana antes de su muerte: <em>\u201cColombianos: Hab\u00e9is presenciado mis esfuerzos para plantear la libertad donde reinaba antes la tiran\u00eda. He sido v\u00edctima de mis perseguidores, que me han conducido a las puertas del sepulcro. Yo los perdono. \u00a1Colombianos! Si mi muerte contribuye para que cesen los partidos y se consolide la Uni\u00f3n, yo bajar\u00e9 tranquilo al sepulcro<\/em>.<em>\u201d<\/em><\/p>\n\n\n\n<p class=\"wp-block-paragraph\">Fuente: www.informefracto.com &#8211; 15 de diciembre de 2020<\/p>\n\n\n\n<div style=\"height:36px\" aria-hidden=\"true\" class=\"wp-block-spacer\"><\/div>\n\n\n\n<p class=\"has-very-light-gray-color has-vivid-cyan-blue-background-color has-text-color has-background wp-block-paragraph\"><strong>Publicado por ADHILAC Internacional \u00a9 www.adhilac.com.ar<\/strong><\/p>\n\n\n\n<p class=\"has-vivid-cyan-blue-color has-very-light-gray-background-color has-text-color has-background wp-block-paragraph\"> Si Ud. desea asociarse de acuerdo a los Estatutos de ADHILAC&nbsp;<a href=\"https:\/\/adhilac.com.ar\/?page_id=263\">(ver)<\/a> complete el siguiente formulario&nbsp;(<a href=\"https:\/\/adhilac.com.ar\/?page_id=4779\">ver<\/a>)<\/p>\n\n\n\n<p class=\"has-very-light-gray-color has-vivid-cyan-blue-background-color has-text-color has-background wp-block-paragraph\"> E-mail:&nbsp;info@adhilac.com.ar <\/p>\n\n\n\n<p class=\"has-very-light-gray-color has-vivid-cyan-blue-background-color has-text-color has-background wp-block-paragraph\"> Twitter: @AdhilacInfo <\/p>\n\n\n\n<div class=\"wp-block-image is-style-default\"><figure class=\"aligncenter size-large\"><img loading=\"lazy\" decoding=\"async\" width=\"85\" height=\"85\" src=\"https:\/\/adhilac.com.ar\/wp-content\/uploads\/2015\/02\/Logo-ADHILAC-Internacional-PEQ.jpg\" alt=\"\" class=\"wp-image-10473\"\/><\/figure><\/div>\n\n\n\n<p class=\"wp-block-paragraph\">Ver <a href=\"https:\/\/adhilac.com.ar\/?page_id=541\">Presentaci\u00f3n de ADHILAC<\/a><\/p>\n\n\n\n<div style=\"height:30px\" aria-hidden=\"true\" class=\"wp-block-spacer\"><\/div>\n\n\n\n<div class=\"wp-block-group\"><div class=\"wp-block-group__inner-container is-layout-flow wp-block-group-is-layout-flow\">\n<p class=\"has-text-align-center has-very-light-gray-color has-vivid-cyan-blue-background-color has-text-color has-background wp-block-paragraph\"><strong><a href=\"https:\/\/adhilac.com.ar\/?page_id=541\">QUIENES SOMOS<\/a><\/strong><\/p>\n\n\n\n<p class=\"has-text-align-center has-vivid-cyan-blue-color has-very-light-gray-background-color has-text-color has-background wp-block-paragraph\"><strong><a href=\"https:\/\/adhilac.com.ar\/?page_id=15507\">DIRECTIVA DE ADHILAC INTERNACIONAL<\/a><\/strong><\/p>\n\n\n\n<p class=\"has-text-align-center has-very-light-gray-color has-vivid-cyan-blue-background-color has-text-color has-background wp-block-paragraph\"><strong><a href=\"https:\/\/adhilac.com.ar\/?page_id=267\">Declaraci\u00f3n de Caracas de ADHILAC (2007)<\/a><\/strong><\/p>\n\n\n\n<p class=\"has-text-align-center has-vivid-cyan-blue-color has-very-light-gray-background-color has-text-color has-background wp-block-paragraph\"><strong><a href=\"https:\/\/adhilac.com.ar\/?page_id=15873\">ADHILAC: Historia &#8211; Historidorxs<\/a><\/strong><\/p>\n\n\n\n<p class=\"has-text-align-center has-very-light-gray-color has-vivid-cyan-blue-background-color has-text-color has-background wp-block-paragraph\"><strong><a href=\"https:\/\/adhilac.com.ar\/?page_id=15876\">ADHILAC 20 a\u00f1os despu\u00e9s (1974-1994)<\/a> <\/strong><\/p>\n\n\n\n<p class=\"has-text-align-center has-vivid-cyan-blue-color has-very-light-gray-background-color has-text-color has-background wp-block-paragraph\"><strong><a href=\"https:\/\/adhilac.com.ar\/?page_id=15861\">ADHILAC Breve Historia<\/a> <\/strong><\/p>\n\n\n\n<p class=\"has-text-align-center has-very-light-gray-color has-vivid-cyan-blue-background-color has-text-color has-background wp-block-paragraph\"><strong><a href=\"https:\/\/adhilac.com.ar\/?page_id=15887\">ADHILAC: Miembrxs fundadores<\/a><\/strong><\/p>\n\n\n\n<p class=\"has-text-align-center has-vivid-cyan-blue-color has-very-light-gray-background-color has-text-color has-background wp-block-paragraph\"><strong><a href=\"https:\/\/adhilac.com.ar\/?page_id=15943\">ADHILAC: Historiadorxs Destacadxs<\/a><\/strong><\/p>\n\n\n\n<p class=\"has-text-align-center has-very-light-gray-color has-vivid-cyan-blue-background-color has-text-color has-background wp-block-paragraph\"><strong><a href=\"https:\/\/adhilac.com.ar\/?page_id=4779\">SOCIXS<\/a><\/strong><\/p>\n\n\n\n<p class=\"has-text-align-center has-vivid-cyan-blue-color has-very-light-gray-background-color has-text-color has-background wp-block-paragraph\"><strong><a href=\"https:\/\/adhilac.com.ar\/?page_id=263\">Estatutos de ADHILAC<\/a><\/strong><\/p>\n\n\n\n<p class=\"has-text-align-center has-very-light-gray-color has-vivid-cyan-blue-background-color has-text-color has-background wp-block-paragraph\"><strong><a href=\"https:\/\/adhilac.com.ar\/?page_id=8220\">BICENTENARIO<\/a><\/strong><\/p>\n\n\n\n<p class=\"has-text-align-center has-vivid-cyan-blue-color has-very-light-gray-background-color has-text-color has-background wp-block-paragraph\"><strong><a href=\"https:\/\/adhilac.com.ar\/?page_id=8279\">BIBLIOTECA<\/a><\/strong><\/p>\n\n\n\n<p class=\"has-text-align-center has-very-light-gray-color has-vivid-cyan-blue-background-color has-text-color has-background wp-block-paragraph\"><strong><a href=\"https:\/\/adhilac.com.ar\/?page_id=1698\">ENLACES<\/a> <\/strong><\/p>\n\n\n\n<p class=\"has-text-align-center has-vivid-cyan-blue-color has-very-light-gray-background-color has-text-color has-background wp-block-paragraph\"><a href=\"http:\/\/www.ariadnatucma.com.ar\">VISITE ARIADNA TUCMA REVISTA LATINOAMERICANA<\/a><\/p>\n<\/div><\/div>\n\n\n\n<p class=\"wp-block-paragraph\"><\/p>\n\n\n\n<p class=\"wp-block-paragraph\"><\/p>\n","protected":false},"excerpt":{"rendered":"<p>Por Sergio Guerra Vilaboy El 17 de diciembre de 1830, hace 190 a\u00f1os, falleci\u00f3 Sim\u00f3n Bol\u00edvar en la Quinta de San Pedro Alejandrino en Santa Marta (Colombia), donde hab\u00eda encontrado refugio ante el grave deterioro de su salud, despu\u00e9s de renunciar a la presidencia de la gran rep\u00fablica que hab\u00eda fundado precisamente ese mismo d\u00eda [&hellip;]<\/p>\n","protected":false},"author":17,"featured_media":0,"comment_status":"closed","ping_status":"closed","sticky":false,"template":"","format":"standard","meta":{"_crdt_document":"","footnotes":""},"categories":[15],"tags":[46],"class_list":["post-17525","post","type-post","status-publish","format-standard","hentry","category-historia","tag-simon-bolivar"],"_links":{"self":[{"href":"https:\/\/adhilac.com.ar\/index.php?rest_route=\/wp\/v2\/posts\/17525","targetHints":{"allow":["GET"]}}],"collection":[{"href":"https:\/\/adhilac.com.ar\/index.php?rest_route=\/wp\/v2\/posts"}],"about":[{"href":"https:\/\/adhilac.com.ar\/index.php?rest_route=\/wp\/v2\/types\/post"}],"author":[{"embeddable":true,"href":"https:\/\/adhilac.com.ar\/index.php?rest_route=\/wp\/v2\/users\/17"}],"replies":[{"embeddable":true,"href":"https:\/\/adhilac.com.ar\/index.php?rest_route=%2Fwp%2Fv2%2Fcomments&post=17525"}],"version-history":[{"count":3,"href":"https:\/\/adhilac.com.ar\/index.php?rest_route=\/wp\/v2\/posts\/17525\/revisions"}],"predecessor-version":[{"id":17529,"href":"https:\/\/adhilac.com.ar\/index.php?rest_route=\/wp\/v2\/posts\/17525\/revisions\/17529"}],"wp:attachment":[{"href":"https:\/\/adhilac.com.ar\/index.php?rest_route=%2Fwp%2Fv2%2Fmedia&parent=17525"}],"wp:term":[{"taxonomy":"category","embeddable":true,"href":"https:\/\/adhilac.com.ar\/index.php?rest_route=%2Fwp%2Fv2%2Fcategories&post=17525"},{"taxonomy":"post_tag","embeddable":true,"href":"https:\/\/adhilac.com.ar\/index.php?rest_route=%2Fwp%2Fv2%2Ftags&post=17525"}],"curies":[{"name":"wp","href":"https:\/\/api.w.org\/{rel}","templated":true}]}}