{"id":17540,"date":"2020-12-30T19:06:00","date_gmt":"2020-12-30T22:06:00","guid":{"rendered":"https:\/\/adhilac.com.ar\/?p=17540"},"modified":"2021-01-03T19:09:56","modified_gmt":"2021-01-03T22:09:56","slug":"dessalines-libertador-de-haiti","status":"publish","type":"post","link":"https:\/\/adhilac.com.ar\/?p=17540","title":{"rendered":"Dessalines, Libertador de Hait\u00ed"},"content":{"rendered":"\n<div class=\"wp-block-image is-style-default\"><figure class=\"aligncenter size-large is-resized\"><img loading=\"lazy\" decoding=\"async\" src=\"https:\/\/adhilac.com.ar\/wp-content\/uploads\/2021\/01\/Jean-Jacques-Dessalines-800x480.jpg\" alt=\"\" class=\"wp-image-17541\" width=\"678\" height=\"407\" srcset=\"https:\/\/adhilac.com.ar\/wp-content\/uploads\/2021\/01\/Jean-Jacques-Dessalines-800x480.jpg 800w, https:\/\/adhilac.com.ar\/wp-content\/uploads\/2021\/01\/Jean-Jacques-Dessalines-300x180.jpg 300w, https:\/\/adhilac.com.ar\/wp-content\/uploads\/2021\/01\/Jean-Jacques-Dessalines-768x461.jpg 768w, https:\/\/adhilac.com.ar\/wp-content\/uploads\/2021\/01\/Jean-Jacques-Dessalines.jpg 1000w\" sizes=\"auto, (max-width: 678px) 100vw, 678px\" \/><\/figure><\/div>\n\n\n\n<p class=\"wp-block-paragraph\">Por Sergio Guerra Vilaboy<\/p>\n\n\n\n<!--more-->\n\n\n\n<p class=\"wp-block-paragraph\">El 1 de enero de 1804, ante una imponente multitud reunida en Gonaives, el general Jean Jacques Dessalines (1758-1806), un ex esclavo sublevado desde 1791 en la colonia francesa de Saint Domingue, proclam\u00f3 la Rep\u00fablica de Hait\u00ed, nombre dado por los arauacos a la regi\u00f3n monta\u00f1osa occidental de La Espa\u00f1ola.<\/p>\n\n\n\n<p class=\"wp-block-paragraph\">Dessalines hab\u00eda luchado por su libertad junto a Toussaint Louverture, del que luego fue lugarteniente, y a quien acompa\u00f1\u00f3 en las Tropas Auxiliares al servicio de Espa\u00f1a y, desde 1794, como general de la rep\u00fablica francesa, tras la abolici\u00f3n de la esclavitud por Par\u00eds. Con ese rango, sobresali\u00f3 en la expulsi\u00f3n de los ocupantes espa\u00f1oles e ingleses de la isla. En enero de 1802, cuando Saint Domingue fue invadido por el ej\u00e9rcito del general V\u00edctor E. Leclerc, enviado por Napole\u00f3n para restablecer la esclavitud y el viejo orden colonial, Dessalines combati\u00f3 con dureza a los invasores. Como resultado del entendimiento entre Leclerc y Louverture, en mayo de ese a\u00f1o, Dessalines abandon\u00f3 la lucha contra los franceses y despu\u00e9s del forzado destierro de su jefe, devino en el principal l\u00edder de los antiguos esclavos.<\/p>\n\n\n\n<p class=\"wp-block-paragraph\">A fines de octubre de 1802, Dessalines levant\u00f3 sus tropas y organiz\u00f3 lo que se llam\u00f3 la <em>Arm\u00e9e Indig\u00e8ne<\/em>, denominaci\u00f3n que enlazaba la guerra contra los franceses con la resistencia aborigen a la conquista. Aliado a los jefes mulatos que hab\u00edan sido sus enemigos, tambi\u00e9n sublevados contra las huestes de Napole\u00f3n, que aplicaban una represi\u00f3n indiscriminada, logr\u00f3 organizar un amplio movimiento de liberaci\u00f3n. En el Congreso de Arcahaie, reunido a mediados de mayo de 1803, la jefatura de Dessalines fue confirmada y se adopt\u00f3 como bandera haitiana la tricolor de la revoluci\u00f3n francesa, despojada del color blanco, y con el lema <em>Libertad o Muerte<\/em>.<\/p>\n\n\n\n<p class=\"wp-block-paragraph\">La ofensiva dirigida por Dessalines acorral\u00f3 a las tropas europeas, ya diezmadas por las derrotas y la fiebre amarilla, en Cap Fran\u00e7ois y Mole Saint Nicolas, que se rindieron tras la batalla de Vertieres, el 18 de noviembre de ese a\u00f1o. Como consecuencia, los restos del ej\u00e9rcito napole\u00f3nico se retiraron a la antigua parte espa\u00f1ola de la isla, bajo soberan\u00eda francesa desde el Tratado de Basilea (1795), mientras se vertebraba la primera naci\u00f3n independiente de Am\u00e9rica Latina y la \u00fanica del planeta sin esclavitud.<\/p>\n\n\n\n<p class=\"wp-block-paragraph\">El 6 de octubre de 1804, al conocer la coronaci\u00f3n de Napole\u00f3n en Par\u00eds, Dessalines, para equipararse a su principal enemigo, asumi\u00f3 en la ciudad del Cap el t\u00edtulo de Emperador, con el nombre de Jacques I. Al frente de Hait\u00ed, el gobernante haitiano impuls\u00f3 transformaciones revolucionarias que impidieran el restablecimiento de la esclavitud, expropiado plantaciones y repartiendo tierras. Adem\u00e1s, por la constituci\u00f3n sancionada el 20 de mayo de 1805 se estableci\u00f3 que: \u201cNing\u00fan blanco, cualquiera que sea su nacionalidad, pondr\u00e1 pie en este territorio con el t\u00edtulo de amo o propietario, y en el futuro no podr\u00e1 adquirir ninguna propiedad\u201d.<\/p>\n\n\n\n<p class=\"wp-block-paragraph\">Ante la amenaza de una nueva invasi\u00f3n francesa, Dessalines fortific\u00f3 las ciudades costeras, traslad\u00f3 su capital a Marchand y orden\u00f3 al general Henri Christophe la expulsi\u00f3n de las tropas napole\u00f3nicas concentradas en la parte oriental de la isla, ahora encabezados por el general Jean Louis Ferrand. La exitosa ofensiva del ej\u00e9rcito haitiano acorral\u00f3 a las fuerzas enemigas en la ciudad de Santo Domingo, pero el sitio tuvo que ser levantado ante el pr\u00f3ximo arribo de una escuadra francesa.<\/p>\n\n\n\n<p class=\"wp-block-paragraph\">Para defender a la nueva naci\u00f3n y alcanzar una precaria igualdad social, en medio de la ruina dejada por las incesantes contiendas armadas y el abandono de las plantaciones, Dessalines implant\u00f3 un fuerte autoritarismo militar revestido de monarqu\u00eda. Algunas de sus disposiciones, en particular las dirigidas a restablecer la econom\u00eda mediante la obligaci\u00f3n del trabajo agr\u00edcola, unido a las rencillas entre las elites mulata \u2013a la que amenazaba con inspecciones en el verano de 1806- y la emergente de los generales negros, avivaron el descontento. En ese enrarecido ambiente prosper\u00f3 una conspiraci\u00f3n militar en Port-au-Prince, incitada por agiotistas y traficantes, que el 17 de octubre de 1806 condujo al asesinato en Pont Rouge, mediante una descarga de fusiler\u00eda, del Libertador de Hait\u00ed.<\/p>\n\n\n\n<p class=\"wp-block-paragraph\">Fuente: www.informefracto.com &#8211; 30 de diciembre de 2020<\/p>\n\n\n\n<div style=\"height:33px\" aria-hidden=\"true\" class=\"wp-block-spacer\"><\/div>\n\n\n\n<p class=\"has-very-light-gray-color has-vivid-cyan-blue-background-color has-text-color has-background wp-block-paragraph\"><strong>Publicado por ADHILAC Internacional \u00a9 www.adhilac.com.ar<\/strong><\/p>\n\n\n\n<p class=\"has-vivid-cyan-blue-color has-very-light-gray-background-color has-text-color has-background wp-block-paragraph\"> Si Ud. desea asociarse de acuerdo a los Estatutos de ADHILAC&nbsp;<a href=\"https:\/\/adhilac.com.ar\/?page_id=263\">(ver)<\/a> complete el siguiente formulario&nbsp;(<a href=\"https:\/\/adhilac.com.ar\/?page_id=4779\">ver<\/a>)<\/p>\n\n\n\n<p class=\"has-very-light-gray-color has-vivid-cyan-blue-background-color has-text-color has-background wp-block-paragraph\"> E-mail:&nbsp;info@adhilac.com.ar <\/p>\n\n\n\n<p class=\"has-very-light-gray-color has-vivid-cyan-blue-background-color has-text-color has-background wp-block-paragraph\"> Twitter: @AdhilacInfo <\/p>\n\n\n\n<div class=\"wp-block-image is-style-default\"><figure class=\"aligncenter size-large\"><img loading=\"lazy\" decoding=\"async\" width=\"85\" height=\"85\" src=\"https:\/\/adhilac.com.ar\/wp-content\/uploads\/2015\/02\/Logo-ADHILAC-Internacional-PEQ.jpg\" alt=\"\" class=\"wp-image-10473\"\/><\/figure><\/div>\n\n\n\n<p class=\"wp-block-paragraph\">Ver <a href=\"https:\/\/adhilac.com.ar\/?page_id=541\">Presentaci\u00f3n de ADHILAC<\/a><\/p>\n\n\n\n<div style=\"height:26px\" aria-hidden=\"true\" class=\"wp-block-spacer\"><\/div>\n\n\n","protected":false},"excerpt":{"rendered":"<p>Por Sergio Guerra Vilaboy<\/p>\n","protected":false},"author":17,"featured_media":0,"comment_status":"closed","ping_status":"closed","sticky":false,"template":"","format":"standard","meta":{"_crdt_document":"","footnotes":""},"categories":[15],"tags":[54,1231],"class_list":["post-17540","post","type-post","status-publish","format-standard","hentry","category-historia","tag-haiti","tag-jean-jacques-dessalines"],"_links":{"self":[{"href":"https:\/\/adhilac.com.ar\/index.php?rest_route=\/wp\/v2\/posts\/17540","targetHints":{"allow":["GET"]}}],"collection":[{"href":"https:\/\/adhilac.com.ar\/index.php?rest_route=\/wp\/v2\/posts"}],"about":[{"href":"https:\/\/adhilac.com.ar\/index.php?rest_route=\/wp\/v2\/types\/post"}],"author":[{"embeddable":true,"href":"https:\/\/adhilac.com.ar\/index.php?rest_route=\/wp\/v2\/users\/17"}],"replies":[{"embeddable":true,"href":"https:\/\/adhilac.com.ar\/index.php?rest_route=%2Fwp%2Fv2%2Fcomments&post=17540"}],"version-history":[{"count":1,"href":"https:\/\/adhilac.com.ar\/index.php?rest_route=\/wp\/v2\/posts\/17540\/revisions"}],"predecessor-version":[{"id":17542,"href":"https:\/\/adhilac.com.ar\/index.php?rest_route=\/wp\/v2\/posts\/17540\/revisions\/17542"}],"wp:attachment":[{"href":"https:\/\/adhilac.com.ar\/index.php?rest_route=%2Fwp%2Fv2%2Fmedia&parent=17540"}],"wp:term":[{"taxonomy":"category","embeddable":true,"href":"https:\/\/adhilac.com.ar\/index.php?rest_route=%2Fwp%2Fv2%2Fcategories&post=17540"},{"taxonomy":"post_tag","embeddable":true,"href":"https:\/\/adhilac.com.ar\/index.php?rest_route=%2Fwp%2Fv2%2Ftags&post=17540"}],"curies":[{"name":"wp","href":"https:\/\/api.w.org\/{rel}","templated":true}]}}