{"id":17543,"date":"2021-01-01T19:10:00","date_gmt":"2021-01-01T22:10:00","guid":{"rendered":"https:\/\/adhilac.com.ar\/?p=17543"},"modified":"2021-01-03T19:14:14","modified_gmt":"2021-01-03T22:14:14","slug":"liberacion-de-santa-clara-por-el-che-el-primer-dia-de-1959","status":"publish","type":"post","link":"https:\/\/adhilac.com.ar\/?p=17543","title":{"rendered":"Liberaci\u00f3n de Santa Clara por el Che el primer d\u00eda de 1959"},"content":{"rendered":"\n<div class=\"wp-block-image is-style-default\"><figure class=\"aligncenter size-large is-resized\"><img loading=\"lazy\" decoding=\"async\" src=\"https:\/\/adhilac.com.ar\/wp-content\/uploads\/2021\/01\/Sta-Clara-Che-800x480.jpg\" alt=\"\" class=\"wp-image-17544\" width=\"621\" height=\"372\" srcset=\"https:\/\/adhilac.com.ar\/wp-content\/uploads\/2021\/01\/Sta-Clara-Che-800x480.jpg 800w, https:\/\/adhilac.com.ar\/wp-content\/uploads\/2021\/01\/Sta-Clara-Che-300x180.jpg 300w, https:\/\/adhilac.com.ar\/wp-content\/uploads\/2021\/01\/Sta-Clara-Che-768x461.jpg 768w, https:\/\/adhilac.com.ar\/wp-content\/uploads\/2021\/01\/Sta-Clara-Che.jpg 1000w\" sizes=\"auto, (max-width: 621px) 100vw, 621px\" \/><\/figure><\/div>\n\n\n\n<p class=\"wp-block-paragraph\"><strong>Por Sergio Guerra Vilaboy<\/strong><\/p>\n\n\n\n<p class=\"wp-block-paragraph\">El punto culminante de la exitosa ofensiva final del Ej\u00e9rcito Rebelde, comandado por Fidel Castro, contra la dictadura de Fulgencio Batista fue la batalla por la ciudad de Santa Clara, dirigida por Ernesto <em>Che<\/em> Guevara. Esta urbe, capital de Las Villas, provincia central de Cuba, estaba defendida por el Regimiento 3, cuyo jefe, el general Alberto del Rio Chaviano, hab\u00eda sido remplazado, el 26 de diciembre del 1958, por el general Jos\u00e9 Eleuterio Pedraza. Los efectivos gubernamentales en Santa Clara lo compon\u00edan m\u00e1s de mil soldados y una compa\u00f1\u00eda de tanques ligeros, a los que se sumaban 300 hombres de la Guardia Rural y una cifra similar de polic\u00edas, estos \u00faltimos acuartelados en su jefatura, con dos tanques y dos tanquetas. Adem\u00e1s, estaban los soldados evacuados del resto de la provincia ante el empuje insurgente y algunos refuerzos llegados desde La Habana por v\u00eda a\u00e9rea.<\/p>\n\n\n\n<!--more-->\n\n\n\n<p class=\"wp-block-paragraph\">En medio del retroceso en todos los frentes militares del r\u00e9gimen batistiano, el dictador dominicano Rafael Le\u00f3nidas Trujillo, uno de los abastecedores de armamento a su hom\u00f3logo cubano \u2013con miles de carabinas, municiones, as\u00ed como morteros ligeros-, ofreci\u00f3 el desembarco en las provincias de Las Villas y Oriente de seis batallones de su ej\u00e9rcito regular, unos cinco mil hombres, con todo su equipamiento. La propuesta, confirmada en La Habana por el general dominicano Arturo Espaillat, fue considerada inviable por Batista.<\/p>\n\n\n\n<p class=\"wp-block-paragraph\">El 27 de diciembre de 1958 el cuartel de Palma Soriano en Oriente capitul\u00f3. All\u00ed el Ej\u00e9rcito Rebelde hizo m\u00e1s de 250 prisioneros y obtuvo centenares de armas, en lo que fue considerado el m\u00e1s grande bot\u00edn de guerra obtenido hasta entonces en una sola batalla. Ese mismo d\u00eda se rend\u00edan en la propia provincia oriental las guarniciones batistianas de Cayo Mamb\u00ed y Cueto, obligando al ej\u00e9rcito gubernamental a replegarse a Holgu\u00edn. Tras la liberaci\u00f3n de estos poblados, as\u00ed como de Sagua de T\u00e1namo, la ofensiva rebelde en la zona enfil\u00f3 a Mayar\u00ed, rendida el 31 de diciembre. En Camag\u00fcey, el enemigo tuvo que enviar refuerzos desde Ciego de \u00c1vila y la capital de esa provincia para socorrer la plaza de Jatibonico, asediada por la columna del comandante Ramiro Vald\u00e9s, mientras otras fuerzas insurgentes conquistaban Puerto Padre y Jobabo. Otras populosas ciudades orientales, como Holgu\u00edn, Tunas y Guant\u00e1namo, quedaban cercadas, las dos primeras por las fuerzas del IV Frente de Delio G\u00f3mez Ochoa y la segunda por las del II de Ra\u00fal Castro.<\/p>\n\n\n\n<p class=\"wp-block-paragraph\">Por fin, el 30 de diciembre, tras veinte d\u00edas de terca resistencia, se rindi\u00f3 la fuerza batistiana acantonada en Maffo ante el propio Fidel Castro. Aqu\u00ed fueron hechos m\u00e1s de un centenar de prisioneros y ocupadas decenas de armas y municiones de diversos calibres, por lo que pudo cerrarse el cerco a Santiago de Cuba, la segunda ciudad del pa\u00eds, donde se esperaba un cruento enfrentamiento contra los m\u00e1s de cinco mil soldados gubernamentales. Entretanto, en la provincia de Las Villas, el comandante Camilo Cienfuegos cercaba el cuartel de Yaguajay, que demor\u00f3 su rendici\u00f3n hasta el \u00faltimo d\u00eda del a\u00f1o.&nbsp;<\/p>\n\n\n\n<p class=\"wp-block-paragraph\">En ese contexto se desarroll\u00f3 la toma de Santa Clara. El 29 de diciembre, las tropas del Che, que hab\u00eda ocupado la Universidad Central de Las Villas, penetraron por el noroeste de esa ciudad, mientras las fuerzas aliadas del Directorio Revolucionario, tras liberar Trinidad, lo hac\u00edan por el sur, bajo el azote de la aviaci\u00f3n enemiga. Ante la irrupci\u00f3n rebelde en la capital villare\u00f1a, los batistianos se refugiaron en la estaci\u00f3n de polic\u00eda, varios edificios p\u00fablicos, incluido el Gran Hotel, as\u00ed como en el propio cuartel del Regimiento 3. Ese mismo d\u00eda, los guerrilleros del Che propinaron, con el apoyo de la poblaci\u00f3n, un golpe demoledor al enemigo al descarrilar un tren blindado artillado \u2013dos locomotoras con casi treinta vagones- que transportaba cerca de 400 soldados y 36 oficiales, enviado apresuradamente desde La Habana para reforzar la estrat\u00e9gica plaza de Santa Clara. Su rendici\u00f3n proporcion\u00f3 el m\u00e1s formidable armamento de toda la guerra. Los numerosos prisioneros fueron entregados a la marina de guerra para que los trasladara de Caibari\u00e9n a La Habana, lo que finalmente se hizo por Isabela de Sagua, no sin reticencia del mando enemigo, temeroso de seguir minando la moral de sus tropas<\/p>\n\n\n\n<p class=\"wp-block-paragraph\">El 1 de enero de 1959 el Che logr\u00f3 la capitulaci\u00f3n del \u00faltimo jefe del Regimiento batistiano en Santa Clara, coronel C\u00e1ndido Hern\u00e1ndez, pues los anteriores hab\u00edan desertado. En horas de la madrugada de ese d\u00eda, Batista, al conocer en la base militar de Columbia en La Habana la noticia de la inminente capitulaci\u00f3n de la ciudad, huyo del pa\u00eds con sus colaboradores m\u00e1s allegados. Hab\u00eda triunfado la Revoluci\u00f3n Cubana.<\/p>\n\n\n\n<p class=\"wp-block-paragraph\">Fuente: www.informefracto.com &#8211; 31 de diciembre de 2020<\/p>\n\n\n\n<div style=\"height:26px\" aria-hidden=\"true\" class=\"wp-block-spacer\"><\/div>\n\n\n\n<p class=\"has-very-light-gray-color has-vivid-cyan-blue-background-color has-text-color has-background wp-block-paragraph\"><strong>Publicado por ADHILAC Internacional \u00a9 www.adhilac.com.ar<\/strong><\/p>\n\n\n\n<p class=\"has-vivid-cyan-blue-color has-very-light-gray-background-color has-text-color has-background wp-block-paragraph\"> Si Ud. desea asociarse de acuerdo a los Estatutos de ADHILAC&nbsp;<a href=\"https:\/\/adhilac.com.ar\/?page_id=263\">(ver)<\/a> complete el siguiente formulario&nbsp;(<a href=\"https:\/\/adhilac.com.ar\/?page_id=4779\">ver<\/a>)<\/p>\n\n\n\n<p class=\"has-very-light-gray-color has-vivid-cyan-blue-background-color has-text-color has-background wp-block-paragraph\"> E-mail:&nbsp;info@adhilac.com.ar <\/p>\n\n\n\n<p class=\"has-very-light-gray-color has-vivid-cyan-blue-background-color has-text-color has-background wp-block-paragraph\"> Twitter: @AdhilacInfo <\/p>\n\n\n\n<div class=\"wp-block-image is-style-default\"><figure class=\"aligncenter size-large\"><img loading=\"lazy\" decoding=\"async\" width=\"85\" height=\"85\" src=\"https:\/\/adhilac.com.ar\/wp-content\/uploads\/2015\/02\/Logo-ADHILAC-Internacional-PEQ.jpg\" alt=\"\" class=\"wp-image-10473\"\/><\/figure><\/div>\n\n\n\n<p class=\"wp-block-paragraph\">Ver <a href=\"https:\/\/adhilac.com.ar\/?page_id=541\">Presentaci\u00f3n de ADHILAC<\/a><\/p>\n\n\n\n<div style=\"height:18px\" aria-hidden=\"true\" class=\"wp-block-spacer\"><\/div>\n\n\n\n<div class=\"wp-block-group\"><div class=\"wp-block-group__inner-container is-layout-flow wp-block-group-is-layout-flow\">\n<p class=\"has-text-align-center has-very-light-gray-color has-vivid-cyan-blue-background-color has-text-color has-background wp-block-paragraph\"><strong><a href=\"https:\/\/adhilac.com.ar\/?page_id=541\">QUIENES SOMOS<\/a><\/strong><\/p>\n\n\n\n<p class=\"has-text-align-center has-vivid-cyan-blue-color has-very-light-gray-background-color has-text-color has-background wp-block-paragraph\"><strong><a href=\"https:\/\/adhilac.com.ar\/?page_id=15507\">DIRECTIVA DE ADHILAC INTERNACIONAL<\/a><\/strong><\/p>\n\n\n\n<p class=\"has-text-align-center has-very-light-gray-color has-vivid-cyan-blue-background-color has-text-color has-background wp-block-paragraph\"><strong><a href=\"https:\/\/adhilac.com.ar\/?page_id=267\">Declaraci\u00f3n de Caracas de ADHILAC (2007)<\/a><\/strong><\/p>\n\n\n\n<p class=\"has-text-align-center has-vivid-cyan-blue-color has-very-light-gray-background-color has-text-color has-background wp-block-paragraph\"><strong><a href=\"https:\/\/adhilac.com.ar\/?page_id=15873\">ADHILAC: Historia &#8211; Historidorxs<\/a><\/strong><\/p>\n\n\n\n<p class=\"has-text-align-center has-very-light-gray-color has-vivid-cyan-blue-background-color has-text-color has-background wp-block-paragraph\"><strong><a href=\"https:\/\/adhilac.com.ar\/?page_id=15876\">ADHILAC 20 a\u00f1os despu\u00e9s (1974-1994)<\/a> <\/strong><\/p>\n\n\n\n<p class=\"has-text-align-center has-vivid-cyan-blue-color has-very-light-gray-background-color has-text-color has-background wp-block-paragraph\"><strong><a href=\"https:\/\/adhilac.com.ar\/?page_id=15861\">ADHILAC Breve Historia<\/a> <\/strong><\/p>\n\n\n\n<p class=\"has-text-align-center has-very-light-gray-color has-vivid-cyan-blue-background-color has-text-color has-background wp-block-paragraph\"><strong><a href=\"https:\/\/adhilac.com.ar\/?page_id=15887\">ADHILAC: Miembrxs fundadores<\/a><\/strong><\/p>\n\n\n\n<p class=\"has-text-align-center has-vivid-cyan-blue-color has-very-light-gray-background-color has-text-color has-background wp-block-paragraph\"><strong><a href=\"https:\/\/adhilac.com.ar\/?page_id=15943\">ADHILAC: Historiadorxs Destacadxs<\/a><\/strong><\/p>\n\n\n\n<p class=\"has-text-align-center has-very-light-gray-color has-vivid-cyan-blue-background-color has-text-color has-background wp-block-paragraph\"><strong><a href=\"https:\/\/adhilac.com.ar\/?page_id=4779\">SOCIXS<\/a><\/strong><\/p>\n\n\n\n<p class=\"has-text-align-center has-vivid-cyan-blue-color has-very-light-gray-background-color has-text-color has-background wp-block-paragraph\"><strong><a href=\"https:\/\/adhilac.com.ar\/?page_id=263\">Estatutos de ADHILAC<\/a><\/strong><\/p>\n\n\n\n<p class=\"has-text-align-center has-very-light-gray-color has-vivid-cyan-blue-background-color has-text-color has-background wp-block-paragraph\"><strong><a href=\"https:\/\/adhilac.com.ar\/?page_id=8220\">BICENTENARIO<\/a><\/strong><\/p>\n\n\n\n<p class=\"has-text-align-center has-vivid-cyan-blue-color has-very-light-gray-background-color has-text-color has-background wp-block-paragraph\"><strong><a href=\"https:\/\/adhilac.com.ar\/?page_id=8279\">BIBLIOTECA<\/a><\/strong><\/p>\n\n\n\n<p class=\"has-text-align-center has-very-light-gray-color has-vivid-cyan-blue-background-color has-text-color has-background wp-block-paragraph\"><strong><a href=\"https:\/\/adhilac.com.ar\/?page_id=1698\">ENLACES<\/a> <\/strong><\/p>\n\n\n\n<p class=\"has-text-align-center has-vivid-cyan-blue-color has-very-light-gray-background-color has-text-color has-background wp-block-paragraph\"><a href=\"http:\/\/www.ariadnatucma.com.ar\">VISITE ARIADNA TUCMA REVISTA LATINOAMERICANA<\/a><\/p>\n<\/div><\/div>\n","protected":false},"excerpt":{"rendered":"<p>Por Sergio Guerra Vilaboy El punto culminante de la exitosa ofensiva final del Ej\u00e9rcito Rebelde, comandado por Fidel Castro, contra la dictadura de Fulgencio Batista fue la batalla por la ciudad de Santa Clara, dirigida por Ernesto Che Guevara. Esta urbe, capital de Las Villas, provincia central de Cuba, estaba defendida por el Regimiento 3, [&hellip;]<\/p>\n","protected":false},"author":17,"featured_media":0,"comment_status":"closed","ping_status":"closed","sticky":false,"template":"","format":"standard","meta":{"_crdt_document":"","footnotes":""},"categories":[15],"tags":[138],"class_list":["post-17543","post","type-post","status-publish","format-standard","hentry","category-historia","tag-revoluciones"],"_links":{"self":[{"href":"https:\/\/adhilac.com.ar\/index.php?rest_route=\/wp\/v2\/posts\/17543","targetHints":{"allow":["GET"]}}],"collection":[{"href":"https:\/\/adhilac.com.ar\/index.php?rest_route=\/wp\/v2\/posts"}],"about":[{"href":"https:\/\/adhilac.com.ar\/index.php?rest_route=\/wp\/v2\/types\/post"}],"author":[{"embeddable":true,"href":"https:\/\/adhilac.com.ar\/index.php?rest_route=\/wp\/v2\/users\/17"}],"replies":[{"embeddable":true,"href":"https:\/\/adhilac.com.ar\/index.php?rest_route=%2Fwp%2Fv2%2Fcomments&post=17543"}],"version-history":[{"count":2,"href":"https:\/\/adhilac.com.ar\/index.php?rest_route=\/wp\/v2\/posts\/17543\/revisions"}],"predecessor-version":[{"id":17546,"href":"https:\/\/adhilac.com.ar\/index.php?rest_route=\/wp\/v2\/posts\/17543\/revisions\/17546"}],"wp:attachment":[{"href":"https:\/\/adhilac.com.ar\/index.php?rest_route=%2Fwp%2Fv2%2Fmedia&parent=17543"}],"wp:term":[{"taxonomy":"category","embeddable":true,"href":"https:\/\/adhilac.com.ar\/index.php?rest_route=%2Fwp%2Fv2%2Fcategories&post=17543"},{"taxonomy":"post_tag","embeddable":true,"href":"https:\/\/adhilac.com.ar\/index.php?rest_route=%2Fwp%2Fv2%2Ftags&post=17543"}],"curies":[{"name":"wp","href":"https:\/\/api.w.org\/{rel}","templated":true}]}}