{"id":17550,"date":"2021-01-06T09:36:00","date_gmt":"2021-01-06T12:36:00","guid":{"rendered":"https:\/\/adhilac.com.ar\/?p=17550"},"modified":"2021-01-19T09:44:38","modified_gmt":"2021-01-19T12:44:38","slug":"la-efimera-confederacion-peruano-boliviana","status":"publish","type":"post","link":"https:\/\/adhilac.com.ar\/?p=17550","title":{"rendered":"La ef\u00edmera confederaci\u00f3n peruano boliviana"},"content":{"rendered":"\n<div class=\"wp-block-image is-style-default\"><figure class=\"aligncenter size-large is-resized\"><img loading=\"lazy\" decoding=\"async\" src=\"https:\/\/adhilac.com.ar\/wp-content\/uploads\/2021\/01\/Efimera-confederacion-PeruBoli-800x480.jpg\" alt=\"\" class=\"wp-image-17551\" width=\"582\" height=\"349\" srcset=\"https:\/\/adhilac.com.ar\/wp-content\/uploads\/2021\/01\/Efimera-confederacion-PeruBoli-800x480.jpg 800w, https:\/\/adhilac.com.ar\/wp-content\/uploads\/2021\/01\/Efimera-confederacion-PeruBoli-300x180.jpg 300w, https:\/\/adhilac.com.ar\/wp-content\/uploads\/2021\/01\/Efimera-confederacion-PeruBoli-768x461.jpg 768w, https:\/\/adhilac.com.ar\/wp-content\/uploads\/2021\/01\/Efimera-confederacion-PeruBoli.jpg 1000w\" sizes=\"auto, (max-width: 582px) 100vw, 582px\" \/><\/figure><\/div>\n\n\n\n<p class=\"wp-block-paragraph\">Por Sergio Guerra Vilaboy<\/p>\n\n\n\n<p class=\"wp-block-paragraph\">La uni\u00f3n de las rep\u00fablicas de Per\u00fa y Bolivia en un s\u00f3lo estado se consigui\u00f3 en 1836 gracias a los esfuerzos de uno de los generales que hab\u00eda servido a las \u00f3rdenes de Jos\u00e9 de San Mart\u00edn y Sim\u00f3n Bol\u00edvar: Andr\u00e9s de Santa Cruz. La realizaci\u00f3n del ideario integracionista se posibilit\u00f3 con su elecci\u00f3n a la presidencia de Bolivia (1829), cuando tras la ca\u00edda del presidente Jos\u00e9 de La Mar la anarqu\u00eda sacud\u00eda al Per\u00fa y exist\u00edan tres gobiernos paralelos con sedes en Lima, Trujillo y Cuzco. Al frente del ej\u00e9rcito boliviano, Santa Cruz impuso por la fuerza la estabilidad en Per\u00fa y, el 20 de octubre de 1836, declar\u00f3 constituida la Confederaci\u00f3n Peruano-Boliviana.<\/p>\n\n\n\n<!--more-->\n\n\n\n<p class=\"wp-block-paragraph\">La divisi\u00f3n pol\u00edtica de la nueva rep\u00fablica se fundamentaba en las \u00edntimas vinculaciones hist\u00f3ricas de los pueblos de Per\u00fa y Alto Per\u00fa, centros del antiguo Tahuantinsuyo, desvertebrados ahora en tres estados confederados. Los del Norte y Sur de Per\u00fa, separados por el desierto de Islay, quedaron gobernados respectivamente por Luis Jos\u00e9 de Orbegoso, rico propietario de Trujillo, y P\u00edo Trist\u00e1n, mientras el altoperuano, alejado de los otros dos por un brazo de la cordillera andina, era presidido por el general Jos\u00e9 Miguel de Velasco. La cohesi\u00f3n de la nueva rep\u00fablica descansaba en dos pilares: la fortaleza del general Santa Cruz, declarado su <em>Protector<\/em> \u2013el mismo t\u00edtulo utilizado por el general San Mart\u00edn en Per\u00fa\u2014y una carta magna inspirada en la vitalicia de Bol\u00edvar.<\/p>\n\n\n\n<p class=\"wp-block-paragraph\">Desde su nacimiento, la Confederaci\u00f3n Peruano Boliviana encontr\u00f3 un adversario en Chile, bajo la influencia de Diego Portales. El antagonismo se ahond\u00f3 por las medidas nacionalistas de Santa Cruz que perjudicaban los intereses comerciales chilenos, dominantes en el Pac\u00edfico. El <em>Protector<\/em> del estado peruano-boliviano derog\u00f3 el tratado mercantil con Chile, que favorec\u00eda al puerto de Valpara\u00edso en detrimento de El Callao, y aument\u00f3 los aranceles a las mercanc\u00edas que no entrasen directamente en sus puertos. Estas disposiciones amenazaban el t\u00e1cito monopolio mercantil chileno en el Pac\u00edfico, vinculado a casas comerciales inglesas establecidas en el territorio austral y condujo a Chile a declarar la guerra a los confederados el 26 de diciembre de 1836.&nbsp;<\/p>\n\n\n\n<p class=\"wp-block-paragraph\">En su contienda contra Per\u00fa-Bolivia, los conservadores chilenos lograron aliarse al gobierno de Buenos Aires, encabezado por el dictador Juan Manuel de Rosas, aunque en la pr\u00e1ctica los argentinos no tuvieron una participaci\u00f3n importante en el conflicto y el ej\u00e9rcito de la confederaci\u00f3n los venci\u00f3 en las batallas de Yruya y Montenegro (1838). En realidad, el principal escenario del conflicto militar se encontraba en la vertiente del Pac\u00edfico. En la segunda mitad de 1837, el ej\u00e9rcito chileno, dirigido por el almirante Manuel Blanco Encalada, desembarc\u00f3 en el desierto de Islay. La resistencia de los confederados, y su parcial \u00e9xito en la batalla de los Balcones de Paucarpata, en diciembre de 1837, llevaron a los contendientes a concertar un tratado de paz que estipulaba la firma de un nuevo acuerdo comercial, \u00fanica condici\u00f3n para la retirada del cuerpo militar invasor.<\/p>\n\n\n\n<p class=\"wp-block-paragraph\">Descontentos los conservadores chilenos con estos resultados, Blanco Encalada fue llevado a consejo de guerra y comenzaron los preparativos para otra agresi\u00f3n. La segunda expedici\u00f3n chilena cont\u00f3 con la complicidad de los emigrados peruanos Agust\u00edn Gamarra y Manuel Ignacio Vivanco. En esta oportunidad, las fuerzas invasoras estaban al mando del general Manuel Bulnes y desembarcaron en el litoral peruano en julio de 1838. Para derrotar a Santa Cruz, los chilenos azuzaron las contradicciones dentro de la Confederaci\u00f3n. Poco despu\u00e9s del reinicio de la contienda, las elites norperuanas, en la regi\u00f3n menos beneficiada por el nuevo proteccionismo comercial, auspiciaron la sublevaci\u00f3n antigubernamental. La anarqu\u00eda se extendi\u00f3 de nuevo por todas partes \u2013a fines de 1838 coexist\u00edan siete gobiernos en el territorio confederado\u2014 y los ej\u00e9rcitos chilenos pudieron seguir avanzando tranquilamente hacia el norte, hasta vencer a las tropas de Santa Cruz en la batalla de Yungay, el 18 de enero de 1839.<\/p>\n\n\n\n<p class=\"wp-block-paragraph\">La reorganizaci\u00f3n de las fuerzas peruano-bolivianas se hizo imposible por el pronunciamiento del general Velasco contra el <em>Protector<\/em>. Despu\u00e9s de su victoria, el gobierno chileno impuso como condici\u00f3n para la paz la separaci\u00f3n de las rep\u00fablicas de Per\u00fa y Bolivia, que quedaron bajo el control de los conservadores Gamarra y Velasco, tras el derrocamiento de Santa Cruz. Sin mayores asideros y combatida a muerte por los intereses comerciales coaligados de ingleses y chilenos, desapareci\u00f3 la ef\u00edmera Confederaci\u00f3n Peruano-Boliviana (1836-1839).<\/p>\n\n\n\n<p class=\"wp-block-paragraph\">Fuente: www.informefracto.com &#8211; 5 de enero de 2021<\/p>\n\n\n\n<div style=\"height:32px\" aria-hidden=\"true\" class=\"wp-block-spacer\"><\/div>\n\n\n\n<p class=\"has-very-light-gray-color has-vivid-cyan-blue-background-color has-text-color has-background wp-block-paragraph\"><strong>Publicado por ADHILAC Internacional \u00a9 www.adhilac.com.ar<\/strong><\/p>\n\n\n\n<p class=\"has-vivid-cyan-blue-color has-very-light-gray-background-color has-text-color has-background wp-block-paragraph\"> Si Ud. desea asociarse de acuerdo a los Estatutos de ADHILAC&nbsp;<a href=\"https:\/\/adhilac.com.ar\/?page_id=263\">(ver)<\/a> complete el siguiente formulario&nbsp;(<a href=\"https:\/\/adhilac.com.ar\/?page_id=4779\">ver<\/a>)<\/p>\n\n\n\n<p class=\"has-very-light-gray-color has-vivid-cyan-blue-background-color has-text-color has-background wp-block-paragraph\"> E-mail:&nbsp;info@adhilac.com.ar <\/p>\n\n\n\n<p class=\"has-very-light-gray-color has-vivid-cyan-blue-background-color has-text-color has-background wp-block-paragraph\"> Twitter: @AdhilacInfo <\/p>\n\n\n\n<div class=\"wp-block-image is-style-default\"><figure class=\"aligncenter size-large\"><img loading=\"lazy\" decoding=\"async\" width=\"85\" height=\"85\" src=\"https:\/\/adhilac.com.ar\/wp-content\/uploads\/2015\/02\/Logo-ADHILAC-Internacional-PEQ.jpg\" alt=\"\" class=\"wp-image-10473\"\/><\/figure><\/div>\n\n\n\n<p class=\"wp-block-paragraph\">Ver <a href=\"https:\/\/adhilac.com.ar\/?page_id=541\">Presentaci\u00f3n de ADHILAC<\/a><\/p>\n\n\n\n<div style=\"height:34px\" aria-hidden=\"true\" class=\"wp-block-spacer\"><\/div>\n\n\n\n<div class=\"wp-block-group\"><div class=\"wp-block-group__inner-container is-layout-flow wp-block-group-is-layout-flow\">\n<p class=\"has-text-align-center has-very-light-gray-color has-vivid-cyan-blue-background-color has-text-color has-background wp-block-paragraph\"><strong><a href=\"https:\/\/adhilac.com.ar\/?page_id=541\">QUIENES SOMOS<\/a><\/strong><\/p>\n\n\n\n<p class=\"has-text-align-center has-vivid-cyan-blue-color has-very-light-gray-background-color has-text-color has-background wp-block-paragraph\"><strong><a href=\"https:\/\/adhilac.com.ar\/?page_id=15507\">DIRECTIVA DE ADHILAC INTERNACIONAL<\/a><\/strong><\/p>\n\n\n\n<p class=\"has-text-align-center has-very-light-gray-color has-vivid-cyan-blue-background-color has-text-color has-background wp-block-paragraph\"><strong><a href=\"https:\/\/adhilac.com.ar\/?page_id=267\">Declaraci\u00f3n de Caracas de ADHILAC (2007)<\/a><\/strong><\/p>\n\n\n\n<p class=\"has-text-align-center has-vivid-cyan-blue-color has-very-light-gray-background-color has-text-color has-background wp-block-paragraph\"><strong><a href=\"https:\/\/adhilac.com.ar\/?page_id=15873\">ADHILAC: Historia &#8211; Historidorxs<\/a><\/strong><\/p>\n\n\n\n<p class=\"has-text-align-center has-very-light-gray-color has-vivid-cyan-blue-background-color has-text-color has-background wp-block-paragraph\"><strong><a href=\"https:\/\/adhilac.com.ar\/?page_id=15876\">ADHILAC 20 a\u00f1os despu\u00e9s (1974-1994)<\/a> <\/strong><\/p>\n\n\n\n<p class=\"has-text-align-center has-vivid-cyan-blue-color has-very-light-gray-background-color has-text-color has-background wp-block-paragraph\"><strong><a href=\"https:\/\/adhilac.com.ar\/?page_id=15861\">ADHILAC Breve Historia<\/a> <\/strong><\/p>\n\n\n\n<p class=\"has-text-align-center has-very-light-gray-color has-vivid-cyan-blue-background-color has-text-color has-background wp-block-paragraph\"><strong><a href=\"https:\/\/adhilac.com.ar\/?page_id=15887\">ADHILAC: Miembrxs fundadores<\/a><\/strong><\/p>\n\n\n\n<p class=\"has-text-align-center has-vivid-cyan-blue-color has-very-light-gray-background-color has-text-color has-background wp-block-paragraph\"><strong><a href=\"https:\/\/adhilac.com.ar\/?page_id=15943\">ADHILAC: Historiadorxs Destacadxs<\/a><\/strong><\/p>\n\n\n\n<p class=\"has-text-align-center has-very-light-gray-color has-vivid-cyan-blue-background-color has-text-color has-background wp-block-paragraph\"><strong><a href=\"https:\/\/adhilac.com.ar\/?page_id=4779\">SOCIXS<\/a><\/strong><\/p>\n\n\n\n<p class=\"has-text-align-center has-vivid-cyan-blue-color has-very-light-gray-background-color has-text-color has-background wp-block-paragraph\"><strong><a href=\"https:\/\/adhilac.com.ar\/?page_id=263\">Estatutos de ADHILAC<\/a><\/strong><\/p>\n\n\n\n<p class=\"has-text-align-center has-very-light-gray-color has-vivid-cyan-blue-background-color has-text-color has-background wp-block-paragraph\"><strong><a href=\"https:\/\/adhilac.com.ar\/?page_id=8220\">BICENTENARIO<\/a><\/strong><\/p>\n\n\n\n<p class=\"has-text-align-center has-vivid-cyan-blue-color has-very-light-gray-background-color has-text-color has-background wp-block-paragraph\"><strong><a href=\"https:\/\/adhilac.com.ar\/?page_id=8279\">BIBLIOTECA<\/a><\/strong><\/p>\n\n\n\n<p class=\"has-text-align-center has-very-light-gray-color has-vivid-cyan-blue-background-color has-text-color has-background wp-block-paragraph\"><strong><a href=\"https:\/\/adhilac.com.ar\/?page_id=1698\">ENLACES<\/a> <\/strong><\/p>\n\n\n\n<p class=\"has-text-align-center has-vivid-cyan-blue-color has-very-light-gray-background-color has-text-color has-background wp-block-paragraph\"><a href=\"http:\/\/www.ariadnatucma.com.ar\">VISITE ARIADNA TUCMA REVISTA LATINOAMERICANA<\/a><\/p>\n<\/div><\/div>\n","protected":false},"excerpt":{"rendered":"<p>Por Sergio Guerra Vilaboy La uni\u00f3n de las rep\u00fablicas de Per\u00fa y Bolivia en un s\u00f3lo estado se consigui\u00f3 en 1836 gracias a los esfuerzos de uno de los generales que hab\u00eda servido a las \u00f3rdenes de Jos\u00e9 de San Mart\u00edn y Sim\u00f3n Bol\u00edvar: Andr\u00e9s de Santa Cruz. La realizaci\u00f3n del ideario integracionista se posibilit\u00f3 [&hellip;]<\/p>\n","protected":false},"author":17,"featured_media":0,"comment_status":"closed","ping_status":"closed","sticky":false,"template":"","format":"standard","meta":{"_crdt_document":"","footnotes":""},"categories":[15],"tags":[1232],"class_list":["post-17550","post","type-post","status-publish","format-standard","hentry","category-historia","tag-confederacion-peruano-boliviana"],"_links":{"self":[{"href":"https:\/\/adhilac.com.ar\/index.php?rest_route=\/wp\/v2\/posts\/17550","targetHints":{"allow":["GET"]}}],"collection":[{"href":"https:\/\/adhilac.com.ar\/index.php?rest_route=\/wp\/v2\/posts"}],"about":[{"href":"https:\/\/adhilac.com.ar\/index.php?rest_route=\/wp\/v2\/types\/post"}],"author":[{"embeddable":true,"href":"https:\/\/adhilac.com.ar\/index.php?rest_route=\/wp\/v2\/users\/17"}],"replies":[{"embeddable":true,"href":"https:\/\/adhilac.com.ar\/index.php?rest_route=%2Fwp%2Fv2%2Fcomments&post=17550"}],"version-history":[{"count":2,"href":"https:\/\/adhilac.com.ar\/index.php?rest_route=\/wp\/v2\/posts\/17550\/revisions"}],"predecessor-version":[{"id":17555,"href":"https:\/\/adhilac.com.ar\/index.php?rest_route=\/wp\/v2\/posts\/17550\/revisions\/17555"}],"wp:attachment":[{"href":"https:\/\/adhilac.com.ar\/index.php?rest_route=%2Fwp%2Fv2%2Fmedia&parent=17550"}],"wp:term":[{"taxonomy":"category","embeddable":true,"href":"https:\/\/adhilac.com.ar\/index.php?rest_route=%2Fwp%2Fv2%2Fcategories&post=17550"},{"taxonomy":"post_tag","embeddable":true,"href":"https:\/\/adhilac.com.ar\/index.php?rest_route=%2Fwp%2Fv2%2Ftags&post=17550"}],"curies":[{"name":"wp","href":"https:\/\/api.w.org\/{rel}","templated":true}]}}