{"id":17574,"date":"2021-01-08T12:29:00","date_gmt":"2021-01-08T15:29:00","guid":{"rendered":"https:\/\/adhilac.com.ar\/?p=17574"},"modified":"2021-02-10T11:07:15","modified_gmt":"2021-02-10T14:07:15","slug":"rebelion-de-los-encomenderos","status":"publish","type":"post","link":"https:\/\/adhilac.com.ar\/?p=17574","title":{"rendered":"Rebeli\u00f3n de los encomenderos"},"content":{"rendered":"\n<div class=\"wp-block-image is-style-rounded\"><figure class=\"aligncenter size-large is-resized\"><img loading=\"lazy\" decoding=\"async\" src=\"https:\/\/adhilac.com.ar\/wp-content\/uploads\/2021\/02\/Rebelion-Encomenderos-800x480.jpg\" alt=\"\" class=\"wp-image-17575\" width=\"419\" height=\"251\" srcset=\"https:\/\/adhilac.com.ar\/wp-content\/uploads\/2021\/02\/Rebelion-Encomenderos-800x480.jpg 800w, https:\/\/adhilac.com.ar\/wp-content\/uploads\/2021\/02\/Rebelion-Encomenderos-300x180.jpg 300w, https:\/\/adhilac.com.ar\/wp-content\/uploads\/2021\/02\/Rebelion-Encomenderos-768x461.jpg 768w, https:\/\/adhilac.com.ar\/wp-content\/uploads\/2021\/02\/Rebelion-Encomenderos.jpg 1000w\" sizes=\"auto, (max-width: 419px) 100vw, 419px\" \/><\/figure><\/div>\n\n\n\n<p class=\"wp-block-paragraph\">Por Sergio Guerra Vilaboy<\/p>\n\n\n\n<p class=\"wp-block-paragraph\">La conquista de Am\u00e9rica propici\u00f3 el surgimiento de una privilegiada casta de encomenderos, enriquecidos con el sometimiento de los pueblos originarios. Ante la pol\u00edtica de la monarqu\u00eda espa\u00f1ola de limitar sus insaciables ambiciones y creciente poder\u00edo, muchos de ellos se rebelaron e incluso algunos llegaron a acariciar la idea de fundar reinos independientes, como intentaron en M\u00e9xico los hijos de Hern\u00e1n Cort\u00e9s.<\/p>\n\n\n\n<!--more-->\n\n\n\n<p class=\"wp-block-paragraph\">El origen de este episodio est\u00e1 en la implantaci\u00f3n de la autoridad de Carlos V en todas sus posesiones americanas, despu\u00e9s de someter a los comuneros y a los se\u00f1or\u00edos feudales en la propia metr\u00f3poli, para impedir la desobediencia de los conquistadores y sus descendientes. La propia Corona conced\u00eda con mucho cuidado los t\u00edtulos nobiliarios y las tierras, que se entregaban desvinculadas de las encomiendas.<\/p>\n\n\n\n<p class=\"wp-block-paragraph\">Para limitar las prerrogativas de los encomenderos, el monarca aprovech\u00f3 las protestas de algunos sacerdotes, entre ellos el dominico Bartolom\u00e9 de Las Casas, que denunciaban la terrible situaci\u00f3n de los ind\u00edgenas y los excesos de la conquista. El propio Las Casas fue protagonista en Valladolid (Espa\u00f1a) de una controversia doctrinal con Gin\u00e9s de Sep\u00falveda, quien legitimaba la explotaci\u00f3n aborigen siguiendo una vieja tesis aristot\u00e9lica. En esa oportunidad, Las Casas no s\u00f3lo ofreci\u00f3 una visi\u00f3n id\u00edlica del mundo ind\u00edgena, sino que tambi\u00e9n, sin propon\u00e9rselo, inaugur\u00f3 la leyenda negra de la conquista espa\u00f1ola de Am\u00e9rica en su conocido alegato <em>Brev\u00edsima relaci\u00f3n de la destrucci\u00f3n de las Indias<\/em> (1552).&nbsp;<\/p>\n\n\n\n<p class=\"wp-block-paragraph\">Para reafirmar su autoridad, Carlos V promulg\u00f3 en 1542 las llamadas <em>Leyes Nuevas<\/em>, un conjunto de 40 normas que, <strong>prohib\u00edan la esclavitud y los trabajos forzados de los abor\u00edgenes<\/strong>&nbsp;y limitaban las encomiendas, suprimiendo su herencia. Las comunidades ind\u00edgenas quedaban protegidas en resguardos, con la obligaci\u00f3n de pagar tributos. La imposici\u00f3n de esta legislaci\u00f3n por los funcionarios reales produjo levantamientos armados de los encomenderos. Gonzalo Pizarro, hermano del conquistador del Per\u00fa, se sublev\u00f3 contra el virrey Blasco N\u00fa\u00f1ez de Vela. Los dos ej\u00e9rcitos se enfrentaron en una llanura al norte de Quito, donde el representante real fue vencido y ejecutado (1546). Su sucesor, el cl\u00e9rigo Pedro de la Gasca, hizo concesiones a los rebeldes hasta acumular importantes efectivos, con los que derrot\u00f3 a los pizarristas en Jaquijaguana, cerca del Cuzco, a inicios de 1548. Los principales implicados fueron ajusticiados, entre ellos Gonzalo Pizarro.<\/p>\n\n\n\n<p class=\"wp-block-paragraph\">En el propio territorio peruano hubo otro levantamiento en 1553 liderado por Francisco Hern\u00e1ndez Gir\u00f3n que tambi\u00e9n termin\u00f3 con la ejecuci\u00f3n del caudillo. El enviado de la Corona, Alvar N\u00fa\u00f1ez Cabeza de Vaca, llegado a Paraguay en 1544, fue expulsado por los conquistadores espa\u00f1oles al intentar frenar las encomiendas y poner fin a la poligamia. Algo parecido sucedi\u00f3 en Nicaragua, donde los hermanos Hernando y Pedro Contreras, nietos del famoso conquistador Pedrarias D\u00e1vila, se alzaron en 1550, alentados por su madre y encomenderos rebeldes que hu\u00edan de Per\u00fa. Tras ejecutar al obispo, los sublevados se trasladaron a Panam\u00e1, donde fueron finalmente derrotados, empresa que cost\u00f3 la vida a los propios Contreras.<\/p>\n\n\n\n<p class=\"wp-block-paragraph\">Por \u00faltimo, en el Virreinato de Nueva Espa\u00f1a, el cumplimiento de las Leyes Nuevas provoc\u00f3 una conspiraci\u00f3n liderada por el marqu\u00e9s del Valle, Mart\u00edn Cort\u00e9s Z\u00fa\u00f1iga, hijo del conquistador de Tenochtitlan, nombrado capit\u00e1n general despu\u00e9s de su regreso de Espa\u00f1a, pues el segundo virrey de M\u00e9xico, Lu\u00eds de Velasco, hab\u00eda muerto. Enfrentado a los oidores de la capital, cobr\u00f3 fuerza la idea de coronarlo como rey de Nueva Espa\u00f1a, movimiento reprimido en ciernes por el visitador Alonso Mu\u00f1oz. Mart\u00edn Cortes fue detenido en 1566\u2013su medio hermano mestizo, hijo de su padre con la Malintzin, incluso fue torturado- y decapitados Alonso y Gil Gonz\u00e1lez de \u00c1vila. La llegada del nuevo virrey, Gast\u00f3n de Peralta, tranquiliz\u00f3 la situaci\u00f3n y evit\u00f3 se les aplicara la pena de muerte. Al a\u00f1o siguiente, el marqu\u00e9s del Valle fue enviado a Espa\u00f1a, sancionado al destierro en Or\u00e1n y confiscados sus bienes.<\/p>\n\n\n\n<p class=\"wp-block-paragraph\">Las extendidas protestas de los conquistadores y sus descendientes obligaron a la Corona a una aplicaci\u00f3n parcial de las <em>Leyes Nuevas<\/em>, aunque no impidi\u00f3 que las encomiendas de \u201c<em>servicios<\/em>\u201d fueran desapareciendo ante las de tributos. De este modo, la explotaci\u00f3n de los ind\u00edgenas mediante el sistema de encomiendas fue perdiendo su importancia en la sociedad colonial, a pesar de que muchos beneficiarios pudieron conservarlas por m\u00e1s de una generaci\u00f3n.<\/p>\n\n\n\n<p class=\"wp-block-paragraph\">Fuente: www.informefracto.com &#8211; 19 de enero de 2021<\/p>\n\n\n\n<div style=\"height:48px\" aria-hidden=\"true\" class=\"wp-block-spacer\"><\/div>\n\n\n\n<p class=\"has-very-light-gray-color has-vivid-cyan-blue-background-color has-text-color has-background wp-block-paragraph\"><strong>Publicado por ADHILAC Internacional \u00a9 www.adhilac.com.ar<\/strong><\/p>\n\n\n\n<p class=\"has-vivid-cyan-blue-color has-very-light-gray-background-color has-text-color has-background wp-block-paragraph\"> Si Ud. desea asociarse de acuerdo a los Estatutos de ADHILAC&nbsp;<a href=\"https:\/\/adhilac.com.ar\/?page_id=263\">(ver)<\/a> complete el siguiente formulario&nbsp;(<a href=\"https:\/\/adhilac.com.ar\/?page_id=4779\">ver<\/a>)<\/p>\n\n\n\n<p class=\"has-very-light-gray-color has-vivid-cyan-blue-background-color has-text-color has-background wp-block-paragraph\"> E-mail:&nbsp;info@adhilac.com.ar <\/p>\n\n\n\n<p class=\"has-very-light-gray-color has-vivid-cyan-blue-background-color has-text-color has-background wp-block-paragraph\"> Twitter: @AdhilacInfo <\/p>\n\n\n\n<div class=\"wp-block-image is-style-default\"><figure class=\"aligncenter size-large\"><img loading=\"lazy\" decoding=\"async\" width=\"85\" height=\"85\" src=\"https:\/\/adhilac.com.ar\/wp-content\/uploads\/2015\/02\/Logo-ADHILAC-Internacional-PEQ.jpg\" alt=\"\" class=\"wp-image-10473\"\/><\/figure><\/div>\n\n\n\n<p class=\"wp-block-paragraph\">Ver <a href=\"https:\/\/adhilac.com.ar\/?page_id=541\">Presentaci\u00f3n de ADHILAC<\/a><\/p>\n\n\n\n<div style=\"height:35px\" aria-hidden=\"true\" class=\"wp-block-spacer\"><\/div>\n\n\n\n<div class=\"wp-block-group\"><div class=\"wp-block-group__inner-container is-layout-flow wp-block-group-is-layout-flow\">\n<p class=\"has-text-align-center has-very-light-gray-color has-vivid-cyan-blue-background-color has-text-color has-background wp-block-paragraph\"><strong><a href=\"https:\/\/adhilac.com.ar\/?page_id=541\">QUIENES SOMOS<\/a><\/strong><\/p>\n\n\n\n<p class=\"has-text-align-center has-vivid-cyan-blue-color has-very-light-gray-background-color has-text-color has-background wp-block-paragraph\"><strong><a href=\"https:\/\/adhilac.com.ar\/?page_id=15507\">DIRECTIVA DE ADHILAC INTERNACIONAL<\/a><\/strong><\/p>\n\n\n\n<p class=\"has-text-align-center has-very-light-gray-color has-vivid-cyan-blue-background-color has-text-color has-background wp-block-paragraph\"><strong><a href=\"https:\/\/adhilac.com.ar\/?page_id=267\">Declaraci\u00f3n de Caracas de ADHILAC (2007)<\/a><\/strong><\/p>\n\n\n\n<p class=\"has-text-align-center has-vivid-cyan-blue-color has-very-light-gray-background-color has-text-color has-background wp-block-paragraph\"><strong><a href=\"https:\/\/adhilac.com.ar\/?page_id=15873\">ADHILAC: Historia &#8211; Historidorxs<\/a><\/strong><\/p>\n\n\n\n<p class=\"has-text-align-center has-very-light-gray-color has-vivid-cyan-blue-background-color has-text-color has-background wp-block-paragraph\"><strong><a href=\"https:\/\/adhilac.com.ar\/?page_id=15876\">ADHILAC 20 a\u00f1os despu\u00e9s (1974-1994)<\/a> <\/strong><\/p>\n\n\n\n<p class=\"has-text-align-center has-vivid-cyan-blue-color has-very-light-gray-background-color has-text-color has-background wp-block-paragraph\"><strong><a href=\"https:\/\/adhilac.com.ar\/?page_id=15861\">ADHILAC Breve Historia<\/a> <\/strong><\/p>\n\n\n\n<p class=\"has-text-align-center has-very-light-gray-color has-vivid-cyan-blue-background-color has-text-color has-background wp-block-paragraph\"><strong><a href=\"https:\/\/adhilac.com.ar\/?page_id=15887\">ADHILAC: Miembrxs fundadores<\/a><\/strong><\/p>\n\n\n\n<p class=\"has-text-align-center has-vivid-cyan-blue-color has-very-light-gray-background-color has-text-color has-background wp-block-paragraph\"><strong><a href=\"https:\/\/adhilac.com.ar\/?page_id=15943\">ADHILAC: Historiadorxs Destacadxs<\/a><\/strong><\/p>\n\n\n\n<p class=\"has-text-align-center has-very-light-gray-color has-vivid-cyan-blue-background-color has-text-color has-background wp-block-paragraph\"><strong><a href=\"https:\/\/adhilac.com.ar\/?page_id=4779\">SOCIXS<\/a><\/strong><\/p>\n\n\n\n<p class=\"has-text-align-center has-vivid-cyan-blue-color has-very-light-gray-background-color has-text-color has-background wp-block-paragraph\"><strong><a href=\"https:\/\/adhilac.com.ar\/?page_id=263\">Estatutos de ADHILAC<\/a><\/strong><\/p>\n\n\n\n<p class=\"has-text-align-center has-very-light-gray-color has-vivid-cyan-blue-background-color has-text-color has-background wp-block-paragraph\"><strong><a href=\"https:\/\/adhilac.com.ar\/?page_id=8220\">BICENTENARIO<\/a><\/strong><\/p>\n\n\n\n<p class=\"has-text-align-center has-vivid-cyan-blue-color has-very-light-gray-background-color has-text-color has-background wp-block-paragraph\"><strong><a href=\"https:\/\/adhilac.com.ar\/?page_id=8279\">BIBLIOTECA<\/a><\/strong><\/p>\n\n\n\n<p class=\"has-text-align-center has-very-light-gray-color has-vivid-cyan-blue-background-color has-text-color has-background wp-block-paragraph\"><strong><a href=\"https:\/\/adhilac.com.ar\/?page_id=1698\">ENLACES<\/a> <\/strong><\/p>\n\n\n\n<p class=\"has-text-align-center has-vivid-cyan-blue-color has-very-light-gray-background-color has-text-color has-background wp-block-paragraph\"><a href=\"http:\/\/www.ariadnatucma.com.ar\">VISITE ARIADNA TUCMA REVISTA LATINOAMERICANA<\/a><\/p>\n<\/div><\/div>\n","protected":false},"excerpt":{"rendered":"<p>Por Sergio Guerra Vilaboy La conquista de Am\u00e9rica propici\u00f3 el surgimiento de una privilegiada casta de encomenderos, enriquecidos con el sometimiento de los pueblos originarios. Ante la pol\u00edtica de la monarqu\u00eda espa\u00f1ola de limitar sus insaciables ambiciones y creciente poder\u00edo, muchos de ellos se rebelaron e incluso algunos llegaron a acariciar la idea de fundar [&hellip;]<\/p>\n","protected":false},"author":17,"featured_media":0,"comment_status":"closed","ping_status":"closed","sticky":false,"template":"","format":"standard","meta":{"_crdt_document":"","footnotes":""},"categories":[15],"tags":[562,602,1234],"class_list":["post-17574","post","type-post","status-publish","format-standard","hentry","category-historia","tag-conquista-de-america","tag-invasion-europea","tag-trabajo-de-pueblos-originarios"],"_links":{"self":[{"href":"https:\/\/adhilac.com.ar\/index.php?rest_route=\/wp\/v2\/posts\/17574","targetHints":{"allow":["GET"]}}],"collection":[{"href":"https:\/\/adhilac.com.ar\/index.php?rest_route=\/wp\/v2\/posts"}],"about":[{"href":"https:\/\/adhilac.com.ar\/index.php?rest_route=\/wp\/v2\/types\/post"}],"author":[{"embeddable":true,"href":"https:\/\/adhilac.com.ar\/index.php?rest_route=\/wp\/v2\/users\/17"}],"replies":[{"embeddable":true,"href":"https:\/\/adhilac.com.ar\/index.php?rest_route=%2Fwp%2Fv2%2Fcomments&post=17574"}],"version-history":[{"count":1,"href":"https:\/\/adhilac.com.ar\/index.php?rest_route=\/wp\/v2\/posts\/17574\/revisions"}],"predecessor-version":[{"id":17576,"href":"https:\/\/adhilac.com.ar\/index.php?rest_route=\/wp\/v2\/posts\/17574\/revisions\/17576"}],"wp:attachment":[{"href":"https:\/\/adhilac.com.ar\/index.php?rest_route=%2Fwp%2Fv2%2Fmedia&parent=17574"}],"wp:term":[{"taxonomy":"category","embeddable":true,"href":"https:\/\/adhilac.com.ar\/index.php?rest_route=%2Fwp%2Fv2%2Fcategories&post=17574"},{"taxonomy":"post_tag","embeddable":true,"href":"https:\/\/adhilac.com.ar\/index.php?rest_route=%2Fwp%2Fv2%2Ftags&post=17574"}],"curies":[{"name":"wp","href":"https:\/\/api.w.org\/{rel}","templated":true}]}}