{"id":17577,"date":"2021-01-23T12:36:00","date_gmt":"2021-01-23T15:36:00","guid":{"rendered":"https:\/\/adhilac.com.ar\/?p=17577"},"modified":"2021-02-10T11:10:16","modified_gmt":"2021-02-10T14:10:16","slug":"ocupacion-de-lima-por-el-ejercito-chileno","status":"publish","type":"post","link":"https:\/\/adhilac.com.ar\/?p=17577","title":{"rendered":"Ocupaci\u00f3n de Lima por el ej\u00e9rcito chileno"},"content":{"rendered":"\n<div class=\"wp-block-image is-style-default\"><figure class=\"aligncenter size-large is-resized\"><img loading=\"lazy\" decoding=\"async\" src=\"https:\/\/adhilac.com.ar\/wp-content\/uploads\/2021\/02\/Ocupacion-de-Lima-800x480.jpg\" alt=\"\" class=\"wp-image-17578\" width=\"446\" height=\"267\" srcset=\"https:\/\/adhilac.com.ar\/wp-content\/uploads\/2021\/02\/Ocupacion-de-Lima-800x480.jpg 800w, https:\/\/adhilac.com.ar\/wp-content\/uploads\/2021\/02\/Ocupacion-de-Lima-300x180.jpg 300w, https:\/\/adhilac.com.ar\/wp-content\/uploads\/2021\/02\/Ocupacion-de-Lima-768x461.jpg 768w, https:\/\/adhilac.com.ar\/wp-content\/uploads\/2021\/02\/Ocupacion-de-Lima.jpg 1000w\" sizes=\"auto, (max-width: 446px) 100vw, 446px\" \/><\/figure><\/div>\n\n\n\n<p class=\"wp-block-paragraph\">Por Sergio Guerra Vilaboy<\/p>\n\n\n\n<p class=\"wp-block-paragraph\">Lima, la llamada Ciudad de los Reyes, fue tomada el 17 de enero de 1881 por el ej\u00e9rcito de Chile, que la ocup\u00f3 por dos a\u00f1os y nueve meses. El episodio formaba parte de la Guerra del Pac\u00edfico (1879-1883), conflicto de Per\u00fa y Bolivia con Chile por los valiosos yacimientos salitreros del desierto de Atacama.<\/p>\n\n\n\n<!--more-->\n\n\n\n<p class=\"wp-block-paragraph\">El caliche o salitre, un mineral de gran demanda como fertilizante, era sacado desde mediados del siglo XIX de la provincia peruana de Tarapac\u00e1 y la boliviana de Antofagasta. Esta \u00faltima, que constitu\u00eda la \u00fanica salida al mar de Bolivia, la extracci\u00f3n del mineral la realizaban empresas de Chile con trabajadores de su propio pa\u00eds, dada la poca poblaci\u00f3n del territorio.&nbsp;&nbsp;<\/p>\n\n\n\n<p class=\"wp-block-paragraph\">En 1873 la crisis financiera derivada del agotamiento del guano, hasta entonces principal producto de exportaci\u00f3n de Per\u00fa, condujo al gobierno de Lima a decretar el estanco del salitre y dos a\u00f1os despu\u00e9s a expropiar todos los yacimientos del mineral en Tarapac\u00e1, pertenecientes en su mayor\u00eda a peruanos y chilenos. Afectada tambi\u00e9n por problemas econ\u00f3micos, Bolivia impuso en febrero de 1878 un impuesto a las compa\u00f1\u00edas salitreras chilenas que operaban en Antofagasta, que se negaron a pagarlo.&nbsp;<\/p>\n\n\n\n<p class=\"wp-block-paragraph\">Ante el desacato, el 14 de febrero del a\u00f1o siguiente el gobierno boliviano expropi\u00f3 las salitreras, pero la respuesta de Chile fue ocupar <em>manu militari<\/em> Antofagasta, lo que desencaden\u00f3 la guerra. La contienda arrastr\u00f3 a Per\u00fa, que atravesaba un conflicto similar con el pa\u00eds austral y ten\u00eda un tratado secreto de alianza con La Paz. De inmediato los chilenos bloquearon el puerto peruano de Iquique, asiento de una parte importante de los efectivos aliados.<\/p>\n\n\n\n<p class=\"wp-block-paragraph\">Los primeros enfrentamientos b\u00e9licos fueron por el dominio del Pac\u00edfico, que Chile consigui\u00f3 al vencer a la flota peruana en la batalla naval frente a Mejillones, el 8 de octubre de 1879, donde captur\u00f3 al monitor <em>Hu\u00e1scar<\/em>, que todav\u00eda hoy exhibe como trofeo de guerra en uno de sus puertos. A continuaci\u00f3n, se desarroll\u00f3 la guerra de posiciones, de la que pronto se retir\u00f3 Bolivia, mientras tropas chilenas ocupaban las provincias peruanas de Tarapac\u00e1, Arica y Tacna.<\/p>\n\n\n\n<p class=\"wp-block-paragraph\">Para poner fin al conflicto armado, el 15 de noviembre de 1880 zarp\u00f3 de Arica un poderoso ej\u00e9rcito chileno, guiado por el general Manuel Baquedano, con el prop\u00f3sito de ocupar la capital peruana y rendir a su gobierno. Un primer contingente desembarc\u00f3 cerca de Pisco, seguido de otro que lo hizo por la caleta de Curuyaco, mientras El Callao quedaba bloqueado por mar. Para evitar la captura de la escuadra en ese puerto, Per\u00fa destruy\u00f3 el resto de su armada, incluyendo la corbeta <em>Uni\u00f3n<\/em> y el monitor <em>Atahualpa<\/em>.<\/p>\n\n\n\n<p class=\"wp-block-paragraph\">Despu\u00e9s de sobrepasar, entre el 13 y el 15 de enero, las defensas peruanas en el balneario de Chorrillos y en Miraflores, organizadas por el presidente Nicol\u00e1s de Pi\u00e9rola, los militares chilenos se apoderaron de esos poblados, entonces fuera del per\u00edmetro urbano de la capital, con la que se enlazaba por un ferrocarril desde 1858. La retirada del mandatario de Per\u00fa a los Andes, seguido por una parte de los residentes de la capital, favoreci\u00f3 las agresiones contra la numerosa poblaci\u00f3n china, acusada de colaborar con los chilenos, que entraron sin mayor dificultad en Lima en la tarde del 17 de enero. Todav\u00eda la guerra se prolongar\u00eda por dos a\u00f1os m\u00e1s en el resto del pa\u00eds, hasta que la resistencia nacional fue quebrada en Huamachuco con la derrota de las montoneras de Andr\u00e9s Avelino C\u00e1ceres, cuando las pr\u00f3speras plantaciones azucareras del litoral norte hab\u00edan sido destruidas por los invasores.<\/p>\n\n\n\n<p class=\"wp-block-paragraph\">Despu\u00e9s de la ocupaci\u00f3n de Lima, las tropas chilenas se apoderaron de los principales edificios p\u00fablicos, como la Biblioteca Nacional y la Universidad de San Marcos, llev\u00e1ndose a su pa\u00eds miles de documentos, obras de arte y libros \u2013algunos no fueron devueltos hasta principios del siglo XXI-, junto con maquinarias y otros bienes que consideraron bot\u00edn de guerra. Para tratar de justificar esta guerra de conquista, el historiador chileno Diego Barros Arana public\u00f3 en 1880 su <em>Historia de la Guerra del Pac\u00edfico<\/em>. Cuando Jos\u00e9 Mart\u00ed la ley\u00f3 hizo esta anotaci\u00f3n: \u201c<em>El libro de Barros Arana ha sido escrito para demostrar que ha tenido raz\u00f3n Chile, pues \u00e9se es precisamente el libro que convence de que no ha tenido raz\u00f3n Chile. Pues que tal sinraz\u00f3n se ampara para defender la ocupaci\u00f3n \u2013injusta fue \u00e9sta y no racional- ni defendible. Cuando se va m\u00e1s all\u00e1 de la raz\u00f3n para defender algo, es que no se halla dentro de la raz\u00f3n manera de defenderlo.\u201d<\/em><\/p>\n\n\n\n<p class=\"wp-block-paragraph\">Fuente: www.informefracto.com &#8211; 22 de enero de 2021<\/p>\n\n\n\n<div style=\"height:24px\" aria-hidden=\"true\" class=\"wp-block-spacer\"><\/div>\n\n\n\n<p class=\"has-very-light-gray-color has-vivid-cyan-blue-background-color has-text-color has-background wp-block-paragraph\"><strong>Publicado por ADHILAC Internacional \u00a9 www.adhilac.com.ar<\/strong><\/p>\n\n\n\n<p class=\"has-vivid-cyan-blue-color has-very-light-gray-background-color has-text-color has-background wp-block-paragraph\"> Si Ud. desea asociarse de acuerdo a los Estatutos de ADHILAC&nbsp;<a href=\"https:\/\/adhilac.com.ar\/?page_id=263\">(ver)<\/a> complete el siguiente formulario&nbsp;(<a href=\"https:\/\/adhilac.com.ar\/?page_id=4779\">ver<\/a>)<\/p>\n\n\n\n<p class=\"has-very-light-gray-color has-vivid-cyan-blue-background-color has-text-color has-background wp-block-paragraph\"> E-mail:&nbsp;info@adhilac.com.ar <\/p>\n\n\n\n<p class=\"has-very-light-gray-color has-vivid-cyan-blue-background-color has-text-color has-background wp-block-paragraph\"> Twitter: @AdhilacInfo <\/p>\n\n\n\n<div class=\"wp-block-image is-style-default\"><figure class=\"aligncenter size-large\"><img loading=\"lazy\" decoding=\"async\" width=\"85\" height=\"85\" src=\"https:\/\/adhilac.com.ar\/wp-content\/uploads\/2015\/02\/Logo-ADHILAC-Internacional-PEQ.jpg\" alt=\"\" class=\"wp-image-10473\"\/><\/figure><\/div>\n\n\n\n<p class=\"wp-block-paragraph\">Ver <a href=\"https:\/\/adhilac.com.ar\/?page_id=541\">Presentaci\u00f3n de ADHILAC<\/a><\/p>\n\n\n\n<div style=\"height:30px\" aria-hidden=\"true\" class=\"wp-block-spacer\"><\/div>\n\n\n\n<div class=\"wp-block-group\"><div class=\"wp-block-group__inner-container is-layout-flow wp-block-group-is-layout-flow\">\n<p class=\"has-text-align-center has-very-light-gray-color has-vivid-cyan-blue-background-color has-text-color has-background wp-block-paragraph\"><strong><a href=\"https:\/\/adhilac.com.ar\/?page_id=541\">QUIENES SOMOS<\/a><\/strong><\/p>\n\n\n\n<p class=\"has-text-align-center has-vivid-cyan-blue-color has-very-light-gray-background-color has-text-color has-background wp-block-paragraph\"><strong><a href=\"https:\/\/adhilac.com.ar\/?page_id=15507\">DIRECTIVA DE ADHILAC INTERNACIONAL<\/a><\/strong><\/p>\n\n\n\n<p class=\"has-text-align-center has-very-light-gray-color has-vivid-cyan-blue-background-color has-text-color has-background wp-block-paragraph\"><strong><a href=\"https:\/\/adhilac.com.ar\/?page_id=267\">Declaraci\u00f3n de Caracas de ADHILAC (2007)<\/a><\/strong><\/p>\n\n\n\n<p class=\"has-text-align-center has-vivid-cyan-blue-color has-very-light-gray-background-color has-text-color has-background wp-block-paragraph\"><strong><a href=\"https:\/\/adhilac.com.ar\/?page_id=15873\">ADHILAC: Historia &#8211; Historidorxs<\/a><\/strong><\/p>\n\n\n\n<p class=\"has-text-align-center has-very-light-gray-color has-vivid-cyan-blue-background-color has-text-color has-background wp-block-paragraph\"><strong><a href=\"https:\/\/adhilac.com.ar\/?page_id=15876\">ADHILAC 20 a\u00f1os despu\u00e9s (1974-1994)<\/a> <\/strong><\/p>\n\n\n\n<p class=\"has-text-align-center has-vivid-cyan-blue-color has-very-light-gray-background-color has-text-color has-background wp-block-paragraph\"><strong><a href=\"https:\/\/adhilac.com.ar\/?page_id=15861\">ADHILAC Breve Historia<\/a> <\/strong><\/p>\n\n\n\n<p class=\"has-text-align-center has-very-light-gray-color has-vivid-cyan-blue-background-color has-text-color has-background wp-block-paragraph\"><strong><a href=\"https:\/\/adhilac.com.ar\/?page_id=15887\">ADHILAC: Miembrxs fundadores<\/a><\/strong><\/p>\n\n\n\n<p class=\"has-text-align-center has-vivid-cyan-blue-color has-very-light-gray-background-color has-text-color has-background wp-block-paragraph\"><strong><a href=\"https:\/\/adhilac.com.ar\/?page_id=15943\">ADHILAC: Historiadorxs Destacadxs<\/a><\/strong><\/p>\n\n\n\n<p class=\"has-text-align-center has-very-light-gray-color has-vivid-cyan-blue-background-color has-text-color has-background wp-block-paragraph\"><strong><a href=\"https:\/\/adhilac.com.ar\/?page_id=4779\">SOCIXS<\/a><\/strong><\/p>\n\n\n\n<p class=\"has-text-align-center has-vivid-cyan-blue-color has-very-light-gray-background-color has-text-color has-background wp-block-paragraph\"><strong><a href=\"https:\/\/adhilac.com.ar\/?page_id=263\">Estatutos de ADHILAC<\/a><\/strong><\/p>\n\n\n\n<p class=\"has-text-align-center has-very-light-gray-color has-vivid-cyan-blue-background-color has-text-color has-background wp-block-paragraph\"><strong><a href=\"https:\/\/adhilac.com.ar\/?page_id=8220\">BICENTENARIO<\/a><\/strong><\/p>\n\n\n\n<p class=\"has-text-align-center has-vivid-cyan-blue-color has-very-light-gray-background-color has-text-color has-background wp-block-paragraph\"><strong><a href=\"https:\/\/adhilac.com.ar\/?page_id=8279\">BIBLIOTECA<\/a><\/strong><\/p>\n\n\n\n<p class=\"has-text-align-center has-very-light-gray-color has-vivid-cyan-blue-background-color has-text-color has-background wp-block-paragraph\"><strong><a href=\"https:\/\/adhilac.com.ar\/?page_id=1698\">ENLACES<\/a> <\/strong><\/p>\n\n\n\n<p class=\"has-text-align-center has-vivid-cyan-blue-color has-very-light-gray-background-color has-text-color has-background wp-block-paragraph\"><a href=\"http:\/\/www.ariadnatucma.com.ar\">VISITE ARIADNA TUCMA REVISTA LATINOAMERICANA<\/a><\/p>\n<\/div><\/div>\n","protected":false},"excerpt":{"rendered":"<p>Por Sergio Guerra Vilaboy Lima, la llamada Ciudad de los Reyes, fue tomada el 17 de enero de 1881 por el ej\u00e9rcito de Chile, que la ocup\u00f3 por dos a\u00f1os y nueve meses. El episodio formaba parte de la Guerra del Pac\u00edfico (1879-1883), conflicto de Per\u00fa y Bolivia con Chile por los valiosos yacimientos salitreros [&hellip;]<\/p>\n","protected":false},"author":17,"featured_media":0,"comment_status":"closed","ping_status":"closed","sticky":false,"template":"","format":"standard","meta":{"_crdt_document":"","footnotes":""},"categories":[15],"tags":[77,412,411],"class_list":["post-17577","post","type-post","status-publish","format-standard","hentry","category-historia","tag-chile","tag-guerra-del-pacifico","tag-peru"],"_links":{"self":[{"href":"https:\/\/adhilac.com.ar\/index.php?rest_route=\/wp\/v2\/posts\/17577","targetHints":{"allow":["GET"]}}],"collection":[{"href":"https:\/\/adhilac.com.ar\/index.php?rest_route=\/wp\/v2\/posts"}],"about":[{"href":"https:\/\/adhilac.com.ar\/index.php?rest_route=\/wp\/v2\/types\/post"}],"author":[{"embeddable":true,"href":"https:\/\/adhilac.com.ar\/index.php?rest_route=\/wp\/v2\/users\/17"}],"replies":[{"embeddable":true,"href":"https:\/\/adhilac.com.ar\/index.php?rest_route=%2Fwp%2Fv2%2Fcomments&post=17577"}],"version-history":[{"count":2,"href":"https:\/\/adhilac.com.ar\/index.php?rest_route=\/wp\/v2\/posts\/17577\/revisions"}],"predecessor-version":[{"id":17591,"href":"https:\/\/adhilac.com.ar\/index.php?rest_route=\/wp\/v2\/posts\/17577\/revisions\/17591"}],"wp:attachment":[{"href":"https:\/\/adhilac.com.ar\/index.php?rest_route=%2Fwp%2Fv2%2Fmedia&parent=17577"}],"wp:term":[{"taxonomy":"category","embeddable":true,"href":"https:\/\/adhilac.com.ar\/index.php?rest_route=%2Fwp%2Fv2%2Fcategories&post=17577"},{"taxonomy":"post_tag","embeddable":true,"href":"https:\/\/adhilac.com.ar\/index.php?rest_route=%2Fwp%2Fv2%2Ftags&post=17577"}],"curies":[{"name":"wp","href":"https:\/\/api.w.org\/{rel}","templated":true}]}}