{"id":17580,"date":"2021-01-27T12:40:00","date_gmt":"2021-01-27T15:40:00","guid":{"rendered":"https:\/\/adhilac.com.ar\/?p=17580"},"modified":"2021-02-10T11:10:31","modified_gmt":"2021-02-10T14:10:31","slug":"la-revolucion-salvadorena-de-1932","status":"publish","type":"post","link":"https:\/\/adhilac.com.ar\/?p=17580","title":{"rendered":"La revoluci\u00f3n salvadore\u00f1a de 1932"},"content":{"rendered":"\n<div class=\"wp-block-image is-style-default\"><figure class=\"aligncenter size-large is-resized\"><img loading=\"lazy\" decoding=\"async\" src=\"https:\/\/adhilac.com.ar\/wp-content\/uploads\/2021\/02\/Revolucion-Salvador-1932-800x480.jpg\" alt=\"\" class=\"wp-image-17581\" width=\"372\" height=\"223\" srcset=\"https:\/\/adhilac.com.ar\/wp-content\/uploads\/2021\/02\/Revolucion-Salvador-1932-800x480.jpg 800w, https:\/\/adhilac.com.ar\/wp-content\/uploads\/2021\/02\/Revolucion-Salvador-1932-300x180.jpg 300w, https:\/\/adhilac.com.ar\/wp-content\/uploads\/2021\/02\/Revolucion-Salvador-1932-768x461.jpg 768w, https:\/\/adhilac.com.ar\/wp-content\/uploads\/2021\/02\/Revolucion-Salvador-1932.jpg 1000w\" sizes=\"auto, (max-width: 372px) 100vw, 372px\" \/><\/figure><\/div>\n\n\n\n<p class=\"wp-block-paragraph\">Por Sergio Guerra Vilaboy<\/p>\n\n\n\n<p class=\"wp-block-paragraph\">En 1971 publiqu\u00e9 en el peri\u00f3dico cubano <em>Granma<\/em> un art\u00edculo sobre la sublevaci\u00f3n popular de El Salvador en 1932 que, con ligeras modificaciones, comparto medio siglo despu\u00e9s con los lectores de <em>Informe Fracto<\/em>. La insurrecci\u00f3n salvadore\u00f1a estaba asociada a los terribles efectos de la crisis econ\u00f3mica de 1929, que lleg\u00f3 a este peque\u00f1o pa\u00eds centroamericano amplificada por las conexiones del comercio internacional. Estados Unidos dominaba la econom\u00eda y la mayor parte de la producci\u00f3n cafetalera de El Salvador. La ca\u00edda del mercado norteamericano afect\u00f3 en profundidad la endeble econom\u00eda del pa\u00eds, dependiente, en lo fundamental, del arom\u00e1tico grano.<\/p>\n\n\n\n<!--more-->\n\n\n\n<p class=\"wp-block-paragraph\">La depresi\u00f3n provoc\u00f3 en El Salvador un desplome del 65% en los precios del caf\u00e9 y de 74% en el valor de las exportaciones, as\u00ed como disminuy\u00f3 en un 66% las importaciones, sobre todo de materias primas y alimentos. La crisis provoc\u00f3 la quiebra de la mitad de los bancos y redujo en esa misma cuant\u00eda los ingresos estatales. Miles de trabajadores, en especial los m\u00e1s empobrecidos, vinculados a la producci\u00f3n cafetalera en las zonas rurales, quedaron desempleados, sin alternativa para sostener a sus familias.<\/p>\n\n\n\n<p class=\"wp-block-paragraph\">Desde finales de 1931 los hambreados trabajadores del occidente del pa\u00eds, en su mayor\u00eda ind\u00edgenas de la etnia n\u00e1huatl, desesperados ante los efectos de la depresi\u00f3n econ\u00f3mica y el violento desalojo de sus tierras, comenzaron a protestar y a manifestarse, en lo que se perfilaba como una espont\u00e1nea insurrecci\u00f3n. La oligarqu\u00eda salvadore\u00f1a, alarmada ante el crecimiento del movimiento popular e insatisfecha con la pol\u00edtica vacilante del gobierno de Arturo Araujo, propici\u00f3 el 2 de diciembre de ese a\u00f1o un golpe militar.<\/p>\n\n\n\n<p class=\"wp-block-paragraph\">Como resultado de la asonada castrense se instal\u00f3 una f\u00e9rrea dictadura encabezada por el general Maximiliano Hern\u00e1ndez Mart\u00ednez. <em>El Brujo<\/em> Mart\u00ednez, como fue apodado, desat\u00f3 una brutal represi\u00f3n para acallar las crecientes protestas y demandas populares. Por su parte, el Partido Comunista Salvadore\u00f1o (PCS), fundado en marzo de 1930, trataba de encauzar el descontento de campesinos y pueblos originarios, entre cuyos l\u00edderes figuraba el ind\u00edgena Jos\u00e9 Feliciano Ama. El secretario general del PCS era entonces Agust\u00edn Farabundo Mart\u00ed, quien acababa de regresar de Nicaragua, luego de combatir a los norteamericanos a las \u00f3rdenes directas de Augusto C. Sandino.<\/p>\n\n\n\n<div class=\"wp-block-image is-style-default\"><figure class=\"aligncenter is-resized\"><img loading=\"lazy\" decoding=\"async\" src=\"https:\/\/informefracto.com\/wp-content\/uploads\/2021\/01\/Madre-Am\u00e9ric-2-el-Salvador.jpeg\" alt=\"\" class=\"wp-image-36818\" width=\"530\" height=\"318\"\/><\/figure><\/div>\n\n\n\n<p class=\"wp-block-paragraph\">Mart\u00ed y otro dirigente comunista salvadore\u00f1o, Miguel M\u00e1rmol, se reunieron en secreto el 7 de enero de 1932 con l\u00edderes populares para preparar la inevitable sublevaci\u00f3n, que fue fijada para el d\u00eda 16 de ese mes, aunque finalmente estall\u00f3 el 22. Al parecer, la postergaci\u00f3n de la fecha permiti\u00f3 al gobierno adelantar la persecuci\u00f3n contra sus dirigentes. El propio Farabundo Mart\u00ed fue detenido, en compa\u00f1\u00eda de los estudiantes Alfonso Luna y Mario Zapata, editores del peri\u00f3dico <em>Estrella Roja<\/em>, y fusilados (1 de febrero); mientras M\u00e1rmol era ametrallado, junto a varias personas, y dado por muerto, aunque milagrosamente sobrevivi\u00f3, seg\u00fan testimoni\u00f3 que dio a Roque Dalton y que aparece en su libro <em>Miguel M\u00e1rmol, los sucesos de 1932<\/em> (1972).<\/p>\n\n\n\n<p class=\"wp-block-paragraph\">La criminal ofensiva gubernamental no impidi\u00f3 el levantamiento campesino-ind\u00edgena y la ocupaci\u00f3n durante varios d\u00edas de los poblados de Juay\u00faa, Izalco, Nahuizalco, Salcoatit\u00e1n y Tacuba, mientras las guarniciones de Sonsonate, Ahuachap\u00e1n y Santa Tecla eran rodeadas por los encolerizados rebeldes, armados con machetes, que quemaban alcald\u00edas, correos y puestos militares. Al parecer, en determinados sitios se intent\u00f3 vertebrar <em>soviets<\/em>, siguiendo las consignas entonces en boga de la Internacional Comunista. Durante semanas, el ej\u00e9rcito y la aviaci\u00f3n del r\u00e9gimen se dedicaron a aplastar a sangre y fuego a los insurgentes.<\/p>\n\n\n\n<p class=\"wp-block-paragraph\">Alarmados por la magnitud de la sublevaci\u00f3n, barcos de guerra ingleses y norteamericanos se presentaron en el puerto de Acajutla para ayudar al dictador a controlar la situaci\u00f3n, quien les agradeci\u00f3, inform\u00e1ndoles que \u201c<em>hasta hoy, cuarto d\u00eda de operaciones, est\u00e1n liquidados cuatro mil ochocientos bolchevique<\/em>s\u201d. La derrota de la revoluci\u00f3n de 1932 dej\u00f3 como tr\u00e1gico saldo m\u00e1s de treinta mil muertos, sobre todo entre los pueblos originarios, contra la que se cometi\u00f3 un verdadero etnocidio, que aceler\u00f3 el proceso de ladinizaci\u00f3n de la poblaci\u00f3n ind\u00edgena de El Salvador, hoy pr\u00e1cticamente desaparecida, pues todo el que tuviera esa apariencia pod\u00eda ser golpeado, encarcelado o incluso asesinado.<\/p>\n\n\n\n<p class=\"wp-block-paragraph\">Fuente: www.informefracto.com &#8211; 26 de enero de 2021<\/p>\n\n\n\n<div style=\"height:33px\" aria-hidden=\"true\" class=\"wp-block-spacer\"><\/div>\n\n\n\n<p class=\"has-very-light-gray-color has-vivid-cyan-blue-background-color has-text-color has-background wp-block-paragraph\"><strong>Publicado por ADHILAC Internacional \u00a9 www.adhilac.com.ar<\/strong><\/p>\n\n\n\n<p class=\"has-vivid-cyan-blue-color has-very-light-gray-background-color has-text-color has-background wp-block-paragraph\"> Si Ud. desea asociarse de acuerdo a los Estatutos de ADHILAC&nbsp;<a href=\"https:\/\/adhilac.com.ar\/?page_id=263\">(ver)<\/a> complete el siguiente formulario&nbsp;(<a href=\"https:\/\/adhilac.com.ar\/?page_id=4779\">ver<\/a>)<\/p>\n\n\n\n<p class=\"has-very-light-gray-color has-vivid-cyan-blue-background-color has-text-color has-background wp-block-paragraph\"> E-mail:&nbsp;info@adhilac.com.ar <\/p>\n\n\n\n<p class=\"has-very-light-gray-color has-vivid-cyan-blue-background-color has-text-color has-background wp-block-paragraph\"> Twitter: @AdhilacInfo <\/p>\n\n\n\n<div class=\"wp-block-image is-style-default\"><figure class=\"aligncenter size-large\"><img loading=\"lazy\" decoding=\"async\" width=\"85\" height=\"85\" src=\"https:\/\/adhilac.com.ar\/wp-content\/uploads\/2015\/02\/Logo-ADHILAC-Internacional-PEQ.jpg\" alt=\"\" class=\"wp-image-10473\"\/><\/figure><\/div>\n\n\n\n<p class=\"wp-block-paragraph\">Ver <a href=\"https:\/\/adhilac.com.ar\/?page_id=541\">Presentaci\u00f3n de ADHILAC<\/a><\/p>\n\n\n\n<div style=\"height:29px\" aria-hidden=\"true\" class=\"wp-block-spacer\"><\/div>\n\n\n\n<div class=\"wp-block-group\"><div class=\"wp-block-group__inner-container is-layout-flow wp-block-group-is-layout-flow\">\n<p class=\"has-text-align-center has-very-light-gray-color has-vivid-cyan-blue-background-color has-text-color has-background wp-block-paragraph\"><strong><a href=\"https:\/\/adhilac.com.ar\/?page_id=541\">QUIENES SOMOS<\/a><\/strong><\/p>\n\n\n\n<p class=\"has-text-align-center has-vivid-cyan-blue-color has-very-light-gray-background-color has-text-color has-background wp-block-paragraph\"><strong><a href=\"https:\/\/adhilac.com.ar\/?page_id=15507\">DIRECTIVA DE ADHILAC INTERNACIONAL<\/a><\/strong><\/p>\n\n\n\n<p class=\"has-text-align-center has-very-light-gray-color has-vivid-cyan-blue-background-color has-text-color has-background wp-block-paragraph\"><strong><a href=\"https:\/\/adhilac.com.ar\/?page_id=267\">Declaraci\u00f3n de Caracas de ADHILAC (2007)<\/a><\/strong><\/p>\n\n\n\n<p class=\"has-text-align-center has-vivid-cyan-blue-color has-very-light-gray-background-color has-text-color has-background wp-block-paragraph\"><strong><a href=\"https:\/\/adhilac.com.ar\/?page_id=15873\">ADHILAC: Historia &#8211; Historidorxs<\/a><\/strong><\/p>\n\n\n\n<p class=\"has-text-align-center has-very-light-gray-color has-vivid-cyan-blue-background-color has-text-color has-background wp-block-paragraph\"><strong><a href=\"https:\/\/adhilac.com.ar\/?page_id=15876\">ADHILAC 20 a\u00f1os despu\u00e9s (1974-1994)<\/a> <\/strong><\/p>\n\n\n\n<p class=\"has-text-align-center has-vivid-cyan-blue-color has-very-light-gray-background-color has-text-color has-background wp-block-paragraph\"><strong><a href=\"https:\/\/adhilac.com.ar\/?page_id=15861\">ADHILAC Breve Historia<\/a> <\/strong><\/p>\n\n\n\n<p class=\"has-text-align-center has-very-light-gray-color has-vivid-cyan-blue-background-color has-text-color has-background wp-block-paragraph\"><strong><a href=\"https:\/\/adhilac.com.ar\/?page_id=15887\">ADHILAC: Miembrxs fundadores<\/a><\/strong><\/p>\n\n\n\n<p class=\"has-text-align-center has-vivid-cyan-blue-color has-very-light-gray-background-color has-text-color has-background wp-block-paragraph\"><strong><a href=\"https:\/\/adhilac.com.ar\/?page_id=15943\">ADHILAC: Historiadorxs Destacadxs<\/a><\/strong><\/p>\n\n\n\n<p class=\"has-text-align-center has-very-light-gray-color has-vivid-cyan-blue-background-color has-text-color has-background wp-block-paragraph\"><strong><a href=\"https:\/\/adhilac.com.ar\/?page_id=4779\">SOCIXS<\/a><\/strong><\/p>\n\n\n\n<p class=\"has-text-align-center has-vivid-cyan-blue-color has-very-light-gray-background-color has-text-color has-background wp-block-paragraph\"><strong><a href=\"https:\/\/adhilac.com.ar\/?page_id=263\">Estatutos de ADHILAC<\/a><\/strong><\/p>\n\n\n\n<p class=\"has-text-align-center has-very-light-gray-color has-vivid-cyan-blue-background-color has-text-color has-background wp-block-paragraph\"><strong><a href=\"https:\/\/adhilac.com.ar\/?page_id=8220\">BICENTENARIO<\/a><\/strong><\/p>\n\n\n\n<p class=\"has-text-align-center has-vivid-cyan-blue-color has-very-light-gray-background-color has-text-color has-background wp-block-paragraph\"><strong><a href=\"https:\/\/adhilac.com.ar\/?page_id=8279\">BIBLIOTECA<\/a><\/strong><\/p>\n\n\n\n<p class=\"has-text-align-center has-very-light-gray-color has-vivid-cyan-blue-background-color has-text-color has-background wp-block-paragraph\"><strong><a href=\"https:\/\/adhilac.com.ar\/?page_id=1698\">ENLACES<\/a> <\/strong><\/p>\n\n\n\n<p class=\"has-text-align-center has-vivid-cyan-blue-color has-very-light-gray-background-color has-text-color has-background wp-block-paragraph\"><a href=\"http:\/\/www.ariadnatucma.com.ar\">VISITE ARIADNA TUCMA REVISTA LATINOAMERICANA<\/a><\/p>\n<\/div><\/div>\n","protected":false},"excerpt":{"rendered":"<p>Por Sergio Guerra Vilaboy En 1971 publiqu\u00e9 en el peri\u00f3dico cubano Granma un art\u00edculo sobre la sublevaci\u00f3n popular de El Salvador en 1932 que, con ligeras modificaciones, comparto medio siglo despu\u00e9s con los lectores de Informe Fracto. La insurrecci\u00f3n salvadore\u00f1a estaba asociada a los terribles efectos de la crisis econ\u00f3mica de 1929, que lleg\u00f3 a [&hellip;]<\/p>\n","protected":false},"author":17,"featured_media":0,"comment_status":"closed","ping_status":"closed","sticky":false,"template":"","format":"standard","meta":{"_crdt_document":"","footnotes":""},"categories":[15],"tags":[1235],"class_list":["post-17580","post","type-post","status-publish","format-standard","hentry","category-historia","tag-revolucion-salvadorena"],"_links":{"self":[{"href":"https:\/\/adhilac.com.ar\/index.php?rest_route=\/wp\/v2\/posts\/17580","targetHints":{"allow":["GET"]}}],"collection":[{"href":"https:\/\/adhilac.com.ar\/index.php?rest_route=\/wp\/v2\/posts"}],"about":[{"href":"https:\/\/adhilac.com.ar\/index.php?rest_route=\/wp\/v2\/types\/post"}],"author":[{"embeddable":true,"href":"https:\/\/adhilac.com.ar\/index.php?rest_route=\/wp\/v2\/users\/17"}],"replies":[{"embeddable":true,"href":"https:\/\/adhilac.com.ar\/index.php?rest_route=%2Fwp%2Fv2%2Fcomments&post=17580"}],"version-history":[{"count":2,"href":"https:\/\/adhilac.com.ar\/index.php?rest_route=\/wp\/v2\/posts\/17580\/revisions"}],"predecessor-version":[{"id":17588,"href":"https:\/\/adhilac.com.ar\/index.php?rest_route=\/wp\/v2\/posts\/17580\/revisions\/17588"}],"wp:attachment":[{"href":"https:\/\/adhilac.com.ar\/index.php?rest_route=%2Fwp%2Fv2%2Fmedia&parent=17580"}],"wp:term":[{"taxonomy":"category","embeddable":true,"href":"https:\/\/adhilac.com.ar\/index.php?rest_route=%2Fwp%2Fv2%2Fcategories&post=17580"},{"taxonomy":"post_tag","embeddable":true,"href":"https:\/\/adhilac.com.ar\/index.php?rest_route=%2Fwp%2Fv2%2Ftags&post=17580"}],"curies":[{"name":"wp","href":"https:\/\/api.w.org\/{rel}","templated":true}]}}