{"id":17592,"date":"2021-02-03T10:06:00","date_gmt":"2021-02-03T13:06:00","guid":{"rendered":"https:\/\/adhilac.com.ar\/?p=17592"},"modified":"2021-02-10T11:11:03","modified_gmt":"2021-02-10T14:11:03","slug":"dictaduras-latinoamericanas","status":"publish","type":"post","link":"https:\/\/adhilac.com.ar\/?p=17592","title":{"rendered":"Dictaduras latinoamericanas"},"content":{"rendered":"\n<div class=\"wp-block-media-text alignwide is-stacked-on-mobile is-image-fill has-background\" style=\"background:linear-gradient(56deg,rgb(255,245,203) 0%,rgb(182,227,212) 50%,rgb(51,167,181) 100%);grid-template-columns:49% auto\"><figure class=\"wp-block-media-text__media\" style=\"background-image:url(https:\/\/adhilac.com.ar\/wp-content\/uploads\/2021\/02\/Dictaduras-Porfirio-Diaz-800x480.jpg);background-position:50% 50%\"><img loading=\"lazy\" decoding=\"async\" width=\"800\" height=\"480\" src=\"https:\/\/adhilac.com.ar\/wp-content\/uploads\/2021\/02\/Dictaduras-Porfirio-Diaz-800x480.jpg\" alt=\"\" class=\"wp-image-17593 size-full\" srcset=\"https:\/\/adhilac.com.ar\/wp-content\/uploads\/2021\/02\/Dictaduras-Porfirio-Diaz-800x480.jpg 800w, https:\/\/adhilac.com.ar\/wp-content\/uploads\/2021\/02\/Dictaduras-Porfirio-Diaz-300x180.jpg 300w, https:\/\/adhilac.com.ar\/wp-content\/uploads\/2021\/02\/Dictaduras-Porfirio-Diaz-768x461.jpg 768w, https:\/\/adhilac.com.ar\/wp-content\/uploads\/2021\/02\/Dictaduras-Porfirio-Diaz.jpg 1000w\" sizes=\"auto, (max-width: 800px) 100vw, 800px\" \/><\/figure><div class=\"wp-block-media-text__content\">\n<p class=\"has-text-align-right has-normal-font-size wp-block-paragraph\"><strong>Por Sergio Guerra Vilaboy<\/strong><\/p>\n<\/div><\/div>\n\n\n\n<p class=\"wp-block-paragraph\">Las dictaduras ensombrecieron el devenir de Am\u00e9rica Latina y el Caribe despu\u00e9s de la independencia, aunque las de principios del siglo XIX fueron diferentes, en muchos aspectos, a las de fines de esa misma centuria y de la siguiente. Estas \u00faltimas, como la de Porfirio D\u00edaz en M\u00e9xico, se desarrollaron en un nuevo contexto hist\u00f3rico, marcado por la creciente dominaci\u00f3n de Estados Unidos en el continente.<\/p>\n\n\n\n<!--more-->\n\n\n\n<p class=\"wp-block-paragraph\">El propio t\u00e9rmino de dictadura termin\u00f3 por adquirir un significado peyorativo del que carec\u00eda en sus inicios, cuando equival\u00eda al sencillo otorgamiento de plenos poderes, en funci\u00f3n del inter\u00e9s p\u00fablico, a una o varias personas, que la asum\u00edan en circunstancias excepcionales, sin limitaciones y en forma absoluta. Al parecer, el concepto se emple\u00f3 por primera vez en la antigua Roma para denominar a un magistrado al que le atribu\u00edan las prerrogativas de ambos c\u00f3nsules, esto es, toda la autoridad administrativa del estado y el supremo mando militar. Adem\u00e1s de asumir las funciones \u00edntegras de la soberan\u00eda y de concentrar en su persona el ejercicio del poder p\u00fablico, los dictadores quedaban facultados para decidir sobre la vida o la muerte y sus disposiciones eran inapelables.<\/p>\n\n\n\n<p class=\"wp-block-paragraph\">Por regla general, los dictadores eran nombrados en forma legal por cuerpos colegiados y sus poderes absolutos concedidos temporalmente, aunque Sila y C\u00e9sar fueron designados dictadores de por vida. Para el polit\u00f3logo franc\u00e9s Alain Rouquie, la dictadura puede ser definida como <em>\u201cun r\u00e9gimen de excepci\u00f3n que, por circunstancias particulares, se ejerce sin control. Ello implica que el poder de los gobernantes sobre los gobernados no conoce ninguna restricci\u00f3n, o sea, dicho ahora en t\u00e9rminos constitucionales, que las garant\u00edas fundamentales se hallan abolidas. Permanecemos as\u00ed muy cerca de una acepci\u00f3n cl\u00e1sica.\u201d<\/em><\/p>\n\n\n\n<p class=\"wp-block-paragraph\">Acorde a esta tradici\u00f3n, durante la independencia de Espa\u00f1a a muchos patriotas latinoamericanos se les otorg\u00f3 la condici\u00f3n de dictadores, como ocurri\u00f3 por ejemplo con Francisco de Miranda en 1812, quien fue nombrado por el congreso venezolano, antes de disolverse, con total y plena autoridad, para que tratara de salvar a la primera rep\u00fablica de la feroz ofensiva realista. Lo mismo vale para Sim\u00f3n Bol\u00edvar, Jos\u00e9 de San Mart\u00edn y otras primeras figuras de la emancipaci\u00f3n que tambi\u00e9n fueron designados dictadores, en circunstancias muy comprometidas de la lucha contra las tropas colonialistas. Incluso en la naciente rep\u00fablica de Paraguay, acosada por sus vecinos, que le negaban el reconocimiento como estado independiente, el doctor Jos\u00e9 Gaspar de Francia, que era uno de los dos c\u00f3nsules encargados del poder ejecutivo, fue proclamado en 1814, por un congreso popular reunido en Asunci\u00f3n, <em>Dictador Supremo<\/em>.<\/p>\n\n\n\n<p class=\"wp-block-paragraph\">Despu\u00e9s de la independencia, el t\u00e9rmino dictadura fue tomando un sentido negativo al ser empleado por los liberales en sus campa\u00f1as contra los caudillos, el despotismo y los gobernantes conservadores, aliados a la iglesia, que dominaban la escena pol\u00edtica de Am\u00e9rica Latina y que se caracterizaban por ejercer una autoridad omn\u00edmoda, arbitraria y criminal. Gobernantes como Juan Manuel de Rosas en el R\u00edo de la Plata, Mariano Melgarejo en Bolivia, Rafael Carrera en Guatemala, Gabriel Garc\u00eda Moreno o Ignacio de Veintimilla en Ecuador, Antonio L\u00f3pez de Santa Anna en M\u00e9xico, Jos\u00e9 Antonio P\u00e1ez en Venezuela, Ulises Heureaux en Rep\u00fablica Dominicana, y hasta el propio doctor Francia en Paraguay, fueron calificados con los peores ep\u00edtetos por sus opositores liberales, acu\u00f1ando la palabra dictadura con la carga peyorativa que tiene hoy, como sin\u00f3nimo de tiranos o s\u00e1trapas.<\/p>\n\n\n\n<p class=\"wp-block-paragraph\">Desde entonces, el t\u00e9rmino adquiri\u00f3 la connotaci\u00f3n negativa con que se utiliza en la actualidad y que alude a un sistema desp\u00f3tico implantado en un pa\u00eds determinado en el cual la arbitrariedad se convierte en norma jur\u00eddica, al margen de la voluntad ciudadana y su poder, basado en una fuerte represi\u00f3n, se ejerce sin contrapeso de ning\u00fan tipo. Estos reg\u00edmenes han sido fuente de inspiraci\u00f3n de novelas como <em>Tirano Banderas<\/em> (1926), del escritor gallego Ram\u00f3n Mar\u00eda del Valle Incl\u00e1n, <em>El se\u00f1or presidente<\/em> (1946) del guatemalteco Miguel \u00c1ngel Asturias, <em>El recurso del m\u00e9todo<\/em> (1974) del cubano Alejo Carpentier, <em>El oto\u00f1o del patriarca<\/em> (1975) del colombiano Gabriel Garc\u00eda M\u00e1rquez y <em>La fiesta del Chivo<\/em> (2000) del peruano Mario Vargas Llosa.<\/p>\n\n\n\n<p class=\"wp-block-paragraph\">Fuente: www.informefracto.com &#8211; 2 de febrero de 2021<\/p>\n\n\n\n<div style=\"height:39px\" aria-hidden=\"true\" class=\"wp-block-spacer\"><\/div>\n\n\n\n<p class=\"has-very-light-gray-color has-vivid-cyan-blue-background-color has-text-color has-background wp-block-paragraph\"><strong>Publicado por ADHILAC Internacional \u00a9 www.adhilac.com.ar<\/strong><\/p>\n\n\n\n<p class=\"has-vivid-cyan-blue-color has-very-light-gray-background-color has-text-color has-background wp-block-paragraph\"> Si Ud. desea asociarse de acuerdo a los Estatutos de ADHILAC&nbsp;<a href=\"https:\/\/adhilac.com.ar\/?page_id=263\">(ver)<\/a> complete el siguiente formulario&nbsp;(<a href=\"https:\/\/adhilac.com.ar\/?page_id=4779\">ver<\/a>)<\/p>\n\n\n\n<p class=\"has-very-light-gray-color has-vivid-cyan-blue-background-color has-text-color has-background wp-block-paragraph\"> E-mail:&nbsp;info@adhilac.com.ar <\/p>\n\n\n\n<p class=\"has-very-light-gray-color has-vivid-cyan-blue-background-color has-text-color has-background wp-block-paragraph\"> Twitter: @AdhilacInfo <\/p>\n\n\n\n<div class=\"wp-block-image is-style-default\"><figure class=\"aligncenter size-large\"><img loading=\"lazy\" decoding=\"async\" width=\"85\" height=\"85\" src=\"https:\/\/adhilac.com.ar\/wp-content\/uploads\/2015\/02\/Logo-ADHILAC-Internacional-PEQ.jpg\" alt=\"\" class=\"wp-image-10473\"\/><\/figure><\/div>\n\n\n\n<p class=\"wp-block-paragraph\">Ver <a href=\"https:\/\/adhilac.com.ar\/?page_id=541\">Presentaci\u00f3n de ADHILAC<\/a><\/p>\n\n\n\n<div style=\"height:39px\" aria-hidden=\"true\" class=\"wp-block-spacer\"><\/div>\n\n\n\n<div class=\"wp-block-group\"><div class=\"wp-block-group__inner-container is-layout-flow wp-block-group-is-layout-flow\">\n<p class=\"has-text-align-center has-very-light-gray-color has-vivid-cyan-blue-background-color has-text-color has-background wp-block-paragraph\"><strong><a href=\"https:\/\/adhilac.com.ar\/?page_id=541\">QUIENES SOMOS<\/a><\/strong><\/p>\n\n\n\n<p class=\"has-text-align-center has-vivid-cyan-blue-color has-very-light-gray-background-color has-text-color has-background wp-block-paragraph\"><strong><a href=\"https:\/\/adhilac.com.ar\/?page_id=15507\">DIRECTIVA DE ADHILAC INTERNACIONAL<\/a><\/strong><\/p>\n\n\n\n<p class=\"has-text-align-center has-very-light-gray-color has-vivid-cyan-blue-background-color has-text-color has-background wp-block-paragraph\"><strong><a href=\"https:\/\/adhilac.com.ar\/?page_id=267\">Declaraci\u00f3n de Caracas de ADHILAC (2007)<\/a><\/strong><\/p>\n\n\n\n<p class=\"has-text-align-center has-vivid-cyan-blue-color has-very-light-gray-background-color has-text-color has-background wp-block-paragraph\"><strong><a href=\"https:\/\/adhilac.com.ar\/?page_id=15873\">ADHILAC: Historia &#8211; Historidorxs<\/a><\/strong><\/p>\n\n\n\n<p class=\"has-text-align-center has-very-light-gray-color has-vivid-cyan-blue-background-color has-text-color has-background wp-block-paragraph\"><strong><a href=\"https:\/\/adhilac.com.ar\/?page_id=15876\">ADHILAC 20 a\u00f1os despu\u00e9s (1974-1994)<\/a> <\/strong><\/p>\n\n\n\n<p class=\"has-text-align-center has-vivid-cyan-blue-color has-very-light-gray-background-color has-text-color has-background wp-block-paragraph\"><strong><a href=\"https:\/\/adhilac.com.ar\/?page_id=15861\">ADHILAC Breve Historia<\/a> <\/strong><\/p>\n\n\n\n<p class=\"has-text-align-center has-very-light-gray-color has-vivid-cyan-blue-background-color has-text-color has-background wp-block-paragraph\"><strong><a href=\"https:\/\/adhilac.com.ar\/?page_id=15887\">ADHILAC: Miembrxs fundadores<\/a><\/strong><\/p>\n\n\n\n<p class=\"has-text-align-center has-vivid-cyan-blue-color has-very-light-gray-background-color has-text-color has-background wp-block-paragraph\"><strong><a href=\"https:\/\/adhilac.com.ar\/?page_id=15943\">ADHILAC: Historiadorxs Destacadxs<\/a><\/strong><\/p>\n\n\n\n<p class=\"has-text-align-center has-very-light-gray-color has-vivid-cyan-blue-background-color has-text-color has-background wp-block-paragraph\"><strong><a href=\"https:\/\/adhilac.com.ar\/?page_id=4779\">SOCIXS<\/a><\/strong><\/p>\n\n\n\n<p class=\"has-text-align-center has-vivid-cyan-blue-color has-very-light-gray-background-color has-text-color has-background wp-block-paragraph\"><strong><a href=\"https:\/\/adhilac.com.ar\/?page_id=263\">Estatutos de ADHILAC<\/a><\/strong><\/p>\n\n\n\n<p class=\"has-text-align-center has-very-light-gray-color has-vivid-cyan-blue-background-color has-text-color has-background wp-block-paragraph\"><strong><a href=\"https:\/\/adhilac.com.ar\/?page_id=8220\">BICENTENARIO<\/a><\/strong><\/p>\n\n\n\n<p class=\"has-text-align-center has-vivid-cyan-blue-color has-very-light-gray-background-color has-text-color has-background wp-block-paragraph\"><strong><a href=\"https:\/\/adhilac.com.ar\/?page_id=8279\">BIBLIOTECA<\/a><\/strong><\/p>\n\n\n\n<p class=\"has-text-align-center has-very-light-gray-color has-vivid-cyan-blue-background-color has-text-color has-background wp-block-paragraph\"><strong><a href=\"https:\/\/adhilac.com.ar\/?page_id=1698\">ENLACES<\/a> <\/strong><\/p>\n\n\n\n<p class=\"has-text-align-center has-vivid-cyan-blue-color has-very-light-gray-background-color has-text-color has-background wp-block-paragraph\"><a href=\"http:\/\/www.ariadnatucma.com.ar\">VISITE ARIADNA TUCMA REVISTA LATINOAMERICANA<\/a><\/p>\n<\/div><\/div>\n","protected":false},"excerpt":{"rendered":"<p>Por Sergio Guerra Vilaboy Las dictaduras ensombrecieron el devenir de Am\u00e9rica Latina y el Caribe despu\u00e9s de la independencia, aunque las de principios del siglo XIX fueron diferentes, en muchos aspectos, a las de fines de esa misma centuria y de la siguiente. Estas \u00faltimas, como la de Porfirio D\u00edaz en M\u00e9xico, se desarrollaron en [&hellip;]<\/p>\n","protected":false},"author":17,"featured_media":0,"comment_status":"closed","ping_status":"closed","sticky":false,"template":"","format":"standard","meta":{"_crdt_document":"","footnotes":""},"categories":[15],"tags":[401,199],"class_list":["post-17592","post","type-post","status-publish","format-standard","hentry","category-historia","tag-dictaduras","tag-historia-latinoamericana-y-del-caribe"],"_links":{"self":[{"href":"https:\/\/adhilac.com.ar\/index.php?rest_route=\/wp\/v2\/posts\/17592","targetHints":{"allow":["GET"]}}],"collection":[{"href":"https:\/\/adhilac.com.ar\/index.php?rest_route=\/wp\/v2\/posts"}],"about":[{"href":"https:\/\/adhilac.com.ar\/index.php?rest_route=\/wp\/v2\/types\/post"}],"author":[{"embeddable":true,"href":"https:\/\/adhilac.com.ar\/index.php?rest_route=\/wp\/v2\/users\/17"}],"replies":[{"embeddable":true,"href":"https:\/\/adhilac.com.ar\/index.php?rest_route=%2Fwp%2Fv2%2Fcomments&post=17592"}],"version-history":[{"count":4,"href":"https:\/\/adhilac.com.ar\/index.php?rest_route=\/wp\/v2\/posts\/17592\/revisions"}],"predecessor-version":[{"id":17598,"href":"https:\/\/adhilac.com.ar\/index.php?rest_route=\/wp\/v2\/posts\/17592\/revisions\/17598"}],"wp:attachment":[{"href":"https:\/\/adhilac.com.ar\/index.php?rest_route=%2Fwp%2Fv2%2Fmedia&parent=17592"}],"wp:term":[{"taxonomy":"category","embeddable":true,"href":"https:\/\/adhilac.com.ar\/index.php?rest_route=%2Fwp%2Fv2%2Fcategories&post=17592"},{"taxonomy":"post_tag","embeddable":true,"href":"https:\/\/adhilac.com.ar\/index.php?rest_route=%2Fwp%2Fv2%2Ftags&post=17592"}],"curies":[{"name":"wp","href":"https:\/\/api.w.org\/{rel}","templated":true}]}}