{"id":17617,"date":"2021-01-25T17:04:00","date_gmt":"2021-01-25T20:04:00","guid":{"rendered":"https:\/\/adhilac.com.ar\/?p=17617"},"modified":"2021-02-10T17:14:17","modified_gmt":"2021-02-10T20:14:17","slug":"xi-jornadas-de-historia-moderna-y-contemporanea-u-n-s-argentina-13-16-04-2021","status":"publish","type":"post","link":"https:\/\/adhilac.com.ar\/?p=17617","title":{"rendered":"XI Jornadas de Historia Moderna y Contempor\u00e1nea. U.N.S. Argentina. 13-16\/04\/2021"},"content":{"rendered":"\n<div class=\"wp-block-group has-luminous-vivid-amber-color has-vivid-cyan-blue-to-vivid-purple-gradient-background has-text-color has-background\"><div class=\"wp-block-group__inner-container is-layout-flow wp-block-group-is-layout-flow\">\n<div style=\"height:40px\" aria-hidden=\"true\" class=\"wp-block-spacer\"><\/div>\n\n\n\n<p class=\"has-text-align-center has-medium-font-size wp-block-paragraph\"><strong>XI Jornadas de Historia Moderna y Contempor\u00e1nea<\/strong><\/p>\n\n\n\n<p class=\"has-text-align-center wp-block-paragraph\"><strong>13, 14, 15 y 16 de Abril de 2021<\/strong> &#8211; <\/p>\n\n\n\n<p class=\"has-text-align-center wp-block-paragraph\">Modalidad Virtual<\/p>\n\n\n\n<p class=\"has-text-align-center wp-block-paragraph\">Departamento de Humanidades &#8211; <\/p>\n\n\n\n<p class=\"has-text-align-center wp-block-paragraph\"><strong>Universidad Nacional del Sur<\/strong><\/p>\n\n\n\n<div style=\"height:43px\" aria-hidden=\"true\" class=\"wp-block-spacer\"><\/div>\n\n\n\n<p class=\"wp-block-paragraph\"><\/p>\n<\/div><\/div>\n\n\n\n<!--more-->\n\n\n\n<p class=\"wp-block-paragraph\"><strong>Mesa: Narrativas no euroc\u00e9ntricas y su influencia en la ense\u00f1anza, investigaci\u00f3n y producci\u00f3n hist\u00f3rica actual de los tiempos modernos y contempor\u00e1neos <\/strong><\/p>\n\n\n\n<p class=\"wp-block-paragraph\"><strong>Coordinadores<\/strong>: Mar\u00eda Fernanda Justiniano (Universidad Nacional de Salta); Juli\u00e1n Carrera (Universidad de La Plata) y Sergio Galiana (Universidad de Buenos Aires, Universidad Nacional de General San Mart\u00edn y Universidad de Quilmes)<\/p>\n\n\n\n<div class=\"wp-block-columns is-layout-flex wp-container-core-columns-is-layout-8f761849 wp-block-columns-is-layout-flex\">\n<div class=\"wp-block-column is-layout-flow wp-block-column-is-layout-flow\" style=\"flex-basis:100%\">\n<div class=\"wp-block-group\"><div class=\"wp-block-group__inner-container is-layout-flow wp-block-group-is-layout-flow\">\n<p class=\"wp-block-paragraph\"><strong>Correos electr\u00f3nicos para enviar los res\u00famenes hasta el 22 de febrero de 2021<\/strong>: <a rel=\"noreferrer noopener\" href=\"mailto:mafernandajustiniano@yahoo.com.ar\" target=\"_blank\">mafernandajustiniano@yahoo.com.ar<\/a>; <\/p>\n\n\n\n<p class=\"wp-block-paragraph\"><a rel=\"noreferrer noopener\" href=\"mailto:julianrace@gmail.com\" target=\"_blank\">julianrace@gmail.com<\/a>, <\/p>\n\n\n\n<p class=\"wp-block-paragraph\"><a rel=\"noreferrer noopener\" href=\"mailto:sergiogaliana@gmail.com\" target=\"_blank\">sergiogaliana@gmail.com<\/a><\/p>\n<\/div><\/div>\n\n\n\n<p class=\"wp-block-paragraph\"><\/p>\n<\/div>\n<\/div>\n\n\n\n<p class=\"wp-block-paragraph\"><strong>Fundamentaci\u00f3n<\/strong><\/p>\n\n\n\n<p class=\"wp-block-paragraph\">Durante la segunda mitad del siglo XX toma forma una racionalidad compleja en el quehacer de las ciencias sociales. Comienzan a invalidarse las premisas sobre las cuales se construyeron las grandes metas narrativas que organizaron y dieron Norte a la producci\u00f3n cient\u00edfica y al desarrollo humano. El ascenso y preeminencia europea, el an\u00e1lisis en clave dicot\u00f3mica, la linealidad evolutiva, la idea de equilibrio, son convicciones axiom\u00e1ticas y l\u00edneas metodol\u00f3gicas a las cuales se abandona o se renuncia.El giro cultural, el giro ling\u00fc\u00edstico, el giro global, el giro relacional se afincan en la pr\u00e1ctica cient\u00edfica en las \u00faltimas d\u00e9cadas.\u00a0Emergen diversas propuestas que atienden a estas nuevas epistemolog\u00edas. Decolonialidad, provincializar Europa, ecolog\u00eda de los saberes. son nuevos enfoques que\u00a0trastocan la mirada disciplinar y generan interpretaciones alternativas.En esta mesa nos proponemos debatir y reflexionar sobre el impacto, la influencia de \u00e9stas nuevas epistemolog\u00edas\u00a0no euroc\u00e9ntricas en el campo de la investigaci\u00f3n y ense\u00f1anza de la historia de los tiempos modernos y contempor\u00e1neos.<\/p>\n\n\n\n<p class=\"wp-block-paragraph\">Se pone a consideraci\u00f3n de los y las ponentes la participaci\u00f3n en las convocatorias de:<\/p>\n\n\n\n<p class=\"wp-block-paragraph\"><strong>Dossier Narrativas no euroc\u00e9ntricas<\/strong>: desaf\u00edos para el estudio, la investigaci\u00f3n y la ense\u00f1anza, a publicarse en la Revista Escuela de Historia de la Universidad Nacional de Salta: <a rel=\"noreferrer noopener\" href=\"http:\/\/portalderevistas.unsa.edu.ar\/ojs\/index.php\/reh\" target=\"_blank\">http:\/\/portalderevistas.unsa.edu.ar\/ojs\/index.php\/reh<\/a><\/p>\n\n\n\n<p class=\"wp-block-paragraph\"><strong>Dossier Ecolog\u00eda\u00a0y sociedad. Miradas decoloniales en America Latina<\/strong> a publicarse en la Revista Lhawet, INEAH (Instituto de Ecolog\u00eda y Ambiente Humano) de la Universidad Nacional de Salta <a rel=\"noreferrer noopener\" href=\"http:\/\/portalderevistas.unsa.edu.ar\/ojs\/index.php\/Lhawet\" target=\"_blank\">http:\/\/portalderevistas.unsa.edu.ar\/ojs\/index.php\/Lhawet<\/a><\/p>\n\n\n\n<div style=\"height:40px\" aria-hidden=\"true\" class=\"wp-block-spacer\"><\/div>\n\n\n\n<p class=\"has-very-light-gray-color has-vivid-cyan-blue-background-color has-text-color has-background wp-block-paragraph\"><strong>Publicado por ADHILAC Internacional \u00a9 www.adhilac.com.ar<\/strong><\/p>\n\n\n\n<p class=\"has-vivid-cyan-blue-color has-very-light-gray-background-color has-text-color has-background wp-block-paragraph\"> Si Ud. desea asociarse de acuerdo a los Estatutos de ADHILAC&nbsp;<a href=\"https:\/\/adhilac.com.ar\/?page_id=263\">(ver)<\/a> complete el siguiente formulario&nbsp;(<a href=\"https:\/\/adhilac.com.ar\/?page_id=4779\">ver<\/a>)<\/p>\n\n\n\n<p class=\"has-very-light-gray-color has-vivid-cyan-blue-background-color has-text-color has-background wp-block-paragraph\"> E-mail:&nbsp;info@adhilac.com.ar <\/p>\n\n\n\n<p class=\"has-very-light-gray-color has-vivid-cyan-blue-background-color has-text-color has-background wp-block-paragraph\"> Twitter: @AdhilacInfo <\/p>\n\n\n\n<div class=\"wp-block-image is-style-default\"><figure class=\"aligncenter size-large\"><img loading=\"lazy\" decoding=\"async\" width=\"85\" height=\"85\" src=\"https:\/\/adhilac.com.ar\/wp-content\/uploads\/2015\/02\/Logo-ADHILAC-Internacional-PEQ.jpg\" alt=\"\" class=\"wp-image-10473\"\/><\/figure><\/div>\n\n\n\n<p class=\"wp-block-paragraph\">Ver <a href=\"https:\/\/adhilac.com.ar\/?page_id=541\">Presentaci\u00f3n de ADHILAC<\/a><\/p>\n\n\n\n<div style=\"height:40px\" aria-hidden=\"true\" class=\"wp-block-spacer\"><\/div>\n\n\n\n<div class=\"wp-block-group\"><div class=\"wp-block-group__inner-container is-layout-flow wp-block-group-is-layout-flow\">\n<p class=\"has-text-align-center has-very-light-gray-color has-vivid-cyan-blue-background-color has-text-color has-background wp-block-paragraph\"><strong><a href=\"https:\/\/adhilac.com.ar\/?page_id=541\">QUIENES SOMOS<\/a><\/strong><\/p>\n\n\n\n<p class=\"has-text-align-center has-vivid-cyan-blue-color has-very-light-gray-background-color has-text-color has-background wp-block-paragraph\"><strong><a href=\"https:\/\/adhilac.com.ar\/?page_id=15507\">DIRECTIVA DE ADHILAC INTERNACIONAL<\/a><\/strong><\/p>\n\n\n\n<p class=\"has-text-align-center has-very-light-gray-color has-vivid-cyan-blue-background-color has-text-color has-background wp-block-paragraph\"><strong><a href=\"https:\/\/adhilac.com.ar\/?page_id=267\">Declaraci\u00f3n de Caracas de ADHILAC (2007)<\/a><\/strong><\/p>\n\n\n\n<p class=\"has-text-align-center has-vivid-cyan-blue-color has-very-light-gray-background-color has-text-color has-background wp-block-paragraph\"><strong><a href=\"https:\/\/adhilac.com.ar\/?page_id=15873\">ADHILAC: Historia &#8211; Historidorxs<\/a><\/strong><\/p>\n\n\n\n<p class=\"has-text-align-center has-very-light-gray-color has-vivid-cyan-blue-background-color has-text-color has-background wp-block-paragraph\"><strong><a href=\"https:\/\/adhilac.com.ar\/?page_id=15876\">ADHILAC 20 a\u00f1os despu\u00e9s (1974-1994)<\/a> <\/strong><\/p>\n\n\n\n<p class=\"has-text-align-center has-vivid-cyan-blue-color has-very-light-gray-background-color has-text-color has-background wp-block-paragraph\"><strong><a href=\"https:\/\/adhilac.com.ar\/?page_id=15861\">ADHILAC Breve Historia<\/a> <\/strong><\/p>\n\n\n\n<p class=\"has-text-align-center has-very-light-gray-color has-vivid-cyan-blue-background-color has-text-color has-background wp-block-paragraph\"><strong><a href=\"https:\/\/adhilac.com.ar\/?page_id=15887\">ADHILAC: Miembrxs fundadores<\/a><\/strong><\/p>\n\n\n\n<p class=\"has-text-align-center has-vivid-cyan-blue-color has-very-light-gray-background-color has-text-color has-background wp-block-paragraph\"><strong><a href=\"https:\/\/adhilac.com.ar\/?page_id=15943\">ADHILAC: Historiadorxs Destacadxs<\/a><\/strong><\/p>\n\n\n\n<p class=\"has-text-align-center has-very-light-gray-color has-vivid-cyan-blue-background-color has-text-color has-background wp-block-paragraph\"><strong><a href=\"https:\/\/adhilac.com.ar\/?page_id=4779\">SOCIXS<\/a><\/strong><\/p>\n\n\n\n<p class=\"has-text-align-center has-vivid-cyan-blue-color has-very-light-gray-background-color has-text-color has-background wp-block-paragraph\"><strong><a href=\"https:\/\/adhilac.com.ar\/?page_id=263\">Estatutos de ADHILAC<\/a><\/strong><\/p>\n\n\n\n<p class=\"has-text-align-center has-very-light-gray-color has-vivid-cyan-blue-background-color has-text-color has-background wp-block-paragraph\"><strong><a href=\"https:\/\/adhilac.com.ar\/?page_id=8220\">BICENTENARIO<\/a><\/strong><\/p>\n\n\n\n<p class=\"has-text-align-center has-vivid-cyan-blue-color has-very-light-gray-background-color has-text-color has-background wp-block-paragraph\"><strong><a href=\"https:\/\/adhilac.com.ar\/?page_id=8279\">BIBLIOTECA<\/a><\/strong><\/p>\n\n\n\n<p class=\"has-text-align-center has-very-light-gray-color has-vivid-cyan-blue-background-color has-text-color has-background wp-block-paragraph\"><strong><a href=\"https:\/\/adhilac.com.ar\/?page_id=1698\">ENLACES<\/a> <\/strong><\/p>\n\n\n\n<p class=\"has-text-align-center has-vivid-cyan-blue-color has-very-light-gray-background-color has-text-color has-background wp-block-paragraph\"><a href=\"http:\/\/www.ariadnatucma.com.ar\">VISITE ARIADNA TUCMA REVISTA LATINOAMERICANA<\/a><\/p>\n<\/div><\/div>\n","protected":false},"excerpt":{"rendered":"<p>XI Jornadas de Historia Moderna y Contempor\u00e1nea 13, 14, 15 y 16 de Abril de 2021 &#8211; Modalidad Virtual Departamento de Humanidades &#8211; Universidad Nacional del Sur<\/p>\n","protected":false},"author":2,"featured_media":0,"comment_status":"closed","ping_status":"closed","sticky":false,"template":"","format":"standard","meta":{"_crdt_document":"","footnotes":""},"categories":[5],"tags":[334,1076],"class_list":["post-17617","post","type-post","status-publish","format-standard","hentry","category-congresos","tag-historia-contemporanea","tag-historia-moderna"],"_links":{"self":[{"href":"https:\/\/adhilac.com.ar\/index.php?rest_route=\/wp\/v2\/posts\/17617","targetHints":{"allow":["GET"]}}],"collection":[{"href":"https:\/\/adhilac.com.ar\/index.php?rest_route=\/wp\/v2\/posts"}],"about":[{"href":"https:\/\/adhilac.com.ar\/index.php?rest_route=\/wp\/v2\/types\/post"}],"author":[{"embeddable":true,"href":"https:\/\/adhilac.com.ar\/index.php?rest_route=\/wp\/v2\/users\/2"}],"replies":[{"embeddable":true,"href":"https:\/\/adhilac.com.ar\/index.php?rest_route=%2Fwp%2Fv2%2Fcomments&post=17617"}],"version-history":[{"count":2,"href":"https:\/\/adhilac.com.ar\/index.php?rest_route=\/wp\/v2\/posts\/17617\/revisions"}],"predecessor-version":[{"id":17619,"href":"https:\/\/adhilac.com.ar\/index.php?rest_route=\/wp\/v2\/posts\/17617\/revisions\/17619"}],"wp:attachment":[{"href":"https:\/\/adhilac.com.ar\/index.php?rest_route=%2Fwp%2Fv2%2Fmedia&parent=17617"}],"wp:term":[{"taxonomy":"category","embeddable":true,"href":"https:\/\/adhilac.com.ar\/index.php?rest_route=%2Fwp%2Fv2%2Fcategories&post=17617"},{"taxonomy":"post_tag","embeddable":true,"href":"https:\/\/adhilac.com.ar\/index.php?rest_route=%2Fwp%2Fv2%2Ftags&post=17617"}],"curies":[{"name":"wp","href":"https:\/\/api.w.org\/{rel}","templated":true}]}}