{"id":1763,"date":"2010-07-04T12:48:27","date_gmt":"2010-07-04T15:48:27","guid":{"rendered":"https:\/\/adhilac.com.ar\/?p=1763"},"modified":"2012-07-28T11:06:44","modified_gmt":"2012-07-28T14:06:44","slug":"artistas-plasticos-cubanos-y-la-imagen-de-jose-marti-la-argentina","status":"publish","type":"post","link":"https:\/\/adhilac.com.ar\/?p=1763","title":{"rendered":"Artistas pl\u00e1sticos cubanos y la imagen de Jos\u00e9 Mart\u00ed  la Argentina"},"content":{"rendered":"<h3><span style=\"color: #339966;\">Para un amigo sincero<\/span><\/h3>\n<p>&nbsp;<\/p>\n<p><img loading=\"lazy\" decoding=\"async\" class=\"size-full wp-image-1814 alignleft\" title=\"Marti PP Oliva\" src=\"https:\/\/adhilac.com.ar\/wp-content\/uploads\/2010\/07\/Marti-PP-Oliva.jpg\" alt=\"Marti PP Oliva\" width=\"276\" height=\"373\" \/><\/p>\n<p style=\"text-align: justify;\">Parafraseando uno de sus m\u00e1s famosos versos, la exposici\u00f3n dedicada a Mart\u00ed que se present\u00f3\u00a0en seis ciudades de Argentina: Jun\u00edn, Santa Fe, R\u00edo Cuarto, C\u00f3rdoba, Santa Rosa y Buenos Aires cont\u00f3 con la participaci\u00f3n de 19 artistas de la pl\u00e1stica cubana y 20 obras ( se expusieron dos obras de uno de los artistas).<\/p>\n<p style=\"text-align: justify;\">La muestra form\u00f3 parte de la Jornada Martiana ante el bicentenario  de\u00a0 las independencias hispanoamericanas, que recorri\u00f3 el pa\u00eds entre el 2  y el 29 de junio.<!--more--><\/p>\n<p style=\"text-align: justify;\"><img loading=\"lazy\" decoding=\"async\" class=\"aligncenter size-full wp-image-1767\" title=\"Marti-E Garcia Pena\" src=\"https:\/\/adhilac.com.ar\/wp-content\/uploads\/2010\/07\/Marti-E-Garcia-Pena.jpg\" alt=\"Marti-E Garcia Pena\" width=\"411\" height=\"652\" \/><\/p>\n<p style=\"text-align: justify;\">Cada artista plasm\u00f3 su manera de ver y sentir a Mart\u00ed, algunos lo   hicieron a partir de su retrato y otros de una manera m\u00e1s simb\u00f3lica: con   una carga al machete, o una bandera cubana en la que la sangre   derramada por los libertadores y por el propio Mart\u00ed\u00a0se esparce desde el   tri\u00e1ngulo hacia\u00a0toda la bandera, o\u00a0a trav\u00e9s de las rosas blancas a las   que dedic\u00f3 sus versos.<\/p>\n<p style=\"text-align: justify;\"><img loading=\"lazy\" decoding=\"async\" class=\"aligncenter size-full wp-image-1812\" title=\"Marti JLFarina-2\" src=\"https:\/\/adhilac.com.ar\/wp-content\/uploads\/2010\/07\/Marti-JLFarina-2.jpg\" alt=\"Marti JLFarina-2\" width=\"394\" height=\"538\" \/><\/p>\n<p style=\"text-align: justify;\">La curadur\u00eda tuvo en cuenta\u00a0una amplia  diversidad de t\u00e9cnicas pict\u00f3ricas: dibujo, acuarela, \u00f3leos y acr\u00edlicos  sobre lienzo o cartulina, pastel graso sobre papel, carboncillo,  colagraf\u00edas, t\u00e9cnicas mixtas y fotocollage.<br \/>\n<img loading=\"lazy\" decoding=\"async\" class=\"alignnone size-full wp-image-1825\" title=\"Marti JM Suarez\" src=\"https:\/\/adhilac.com.ar\/wp-content\/uploads\/2010\/07\/Marti-JM-Suarez.jpg\" alt=\"Marti JM Suarez\" width=\"394\" height=\"309\" \/><\/p>\n<p style=\"text-align: justify;\">Las mayor\u00eda de las obras fueron concebidas por los artistas para la  exposici\u00f3n de Argentina; solamente 5 obras datan de a\u00f1os anteriores.<\/p>\n<p style=\"text-align: justify;\"><img loading=\"lazy\" decoding=\"async\" class=\"aligncenter size-full wp-image-1815\" title=\"Marti VBonachea\" src=\"https:\/\/adhilac.com.ar\/wp-content\/uploads\/2010\/07\/Marti-VBonachea.jpg\" alt=\"Marti VBonachea\" width=\"394\" height=\"569\" \/><\/p>\n<p style=\"text-align: justify;\">Entre los artistas que participaron en la muestra est\u00e1 un\u00a0premio nacional de artes pl\u00e1sticas, el pintor Pedro Pablo Oliva, su maestro \u00c1guedo Alonso y disc\u00edpulos de ambos.<\/p>\n<p style=\"text-align: justify;\"><img loading=\"lazy\" decoding=\"async\" class=\"alignnone size-full wp-image-1827\" title=\"Marti L Cuervo\" src=\"https:\/\/adhilac.com.ar\/wp-content\/uploads\/2010\/07\/Marti-L-Cuervo.jpg\" alt=\"Marti L Cuervo\" width=\"394\" height=\"292\" \/><\/p>\n<p style=\"text-align: justify;\">Se encuentra adem\u00e1s una representaci\u00f3n de destacados artistas de las primeras graduaciones de la Escuela Nacional de Arte despu\u00e9s del triunfo de la Revoluci\u00f3n Cubana y egresados de las academias de artes pl\u00e1sticas de las provincias de Pinar del R\u00edo, Holgu\u00edn y La Habana en a\u00f1os posteriores.<\/p>\n<p style=\"text-align: justify;\"><img loading=\"lazy\" decoding=\"async\" class=\"aligncenter size-full wp-image-1816\" title=\"Marti MCary Diaz\" src=\"https:\/\/adhilac.com.ar\/wp-content\/uploads\/2010\/07\/Marti-MCary-Diaz.jpg\" alt=\"Marti MCary Diaz\" width=\"394\" height=\"610\" \/><\/p>\n<p style=\"text-align: justify;\">Se juntan para rendir homenaje a nuestro maestro y a Argentina,\u00a0tres generaciones de artistas\u00a0de la pl\u00e1stica cubana.<\/p>\n<p style=\"text-align: justify;\"><strong>PALABRAS DEL CAT\u00c1LOGO:<\/strong><strong> <em>PARA UN HOMBRE SINCERO<\/em><\/strong><br \/>\n<strong><span style=\"color: #800000;\"><em> <\/em><\/span><\/strong><\/p>\n<p style=\"text-align: justify;\"><strong><span style=\"color: #800000;\"><em><img loading=\"lazy\" decoding=\"async\" class=\"alignnone size-full wp-image-1829\" title=\"Marti LC Banasco\" src=\"https:\/\/adhilac.com.ar\/wp-content\/uploads\/2010\/07\/Marti-LC-Banasco.jpg\" alt=\"Marti LC Banasco\" width=\"394\" height=\"604\" \/><br \/>\n<\/em><\/span><\/strong><\/p>\n<p style=\"text-align: justify;\">Hay personas que sintetizan momentos, \u00e9pocas, sue\u00f1os y realidades. Tal es el caso de Jos\u00e9 Mart\u00ed para los cubanos.<\/p>\n<p style=\"text-align: justify;\"><img loading=\"lazy\" decoding=\"async\" class=\"alignnone size-full wp-image-1830\" title=\"Marti VM Velazquez\" src=\"https:\/\/adhilac.com.ar\/wp-content\/uploads\/2010\/07\/Marti-VM-Velazquez.jpg\" alt=\"Marti VM Velazquez\" width=\"394\" height=\"466\" \/><br \/>\nNacido en La Habana el 28 de enero de 1853 y muerto en combate frente a las tropas espa\u00f1olas el 19 de mayo de 1895, la impronta de este hombre de tan corta vida ha quedado en la conciencia insular con tal fuerza que constituye uno de los s\u00edmbolos de la naci\u00f3n.<\/p>\n<p style=\"text-align: justify;\"><img loading=\"lazy\" decoding=\"async\" class=\"alignnone size-full wp-image-1817\" title=\"Marti Kamyl Bullaldy\" src=\"https:\/\/adhilac.com.ar\/wp-content\/uploads\/2010\/07\/Marti-Kamyl-Bullaldy.jpg\" alt=\"Marti Kamyl Bullaldy\" width=\"339\" height=\"646\" \/><\/p>\n<p style=\"text-align: justify;\">Escritor en prosa y en verso renovador de la lengua y del estilo; pensador hondo sobre las realidades de su pa\u00eds, de Hispanoam\u00e9rica y del mundo; Mart\u00ed fue adem\u00e1s el l\u00edder de la \u00faltima fase del proceso liberador cubano contra el colonialismo.<\/p>\n<p style=\"text-align: justify;\">Sus prop\u00f3sitos, sustentados en una \u00e9tica de servicio humanista y en su voluntad de echar su suerte con los pobres de la tierra, otearon el m\u00e1s profundo horizonte emancipador: \u201cDesatar a Am\u00e9rica y desuncir al hombre\u201d fue la magna tarea que se plante\u00f3.<\/p>\n<p style=\"text-align: justify;\"><img loading=\"lazy\" decoding=\"async\" class=\"alignnone size-full wp-image-1819\" title=\"Marti O Garcia\" src=\"https:\/\/adhilac.com.ar\/wp-content\/uploads\/2010\/07\/Marti-O-Garcia.jpg\" alt=\"Marti O Garcia\" width=\"409\" height=\"290\" \/><\/p>\n<p style=\"text-align: justify;\">Por eso las generaciones cubanas que le han sucedido le han convertido en paradigma nacional y de eticidad. Ser martiano no es simplemente ser estudioso o seguidor de Mart\u00ed, sino una manera de afrontar la vida con dignidad y con decoro.<\/p>\n<p style=\"text-align: justify;\"><img loading=\"lazy\" decoding=\"async\" class=\"alignnone size-full wp-image-1821\" title=\"Marti A Ramirez\" src=\"https:\/\/adhilac.com.ar\/wp-content\/uploads\/2010\/07\/Marti-A-Ramirez.jpg\" alt=\"Marti A Ramirez\" width=\"394\" height=\"506\" \/><\/p>\n<p style=\"text-align: justify;\">Un grupo de artistas de edades y posturas est\u00e9ticas muy diferentes ofrecen sus singulares y variadas apreciaciones del hombre a quien sus contempor\u00e1neos llamaron Maestro y Ap\u00f3stol, como se le sigue nombrando.<\/p>\n<p style=\"text-align: justify;\"><img loading=\"lazy\" decoding=\"async\" class=\"alignnone size-full wp-image-1823\" title=\"Marti JL Cudina\" src=\"https:\/\/adhilac.com.ar\/wp-content\/uploads\/2010\/07\/Marti-JL-Cudina.jpg\" alt=\"Marti JL Cudina\" width=\"394\" height=\"509\" \/><\/p>\n<p style=\"text-align: justify;\">Comparten todos, sin embargo, la misma pasi\u00f3n amorosa y creadora ante aquel artista de la palabra y de la acci\u00f3n, cuyo ejemplo estimula a la noble y perenne b\u00fasqueda humana de superaci\u00f3n y\u00a0 perfeccionamiento.<\/p>\n<p style=\"text-align: justify;\"><img decoding=\"async\" src=\"https:\/\/adhilac.com.ar\/wp-content\/uploads\/2010\/07\/Marti-Eduardo-Roca.jpg\" alt=\"Marti-Eduardo Roca\" \/><\/p>\n<p style=\"text-align: justify;\"><strong>NOTA: <\/strong>ADHILAC agradece a la curadora Noemi D\u00edaz Vilches por habernos autorizado a publicar este material. Carolina Crisorio<\/p>\n<p style=\"text-align: justify;\">&nbsp;<\/p>\n<p style=\"text-align: justify;\"><strong>Publicado por ADHILAC Internacional \u00a9 www.adhilac.com.ar<\/strong><\/p>\n<p style=\"text-align: justify;\">Si Ud. desea asociarse de acuerdo a los Estatutos de ADHILAC\u00a0<a title=\"(ver)\" href=\"https:\/\/adhilac.com.ar\/?page_id=263\">(ver)<\/a> complete el siguiente formulario\u00a0<a title=\"(ver)\" href=\"https:\/\/adhilac.com.ar\/?page_id=3194\">(ver)<\/a><\/p>\n<p style=\"text-align: justify;\">E-mail: info@adhilac.com.ar<strong> <\/strong><\/p>\n<p style=\"text-align: justify;\">Twitter: @AdhilacInfo<\/p>\n<p style=\"text-align: justify;\">&nbsp;<\/p>\n","protected":false},"excerpt":{"rendered":"<p>Para un amigo sincero &nbsp; Parafraseando uno de sus m\u00e1s famosos versos, la exposici\u00f3n dedicada a Mart\u00ed que se present\u00f3\u00a0en seis ciudades de Argentina: Jun\u00edn, Santa Fe, R\u00edo Cuarto, C\u00f3rdoba, Santa Rosa y Buenos Aires cont\u00f3 con la participaci\u00f3n de 19 artistas de la pl\u00e1stica cubana y 20 obras ( se expusieron dos obras de [&hellip;]<\/p>\n","protected":false},"author":2,"featured_media":0,"comment_status":"closed","ping_status":"closed","sticky":false,"template":"","format":"standard","meta":{"_crdt_document":"","footnotes":""},"categories":[40],"tags":[65,63,64],"class_list":["post-1763","post","type-post","status-publish","format-standard","hentry","category-informaciones","tag-artes-plasticas","tag-cuba","tag-jose-marti"],"_links":{"self":[{"href":"https:\/\/adhilac.com.ar\/index.php?rest_route=\/wp\/v2\/posts\/1763","targetHints":{"allow":["GET"]}}],"collection":[{"href":"https:\/\/adhilac.com.ar\/index.php?rest_route=\/wp\/v2\/posts"}],"about":[{"href":"https:\/\/adhilac.com.ar\/index.php?rest_route=\/wp\/v2\/types\/post"}],"author":[{"embeddable":true,"href":"https:\/\/adhilac.com.ar\/index.php?rest_route=\/wp\/v2\/users\/2"}],"replies":[{"embeddable":true,"href":"https:\/\/adhilac.com.ar\/index.php?rest_route=%2Fwp%2Fv2%2Fcomments&post=1763"}],"version-history":[{"count":18,"href":"https:\/\/adhilac.com.ar\/index.php?rest_route=\/wp\/v2\/posts\/1763\/revisions"}],"predecessor-version":[{"id":1833,"href":"https:\/\/adhilac.com.ar\/index.php?rest_route=\/wp\/v2\/posts\/1763\/revisions\/1833"}],"wp:attachment":[{"href":"https:\/\/adhilac.com.ar\/index.php?rest_route=%2Fwp%2Fv2%2Fmedia&parent=1763"}],"wp:term":[{"taxonomy":"category","embeddable":true,"href":"https:\/\/adhilac.com.ar\/index.php?rest_route=%2Fwp%2Fv2%2Fcategories&post=1763"},{"taxonomy":"post_tag","embeddable":true,"href":"https:\/\/adhilac.com.ar\/index.php?rest_route=%2Fwp%2Fv2%2Ftags&post=1763"}],"curies":[{"name":"wp","href":"https:\/\/api.w.org\/{rel}","templated":true}]}}