{"id":17642,"date":"2021-02-24T04:10:00","date_gmt":"2021-02-24T07:10:00","guid":{"rendered":"https:\/\/adhilac.com.ar\/?p=17642"},"modified":"2021-03-30T12:58:57","modified_gmt":"2021-03-30T15:58:57","slug":"gobierno-nacionalista-de-j-j-torres-en-bolivia","status":"publish","type":"post","link":"https:\/\/adhilac.com.ar\/?p=17642","title":{"rendered":"Gobierno nacionalista de J.J. Torres en Bolivia"},"content":{"rendered":"\n<div class=\"wp-block-image is-style-default\"><figure class=\"aligncenter size-large\"><img loading=\"lazy\" decoding=\"async\" width=\"400\" height=\"240\" src=\"https:\/\/adhilac.com.ar\/wp-content\/uploads\/2021\/02\/El-gob-nacionalista-de-jj-torres-en-bolivia.jpg\" alt=\"\" class=\"wp-image-17643\" srcset=\"https:\/\/adhilac.com.ar\/wp-content\/uploads\/2021\/02\/El-gob-nacionalista-de-jj-torres-en-bolivia.jpg 400w, https:\/\/adhilac.com.ar\/wp-content\/uploads\/2021\/02\/El-gob-nacionalista-de-jj-torres-en-bolivia-300x180.jpg 300w\" sizes=\"auto, (max-width: 400px) 100vw, 400px\" \/><\/figure><\/div>\n\n\n\n<p class=\"wp-block-paragraph\">Por Sergio Guerra Vilaboy<\/p>\n\n\n\n<p class=\"wp-block-paragraph\">Uno de las v\u00edctimas m\u00e1s connotadas de la tenebrosa <em>Operaci\u00f3n C\u00f3ndor<\/em>, que mencionamos la semana pasada en <em>Informe Fracto,<\/em> fue el expresidente de Bolivia general Juan Jos\u00e9 Torres (1920-1976). \u00a0A principios de los a\u00f1os setenta, bajo el tremendo impacto de la malograda guerrilla del Che Guevara, se fue vertebrando en la rep\u00fablica andino-amaz\u00f3nica un grupo militar partidario de transformar la atrasada estructura socioecon\u00f3mica y la dependencia del pa\u00eds. Encabezado por el jefe del estado mayor general J.J. Torres, esos altos oficiales estaban influidos por las acciones revolucionarias de los militares peruanos vecinos, llegados al poder en 1968 con el general Juan Velasco Alvarado.<\/p>\n\n\n\n<!--more-->\n\n\n\n<p class=\"wp-block-paragraph\">Torres era un militar de carrera, que en 1946 hab\u00eda estudiado artiller\u00eda en la Argentina, presidida entonces por el coronel Juan Domingo Per\u00f3n. Opuesto cinco a\u00f1os despu\u00e9s al golpe del alto mando para impedir la victoria electoral del Movimiento Nacionalista Revolucionaria (MNR), el joven oficial fue dado de baja del ej\u00e9rcito y volvi\u00f3 a la Argentina peronista exiliado, hasta que pudo regresar a Bolivia, al triunfar la revoluci\u00f3n de 1952, y reincorporarse a la vida militar.<\/p>\n\n\n\n<p class=\"wp-block-paragraph\">Despu\u00e9s del ascenso al poder del general Alfredo Ovando, en septiembre de 1969, Torres y otros oficiales impusieron al nuevo presidente boliviano el titulado <em>Mandato Revolucionario de las Fuerzas Armadas de la Naci\u00f3n<\/em>, que mezclaba postulados nacionalistas con viejos clich\u00e9s anticomunistas. Sometido a esa presi\u00f3n, Ovando tuvo que derogar el entreguista <em>C\u00f3digo Davenport<\/em> y nacionalizar, el 16 de octubre de 1969, la empresa norteamericana <em>Gulf Oil Corporation<\/em>. El propio general Torres se encarg\u00f3 de ocupar <em>manu militari<\/em> las instalaciones de la empresa estadounidense y de organizar una concentraci\u00f3n popular en la Plaza Murillo para respaldar la medida.<\/p>\n\n\n\n<p class=\"wp-block-paragraph\">La oposici\u00f3n de Estados Unidos no se hizo esperar, en forma de presiones diplom\u00e1ticas y sanciones econ\u00f3micas. A partir de marzo de 1970, luego de la visita a La Paz de Charles A. Meyer, secretario auxiliar del Departamento de Estado norteamericano, Torres fue apartado de la jefatura del ej\u00e9rcito en medio de una ofensiva de la derecha contra las fuerzas progresistas. El colof\u00f3n fue un golpe fascista, el 4 de octubre de ese mismo a\u00f1o, paralizado tres d\u00edas despu\u00e9s por la en\u00e9rgica reacci\u00f3n del general Torres desde la base a\u00e9rea de El Alto, apoyado por los sindicatos obreros, que se declararon en huelga y ocuparon las principales instituciones del pa\u00eds.<\/p>\n\n\n\n<p class=\"wp-block-paragraph\">Nombrado presidente de Bolivia, Torres no se atrevi\u00f3 a aprobar el programa revolucionario de 21 puntos que le presentaron los trabajadores, aunque firm\u00f3 una serie de medidas progresistas en los nueve meses de su mandato. Entre ellas estuvo la reversi\u00f3n al estado de las concesiones de tres empresas mineras norteamericanas y la liberaci\u00f3n del periodista franc\u00e9s Regis Debray y cinco guerrilleros presos desde 1967. Adem\u00e1s, expuls\u00f3 a los llamados \u201c<em>Cuerpos de Paz\u201d,<\/em> que encubr\u00eda a agentes de espionaje estadounidenses, incorpor\u00f3 a Bolivia al Movimiento de los No Alineados, estableci\u00f3 contactos con los gobiernos de Salvador Allende y Fidel Castro, a la vez que permit\u00eda sesionar desde el 22 de junio de 1971, en el antiguo parlamento de La Paz, un congreso obrero antimperialista devenido verdadero \u201c<em>poder dual<\/em>\u201d, al decir del soci\u00f3logo Ren\u00e9 Zavaleta.<\/p>\n\n\n\n<p class=\"wp-block-paragraph\">La conspiraci\u00f3n que dio al traste con el breve gobierno de J.J. Torres, el 21 de agosto de ese a\u00f1o, fue preparada por el propio embajador de Estados Unidos Ernest Siracusa, con el respaldo de los c\u00edrculos olig\u00e1rquicos de Santa Cruz encabezados por el coronel Hugo Banzer, quien estableci\u00f3 un gobierno fascista, para impedir que el mandatario consiguiera su declarado objetivo de forjar \u201cla alianza de las fuerzas armadas con el pueblo boliviano\u201d, para <em>construir \u201cla nacionalidad sobre cuatro pilares: trabajadores, universitarios, campesinos y militares\u201d.<\/em><\/p>\n\n\n\n<p class=\"wp-block-paragraph\">Expulsado del pa\u00eds, debi\u00f3 buscar refugio en el Per\u00fa de Velasco Alvarado, en el Chile de Allende y finalmente en la Argentina, tras el regreso de Per\u00f3n (1973). Tres a\u00f1os m\u00e1s tarde, al salir de su casa en Buenos Aires, fue secuestrado (1 de junio) y al d\u00eda siguiente su cad\u00e1ver apareci\u00f3 baleado debajo de un puente. El alevoso crimen fue una acci\u00f3n de la <em>Operaci\u00f3n C\u00f3ndor<\/em>, organizada por los gobiernos fascistas de Bolivia y Chile, y con la descarnada complicidad de los militares derechistas argentinos y la Agencia Central de Inteligencia (CIA) de Estados Unidos.<\/p>\n\n\n\n<p class=\"wp-block-paragraph\">Fuente: www.informefracto &#8211; 23 de febrero de 2021<\/p>\n\n\n\n<div style=\"height:32px\" aria-hidden=\"true\" class=\"wp-block-spacer\"><\/div>\n\n\n\n<p class=\"has-very-light-gray-color has-vivid-cyan-blue-background-color has-text-color has-background wp-block-paragraph\"><strong>Publicado por ADHILAC Internacional \u00a9 www.adhilac.com.ar<\/strong><\/p>\n\n\n\n<p class=\"has-vivid-cyan-blue-color has-very-light-gray-background-color has-text-color has-background wp-block-paragraph\"> Si Ud. desea asociarse de acuerdo a los Estatutos de ADHILAC&nbsp;<a href=\"https:\/\/adhilac.com.ar\/?page_id=263\">(ver)<\/a> complete el siguiente formulario&nbsp;(<a href=\"https:\/\/adhilac.com.ar\/?page_id=4779\">ver<\/a>)<\/p>\n\n\n\n<p class=\"has-very-light-gray-color has-vivid-cyan-blue-background-color has-text-color has-background wp-block-paragraph\"> E-mail:&nbsp;info@adhilac.com.ar <\/p>\n\n\n\n<p class=\"has-very-light-gray-color has-vivid-cyan-blue-background-color has-text-color has-background wp-block-paragraph\"> Twitter: @AdhilacInfo <\/p>\n\n\n\n<div class=\"wp-block-image is-style-default\"><figure class=\"aligncenter size-large\"><img loading=\"lazy\" decoding=\"async\" width=\"85\" height=\"85\" src=\"https:\/\/adhilac.com.ar\/wp-content\/uploads\/2015\/02\/Logo-ADHILAC-Internacional-PEQ.jpg\" alt=\"\" class=\"wp-image-10473\"\/><\/figure><\/div>\n\n\n\n<p class=\"wp-block-paragraph\">Ver <a href=\"https:\/\/adhilac.com.ar\/?page_id=541\">Presentaci\u00f3n de ADHILAC<\/a><\/p>\n\n\n\n<div style=\"height:36px\" aria-hidden=\"true\" class=\"wp-block-spacer\"><\/div>\n\n\n\n<div class=\"wp-block-group\"><div class=\"wp-block-group__inner-container is-layout-flow wp-block-group-is-layout-flow\">\n<p class=\"has-text-align-center has-very-light-gray-color has-vivid-cyan-blue-background-color has-text-color has-background wp-block-paragraph\"><strong><a href=\"https:\/\/adhilac.com.ar\/?page_id=541\">QUIENES SOMOS<\/a><\/strong><\/p>\n\n\n\n<p class=\"has-text-align-center has-vivid-cyan-blue-color has-very-light-gray-background-color has-text-color has-background wp-block-paragraph\"><strong><a href=\"https:\/\/adhilac.com.ar\/?page_id=15507\">DIRECTIVA DE ADHILAC INTERNACIONAL<\/a><\/strong><\/p>\n\n\n\n<p class=\"has-text-align-center has-very-light-gray-color has-vivid-cyan-blue-background-color has-text-color has-background wp-block-paragraph\"><strong><a href=\"https:\/\/adhilac.com.ar\/?page_id=267\">Declaraci\u00f3n de Caracas de ADHILAC (2007)<\/a><\/strong><\/p>\n\n\n\n<p class=\"has-text-align-center has-vivid-cyan-blue-color has-very-light-gray-background-color has-text-color has-background wp-block-paragraph\"><strong><a href=\"https:\/\/adhilac.com.ar\/?page_id=15873\">ADHILAC: Historia &#8211; Historidorxs<\/a><\/strong><\/p>\n\n\n\n<p class=\"has-text-align-center has-very-light-gray-color has-vivid-cyan-blue-background-color has-text-color has-background wp-block-paragraph\"><strong><a href=\"https:\/\/adhilac.com.ar\/?page_id=15876\">ADHILAC 20 a\u00f1os despu\u00e9s (1974-1994)<\/a> <\/strong><\/p>\n\n\n\n<p class=\"has-text-align-center has-vivid-cyan-blue-color has-very-light-gray-background-color has-text-color has-background wp-block-paragraph\"><strong><a href=\"https:\/\/adhilac.com.ar\/?page_id=15861\">ADHILAC Breve Historia<\/a> <\/strong><\/p>\n\n\n\n<p class=\"has-text-align-center has-very-light-gray-color has-vivid-cyan-blue-background-color has-text-color has-background wp-block-paragraph\"><strong><a href=\"https:\/\/adhilac.com.ar\/?page_id=15887\">ADHILAC: Miembrxs fundadores<\/a><\/strong><\/p>\n\n\n\n<p class=\"has-text-align-center has-vivid-cyan-blue-color has-very-light-gray-background-color has-text-color has-background wp-block-paragraph\"><strong><a href=\"https:\/\/adhilac.com.ar\/?page_id=15943\">ADHILAC: Historiadorxs Destacadxs<\/a><\/strong><\/p>\n\n\n\n<p class=\"has-text-align-center has-very-light-gray-color has-vivid-cyan-blue-background-color has-text-color has-background wp-block-paragraph\"><strong><a href=\"https:\/\/adhilac.com.ar\/?page_id=4779\">SOCIXS<\/a><\/strong><\/p>\n\n\n\n<p class=\"has-text-align-center has-vivid-cyan-blue-color has-very-light-gray-background-color has-text-color has-background wp-block-paragraph\"><strong><a href=\"https:\/\/adhilac.com.ar\/?page_id=263\">Estatutos de ADHILAC<\/a><\/strong><\/p>\n\n\n\n<p class=\"has-text-align-center has-very-light-gray-color has-vivid-cyan-blue-background-color has-text-color has-background wp-block-paragraph\"><strong><a href=\"https:\/\/adhilac.com.ar\/?page_id=8220\">BICENTENARIO<\/a><\/strong><\/p>\n\n\n\n<p class=\"has-text-align-center has-vivid-cyan-blue-color has-very-light-gray-background-color has-text-color has-background wp-block-paragraph\"><strong><a href=\"https:\/\/adhilac.com.ar\/?page_id=8279\">BIBLIOTECA<\/a><\/strong><\/p>\n\n\n\n<p class=\"has-text-align-center has-very-light-gray-color has-vivid-cyan-blue-background-color has-text-color has-background wp-block-paragraph\"><strong><a href=\"https:\/\/adhilac.com.ar\/?page_id=1698\">ENLACES<\/a> <\/strong><\/p>\n\n\n\n<p class=\"has-text-align-center has-vivid-cyan-blue-color has-very-light-gray-background-color has-text-color has-background wp-block-paragraph\"><a href=\"http:\/\/www.ariadnatucma.com.ar\">VISITE ARIADNA TUCMA REVISTA LATINOAMERICANA<\/a><\/p>\n<\/div><\/div>\n","protected":false},"excerpt":{"rendered":"<p>Por Sergio Guerra Vilaboy Uno de las v\u00edctimas m\u00e1s connotadas de la tenebrosa Operaci\u00f3n C\u00f3ndor, que mencionamos la semana pasada en Informe Fracto, fue el expresidente de Bolivia general Juan Jos\u00e9 Torres (1920-1976). \u00a0A principios de los a\u00f1os setenta, bajo el tremendo impacto de la malograda guerrilla del Che Guevara, se fue vertebrando en la [&hellip;]<\/p>\n","protected":false},"author":17,"featured_media":0,"comment_status":"closed","ping_status":"closed","sticky":false,"template":"","format":"standard","meta":{"_crdt_document":"","footnotes":""},"categories":[15],"tags":[298,1237],"class_list":["post-17642","post","type-post","status-publish","format-standard","hentry","category-historia","tag-bolivia","tag-juan-jose-torres"],"_links":{"self":[{"href":"https:\/\/adhilac.com.ar\/index.php?rest_route=\/wp\/v2\/posts\/17642","targetHints":{"allow":["GET"]}}],"collection":[{"href":"https:\/\/adhilac.com.ar\/index.php?rest_route=\/wp\/v2\/posts"}],"about":[{"href":"https:\/\/adhilac.com.ar\/index.php?rest_route=\/wp\/v2\/types\/post"}],"author":[{"embeddable":true,"href":"https:\/\/adhilac.com.ar\/index.php?rest_route=\/wp\/v2\/users\/17"}],"replies":[{"embeddable":true,"href":"https:\/\/adhilac.com.ar\/index.php?rest_route=%2Fwp%2Fv2%2Fcomments&post=17642"}],"version-history":[{"count":1,"href":"https:\/\/adhilac.com.ar\/index.php?rest_route=\/wp\/v2\/posts\/17642\/revisions"}],"predecessor-version":[{"id":17644,"href":"https:\/\/adhilac.com.ar\/index.php?rest_route=\/wp\/v2\/posts\/17642\/revisions\/17644"}],"wp:attachment":[{"href":"https:\/\/adhilac.com.ar\/index.php?rest_route=%2Fwp%2Fv2%2Fmedia&parent=17642"}],"wp:term":[{"taxonomy":"category","embeddable":true,"href":"https:\/\/adhilac.com.ar\/index.php?rest_route=%2Fwp%2Fv2%2Fcategories&post=17642"},{"taxonomy":"post_tag","embeddable":true,"href":"https:\/\/adhilac.com.ar\/index.php?rest_route=%2Fwp%2Fv2%2Ftags&post=17642"}],"curies":[{"name":"wp","href":"https:\/\/api.w.org\/{rel}","templated":true}]}}