{"id":17661,"date":"2021-03-03T08:15:00","date_gmt":"2021-03-03T11:15:00","guid":{"rendered":"https:\/\/adhilac.com.ar\/?p=17661"},"modified":"2021-03-16T08:33:19","modified_gmt":"2021-03-16T11:33:19","slug":"revoluciones-en-america-latina","status":"publish","type":"post","link":"https:\/\/adhilac.com.ar\/?p=17661","title":{"rendered":"Revoluciones en Am\u00e9rica Latina"},"content":{"rendered":"\n<div class=\"wp-block-media-text alignwide is-stacked-on-mobile is-image-fill has-pale-ocean-gradient-background has-background\"><figure class=\"wp-block-media-text__media\" style=\"background-image:url(https:\/\/adhilac.com.ar\/wp-content\/uploads\/2020\/12\/Tres-Revoluciones-800x413.jpg);background-position:55.00000000000001% 56.99999999999999%\"><img loading=\"lazy\" decoding=\"async\" width=\"800\" height=\"413\" src=\"https:\/\/adhilac.com.ar\/wp-content\/uploads\/2020\/12\/Tres-Revoluciones-800x413.jpg\" alt=\"\" class=\"wp-image-17514 size-full\" srcset=\"https:\/\/adhilac.com.ar\/wp-content\/uploads\/2020\/12\/Tres-Revoluciones-800x413.jpg 800w, https:\/\/adhilac.com.ar\/wp-content\/uploads\/2020\/12\/Tres-Revoluciones-300x155.jpg 300w, https:\/\/adhilac.com.ar\/wp-content\/uploads\/2020\/12\/Tres-Revoluciones-768x396.jpg 768w, https:\/\/adhilac.com.ar\/wp-content\/uploads\/2020\/12\/Tres-Revoluciones.jpg 1024w\" sizes=\"auto, (max-width: 800px) 100vw, 800px\" \/><\/figure><div class=\"wp-block-media-text__content\">\n<div class=\"wp-block-group\"><div class=\"wp-block-group__inner-container is-layout-flow wp-block-group-is-layout-flow\">\n<div style=\"height:40px\" aria-hidden=\"true\" class=\"wp-block-spacer\"><\/div>\n\n\n\n<p class=\"has-text-align-center has-vivid-red-color has-text-color has-normal-font-size wp-block-paragraph\"><strong>TRES REVOLUCIONES QUE ESTREMECIERON EL CONTINENTE EN EL SIGLO XX<\/strong><\/p>\n\n\n\n<p class=\"has-text-align-center has-small-font-size wp-block-paragraph\"><strong>M\u00e9xico, Cuba y Nicaragua<\/strong><\/p>\n\n\n\n<p class=\"has-text-align-center has-luminous-vivid-orange-color has-text-color wp-block-paragraph\"><strong>Sergio Guerra Vilaboy<\/strong><\/p>\n\n\n\n<p class=\"has-text-align-center has-luminous-vivid-orange-color has-text-color wp-block-paragraph\"><strong>Alejo Maldonado Gallardo<\/strong><\/p>\n\n\n\n<p class=\"has-text-align-center has-luminous-vivid-orange-color has-text-color wp-block-paragraph\"><strong>Roberto Gonzalez Arana <\/strong><\/p>\n\n\n\n<div style=\"height:40px\" aria-hidden=\"true\" class=\"wp-block-spacer\"><\/div>\n<\/div><\/div>\n<\/div><\/div>\n\n\n\n<!--more-->\n\n\n\n<p class=\"wp-block-paragraph\">Por Sergio Guerra Vilaboy<\/p>\n\n\n\n<p class=\"wp-block-paragraph\">Desde los tiempos de Sim\u00f3n Bol\u00edvar la historia de Am\u00e9rica Latina ha estado signada por las revoluciones. En 1791 estall\u00f3 la revoluci\u00f3n haitiana que condujo a la liberaci\u00f3n de los esclavos y la independencia, abriendo el ciclo de las luchas emancipadoras latinoamericanas. Durante las \u00faltimas dos centurias otros procesos revolucionarios provocaron inesperados giros en la historia, como analizamos en el libro <em>Tres revoluciones que estremecieron el&nbsp;Continente&nbsp;en el Siglo XX<\/em>(2020), elaborado con mis colegas de M\u00e9xico y Colombia, Alejo Maldonado y Roberto Gonz\u00e1lez Arana.&nbsp; Si bien la historia no puede reducirse a las revoluciones, sin duda estos procesos, triunfantes, fracasados o incompletos, constituyeron momentos cruciales y decisivos que han determinado en gran medida el derrotero latinoamericano.<\/p>\n\n\n\n<p class=\"wp-block-paragraph\">Aunque ya en la antig\u00fcedad Arist\u00f3teles se interes\u00f3 por el tema de las revoluciones, el concepto moderno lleg\u00f3 a las ciencias sociales procedente de la F\u00edsica y la Astronom\u00eda. Su origen se relaciona con la obra de Nicol\u00e1s Cop\u00e9rnico <em>De revolutionibus orbium coelestium<\/em> (1543), en alusi\u00f3n al movimiento circular de los cuerpos celestes. Pero fue en Inglaterra, durante el siglo XVI, que el t\u00e9rmino fue empleado para calificar un cambio pol\u00edtico radical, despu\u00e9s de que fue clausurado el parlamento por Cromwell.<\/p>\n\n\n\n<p class=\"wp-block-paragraph\">Durante el siglo XVIII, fil\u00f3sofos ilustrados, impactados por la revoluci\u00f3n francesa, se valieron del concepto con sentido de progreso, que a\u00fan conserva, aplicado al movimiento de las masas populares, un golpe de estado o un viraje brusco en la pol\u00edtica. En Francia, historiadores como Thierry, Guizot y Mignet, explicaron la revoluci\u00f3n por las luchas de clases. Bajo esa impronta aparecieron las primeras historias de la independencia de los pa\u00edses latinoamericanos, como la <em>Historia de la Revoluci\u00f3n de Nueva Espa\u00f1a<\/em> (1813), del sacerdote mexicano Servando Teresa de Mier y <em>Bosquejo de la Revoluci\u00f3n de la Am\u00e9rica espa\u00f1ola<\/em>(1817), del venezolano Manuel Palacio Fajardo.<\/p>\n\n\n\n<p class=\"wp-block-paragraph\">Despu\u00e9s se agregaron adjetivos a la palabra revoluci\u00f3n: pol\u00edtica, social, filos\u00f3fica, industrial y otras. En 1844, Carlos Marx escribi\u00f3: \u201c<em>Cada revoluci\u00f3n derroca al antiguo poder, y por eso tiene car\u00e1cter pol\u00edtico. Cada revoluci\u00f3n destruye una vieja sociedad, y por ese motivo es social\u201d<\/em>, llegando a considerarla como la locomotora de la historia. Fue Walter Benjam\u00edn, parafraseando a Marx, quien advirti\u00f3 con cierta iron\u00eda: \u201c<em>Pero tal vez las cosas sean diferentes<\/em><em>\u2026<\/em><em>y las revoluciones sean la forma en que la humanidad, que viaja en ese tren, jala el freno de emergencia.\u201d<\/em> Por su parte, Lenin, para precisar el concepto marxista de revoluci\u00f3n burguesa, aclar\u00f3 que deb\u00eda entenderse de dos maneras: en el plano te\u00f3rico o en la pr\u00e1ctica hist\u00f3rica mundial.<\/p>\n\n\n\n<p class=\"wp-block-paragraph\">Aplicada a la historia de Am\u00e9rica Latina, la idea leninista de un ciclo revolucionario permite considerar a la lucha independentista (1790-1826), as\u00ed como las reformas liberales que le sucedieron en casi todas partes desde mediados de esa centuria, incluyendo las que ocurrieron despu\u00e9s, entre ellas la revoluci\u00f3n mexicana de 1910, como diferentes oleadas dirigidas contra el viejo orden precapitalista y las injusticias socio-pol\u00edticas. A los violentos procesos revolucionarios que sacudieron la Am\u00e9rica Latina desde el siglo XIX solo les fue posible alcanzar entonces las metas parciales para las cuales cada pa\u00eds ya estaba maduro, esto es, un determinado escal\u00f3n en su desarrollo, como parte de un cambio de larga duraci\u00f3n que permitiera la sustituci\u00f3n de la formaci\u00f3n econ\u00f3mico social caduca por una nueva.<\/p>\n\n\n\n<p class=\"wp-block-paragraph\">Las oleadas revolucionarias del siglo XX adquirieron tambi\u00e9n un car\u00e1cter antimperialista e incluso socialista, como consecuencia de las derrotas anteriores de las alternativas m\u00e1s democr\u00e1ticas, que hab\u00edan dado por resultado el predominio en toda Am\u00e9rica Latina de un capitalismo deforme y dependiente. Pero todas las revoluciones surgieron de una profunda crisis nacional y una en crispada agitaci\u00f3n social, tal como escribi\u00f3 Jos\u00e9 Mart\u00ed cuando organizaba la guerra de independencia cubana de 1895: \u201c<em>Las revoluciones son como el caf\u00e9: han de hacerse con agua hirviendo.<\/em>\u201d<\/p>\n\n\n\n<p class=\"wp-block-paragraph\">Fuente: www.informefracto.com &#8211; 2 de marzo de 2021<\/p>\n\n\n\n<div style=\"height:50px\" aria-hidden=\"true\" class=\"wp-block-spacer\"><\/div>\n\n\n\n<p class=\"has-very-light-gray-color has-vivid-cyan-blue-background-color has-text-color has-background wp-block-paragraph\"><strong>Publicado por ADHILAC Internacional \u00a9 www.adhilac.com.ar<\/strong><\/p>\n\n\n\n<p class=\"has-vivid-cyan-blue-color has-very-light-gray-background-color has-text-color has-background wp-block-paragraph\"> Si Ud. desea asociarse de acuerdo a los Estatutos de ADHILAC&nbsp;<a href=\"https:\/\/adhilac.com.ar\/?page_id=263\">(ver)<\/a> complete el siguiente formulario&nbsp;(<a href=\"https:\/\/adhilac.com.ar\/?page_id=4779\">ver<\/a>)<\/p>\n\n\n\n<p class=\"has-very-light-gray-color has-vivid-cyan-blue-background-color has-text-color has-background wp-block-paragraph\"> E-mail:&nbsp;info@adhilac.com.ar <\/p>\n\n\n\n<p class=\"has-very-light-gray-color has-vivid-cyan-blue-background-color has-text-color has-background wp-block-paragraph\"> Twitter: @AdhilacInfo <\/p>\n\n\n\n<div class=\"wp-block-image is-style-default\"><figure class=\"aligncenter size-large\"><img loading=\"lazy\" decoding=\"async\" width=\"85\" height=\"85\" src=\"https:\/\/adhilac.com.ar\/wp-content\/uploads\/2015\/02\/Logo-ADHILAC-Internacional-PEQ.jpg\" alt=\"\" class=\"wp-image-10473\"\/><\/figure><\/div>\n\n\n\n<p class=\"wp-block-paragraph\">Ver <a href=\"https:\/\/adhilac.com.ar\/?page_id=541\">Presentaci\u00f3n de ADHILAC<\/a><\/p>\n\n\n\n<div style=\"height:41px\" aria-hidden=\"true\" class=\"wp-block-spacer\"><\/div>\n\n\n\n<div class=\"wp-block-group\"><div class=\"wp-block-group__inner-container is-layout-flow wp-block-group-is-layout-flow\">\n<p class=\"has-text-align-center has-very-light-gray-color has-vivid-cyan-blue-background-color has-text-color has-background wp-block-paragraph\"><strong><a href=\"https:\/\/adhilac.com.ar\/?page_id=541\">QUIENES SOMOS<\/a><\/strong><\/p>\n\n\n\n<p class=\"has-text-align-center has-vivid-cyan-blue-color has-very-light-gray-background-color has-text-color has-background wp-block-paragraph\"><strong><a href=\"https:\/\/adhilac.com.ar\/?page_id=15507\">DIRECTIVA DE ADHILAC INTERNACIONAL<\/a><\/strong><\/p>\n\n\n\n<p class=\"has-text-align-center has-very-light-gray-color has-vivid-cyan-blue-background-color has-text-color has-background wp-block-paragraph\"><strong><a href=\"https:\/\/adhilac.com.ar\/?page_id=267\">Declaraci\u00f3n de Caracas de ADHILAC (2007)<\/a><\/strong><\/p>\n\n\n\n<p class=\"has-text-align-center has-vivid-cyan-blue-color has-very-light-gray-background-color has-text-color has-background wp-block-paragraph\"><strong><a href=\"https:\/\/adhilac.com.ar\/?page_id=15873\">ADHILAC: Historia &#8211; Historidorxs<\/a><\/strong><\/p>\n\n\n\n<p class=\"has-text-align-center has-very-light-gray-color has-vivid-cyan-blue-background-color has-text-color has-background wp-block-paragraph\"><strong><a href=\"https:\/\/adhilac.com.ar\/?page_id=15876\">ADHILAC 20 a\u00f1os despu\u00e9s (1974-1994)<\/a> <\/strong><\/p>\n\n\n\n<p class=\"has-text-align-center has-vivid-cyan-blue-color has-very-light-gray-background-color has-text-color has-background wp-block-paragraph\"><strong><a href=\"https:\/\/adhilac.com.ar\/?page_id=15861\">ADHILAC Breve Historia<\/a> <\/strong><\/p>\n\n\n\n<p class=\"has-text-align-center has-very-light-gray-color has-vivid-cyan-blue-background-color has-text-color has-background wp-block-paragraph\"><strong><a href=\"https:\/\/adhilac.com.ar\/?page_id=15887\">ADHILAC: Miembrxs fundadores<\/a><\/strong><\/p>\n\n\n\n<p class=\"has-text-align-center has-vivid-cyan-blue-color has-very-light-gray-background-color has-text-color has-background wp-block-paragraph\"><strong><a href=\"https:\/\/adhilac.com.ar\/?page_id=15943\">ADHILAC: Historiadorxs Destacadxs<\/a><\/strong><\/p>\n\n\n\n<p class=\"has-text-align-center has-very-light-gray-color has-vivid-cyan-blue-background-color has-text-color has-background wp-block-paragraph\"><strong><a href=\"https:\/\/adhilac.com.ar\/?page_id=4779\">SOCIXS<\/a><\/strong><\/p>\n\n\n\n<p class=\"has-text-align-center has-vivid-cyan-blue-color has-very-light-gray-background-color has-text-color has-background wp-block-paragraph\"><strong><a href=\"https:\/\/adhilac.com.ar\/?page_id=263\">Estatutos de ADHILAC<\/a><\/strong><\/p>\n\n\n\n<p class=\"has-text-align-center has-very-light-gray-color has-vivid-cyan-blue-background-color has-text-color has-background wp-block-paragraph\"><strong><a href=\"https:\/\/adhilac.com.ar\/?page_id=8220\">BICENTENARIO<\/a><\/strong><\/p>\n\n\n\n<p class=\"has-text-align-center has-vivid-cyan-blue-color has-very-light-gray-background-color has-text-color has-background wp-block-paragraph\"><strong><a href=\"https:\/\/adhilac.com.ar\/?page_id=8279\">BIBLIOTECA<\/a><\/strong><\/p>\n\n\n\n<p class=\"has-text-align-center has-very-light-gray-color has-vivid-cyan-blue-background-color has-text-color has-background wp-block-paragraph\"><strong><a href=\"https:\/\/adhilac.com.ar\/?page_id=1698\">ENLACES<\/a> <\/strong><\/p>\n\n\n\n<p class=\"has-text-align-center has-vivid-cyan-blue-color has-very-light-gray-background-color has-text-color has-background wp-block-paragraph\"><a href=\"http:\/\/www.ariadnatucma.com.ar\">VISITE ARIADNA TUCMA REVISTA LATINOAMERICANA<\/a><\/p>\n<\/div><\/div>\n","protected":false},"excerpt":{"rendered":"","protected":false},"author":17,"featured_media":0,"comment_status":"closed","ping_status":"closed","sticky":false,"template":"","format":"standard","meta":{"_crdt_document":"","footnotes":""},"categories":[15,7],"tags":[63,121,369,138],"class_list":["post-17661","post","type-post","status-publish","format-standard","hentry","category-historia","category-publicac-info","tag-cuba","tag-mexico","tag-nicaragua","tag-revoluciones"],"_links":{"self":[{"href":"https:\/\/adhilac.com.ar\/index.php?rest_route=\/wp\/v2\/posts\/17661","targetHints":{"allow":["GET"]}}],"collection":[{"href":"https:\/\/adhilac.com.ar\/index.php?rest_route=\/wp\/v2\/posts"}],"about":[{"href":"https:\/\/adhilac.com.ar\/index.php?rest_route=\/wp\/v2\/types\/post"}],"author":[{"embeddable":true,"href":"https:\/\/adhilac.com.ar\/index.php?rest_route=\/wp\/v2\/users\/17"}],"replies":[{"embeddable":true,"href":"https:\/\/adhilac.com.ar\/index.php?rest_route=%2Fwp%2Fv2%2Fcomments&post=17661"}],"version-history":[{"count":1,"href":"https:\/\/adhilac.com.ar\/index.php?rest_route=\/wp\/v2\/posts\/17661\/revisions"}],"predecessor-version":[{"id":17662,"href":"https:\/\/adhilac.com.ar\/index.php?rest_route=\/wp\/v2\/posts\/17661\/revisions\/17662"}],"wp:attachment":[{"href":"https:\/\/adhilac.com.ar\/index.php?rest_route=%2Fwp%2Fv2%2Fmedia&parent=17661"}],"wp:term":[{"taxonomy":"category","embeddable":true,"href":"https:\/\/adhilac.com.ar\/index.php?rest_route=%2Fwp%2Fv2%2Fcategories&post=17661"},{"taxonomy":"post_tag","embeddable":true,"href":"https:\/\/adhilac.com.ar\/index.php?rest_route=%2Fwp%2Fv2%2Ftags&post=17661"}],"curies":[{"name":"wp","href":"https:\/\/api.w.org\/{rel}","templated":true}]}}