{"id":17663,"date":"2021-03-06T08:37:00","date_gmt":"2021-03-06T11:37:00","guid":{"rendered":"https:\/\/adhilac.com.ar\/?p=17663"},"modified":"2021-03-16T08:44:48","modified_gmt":"2021-03-16T11:44:48","slug":"la-insolita-revuelta-de-la-marineria-brasilena-en-1910","status":"publish","type":"post","link":"https:\/\/adhilac.com.ar\/?p=17663","title":{"rendered":"La ins\u00f3lita revuelta de la mariner\u00eda brasile\u00f1a en 1910"},"content":{"rendered":"\n<div class=\"wp-block-image is-style-default\"><figure class=\"aligncenter size-large is-resized\"><img loading=\"lazy\" decoding=\"async\" src=\"https:\/\/adhilac.com.ar\/wp-content\/uploads\/2021\/03\/Marineria-Brasileira-1910-800x480.jpeg\" alt=\"\" class=\"wp-image-17664\" width=\"499\" height=\"299\" srcset=\"https:\/\/adhilac.com.ar\/wp-content\/uploads\/2021\/03\/Marineria-Brasileira-1910-800x480.jpeg 800w, https:\/\/adhilac.com.ar\/wp-content\/uploads\/2021\/03\/Marineria-Brasileira-1910-300x180.jpeg 300w, https:\/\/adhilac.com.ar\/wp-content\/uploads\/2021\/03\/Marineria-Brasileira-1910-768x461.jpeg 768w, https:\/\/adhilac.com.ar\/wp-content\/uploads\/2021\/03\/Marineria-Brasileira-1910.jpeg 1000w\" sizes=\"auto, (max-width: 499px) 100vw, 499px\" \/><\/figure><\/div>\n\n\n\n<p class=\"wp-block-paragraph\">Por Sergio Guerra Vilaboy<\/p>\n\n\n\n<p class=\"wp-block-paragraph\">La sublevaci\u00f3n de los marinos negros y mulatos tuvo lugar en Brasil durante la <em>Rep\u00fablica Velha <\/em>(1889-1930), una \u00e9poca caracterizada por las pugnas entre la reacci\u00f3n mon\u00e1rquica, los jefes militares art\u00edfices del derrocamiento del emperador Pedro II y las distintas fuerzas republicanas. Al margen de los agudos conflictos pol\u00edticos estallaban por todas partes protestas campesinas y las primeras luchas obreras, que recog\u00edan las reivindicaciones del pueblo brasile\u00f1o.<\/p>\n\n\n\n<!--more-->\n\n\n\n<p class=\"wp-block-paragraph\">Pero el empobrecido <em>sertao<\/em> y los centros fabriles no fueron los \u00fanicos lugares donde se manifest\u00f3 la efervescencia social durante aquella rep\u00fablica de \u201c<em>caf\u00e9 con leche<\/em>\u201d, como tambi\u00e9n se le conoci\u00f3, pues el descontento alcanz\u00f3 hasta las propias fuerzas armadas. Ejemplo de ello fue la singular rebeli\u00f3n de los marinos en la bah\u00eda de Guanabara, todos negros y mulatos, obligados a servir en la armada en condiciones de verdaderos esclavos, mediante una especie de leva que databa de la \u00e9poca imperial, pese a que la abominable instituci\u00f3n hab\u00eda sido abolida doce a\u00f1os atr\u00e1s. El detonante de la <em>revolta da<\/em> <em>chivata,<\/em> o revuelta del latigazo en espa\u00f1ol, fue el brutal castigo recibido por el marinero negro Marcelino Menezes, a quien se le dieron m\u00e1s de doscientos azotes por una indisciplina.<\/p>\n\n\n\n<p class=\"wp-block-paragraph\">La noche del 22 de noviembre de 1910 los marinos se apoderaron por la fuerza de cuatro barcos de guerra surtos en la bah\u00eda de Guanabara, tras someter a la oficialidad blanca y eliminar todo conato de resistencia. Al frente del movimiento sobresali\u00f3 un joven marino hijo de esclavos, nombrado Joao Candido Felisberto, al que la prensa calific\u00f3, por su habilidad al mando del moderno acorazado <em>Minas Geraes<\/em>, reci\u00e9n adquirido en Inglaterra, como \u201cel almirante negro\u201d. La poderosa flotilla, enarbolando banderas rojas, se movi\u00f3 por toda la bah\u00eda y amenaz\u00f3 con bombardear el Palacio del Catete y otras instalaciones gubernamentales en Rio de Janeiro si no eran aceptadas sus modestas demandas: eliminaci\u00f3n de los castigos corporales, aumento de sueldo, mejor alimentaci\u00f3n y creaci\u00f3n de un sistema de instrucci\u00f3n adecuado para ellos en la armada. En su ultim\u00e1tum al presidente, mariscal Hermes da Fonseca, escribieron \u201c<em>Los marineros, ciudadanos brasile\u00f1os y republicanos, no pudiendo soportar m\u00e1s la esclavitud en la Marina brasile\u00f1a, la protecci\u00f3n que la Patria no nos da, rompemos el negro velo que nos cubr\u00eda ante los ojos del patri\u00f3tico y enga\u00f1ado pueblo. Estando todos los barcos en nuestro poder, manteniendo a bordo prisioneros a todos los oficiales, que han sido los causantes de que la Marina brasile\u00f1a no sea tan grandiosa, mandamos este mensaje a Su Excelencia <\/em><em>[que \u2026] tiene plazo de doce horas para enviarnos una respuesta satisfactoria, so pena de ver a la patria aniquilada. Firmado: Los marineros<\/em>\u201d. &nbsp;<\/p>\n\n\n\n<p class=\"wp-block-paragraph\">El gobierno y la alta oficialidad aristocr\u00e1tica de la armada se sintieron humillados, pero no ten\u00edan posibilidad de atacar a los barcos rebeldes, que eran vitoreados desde la costa por la poblaci\u00f3n humilde de R\u00edo de Janeiro. Sin alternativa, el 26 de noviembre el congreso amnisti\u00f3 a los marinos sublevados y fueron suprimidos los castigos corporales. Aplacado el movimiento, las autoridades se valieron de diferentes subterfugios legales para incumplir sus promesas y arrestar despu\u00e9s a dos decenas de marinos.<\/p>\n\n\n\n<p class=\"wp-block-paragraph\">Los rumores sobre nuevas detenciones despertaron de nuevo la intranquilidad en la armada. El 9 de diciembre los marinos se volvieron a insurreccionar, pero en esta oportunidad el movimiento fracas\u00f3 y los rebeldes se rindieron bajo el fuego del ej\u00e9rcito y una parte de la propia escuadra. Muchos participantes murieron o fueron fusilados, mientras los prisioneros eran enviados a realizar trabajos forzados en plantaciones insalubres de caucho en el Acre o en la construcci\u00f3n del ferrocarril Madeira-Mamor\u00e9. Por su parte, Joao Candido, fue expulsado de la marina y encerrado en abril de 1911 en una mazmorra de la IIha das Cabras. Liberado en noviembre de 1912, pas\u00f3 muchas necesidades y s\u00f3lo consigui\u00f3 trabajo de estibador y luego vendi\u00f3 pescado en un mercado de Rio de Janeiro<\/p>\n\n\n\n<p class=\"wp-block-paragraph\">La fecha del alzamiento naval de los marinos negros y mulatos se conmemora en Brasil, desde el 22 de noviembre de 2003, como <em>D\u00eda de la Ciudadan\u00eda y de la Lucha contra la Discriminaci\u00f3n<\/em>. Cinco a\u00f1os despu\u00e9s, el presidente Luis Inacio da Silva (Lula) inaugur\u00f3 en Rio de Janeiro una estatua del marino Jo\u00e3o C\u00e2ndido (1880-1969), l\u00edder de la llamada \u201c<em>Revolta da Chibata<\/em>\u201d y promulg\u00f3 una ley de amnist\u00eda p\u00f3stuma para el jefe de ese movimiento y sus participantes, a pesar de la resistencia del alto mando de la armada brasile\u00f1a.<\/p>\n\n\n\n<p class=\"wp-block-paragraph\">Fuente: www.informefracto.com &#8211; 5 de marzo de 2021<\/p>\n\n\n\n<div style=\"height:40px\" aria-hidden=\"true\" class=\"wp-block-spacer\"><\/div>\n\n\n\n<p class=\"has-very-light-gray-color has-vivid-cyan-blue-background-color has-text-color has-background wp-block-paragraph\"><strong>Publicado por ADHILAC Internacional \u00a9 www.adhilac.com.ar<\/strong><\/p>\n\n\n\n<p class=\"has-vivid-cyan-blue-color has-very-light-gray-background-color has-text-color has-background wp-block-paragraph\"> Si Ud. desea asociarse de acuerdo a los Estatutos de ADHILAC&nbsp;<a href=\"https:\/\/adhilac.com.ar\/?page_id=263\">(ver)<\/a> complete el siguiente formulario&nbsp;(<a href=\"https:\/\/adhilac.com.ar\/?page_id=4779\">ver<\/a>)<\/p>\n\n\n\n<p class=\"has-very-light-gray-color has-vivid-cyan-blue-background-color has-text-color has-background wp-block-paragraph\"> E-mail:&nbsp;info@adhilac.com.ar <\/p>\n\n\n\n<p class=\"has-very-light-gray-color has-vivid-cyan-blue-background-color has-text-color has-background wp-block-paragraph\"> Twitter: @AdhilacInfo <\/p>\n\n\n\n<div class=\"wp-block-image is-style-default\"><figure class=\"aligncenter size-large\"><img loading=\"lazy\" decoding=\"async\" width=\"85\" height=\"85\" src=\"https:\/\/adhilac.com.ar\/wp-content\/uploads\/2015\/02\/Logo-ADHILAC-Internacional-PEQ.jpg\" alt=\"\" class=\"wp-image-10473\"\/><\/figure><\/div>\n\n\n\n<p class=\"wp-block-paragraph\">Ver <a href=\"https:\/\/adhilac.com.ar\/?page_id=541\">Presentaci\u00f3n de ADHILAC<\/a><\/p>\n\n\n\n<div style=\"height:41px\" aria-hidden=\"true\" class=\"wp-block-spacer\"><\/div>\n\n\n\n<div class=\"wp-block-group\"><div class=\"wp-block-group__inner-container is-layout-flow wp-block-group-is-layout-flow\">\n<p class=\"has-text-align-center has-very-light-gray-color has-vivid-cyan-blue-background-color has-text-color has-background wp-block-paragraph\"><strong><a href=\"https:\/\/adhilac.com.ar\/?page_id=541\">QUIENES SOMOS<\/a><\/strong><\/p>\n\n\n\n<p class=\"has-text-align-center has-vivid-cyan-blue-color has-very-light-gray-background-color has-text-color has-background wp-block-paragraph\"><strong><a href=\"https:\/\/adhilac.com.ar\/?page_id=15507\">DIRECTIVA DE ADHILAC INTERNACIONAL<\/a><\/strong><\/p>\n\n\n\n<p class=\"has-text-align-center has-very-light-gray-color has-vivid-cyan-blue-background-color has-text-color has-background wp-block-paragraph\"><strong><a href=\"https:\/\/adhilac.com.ar\/?page_id=267\">Declaraci\u00f3n de Caracas de ADHILAC (2007)<\/a><\/strong><\/p>\n\n\n\n<p class=\"has-text-align-center has-vivid-cyan-blue-color has-very-light-gray-background-color has-text-color has-background wp-block-paragraph\"><strong><a href=\"https:\/\/adhilac.com.ar\/?page_id=15873\">ADHILAC: Historia &#8211; Historidorxs<\/a><\/strong><\/p>\n\n\n\n<p class=\"has-text-align-center has-very-light-gray-color has-vivid-cyan-blue-background-color has-text-color has-background wp-block-paragraph\"><strong><a href=\"https:\/\/adhilac.com.ar\/?page_id=15876\">ADHILAC 20 a\u00f1os despu\u00e9s (1974-1994)<\/a> <\/strong><\/p>\n\n\n\n<p class=\"has-text-align-center has-vivid-cyan-blue-color has-very-light-gray-background-color has-text-color has-background wp-block-paragraph\"><strong><a href=\"https:\/\/adhilac.com.ar\/?page_id=15861\">ADHILAC Breve Historia<\/a> <\/strong><\/p>\n\n\n\n<p class=\"has-text-align-center has-very-light-gray-color has-vivid-cyan-blue-background-color has-text-color has-background wp-block-paragraph\"><strong><a href=\"https:\/\/adhilac.com.ar\/?page_id=15887\">ADHILAC: Miembrxs fundadores<\/a><\/strong><\/p>\n\n\n\n<p class=\"has-text-align-center has-vivid-cyan-blue-color has-very-light-gray-background-color has-text-color has-background wp-block-paragraph\"><strong><a href=\"https:\/\/adhilac.com.ar\/?page_id=15943\">ADHILAC: Historiadorxs Destacadxs<\/a><\/strong><\/p>\n\n\n\n<p class=\"has-text-align-center has-very-light-gray-color has-vivid-cyan-blue-background-color has-text-color has-background wp-block-paragraph\"><strong><a href=\"https:\/\/adhilac.com.ar\/?page_id=4779\">SOCIXS<\/a><\/strong><\/p>\n\n\n\n<p class=\"has-text-align-center has-vivid-cyan-blue-color has-very-light-gray-background-color has-text-color has-background wp-block-paragraph\"><strong><a href=\"https:\/\/adhilac.com.ar\/?page_id=263\">Estatutos de ADHILAC<\/a><\/strong><\/p>\n\n\n\n<p class=\"has-text-align-center has-very-light-gray-color has-vivid-cyan-blue-background-color has-text-color has-background wp-block-paragraph\"><strong><a href=\"https:\/\/adhilac.com.ar\/?page_id=8220\">BICENTENARIO<\/a><\/strong><\/p>\n\n\n\n<p class=\"has-text-align-center has-vivid-cyan-blue-color has-very-light-gray-background-color has-text-color has-background wp-block-paragraph\"><strong><a href=\"https:\/\/adhilac.com.ar\/?page_id=8279\">BIBLIOTECA<\/a><\/strong><\/p>\n\n\n\n<p class=\"has-text-align-center has-very-light-gray-color has-vivid-cyan-blue-background-color has-text-color has-background wp-block-paragraph\"><strong><a href=\"https:\/\/adhilac.com.ar\/?page_id=1698\">ENLACES<\/a> <\/strong><\/p>\n\n\n\n<p class=\"has-text-align-center has-vivid-cyan-blue-color has-very-light-gray-background-color has-text-color has-background wp-block-paragraph\"><a href=\"http:\/\/www.ariadnatucma.com.ar\">VISITE ARIADNA TUCMA REVISTA LATINOAMERICANA<\/a><\/p>\n<\/div><\/div>\n","protected":false},"excerpt":{"rendered":"<p>Por Sergio Guerra Vilaboy La sublevaci\u00f3n de los marinos negros y mulatos tuvo lugar en Brasil durante la Rep\u00fablica Velha (1889-1930), una \u00e9poca caracterizada por las pugnas entre la reacci\u00f3n mon\u00e1rquica, los jefes militares art\u00edfices del derrocamiento del emperador Pedro II y las distintas fuerzas republicanas. Al margen de los agudos conflictos pol\u00edticos estallaban por [&hellip;]<\/p>\n","protected":false},"author":17,"featured_media":0,"comment_status":"closed","ping_status":"closed","sticky":false,"template":"","format":"standard","meta":{"_crdt_document":"","footnotes":""},"categories":[15],"tags":[74,1242,1241,1240],"class_list":["post-17663","post","type-post","status-publish","format-standard","hentry","category-historia","tag-brasil","tag-marineros","tag-mulatos","tag-negros"],"_links":{"self":[{"href":"https:\/\/adhilac.com.ar\/index.php?rest_route=\/wp\/v2\/posts\/17663","targetHints":{"allow":["GET"]}}],"collection":[{"href":"https:\/\/adhilac.com.ar\/index.php?rest_route=\/wp\/v2\/posts"}],"about":[{"href":"https:\/\/adhilac.com.ar\/index.php?rest_route=\/wp\/v2\/types\/post"}],"author":[{"embeddable":true,"href":"https:\/\/adhilac.com.ar\/index.php?rest_route=\/wp\/v2\/users\/17"}],"replies":[{"embeddable":true,"href":"https:\/\/adhilac.com.ar\/index.php?rest_route=%2Fwp%2Fv2%2Fcomments&post=17663"}],"version-history":[{"count":2,"href":"https:\/\/adhilac.com.ar\/index.php?rest_route=\/wp\/v2\/posts\/17663\/revisions"}],"predecessor-version":[{"id":17666,"href":"https:\/\/adhilac.com.ar\/index.php?rest_route=\/wp\/v2\/posts\/17663\/revisions\/17666"}],"wp:attachment":[{"href":"https:\/\/adhilac.com.ar\/index.php?rest_route=%2Fwp%2Fv2%2Fmedia&parent=17663"}],"wp:term":[{"taxonomy":"category","embeddable":true,"href":"https:\/\/adhilac.com.ar\/index.php?rest_route=%2Fwp%2Fv2%2Fcategories&post=17663"},{"taxonomy":"post_tag","embeddable":true,"href":"https:\/\/adhilac.com.ar\/index.php?rest_route=%2Fwp%2Fv2%2Ftags&post=17663"}],"curies":[{"name":"wp","href":"https:\/\/api.w.org\/{rel}","templated":true}]}}