{"id":17678,"date":"2021-03-29T13:13:36","date_gmt":"2021-03-29T16:13:36","guid":{"rendered":"https:\/\/adhilac.com.ar\/?p=17678"},"modified":"2021-03-29T14:40:27","modified_gmt":"2021-03-29T17:40:27","slug":"en-defensa-del-patrimonio-historico-de-brasil-fundacion-pro-memoria-de-la-ciudad-de-indaiatuba-estado-de-sao-paulo-marzo-2021","status":"publish","type":"post","link":"https:\/\/adhilac.com.ar\/?p=17678","title":{"rendered":"En defensa del patrimonio hist\u00f3rico de Brasil. FUNDACI\u00d3N PR\u00d3-MEMORIA DE LA CIUDAD DE INDAIATUBA. Estado de S\u00e3o Paulo. Marzo 2021."},"content":{"rendered":"\n<p class=\"has-text-align-center has-vivid-red-color has-light-green-cyan-background-color has-text-color has-background wp-block-paragraph\"><strong>REPUDIO AL CIERRE DE LA FUNDACI\u00d3N PR\u00d3-MEMORIA DE LA CIUDAD DE INDAIATUBA<\/strong><\/p>\n\n\n\n<p class=\"wp-block-paragraph\">Estimados colegas.<\/p>\n\n\n\n<p class=\"wp-block-paragraph\">Les rogamos adherir y difundir este petitorio para proteger el patrimonio hist\u00f3rico de Brasil. Lamentablemente la Fundaci\u00f3n Pro-Memoria corre el peligro de perder su sede, una propiedad rural con casa de barro propia de las haciendas coloniales del siglo XVIII, en donde tiene su sede la Bibloteca y el Museo Hist\u00f3rico Municipal con documentaci\u00f3n invaluable. Recordemos que en 2018 el devastador incendio del Museo Nacional de Brasil sito en Rio de Janeiro produjo p\u00e9rdidas irreparables desde Luzia \u00abla mujer m\u00e1s antigua\u00bb de Am\u00e9rica del sur de 12.000 a\u00f1os de antig\u00fcedad, entre otros tesoros paleontol\u00f3gicos, arqueol\u00f3gicos e hist\u00f3ricos regionales e internacionales. No podemos seguir indiferentes ante la p\u00e9rdida de importantes centros de investigaci\u00f3n y repositorios latinoamericanos que aportan a comprender mejor nuestra historia regional com\u00fan y al mejor conocimiento de la historia de la humanidad.<\/p>\n\n\n\n<div class=\"wp-block-group\"><div class=\"wp-block-group__inner-container is-layout-flow wp-block-group-is-layout-flow\">\n<div class=\"wp-block-group\"><div class=\"wp-block-group__inner-container is-layout-flow wp-block-group-is-layout-flow\">\n<div class=\"wp-block-group\"><div class=\"wp-block-group__inner-container is-layout-flow wp-block-group-is-layout-flow\">\n<div class=\"wp-block-group has-pale-ocean-gradient-background has-background\"><div class=\"wp-block-group__inner-container is-layout-flow wp-block-group-is-layout-flow\">\n<p class=\"has-text-align-center wp-block-paragraph\">PEDIDO DE ADHESION &#8211; Pedido de ades\u00e3o<\/p>\n\n\n\n<p class=\"has-text-align-center wp-block-paragraph\"><a href=\"https:\/\/docs.google.com\/forms\/d\/e\/1FAIpQLSeXN_pk_H6qiXuj5SYFMKh4f5tm8dpIMyMGZsSwssuStnH1xw\/viewform?usp=pp_url\" target=\"_blank\" rel=\"noreferrer noopener\">Assine sua assinatura &#8211; Firme su adhesi\u00f3n <\/a><\/p>\n\n\n\n<div style=\"height:36px\" aria-hidden=\"true\" class=\"wp-block-spacer\"><\/div>\n<\/div><\/div>\n\n\n\n<p class=\"has-vivid-green-cyan-color has-text-color wp-block-paragraph\"><span class=\"has-inline-color has-vivid-green-cyan-color\"><strong>A continuaci\u00f3n transcribimos la convocatoria<\/strong><\/span> <\/p>\n<\/div><\/div>\n<\/div><\/div>\n<\/div><\/div>\n\n\n\n<div class=\"wp-block-group\"><div class=\"wp-block-group__inner-container is-layout-flow wp-block-group-is-layout-flow\">\n<div class=\"wp-block-group\"><div class=\"wp-block-group__inner-container is-layout-flow wp-block-group-is-layout-flow\">\n<p class=\"has-text-align-center wp-block-paragraph\">Sergio Guerra Vilaboy &#8211; Presidente de ADHILAC Internacional<\/p>\n\n\n\n<!--more-->\n<\/div><\/div>\n\n\n\n<p class=\"has-text-align-center wp-block-paragraph\">Carolina Crisorio &#8211; Secretaria Ejecutiva de ADHILAC Internacional<\/p>\n\n\n\n<p class=\"wp-block-paragraph\">Marzo de 2021<\/p>\n\n\n\n<p class=\"has-vivid-red-color has-text-color wp-block-paragraph\"><strong>DOCUMENTO<\/strong><\/p>\n<\/div><\/div>\n\n\n\n<p class=\"wp-block-paragraph\">MO\u00c7AO DE REPUDIO AO FECHAMENDO DA FUNDA\u00c7\u00c3O PR\u00d3-MEM\u00d3RIA DE INDAIATUBA.<\/p>\n\n\n\n<p class=\"wp-block-paragraph\">Solicitamos sua ades\u00e3o \u00e0 essa mo\u00e7\u00e3o de repudio \u00e0 extin\u00e7\u00e3o de um \u00f3rg\u00e3o de fiscaliza\u00e7\u00e3o de preserva\u00e7\u00e3o do patrim\u00f4nio cultural do interior do Estado de S\u00e3o Paulo que, nos seus 27 anos tornou-se uma refer\u00eancia na preserva\u00e7\u00e3o e divulga\u00e7\u00e3o da mem\u00f3ria material e imaterial do Brasil.<\/p>\n\n\n\n<p class=\"wp-block-paragraph\">A Funda\u00e7\u00e3o Pr\u00f3-Mem\u00f3ria, ao longo de seus quase trinta anos de cria\u00e7\u00e3o, tem forte atua\u00e7\u00e3o em sua miss\u00e3o de atender a comunidade a partir do vi\u00e9s hist\u00f3rico-cultural, buscando divulgar e praticar a preserva\u00e7\u00e3o do patrim\u00f4nio hist\u00f3rico e a mem\u00f3ria do Estado. Por meio de pr\u00e1ticas educacionais, pesquisa, e dissemina\u00e7\u00e3o t\u00e9cnicas e cultura, construiu um ineg\u00e1vel e grandioso legado na hist\u00f3ria do Estado de S\u00e3o Paulo Munic\u00edpio.<br \/>Al\u00e9m do Patrim\u00f4nio Cultural, \u00e9 respons\u00e1vel por dois Arquivos (hist\u00f3rico e administrativo) Biblioteca e Museu Hist\u00f3rico Municipal.<\/p>\n\n\n\n<p class=\"wp-block-paragraph\">Museu Hist\u00f3rico Municipal, situada no centro da cidade, em um espa\u00e7o f\u00edsico semelhante ao uma ch\u00e1cara, tem sua sede em uma casa de taipa, constru\u00e7\u00e3o t\u00edpica do Brasil do s\u00e9culo XVIII e \u00e9, talvez, o \u00fanico patrim\u00f4nio com estas caracter\u00edsticas, totalmente preservada e em uso. Em seu interior encontram-se documentos in\u00e9ditos e preciosos que guardam a mem\u00f3ria cultural daquele per\u00edodo hist\u00f3rico.<br \/>Tal riqueza de materiais ensejou que historiadores e seu curador buscassem recursos visando ampliar as possibilidades de preserva\u00e7\u00e3o de tal material e modernizar seu uso, transformando-se, aquele espa\u00e7o, tamb\u00e9m em uma local de forma\u00e7\u00e3o e visita\u00e7\u00e3o e de atividades para jovens da cidade e da regi\u00e3o.<br \/>Ocorre que, ao longo desses anos, o crescimento da cidade ao redor desse s\u00edtio, tornou-o um espa\u00e7o de cobi\u00e7a da especula\u00e7\u00e3o imobili\u00e1ria que pressionam as autoridades j\u00e1 h\u00e1 tempos, para ter acesso ao terreno, de forma livre e desimpedida.<br \/>Com o fim abrupto da Funda\u00e7\u00e3o Pr\u00f3-Mem\u00f3ria que foi criada pela entidade civil e \u00e9 administrada por um Conselho de representantes da comunidade, toda esses bens v\u00e3o ser administrados por \u00f3rg\u00e3o pol\u00edtico dentro da administra\u00e7\u00e3o, estrat\u00e9gia que visa facilitar a destrui\u00e7\u00e3o do patrim\u00f4nio remanescente em prol da especula\u00e7\u00e3o imobili\u00e1ria e constru\u00e7\u00e3o de luxuosos condom\u00ednios.<br \/>Com isso, pe\u00e7o que nos ajudem a divulgar o movimento e assinar a peti\u00e7\u00e3o: SALVEMOS A FUNDA\u00c7\u00c3O PR\u00d3-MEM\u00d2RIA.<br \/>assinam essa mo\u00e7\u00e3o<\/p>\n\n\n\n<ul class=\"wp-block-list\"><li>Vera Lucia Vieira \u2013 profa. Dra. PUCSP. Asociaci\u00f3n de profesores de Historia de Am\u00e9rica Latina &#8211; ADHILAC-secci\u00f3n Brasil. Centro de Estudios de Historia Latinoamericana (CEHAL-PUCSP)<\/li><\/ul>\n\n\n\n<p class=\"wp-block-paragraph\">Agradecemos sua ades\u00e3o e divulga\u00e7\u00e3o<\/p>\n\n\n\n<hr class=\"wp-block-separator\"\/>\n\n\n\n<p class=\"wp-block-paragraph\">REPUDIO AL CIERRE DE LA FUNDACI\u00d3N PR\u00d3-MEMORIA DE LA CIUDAD DE INDAIATUBA<\/p>\n\n\n\n<p class=\"wp-block-paragraph\">Solicitamos su adhesi\u00f3n a esta moci\u00f3n para repudiar la extinci\u00f3n de un organismo de control para la preservaci\u00f3n del patrimonio cultural en el interior del Estado de S\u00e3o Paulo, que en sus 27 a\u00f1os se ha convertido en un referente de la preservaci\u00f3n y difusi\u00f3n de la memoria material e inmaterial brasile\u00f1a.<\/p>\n\n\n\n<p class=\"wp-block-paragraph\">La Fundaci\u00f3n Pro-Memoria, a lo largo de sus casi treinta a\u00f1os de creaci\u00f3n, ha estado fuertemente activa en su misi\u00f3n de servir a la comunidad desde la perspectiva de buscar, difundir y practicar la preservaci\u00f3n del patrimonio cultural y la memoria del Estado. A trav\u00e9s de pr\u00e1cticas educativas, investigaci\u00f3n, difusi\u00f3n t\u00e9cnica y cultural, ha construido un legado innegable y grandioso en la historia de este Municipio del Estado de S\u00e3o Paulo. Adem\u00e1s es responsable de otros dos Archivos: la Biblioteca y el Museo Hist\u00f3rico Municipal.<\/p>\n\n\n\n<p class=\"wp-block-paragraph\">El Museu Hist\u00f3rico Municipal, se queda ubicado en el centro de Indaiatuba, en espacio f\u00edsico semejante a una ch\u00e1cara y tiene su sede en una casa de adobe, construcci\u00f3n propia del Brasil en el siglo XVIII y tal vez sea, el \u00fanico patrimonio con estas caracter\u00edsticas, totalmente preservadas y en uso. En su interior se encuentran documentos in\u00e9ditos y preciosos, que guardan la memoria cultural de ese per\u00edodo.<\/p>\n\n\n\n<p class=\"wp-block-paragraph\">Tal riqueza de materiales ha permitido a los historiadores y a su curador buscar recursos para ampliar las posibilidades de preservaci\u00f3n del dicho material y modernizar su uso, transformando ese espacio, tambi\u00e9n en un lugar de formaci\u00f3n, visitaci\u00f3n y actividades para los j\u00f3venes de la ciudad y de otros sitios cercanos.<\/p>\n\n\n\n<p class=\"wp-block-paragraph\">Ocurre que, a lo largo de los a\u00f1os, el desarrollo de la ciudad alrededor del este sitio lo ha convertido en un espacio de codicia por la especulaci\u00f3n inmobiliaria, que viene presionando a las autoridades desde hace alg\u00fan tiempo, para tener acceso a la tierra y sin trabas legales en el camino.<\/p>\n\n\n\n<p class=\"wp-block-paragraph\">Si se concreta el fin de la Fundaci\u00f3n Pro-Memoria, que fue creada por una entidad civil y es administrada por un Consejo de representantes comunitarios, todos estos bienes ser\u00e1n administrados por un cuerpo pol\u00edtico, estrategia que tiene como objetivo facilitar la destrucci\u00f3n de estos materiales y del resto de activos a favor de la especulaci\u00f3n inmobiliaria y construcci\u00f3n de condominios de lujo.<\/p>\n\n\n\n<p class=\"wp-block-paragraph\">Con eso, les pido que nos ayuden a dar a conocer el movimiento y firmar la petici\u00f3n:<\/p>\n\n\n\n<p class=\"wp-block-paragraph\">SALVEMOS LA FUNDACI\u00d3N PRO-MEMORIA.<\/p>\n\n\n\n<p class=\"wp-block-paragraph\">Firman esta moci\u00f3n<\/p>\n\n\n\n<ul class=\"wp-block-list\"><li>Vera Lucia Vieira \u2013 profa. Dra. PUCSP. Asociaci\u00f3n de profesores de Historia de Am\u00e9rica Latina &#8211; ADHILAC-secci\u00f3n Brasil. Centro de Estudios de Historia Latinoamericana (CEHAL-PUCSP)<\/li><li>Sergio Guerra Vilaboy. Universidad de La Habana. Presidente de la ADHILAC Internacional<\/li><li>Carolina Crisorio. UBA (retirada). Secretaria Ejecutiva de ADHILAC Internacional <\/li><\/ul>\n\n\n\n<p class=\"wp-block-paragraph\">Siguen las firmas&#8230;<\/p>\n\n\n\n<div class=\"wp-block-group\"><div class=\"wp-block-group__inner-container is-layout-flow wp-block-group-is-layout-flow\">\n<div style=\"height:52px\" aria-hidden=\"true\" class=\"wp-block-spacer\"><\/div>\n\n\n\n<p class=\"has-very-light-gray-color has-vivid-cyan-blue-background-color has-text-color has-background wp-block-paragraph\"><strong>Publicado por ADHILAC Internacional \u00a9 www.adhilac.com.ar<\/strong><\/p>\n\n\n\n<p class=\"has-vivid-cyan-blue-color has-very-light-gray-background-color has-text-color has-background wp-block-paragraph\"> Si Ud. desea asociarse de acuerdo a los Estatutos de ADHILAC&nbsp;<a href=\"https:\/\/adhilac.com.ar\/?page_id=263\">(ver)<\/a> complete el siguiente formulario&nbsp;(<a href=\"https:\/\/adhilac.com.ar\/?page_id=4779\">ver<\/a>)<\/p>\n\n\n\n<p class=\"has-very-light-gray-color has-vivid-cyan-blue-background-color has-text-color has-background wp-block-paragraph\"> E-mail:&nbsp;info@adhilac.com.ar <\/p>\n\n\n\n<p class=\"has-very-light-gray-color has-vivid-cyan-blue-background-color has-text-color has-background wp-block-paragraph\"> Twitter: @AdhilacInfo <\/p>\n\n\n\n<div class=\"wp-block-image is-style-default\"><figure class=\"aligncenter size-large\"><img loading=\"lazy\" decoding=\"async\" width=\"85\" height=\"85\" src=\"https:\/\/adhilac.com.ar\/wp-content\/uploads\/2015\/02\/Logo-ADHILAC-Internacional-PEQ.jpg\" alt=\"\" class=\"wp-image-10473\"\/><\/figure><\/div>\n\n\n\n<p class=\"wp-block-paragraph\">Ver <a href=\"https:\/\/adhilac.com.ar\/?page_id=541\">Presentaci\u00f3n de ADHILAC<\/a><\/p>\n<\/div><\/div>\n\n\n\n<div style=\"height:40px\" aria-hidden=\"true\" class=\"wp-block-spacer\"><\/div>\n\n\n\n<div class=\"wp-block-group\"><div class=\"wp-block-group__inner-container is-layout-flow wp-block-group-is-layout-flow\">\n<p class=\"has-text-align-center has-very-light-gray-color has-vivid-cyan-blue-background-color has-text-color has-background wp-block-paragraph\"><strong><a href=\"https:\/\/adhilac.com.ar\/?page_id=541\">QUIENES SOMOS<\/a><\/strong><\/p>\n\n\n\n<p class=\"has-text-align-center has-vivid-cyan-blue-color has-very-light-gray-background-color has-text-color has-background wp-block-paragraph\"><strong><a href=\"https:\/\/adhilac.com.ar\/?page_id=15507\">DIRECTIVA DE ADHILAC INTERNACIONAL<\/a><\/strong><\/p>\n\n\n\n<p class=\"has-text-align-center has-very-light-gray-color has-vivid-cyan-blue-background-color has-text-color has-background wp-block-paragraph\"><strong><a href=\"https:\/\/adhilac.com.ar\/?page_id=267\">Declaraci\u00f3n de Caracas de ADHILAC (2007)<\/a><\/strong><\/p>\n\n\n\n<p class=\"has-text-align-center has-vivid-cyan-blue-color has-very-light-gray-background-color has-text-color has-background wp-block-paragraph\"><strong><a href=\"https:\/\/adhilac.com.ar\/?page_id=15873\">ADHILAC: Historia &#8211; Historidorxs<\/a><\/strong><\/p>\n\n\n\n<p class=\"has-text-align-center has-very-light-gray-color has-vivid-cyan-blue-background-color has-text-color has-background wp-block-paragraph\"><strong><a href=\"https:\/\/adhilac.com.ar\/?page_id=15876\">ADHILAC 20 a\u00f1os despu\u00e9s (1974-1994)<\/a> <\/strong><\/p>\n\n\n\n<p class=\"has-text-align-center has-vivid-cyan-blue-color has-very-light-gray-background-color has-text-color has-background wp-block-paragraph\"><strong><a href=\"https:\/\/adhilac.com.ar\/?page_id=15861\">ADHILAC Breve Historia<\/a> <\/strong><\/p>\n\n\n\n<p class=\"has-text-align-center has-very-light-gray-color has-vivid-cyan-blue-background-color has-text-color has-background wp-block-paragraph\"><strong><a href=\"https:\/\/adhilac.com.ar\/?page_id=15887\">ADHILAC: Miembrxs fundadores<\/a><\/strong><\/p>\n\n\n\n<p class=\"has-text-align-center has-vivid-cyan-blue-color has-very-light-gray-background-color has-text-color has-background wp-block-paragraph\"><strong><a href=\"https:\/\/adhilac.com.ar\/?page_id=15943\">ADHILAC: Historiadorxs Destacadxs<\/a><\/strong><\/p>\n\n\n\n<p class=\"has-text-align-center has-very-light-gray-color has-vivid-cyan-blue-background-color has-text-color has-background wp-block-paragraph\"><strong><a href=\"https:\/\/adhilac.com.ar\/?page_id=4779\">SOCIXS<\/a><\/strong><\/p>\n\n\n\n<p class=\"has-text-align-center has-vivid-cyan-blue-color has-very-light-gray-background-color has-text-color has-background wp-block-paragraph\"><strong><a href=\"https:\/\/adhilac.com.ar\/?page_id=263\">Estatutos de ADHILAC<\/a><\/strong><\/p>\n\n\n\n<p class=\"has-text-align-center has-very-light-gray-color has-vivid-cyan-blue-background-color has-text-color has-background wp-block-paragraph\"><strong><a href=\"https:\/\/adhilac.com.ar\/?page_id=8220\">BICENTENARIO<\/a><\/strong><\/p>\n\n\n\n<p class=\"has-text-align-center has-vivid-cyan-blue-color has-very-light-gray-background-color has-text-color has-background wp-block-paragraph\"><strong><a href=\"https:\/\/adhilac.com.ar\/?page_id=8279\">BIBLIOTECA<\/a><\/strong><\/p>\n\n\n\n<p class=\"has-text-align-center has-very-light-gray-color has-vivid-cyan-blue-background-color has-text-color has-background wp-block-paragraph\"><strong><a href=\"https:\/\/adhilac.com.ar\/?page_id=1698\">ENLACES<\/a> <\/strong><\/p>\n\n\n\n<p class=\"has-text-align-center has-vivid-cyan-blue-color has-very-light-gray-background-color has-text-color has-background wp-block-paragraph\"><a href=\"http:\/\/www.ariadnatucma.com.ar\">VISITE ARIADNA TUCMA REVISTA LATINOAMERICANA<\/a><\/p>\n<\/div><\/div>\n","protected":false},"excerpt":{"rendered":"<p>REPUDIO AL CIERRE DE LA FUNDACI\u00d3N PR\u00d3-MEMORIA DE LA CIUDAD DE INDAIATUBA Estimados colegas. Les rogamos adherir y difundir este petitorio para proteger el patrimonio hist\u00f3rico de Brasil. Lamentablemente la Fundaci\u00f3n Pro-Memoria corre el peligro de perder su sede, una propiedad rural con casa de barro propia de las haciendas coloniales del siglo XVIII, en [&hellip;]<\/p>\n","protected":false},"author":2,"featured_media":0,"comment_status":"closed","ping_status":"closed","sticky":false,"template":"","format":"standard","meta":{"_crdt_document":"","footnotes":""},"categories":[40],"tags":[74,764],"class_list":["post-17678","post","type-post","status-publish","format-standard","hentry","category-informaciones","tag-brasil","tag-patrimonio-historico"],"_links":{"self":[{"href":"https:\/\/adhilac.com.ar\/index.php?rest_route=\/wp\/v2\/posts\/17678","targetHints":{"allow":["GET"]}}],"collection":[{"href":"https:\/\/adhilac.com.ar\/index.php?rest_route=\/wp\/v2\/posts"}],"about":[{"href":"https:\/\/adhilac.com.ar\/index.php?rest_route=\/wp\/v2\/types\/post"}],"author":[{"embeddable":true,"href":"https:\/\/adhilac.com.ar\/index.php?rest_route=\/wp\/v2\/users\/2"}],"replies":[{"embeddable":true,"href":"https:\/\/adhilac.com.ar\/index.php?rest_route=%2Fwp%2Fv2%2Fcomments&post=17678"}],"version-history":[{"count":18,"href":"https:\/\/adhilac.com.ar\/index.php?rest_route=\/wp\/v2\/posts\/17678\/revisions"}],"predecessor-version":[{"id":17699,"href":"https:\/\/adhilac.com.ar\/index.php?rest_route=\/wp\/v2\/posts\/17678\/revisions\/17699"}],"wp:attachment":[{"href":"https:\/\/adhilac.com.ar\/index.php?rest_route=%2Fwp%2Fv2%2Fmedia&parent=17678"}],"wp:term":[{"taxonomy":"category","embeddable":true,"href":"https:\/\/adhilac.com.ar\/index.php?rest_route=%2Fwp%2Fv2%2Fcategories&post=17678"},{"taxonomy":"post_tag","embeddable":true,"href":"https:\/\/adhilac.com.ar\/index.php?rest_route=%2Fwp%2Fv2%2Ftags&post=17678"}],"curies":[{"name":"wp","href":"https:\/\/api.w.org\/{rel}","templated":true}]}}