{"id":17711,"date":"2021-03-18T12:47:00","date_gmt":"2021-03-18T15:47:00","guid":{"rendered":"https:\/\/adhilac.com.ar\/?p=17711"},"modified":"2021-03-30T12:59:58","modified_gmt":"2021-03-30T15:59:58","slug":"la-pendular-politica-latinoamericana","status":"publish","type":"post","link":"https:\/\/adhilac.com.ar\/?p=17711","title":{"rendered":"La pendular pol\u00edtica latinoamericana"},"content":{"rendered":"\n<p class=\"wp-block-paragraph\">Sergio Guerra Vilaboy<\/p>\n\n\n\n<div class=\"wp-block-image is-style-default\"><figure class=\"aligncenter size-large is-resized\"><img loading=\"lazy\" decoding=\"async\" src=\"https:\/\/adhilac.com.ar\/wp-content\/uploads\/2021\/03\/La-pendular-politica-latinoamericana-800x480.jpeg\" alt=\"\" class=\"wp-image-17712\" width=\"438\" height=\"262\" srcset=\"https:\/\/adhilac.com.ar\/wp-content\/uploads\/2021\/03\/La-pendular-politica-latinoamericana-800x480.jpeg 800w, https:\/\/adhilac.com.ar\/wp-content\/uploads\/2021\/03\/La-pendular-politica-latinoamericana-300x180.jpeg 300w, https:\/\/adhilac.com.ar\/wp-content\/uploads\/2021\/03\/La-pendular-politica-latinoamericana-768x461.jpeg 768w, https:\/\/adhilac.com.ar\/wp-content\/uploads\/2021\/03\/La-pendular-politica-latinoamericana.jpeg 1000w\" sizes=\"auto, (max-width: 438px) 100vw, 438px\" \/><\/figure><\/div>\n\n\n\n<p class=\"wp-block-paragraph\">Los recientes triunfos electorales de izquierda en Am\u00e9rica Latina, como el que puede ocurrir en Ecuador, indican el retroceso de muchos gobiernos de derecha en el hemisferio, emponzo\u00f1ados por el trumpismo. Ello podr\u00eda confirmar el movimiento pendular de la historia de Am\u00e9rica Latina, que desde las postrimer\u00edas de la Segunda Guerra Mundial ha oscilado entre etapas de avances revolucionarios y democr\u00e1ticos con los de dictadura y contrarrevoluci\u00f3n.<\/p>\n\n\n\n<!--more-->\n\n\n\n<p class=\"wp-block-paragraph\">La bancarrota del fascismo estimul\u00f3 la rebeld\u00eda popular en Am\u00e9rica Latina desde mediados de los cuarenta y provoc\u00f3 la ca\u00edda de tiran\u00edas y reg\u00edmenes autoritarios. Esta oleada progresista, sac\u00f3 del poder dictaduras en El Salvador Brasil, Guatemala \u2013donde desencaden\u00f3 una verdadera revoluci\u00f3n-, obligando a algunas a atemperarse para sobrevivir. Esa coyuntura tambi\u00e9n condujo al poder a movimientos pol\u00edticos de largo aliento, como los adecos en Venezuela, el velasquismo en Ecuador, los aut\u00e9nticos en Cuba y el peronismo en Argentina.<\/p>\n\n\n\n<p class=\"wp-block-paragraph\">Muchas de las conquistas fueron revertidas por una brutal ofensiva macartista, originada en Estados Unidos, que inici\u00f3 con el bogotazo (1948) la persecuci\u00f3n a la izquierda y continu\u00f3 con el establecimiento de dictaduras en Per\u00fa, Venezuela, Ecuador, Hait\u00ed Paraguay, Bolivia, Colombia, Nicaragua y Cuba, sumadas a las existentes en Nicaragua y Rep\u00fablica Dominicana. En algunos lugares, como en Chile, Costa Rica o M\u00e9xico, un resultado parecido se consigui\u00f3 con gobiernos civiles. Por a\u00f1adidura, a mediados de los cincuenta fueron derrocados, bajo el acoso norteamericano, los gobiernos populares y\/o nacionalistas de Guatemala, Brasil y Argentina, aunque la excepci\u00f3n fue la revoluci\u00f3n boliviana en 1952, que triunf\u00f3 a contracorriente.<\/p>\n\n\n\n<p class=\"wp-block-paragraph\">Siete a\u00f1os despu\u00e9s, la victoria de la revoluci\u00f3n cubana abri\u00f3 un periodo de transformaciones progresistas, precedido del derrocamiento de reg\u00edmenes militares en Hait\u00ed, Per\u00fa, Colombia y Venezuela. El ejemplo de Cuba estimul\u00f3 la lucha antidictatorial en Nicaragua y Paraguay, acelerando el fin de la tiran\u00eda dominicana (1961), mientras se registraban aperturas en Argentina, Brasil, Chile y El Salvador. Esta ola democratizadora fue detenida en seco por la agresiva ofensiva contrainsurgente lanzada por Estados Unidos para aislar el socialismo cubano y frenar el avance de movimientos armados de liberaci\u00f3n, pol\u00edtica acelerada tras el asesinato del presidente norteamericano en 1963. A esa fase represiva corresponde la intervenci\u00f3n militar estadounidense en Santo Domingo (1965), la masacre de Tlatelolco en M\u00e9xico (1968) y la sucesi\u00f3n de golpes de estado en El Salvador, Ecuador, Argentina, Guatemala, Per\u00fa, Rep\u00fablica Dominicana, as\u00ed como en Bolivia y Brasil.<\/p>\n\n\n\n<p class=\"wp-block-paragraph\">Otra etapa de ascenso revolucionario se vertebr\u00f3 al inicio de la siguiente d\u00e9cada con el triunfo de la Unidad Popular en Chile (1970) y el inesperado giro al nacionalismo de gobiernos militares en Per\u00fa, Panam\u00e1, Bolivia, Ecuador y Honduras. Ello coincidi\u00f3 con la independencia de varias naciones caribe\u00f1as y la eclosi\u00f3n de instituciones integracionistas regionales y de defensa de las materias primas o los recursos naturales. Una cadena de sangrientos golpes militares puso fin a estos cambios positivos, cuyo modelo fue el r\u00e9gimen fascista chileno (1973), precedido por el de Brasil y Bolivia, e imitado en Argentina Paraguay, Hait\u00ed, Nicaragua y Guatemala, con acciones criminales coordinadas por una especie de internacional del terror (Operaci\u00f3n C\u00f3ndor), creada por la Agencia Central de Inteligencia (CIA) de Estados Unidos.<\/p>\n\n\n\n<p class=\"wp-block-paragraph\">El triunfo sandinista en 1979 no s\u00f3lo dio un segundo impulso al movimiento revolucionario en Guatemala, El Salvador, Colombia y Per\u00fa, sino tambi\u00e9n provoc\u00f3 virajes democr\u00e1ticos en varios pa\u00edses de la regi\u00f3n (Uruguay, Brasil, Bolivia) y en aquellos donde el reformismo militar hab\u00eda perdido el rumbo (Per\u00fa, Ecuador). En Argentina, esa evoluci\u00f3n fue acelerada por el descalabro de las Malvinas (1982), a lo que sigui\u00f3, a fines de los ochenta, la defenestraci\u00f3n de las odiadas dictaduras de Hait\u00ed, Paraguay y Chile, mientras las peque\u00f1as islas del Caribe lograban su emancipaci\u00f3n.<\/p>\n\n\n\n<p class=\"wp-block-paragraph\">El colapso del socialismo europeo, junto con la indiscutida hegemon\u00eda mundial de Estados Unidos, trajo la derechizaci\u00f3n de Am\u00e9rica Latina con el retroceso de las desconcertadas izquierdas, proceso iniciado con la impune intervenci\u00f3n militar norteamericana en Panam\u00e1 (1989) y la derrota electoral del sandinismo al a\u00f1o siguiente. El predominio del capitalismo salvaje despert\u00f3 la insurgencia zapatista en M\u00e9xico (1994) y airados estallidos sociales en Argentina, Bolivia y Ecuador, iniciados con el caracazo en 1989. Una d\u00e9cada despu\u00e9s, en cambio, la revoluci\u00f3n bolivariana en Venezuela puso coto al neoliberalismo e impuls\u00f3 el llamado socialismo del siglo XXI, seguido de espectaculares reformas progresistas y antimperialistas en todo el continente y avances sin precedentes en la integraci\u00f3n latinoamericana, que hoy han sido revertidos.<\/p>\n\n\n\n<p class=\"wp-block-paragraph\">Fuente: www.informefracto.com &#8211; 17 de marzo de 2021<\/p>\n\n\n\n<div style=\"height:43px\" aria-hidden=\"true\" class=\"wp-block-spacer\"><\/div>\n\n\n\n<p class=\"has-very-light-gray-color has-vivid-cyan-blue-background-color has-text-color has-background wp-block-paragraph\"><strong>Publicado por ADHILAC Internacional \u00a9 www.adhilac.com.ar<\/strong><\/p>\n\n\n\n<p class=\"has-vivid-cyan-blue-color has-very-light-gray-background-color has-text-color has-background wp-block-paragraph\"> Si Ud. desea asociarse de acuerdo a los Estatutos de ADHILAC&nbsp;<a href=\"https:\/\/adhilac.com.ar\/?page_id=263\">(ver)<\/a> complete el siguiente formulario&nbsp;(<a href=\"https:\/\/adhilac.com.ar\/?page_id=4779\">ver<\/a>)<\/p>\n\n\n\n<p class=\"has-very-light-gray-color has-vivid-cyan-blue-background-color has-text-color has-background wp-block-paragraph\"> E-mail:&nbsp;info@adhilac.com.ar <\/p>\n\n\n\n<p class=\"has-very-light-gray-color has-vivid-cyan-blue-background-color has-text-color has-background wp-block-paragraph\"> Twitter: @AdhilacInfo <\/p>\n\n\n\n<div class=\"wp-block-image is-style-default\"><figure class=\"aligncenter size-large\"><img loading=\"lazy\" decoding=\"async\" width=\"85\" height=\"85\" src=\"https:\/\/adhilac.com.ar\/wp-content\/uploads\/2015\/02\/Logo-ADHILAC-Internacional-PEQ.jpg\" alt=\"\" class=\"wp-image-10473\"\/><\/figure><\/div>\n\n\n\n<p class=\"wp-block-paragraph\">Ver <a href=\"https:\/\/adhilac.com.ar\/?page_id=541\">Presentaci\u00f3n de ADHILAC<\/a><\/p>\n\n\n\n<div style=\"height:41px\" aria-hidden=\"true\" class=\"wp-block-spacer\"><\/div>\n\n\n\n<div class=\"wp-block-group\"><div class=\"wp-block-group__inner-container is-layout-flow wp-block-group-is-layout-flow\">\n<p class=\"has-text-align-center has-very-light-gray-color has-vivid-cyan-blue-background-color has-text-color has-background wp-block-paragraph\"><strong><a href=\"https:\/\/adhilac.com.ar\/?page_id=541\">QUIENES SOMOS<\/a><\/strong><\/p>\n\n\n\n<p class=\"has-text-align-center has-vivid-cyan-blue-color has-very-light-gray-background-color has-text-color has-background wp-block-paragraph\"><strong><a href=\"https:\/\/adhilac.com.ar\/?page_id=15507\">DIRECTIVA DE ADHILAC INTERNACIONAL<\/a><\/strong><\/p>\n\n\n\n<p class=\"has-text-align-center has-very-light-gray-color has-vivid-cyan-blue-background-color has-text-color has-background wp-block-paragraph\"><strong><a href=\"https:\/\/adhilac.com.ar\/?page_id=267\">Declaraci\u00f3n de Caracas de ADHILAC (2007)<\/a><\/strong><\/p>\n\n\n\n<p class=\"has-text-align-center has-vivid-cyan-blue-color has-very-light-gray-background-color has-text-color has-background wp-block-paragraph\"><strong><a href=\"https:\/\/adhilac.com.ar\/?page_id=15873\">ADHILAC: Historia &#8211; Historidorxs<\/a><\/strong><\/p>\n\n\n\n<p class=\"has-text-align-center has-very-light-gray-color has-vivid-cyan-blue-background-color has-text-color has-background wp-block-paragraph\"><strong><a href=\"https:\/\/adhilac.com.ar\/?page_id=15876\">ADHILAC 20 a\u00f1os despu\u00e9s (1974-1994)<\/a> <\/strong><\/p>\n\n\n\n<p class=\"has-text-align-center has-vivid-cyan-blue-color has-very-light-gray-background-color has-text-color has-background wp-block-paragraph\"><strong><a href=\"https:\/\/adhilac.com.ar\/?page_id=15861\">ADHILAC Breve Historia<\/a> <\/strong><\/p>\n\n\n\n<p class=\"has-text-align-center has-very-light-gray-color has-vivid-cyan-blue-background-color has-text-color has-background wp-block-paragraph\"><strong><a href=\"https:\/\/adhilac.com.ar\/?page_id=15887\">ADHILAC: Miembrxs fundadores<\/a><\/strong><\/p>\n\n\n\n<p class=\"has-text-align-center has-vivid-cyan-blue-color has-very-light-gray-background-color has-text-color has-background wp-block-paragraph\"><strong><a href=\"https:\/\/adhilac.com.ar\/?page_id=15943\">ADHILAC: Historiadorxs Destacadxs<\/a><\/strong><\/p>\n\n\n\n<p class=\"has-text-align-center has-very-light-gray-color has-vivid-cyan-blue-background-color has-text-color has-background wp-block-paragraph\"><strong><a href=\"https:\/\/adhilac.com.ar\/?page_id=4779\">SOCIXS<\/a><\/strong><\/p>\n\n\n\n<p class=\"has-text-align-center has-vivid-cyan-blue-color has-very-light-gray-background-color has-text-color has-background wp-block-paragraph\"><strong><a href=\"https:\/\/adhilac.com.ar\/?page_id=263\">Estatutos de ADHILAC<\/a><\/strong><\/p>\n\n\n\n<p class=\"has-text-align-center has-very-light-gray-color has-vivid-cyan-blue-background-color has-text-color has-background wp-block-paragraph\"><strong><a href=\"https:\/\/adhilac.com.ar\/?page_id=8220\">BICENTENARIO<\/a><\/strong><\/p>\n\n\n\n<p class=\"has-text-align-center has-vivid-cyan-blue-color has-very-light-gray-background-color has-text-color has-background wp-block-paragraph\"><strong><a href=\"https:\/\/adhilac.com.ar\/?page_id=8279\">BIBLIOTECA<\/a><\/strong><\/p>\n\n\n\n<p class=\"has-text-align-center has-very-light-gray-color has-vivid-cyan-blue-background-color has-text-color has-background wp-block-paragraph\"><strong><a href=\"https:\/\/adhilac.com.ar\/?page_id=1698\">ENLACES<\/a> <\/strong><\/p>\n\n\n\n<p class=\"has-text-align-center has-vivid-cyan-blue-color has-very-light-gray-background-color has-text-color has-background wp-block-paragraph\"><a href=\"http:\/\/www.ariadnatucma.com.ar\">VISITE ARIADNA TUCMA REVISTA LATINOAMERICANA<\/a><\/p>\n<\/div><\/div>\n","protected":false},"excerpt":{"rendered":"<p>Sergio Guerra Vilaboy Los recientes triunfos electorales de izquierda en Am\u00e9rica Latina, como el que puede ocurrir en Ecuador, indican el retroceso de muchos gobiernos de derecha en el hemisferio, emponzo\u00f1ados por el trumpismo. Ello podr\u00eda confirmar el movimiento pendular de la historia de Am\u00e9rica Latina, que desde las postrimer\u00edas de la Segunda Guerra Mundial [&hellip;]<\/p>\n","protected":false},"author":17,"featured_media":0,"comment_status":"closed","ping_status":"closed","sticky":false,"template":"","format":"standard","meta":{"_crdt_document":"","footnotes":""},"categories":[15],"tags":[393],"class_list":["post-17711","post","type-post","status-publish","format-standard","hentry","category-historia","tag-latinoamerica"],"_links":{"self":[{"href":"https:\/\/adhilac.com.ar\/index.php?rest_route=\/wp\/v2\/posts\/17711","targetHints":{"allow":["GET"]}}],"collection":[{"href":"https:\/\/adhilac.com.ar\/index.php?rest_route=\/wp\/v2\/posts"}],"about":[{"href":"https:\/\/adhilac.com.ar\/index.php?rest_route=\/wp\/v2\/types\/post"}],"author":[{"embeddable":true,"href":"https:\/\/adhilac.com.ar\/index.php?rest_route=\/wp\/v2\/users\/17"}],"replies":[{"embeddable":true,"href":"https:\/\/adhilac.com.ar\/index.php?rest_route=%2Fwp%2Fv2%2Fcomments&post=17711"}],"version-history":[{"count":1,"href":"https:\/\/adhilac.com.ar\/index.php?rest_route=\/wp\/v2\/posts\/17711\/revisions"}],"predecessor-version":[{"id":17713,"href":"https:\/\/adhilac.com.ar\/index.php?rest_route=\/wp\/v2\/posts\/17711\/revisions\/17713"}],"wp:attachment":[{"href":"https:\/\/adhilac.com.ar\/index.php?rest_route=%2Fwp%2Fv2%2Fmedia&parent=17711"}],"wp:term":[{"taxonomy":"category","embeddable":true,"href":"https:\/\/adhilac.com.ar\/index.php?rest_route=%2Fwp%2Fv2%2Fcategories&post=17711"},{"taxonomy":"post_tag","embeddable":true,"href":"https:\/\/adhilac.com.ar\/index.php?rest_route=%2Fwp%2Fv2%2Ftags&post=17711"}],"curies":[{"name":"wp","href":"https:\/\/api.w.org\/{rel}","templated":true}]}}