{"id":17714,"date":"2021-03-20T12:53:00","date_gmt":"2021-03-20T15:53:00","guid":{"rendered":"https:\/\/adhilac.com.ar\/?p=17714"},"modified":"2021-03-30T12:58:43","modified_gmt":"2021-03-30T15:58:43","slug":"la-revolucion-de-los-comuneros-del-socorro-en-1781","status":"publish","type":"post","link":"https:\/\/adhilac.com.ar\/?p=17714","title":{"rendered":"La revoluci\u00f3n de los comuneros del Socorro en 1781"},"content":{"rendered":"\n<p class=\"wp-block-paragraph\">Sergio Guerra Vilaboy<\/p>\n\n\n\n<div class=\"wp-block-image is-style-default\"><figure class=\"aligncenter size-large is-resized\"><img loading=\"lazy\" decoding=\"async\" src=\"https:\/\/adhilac.com.ar\/wp-content\/uploads\/2021\/03\/Comuneros-del-Socorro-800x480.jpeg\" alt=\"\" class=\"wp-image-17715\" width=\"390\" height=\"234\" srcset=\"https:\/\/adhilac.com.ar\/wp-content\/uploads\/2021\/03\/Comuneros-del-Socorro-800x480.jpeg 800w, https:\/\/adhilac.com.ar\/wp-content\/uploads\/2021\/03\/Comuneros-del-Socorro-300x180.jpeg 300w, https:\/\/adhilac.com.ar\/wp-content\/uploads\/2021\/03\/Comuneros-del-Socorro-768x461.jpeg 768w, https:\/\/adhilac.com.ar\/wp-content\/uploads\/2021\/03\/Comuneros-del-Socorro.jpeg 1000w\" sizes=\"auto, (max-width: 390px) 100vw, 390px\" \/><\/figure><\/div>\n\n\n\n<p class=\"wp-block-paragraph\">En el Virreinato de Nueva Granada, hoy Colombia, estall\u00f3 a fines del siglo XVIII una de las m\u00e1s significativas revoluciones populares de la \u00e9poca colonial.&nbsp; Nos referimos a la sublevaci\u00f3n de los comuneros de la villa del Socorro, motivada por reivindicaciones econ\u00f3micas despertadas por la instrucci\u00f3n de la monarqu\u00eda borb\u00f3nica del 12 de octubre de 1780, transmitida por el regente visitador Juan Francisco Guti\u00e9rrez de Pi\u00f1eres. <\/p>\n\n\n\n<!--more-->\n\n\n\n<p class=\"wp-block-paragraph\">La disposici\u00f3n, comunicada a la poblaci\u00f3n del Socorro mediante un edicto real en marzo de 1781, elevaba impuestos y tributos que afectaban a todos los productores y comerciantes locales sin diferenciar condici\u00f3n social o \u00e9tnica.<\/p>\n\n\n\n<p class=\"wp-block-paragraph\">El d\u00eda 16 de ese mes, algunos vecinos se concentraron en la plaza central del Socorro, en un concurrido d\u00eda de mercado, para protestar por los nuevos grav\u00e1menes y monopolios de la Corona establecidos con el pretexto de sufragar sus guerras coloniales. Una de las m\u00e1s enardecidas fue una vendedora de frutas nombrada Manuela Beltr\u00e1n. El movimiento de desacato pronto devino en abierta rebeli\u00f3n al grito de <em>!Viva el Rey, pero no queremos pagar la armada de Barlovento!.<\/em> Las airadas protestas obligaron al cabildo a suspender el cobro de los nuevos tributos, lo que no impidi\u00f3 que el movimiento contestatario se extendiera a las localidades cercanas de Simacota, Barichara, Charal\u00e1, Mogotes y San Gil, mientras en el propio Socorro la casa del estanco era atacada y destruidos los almacenes reales de aguardientes y tabaco.<\/p>\n\n\n\n<p class=\"wp-block-paragraph\">El 17 de abril, una masiva concentraci\u00f3n de los habitantes del Socorro escogi\u00f3 como jefes del movimiento comunero a ricos hacendados y comerciantes criollos, entre ellos Juan Francisco Berbeo y Salvador Plata. Enterado del levantamiento, el virrey regente Guti\u00e9rrez de Pi\u00f1eres huy\u00f3 de la capital hacia Honda, perseguido por un grupo armado a las \u00f3rdenes del campesino mestizo, nombrado capit\u00e1n, Jos\u00e9 Antonio Gal\u00e1n. A continuaci\u00f3n, los comuneros de Socorro, Tunja, Pamplona y Casanare vertebraron en forma espont\u00e1nea un verdadero ej\u00e9rcito puesto, a las \u00f3rdenes del propio Berbeo, el cual venci\u00f3 a las fuerzas coloniales en Puente Real de V\u00e9lez (8 de mayo).<\/p>\n\n\n\n<p class=\"wp-block-paragraph\">Las noticias de este triunfo militar, que abr\u00eda la posibilidad de ocupar la capital virreinal, entusiasm\u00f3 a los comuneros y provoc\u00f3 levantamientos ind\u00edgenas en Paya, T\u00e1mara, Pita y otros poblados atendidos por misioneros jesuitas hasta su expulsi\u00f3n. En Cundinamarca, los pueblos originarios rebeldes proclamaron a Ambrosio Pisco, ind\u00edgena adinerado y lejano descendiente del <em>zipa<\/em>, como cacique y se unieron a los comuneros. A mediados de mayo, el ej\u00e9rcito guiado por Berbeo ocup\u00f3 Zipaquir\u00e1, donde fue redactado un pliego de reivindicaciones, que las autoridades virreinales se vieron obligadas a aceptar para aplacar a los alzados. Entre las demandas, recogidas en 35 cl\u00e1usulas, se inclu\u00eda la abolici\u00f3n de impuestos y estancos, disminuci\u00f3n de tributos y preferencia laboral a los criollos.<\/p>\n\n\n\n<p class=\"wp-block-paragraph\">A las capitulaciones de Zipaquir\u00e1, firmadas con premura el 8 de junio de 1781 por el arzobispo de Bogot\u00e1, Antonio Caballero y G\u00f3ngora, en ausencia del virrey, se opuso infructuosamente un ala radical del movimiento comunero, nutrida de ind\u00edgenas, peones y ex esclavos y liderada por Gal\u00e1n. Diez d\u00edas despu\u00e9s, el caudillo popular declar\u00f3 abolida la esclavitud en los territorios neogranadinos por donde pasaban sus fuerzas (Facatativ\u00e1, Villeta, Guaduas y el valle del Magdalena), mientras en Ambalema repart\u00eda tierras entre los despose\u00eddos, as\u00ed como mercanc\u00edas y otros bienes de la Corona. A la par, continuaron los levantamientos de ind\u00edgenas y esclavos en Tolima, Cauca y Antioquia.&nbsp; Lograda la pacificaci\u00f3n, el virrey tom\u00f3 represalias. Gal\u00e1n respondi\u00f3 continuando la lucha mediante guerrillas de ind\u00edgenas y ex esclavos negros; pero las divisiones en el bando criollo dieron al traste con sus planes. Capturado cuando se dirig\u00eda con algunos de sus hombres a los Llanos Orientales, el 1 de septiembre de 1781, fue remitido encadenado a la capital virreinal.<\/p>\n\n\n\n<p class=\"wp-block-paragraph\">Despu\u00e9s de un ama\u00f1ado proceso, Gal\u00e1n fue ejecutado y descuartizado, junto con tres de sus lugartenientes, el 2 de febrero de 1782. Otros quince de sus seguidores fueron desterrados a \u00c1frica. Unas pocas semanas despu\u00e9s, el 18 de marzo, la Real Audiencia y el regente anunciaron a preg\u00f3n batiente, la anulaci\u00f3n de las capitulaciones firmadas con los comuneros. Aunque la sublevaci\u00f3n del Socorro no se propon\u00eda la independencia de Espa\u00f1a, era una expresi\u00f3n del creciente descontento de la poblaci\u00f3n americana contra el orden colonial y el preludio de las luchas emancipadoras de principios del siglo XIX.<\/p>\n\n\n\n<p class=\"wp-block-paragraph\">Fuente: www.informefracto.com &#8211; 19 de marzo de 2021<\/p>\n\n\n\n<div style=\"height:40px\" aria-hidden=\"true\" class=\"wp-block-spacer\"><\/div>\n\n\n\n<p class=\"has-very-light-gray-color has-vivid-cyan-blue-background-color has-text-color has-background wp-block-paragraph\"><strong>Publicado por ADHILAC Internacional \u00a9 www.adhilac.com.ar<\/strong><\/p>\n\n\n\n<p class=\"has-vivid-cyan-blue-color has-very-light-gray-background-color has-text-color has-background wp-block-paragraph\"> Si Ud. desea asociarse de acuerdo a los Estatutos de ADHILAC&nbsp;<a href=\"https:\/\/adhilac.com.ar\/?page_id=263\">(ver)<\/a> complete el siguiente formulario&nbsp;(<a href=\"https:\/\/adhilac.com.ar\/?page_id=4779\">ver<\/a>)<\/p>\n\n\n\n<p class=\"has-very-light-gray-color has-vivid-cyan-blue-background-color has-text-color has-background wp-block-paragraph\"> E-mail:&nbsp;info@adhilac.com.ar <\/p>\n\n\n\n<p class=\"has-very-light-gray-color has-vivid-cyan-blue-background-color has-text-color has-background wp-block-paragraph\"> Twitter: @AdhilacInfo <\/p>\n\n\n\n<div class=\"wp-block-image is-style-default\"><figure class=\"aligncenter size-large\"><img loading=\"lazy\" decoding=\"async\" width=\"85\" height=\"85\" src=\"https:\/\/adhilac.com.ar\/wp-content\/uploads\/2015\/02\/Logo-ADHILAC-Internacional-PEQ.jpg\" alt=\"\" class=\"wp-image-10473\"\/><\/figure><\/div>\n\n\n\n<p class=\"wp-block-paragraph\">Ver <a href=\"https:\/\/adhilac.com.ar\/?page_id=541\">Presentaci\u00f3n de ADHILAC<\/a><\/p>\n\n\n\n<div style=\"height:41px\" aria-hidden=\"true\" class=\"wp-block-spacer\"><\/div>\n\n\n\n<div class=\"wp-block-group\"><div class=\"wp-block-group__inner-container is-layout-flow wp-block-group-is-layout-flow\">\n<p class=\"has-text-align-center has-very-light-gray-color has-vivid-cyan-blue-background-color has-text-color has-background wp-block-paragraph\"><strong><a href=\"https:\/\/adhilac.com.ar\/?page_id=541\">QUIENES SOMOS<\/a><\/strong><\/p>\n\n\n\n<p class=\"has-text-align-center has-vivid-cyan-blue-color has-very-light-gray-background-color has-text-color has-background wp-block-paragraph\"><strong><a href=\"https:\/\/adhilac.com.ar\/?page_id=15507\">DIRECTIVA DE ADHILAC INTERNACIONAL<\/a><\/strong><\/p>\n\n\n\n<p class=\"has-text-align-center has-very-light-gray-color has-vivid-cyan-blue-background-color has-text-color has-background wp-block-paragraph\"><strong><a href=\"https:\/\/adhilac.com.ar\/?page_id=267\">Declaraci\u00f3n de Caracas de ADHILAC (2007)<\/a><\/strong><\/p>\n\n\n\n<p class=\"has-text-align-center has-vivid-cyan-blue-color has-very-light-gray-background-color has-text-color has-background wp-block-paragraph\"><strong><a href=\"https:\/\/adhilac.com.ar\/?page_id=15873\">ADHILAC: Historia &#8211; Historidorxs<\/a><\/strong><\/p>\n\n\n\n<p class=\"has-text-align-center has-very-light-gray-color has-vivid-cyan-blue-background-color has-text-color has-background wp-block-paragraph\"><strong><a href=\"https:\/\/adhilac.com.ar\/?page_id=15876\">ADHILAC 20 a\u00f1os despu\u00e9s (1974-1994)<\/a> <\/strong><\/p>\n\n\n\n<p class=\"has-text-align-center has-vivid-cyan-blue-color has-very-light-gray-background-color has-text-color has-background wp-block-paragraph\"><strong><a href=\"https:\/\/adhilac.com.ar\/?page_id=15861\">ADHILAC Breve Historia<\/a> <\/strong><\/p>\n\n\n\n<p class=\"has-text-align-center has-very-light-gray-color has-vivid-cyan-blue-background-color has-text-color has-background wp-block-paragraph\"><strong><a href=\"https:\/\/adhilac.com.ar\/?page_id=15887\">ADHILAC: Miembrxs fundadores<\/a><\/strong><\/p>\n\n\n\n<p class=\"has-text-align-center has-vivid-cyan-blue-color has-very-light-gray-background-color has-text-color has-background wp-block-paragraph\"><strong><a href=\"https:\/\/adhilac.com.ar\/?page_id=15943\">ADHILAC: Historiadorxs Destacadxs<\/a><\/strong><\/p>\n\n\n\n<p class=\"has-text-align-center has-very-light-gray-color has-vivid-cyan-blue-background-color has-text-color has-background wp-block-paragraph\"><strong><a href=\"https:\/\/adhilac.com.ar\/?page_id=4779\">SOCIXS<\/a><\/strong><\/p>\n\n\n\n<p class=\"has-text-align-center has-vivid-cyan-blue-color has-very-light-gray-background-color has-text-color has-background wp-block-paragraph\"><strong><a href=\"https:\/\/adhilac.com.ar\/?page_id=263\">Estatutos de ADHILAC<\/a><\/strong><\/p>\n\n\n\n<p class=\"has-text-align-center has-very-light-gray-color has-vivid-cyan-blue-background-color has-text-color has-background wp-block-paragraph\"><strong><a href=\"https:\/\/adhilac.com.ar\/?page_id=8220\">BICENTENARIO<\/a><\/strong><\/p>\n\n\n\n<p class=\"has-text-align-center has-vivid-cyan-blue-color has-very-light-gray-background-color has-text-color has-background wp-block-paragraph\"><strong><a href=\"https:\/\/adhilac.com.ar\/?page_id=8279\">BIBLIOTECA<\/a><\/strong><\/p>\n\n\n\n<p class=\"has-text-align-center has-very-light-gray-color has-vivid-cyan-blue-background-color has-text-color has-background wp-block-paragraph\"><strong><a href=\"https:\/\/adhilac.com.ar\/?page_id=1698\">ENLACES<\/a> <\/strong><\/p>\n\n\n\n<p class=\"has-text-align-center has-vivid-cyan-blue-color has-very-light-gray-background-color has-text-color has-background wp-block-paragraph\"><a href=\"http:\/\/www.ariadnatucma.com.ar\">VISITE ARIADNA TUCMA REVISTA LATINOAMERICANA<\/a><\/p>\n<\/div><\/div>\n","protected":false},"excerpt":{"rendered":"<p>Sergio Guerra Vilaboy En el Virreinato de Nueva Granada, hoy Colombia, estall\u00f3 a fines del siglo XVIII una de las m\u00e1s significativas revoluciones populares de la \u00e9poca colonial.&nbsp; Nos referimos a la sublevaci\u00f3n de los comuneros de la villa del Socorro, motivada por reivindicaciones econ\u00f3micas despertadas por la instrucci\u00f3n de la monarqu\u00eda borb\u00f3nica del 12 [&hellip;]<\/p>\n","protected":false},"author":17,"featured_media":0,"comment_status":"closed","ping_status":"open","sticky":false,"template":"","format":"standard","meta":{"_crdt_document":"","footnotes":""},"categories":[15],"tags":[1246,661],"class_list":["post-17714","post","type-post","status-publish","format-standard","hentry","category-historia","tag-comuneros","tag-nueva-granada"],"_links":{"self":[{"href":"https:\/\/adhilac.com.ar\/index.php?rest_route=\/wp\/v2\/posts\/17714","targetHints":{"allow":["GET"]}}],"collection":[{"href":"https:\/\/adhilac.com.ar\/index.php?rest_route=\/wp\/v2\/posts"}],"about":[{"href":"https:\/\/adhilac.com.ar\/index.php?rest_route=\/wp\/v2\/types\/post"}],"author":[{"embeddable":true,"href":"https:\/\/adhilac.com.ar\/index.php?rest_route=\/wp\/v2\/users\/17"}],"replies":[{"embeddable":true,"href":"https:\/\/adhilac.com.ar\/index.php?rest_route=%2Fwp%2Fv2%2Fcomments&post=17714"}],"version-history":[{"count":2,"href":"https:\/\/adhilac.com.ar\/index.php?rest_route=\/wp\/v2\/posts\/17714\/revisions"}],"predecessor-version":[{"id":17717,"href":"https:\/\/adhilac.com.ar\/index.php?rest_route=\/wp\/v2\/posts\/17714\/revisions\/17717"}],"wp:attachment":[{"href":"https:\/\/adhilac.com.ar\/index.php?rest_route=%2Fwp%2Fv2%2Fmedia&parent=17714"}],"wp:term":[{"taxonomy":"category","embeddable":true,"href":"https:\/\/adhilac.com.ar\/index.php?rest_route=%2Fwp%2Fv2%2Fcategories&post=17714"},{"taxonomy":"post_tag","embeddable":true,"href":"https:\/\/adhilac.com.ar\/index.php?rest_route=%2Fwp%2Fv2%2Ftags&post=17714"}],"curies":[{"name":"wp","href":"https:\/\/api.w.org\/{rel}","templated":true}]}}