{"id":17728,"date":"2021-04-01T12:47:00","date_gmt":"2021-04-01T15:47:00","guid":{"rendered":"https:\/\/adhilac.com.ar\/?p=17728"},"modified":"2021-04-21T18:03:50","modified_gmt":"2021-04-21T21:03:50","slug":"pancho-villa-contra-estados-unidos","status":"publish","type":"post","link":"https:\/\/adhilac.com.ar\/?p=17728","title":{"rendered":"Pancho Villa contra Estados Unidos"},"content":{"rendered":"\n<p class=\"wp-block-paragraph\">Sergio Guerra Vilaboy<\/p>\n\n\n\n<figure class=\"wp-block-image size-large is-resized is-style-rounded\"><img loading=\"lazy\" decoding=\"async\" src=\"https:\/\/adhilac.com.ar\/wp-content\/uploads\/2021\/04\/PanchoVilla-vs-EEUU-800x480.jpeg\" alt=\"\" class=\"wp-image-17729\" width=\"565\" height=\"339\" srcset=\"https:\/\/adhilac.com.ar\/wp-content\/uploads\/2021\/04\/PanchoVilla-vs-EEUU-800x480.jpeg 800w, https:\/\/adhilac.com.ar\/wp-content\/uploads\/2021\/04\/PanchoVilla-vs-EEUU-300x180.jpeg 300w, https:\/\/adhilac.com.ar\/wp-content\/uploads\/2021\/04\/PanchoVilla-vs-EEUU-768x461.jpeg 768w, https:\/\/adhilac.com.ar\/wp-content\/uploads\/2021\/04\/PanchoVilla-vs-EEUU.jpeg 1000w\" sizes=\"auto, (max-width: 565px) 100vw, 565px\" \/><\/figure>\n\n\n\n<p class=\"wp-block-paragraph\">El general Pancho Villa (1878-1923) fue el protagonista de la \u00fanica invasi\u00f3n militar latinoamericana contra Estados Unidos, realizada durante la Revoluci\u00f3n Mexicana. <\/p>\n\n\n\n<!--more-->\n\n\n\n<p class=\"wp-block-paragraph\">Las contradicciones de Villa con el poderoso vecino del norte se avivaron desde que el 19 de octubre de 1915 Washington reconociera <em>de<\/em> <em>facto<\/em> al gobierno de Venustiano Carranza, al que combat\u00edan los villistas, despu\u00e9s que el mandatario mexicano enviara un memor\u00e1ndum al Departamento de Estado garantizando la propiedad y la vida de los extranjeros en M\u00e9xico.<\/p>\n\n\n\n<p class=\"wp-block-paragraph\">Estas nuevas circunstancias, explican lo sucedido en Agua Prieta, junto a la frontera norteamericana, donde Villa libraba, al frente de la antigua Divisi\u00f3n del Norte, un enfrentamiento decisivo contra las fuerzas de Carranza el 1 de noviembre de 1915. En medio del combate, Estados Unidos dej\u00f3 pasar por su territorio a tres mil soldados carrancistas procedentes de Coahuila, los que pudieron sorprender a los villistas por la retaguardia y ganar la batalla.<\/p>\n\n\n\n<p class=\"wp-block-paragraph\">Estos acontecimientos, unido al embargo de armas dispuesto antes por Estados Unidos, explican la violenta reacci\u00f3n de Villa y sus airadas declaraciones a los doctores Thigpen y Miller: \u201cA <em>partir de este momento dedicar\u00e9 mi vida a matar a cada gringo en que pueda poner las manos y a destruir todas sus propiedades.\u201d<\/em> En cumplimiento de estas fuertes amenazas, el 10 de enero de 1916 un destacamento villista detuvo un tren en la localidad de Santa Isabel (Chihuahua) y fusil\u00f3 a dieciocho pasajeros norteamericanos. Dos meses despu\u00e9s, el 8 de marzo, el propio Villa atac\u00f3 con quinientos hombres el poblado de Columbus, Nuevo M\u00e9xico, en pleno territorio de Estados Unidos, incursi\u00f3n en la que murieron una veintena de sus habitantes.<\/p>\n\n\n\n<p class=\"wp-block-paragraph\">Estas acciones no eran una simple venganza de Villa contra los norteamericanos, sino el fruto de una meditada estrategia dirigida a cambiar la desfavorable correlaci\u00f3n de fuerzas. Para conseguirlo, pretend\u00eda formar un amplio frente nacional contra Estados Unidos que de paso le permitiera derrotar a los carrancistas, como prueba Friedrich Katz en su documentada obra <em>Pancho Villa<\/em> (1998). Por eso, el 5 de noviembre de 1915, el jefe de la Divisi\u00f3n del Norte hab\u00eda lanzado un manifiesto en Naco, publicado en el peri\u00f3dico <em>Vida Nueva<\/em>, donde anunciaba su postura hacia el gobierno de Woodrow Wilson \u201c<em>que atropella la independencia de un pueblo amigo y que viola la soberan\u00eda de los estados de Arizona y Texas permitiendo que su suelo sea cruzado por tropas constitucionalistas. Esto no implica ning\u00fan sentimiento de animosidad ni de odio contra el pueblo, el verdadero pueblo de los Estados Unidos del Norte, a quien respeto y admiro por sus tradiciones gloriosas<\/em>\u201d.<\/p>\n\n\n\n<p class=\"wp-block-paragraph\">La represalia norteamericana ante las acciones villistas fue el env\u00edo, el 16 de marzo de 1916, de la llamada expedici\u00f3n punitiva del general John J. Pershing. Con total desprecio por la soberan\u00eda de M\u00e9xico, seis mil soldados de Estados Unidos, con apoyo de aviaci\u00f3n, penetraron m\u00e1s de 500 kil\u00f3metros en persecuci\u00f3n de Villa, que debi\u00f3 esconderse herido. Como resultado de la intervenci\u00f3n militar estadounidense, se desat\u00f3 una ola de sentimientos antinorteamericanos en el pa\u00eds.<\/p>\n\n\n\n<p class=\"wp-block-paragraph\">A mediados de ese a\u00f1o, Villa reapareci\u00f3 al frente de sus hombres. Ya en octubre, hizo otro llamado a la resistencia nacional contra los invasores norteamericanos. Convertido de nuevo el estado de Chihuahua en el centro de sus operaciones, y con un ej\u00e9rcito estimado en m\u00e1s de cinco mil hombres, devino en un verdadero azote a la estabilidad del gobierno carrancista. Parad\u00f3jicamente, la intervenci\u00f3n norteamericana daba un segundo aire a Villa, pues su prestigi\u00f3 creci\u00f3 como l\u00edder nacional enfrentado a la intervenci\u00f3n extranjera, lo que explica que sus fuerzas se recuperaran tan r\u00e1pido en los \u00faltimos meses de 1916. En noviembre y diciembre de ese a\u00f1o, logr\u00f3 incluso tomar transitoriamente las ciudades de Torre\u00f3n y Chihuahua.<\/p>\n\n\n\n<p class=\"wp-block-paragraph\">Pero esta vez, el vertiginoso ascenso de Pancho Villa no durar\u00eda mucho tiempo, a lo que contribuy\u00f3 el cierre de la frontera decretado por Estados Unidos a principios de 1917, que cort\u00f3 su fuente tradicional de aprovisionamiento. Su decadencia comenz\u00f3 al ser sorprendido por fuerzas carrancistas en la hacienda Bab\u00edcora, en abril de ese a\u00f1o, aunque gracias a su experiencia guerrillera logr\u00f3 mantenerse en actividad hasta 1920, cuando finalmente depuso las armas. Tres a\u00f1os despu\u00e9s, el 20 de julio, el legendario jefe de la Divisi\u00f3n del Norte fue asesinado en Parral (Durango). En 1976 sus restos fueron trasladados al Monumento a la Revoluci\u00f3n en la ciudad de M\u00e9xico.<\/p>\n\n\n\n<p class=\"wp-block-paragraph\">Fuente: www.informefracto.com &#8211; 30 de marzo de 2021<\/p>\n\n\n\n<div style=\"height:37px\" aria-hidden=\"true\" class=\"wp-block-spacer\"><\/div>\n\n\n\n<p class=\"has-very-light-gray-color has-vivid-cyan-blue-background-color has-text-color has-background wp-block-paragraph\"><strong>Publicado por ADHILAC Internacional \u00a9 www.adhilac.com.ar<\/strong><\/p>\n\n\n\n<p class=\"has-vivid-cyan-blue-color has-very-light-gray-background-color has-text-color has-background wp-block-paragraph\"> Si Ud. desea asociarse de acuerdo a los Estatutos de ADHILAC&nbsp;<a href=\"https:\/\/adhilac.com.ar\/?page_id=263\">(ver)<\/a> complete el siguiente formulario&nbsp;(<a href=\"https:\/\/adhilac.com.ar\/?page_id=4779\">ver<\/a>)<\/p>\n\n\n\n<p class=\"has-very-light-gray-color has-vivid-cyan-blue-background-color has-text-color has-background wp-block-paragraph\"> E-mail:&nbsp;info@adhilac.com.ar <\/p>\n\n\n\n<p class=\"has-very-light-gray-color has-vivid-cyan-blue-background-color has-text-color has-background wp-block-paragraph\"> Twitter: @AdhilacInfo <\/p>\n\n\n\n<div class=\"wp-block-image is-style-default\"><figure class=\"aligncenter size-large\"><img loading=\"lazy\" decoding=\"async\" width=\"85\" height=\"85\" src=\"https:\/\/adhilac.com.ar\/wp-content\/uploads\/2015\/02\/Logo-ADHILAC-Internacional-PEQ.jpg\" alt=\"\" class=\"wp-image-10473\"\/><\/figure><\/div>\n\n\n\n<p class=\"wp-block-paragraph\">Ver <a href=\"https:\/\/adhilac.com.ar\/?page_id=541\">Presentaci\u00f3n de ADHILAC<\/a><\/p>\n\n\n\n<div style=\"height:39px\" aria-hidden=\"true\" class=\"wp-block-spacer\"><\/div>\n\n\n\n<div class=\"wp-block-group\"><div class=\"wp-block-group__inner-container is-layout-flow wp-block-group-is-layout-flow\">\n<p class=\"has-text-align-center has-very-light-gray-color has-vivid-cyan-blue-background-color has-text-color has-background wp-block-paragraph\"><strong><a href=\"https:\/\/adhilac.com.ar\/?page_id=541\">QUIENES SOMOS<\/a><\/strong><\/p>\n\n\n\n<p class=\"has-text-align-center has-vivid-cyan-blue-color has-very-light-gray-background-color has-text-color has-background wp-block-paragraph\"><strong><a href=\"https:\/\/adhilac.com.ar\/?page_id=15507\">DIRECTIVA DE ADHILAC INTERNACIONAL<\/a><\/strong><\/p>\n\n\n\n<p class=\"has-text-align-center has-very-light-gray-color has-vivid-cyan-blue-background-color has-text-color has-background wp-block-paragraph\"><strong><a href=\"https:\/\/adhilac.com.ar\/?page_id=267\">Declaraci\u00f3n de Caracas de ADHILAC (2007)<\/a><\/strong><\/p>\n\n\n\n<p class=\"has-text-align-center has-vivid-cyan-blue-color has-very-light-gray-background-color has-text-color has-background wp-block-paragraph\"><strong><a href=\"https:\/\/adhilac.com.ar\/?page_id=15873\">ADHILAC: Historia &#8211; Historidorxs<\/a><\/strong><\/p>\n\n\n\n<p class=\"has-text-align-center has-very-light-gray-color has-vivid-cyan-blue-background-color has-text-color has-background wp-block-paragraph\"><strong><a href=\"https:\/\/adhilac.com.ar\/?page_id=15876\">ADHILAC 20 a\u00f1os despu\u00e9s (1974-1994)<\/a> <\/strong><\/p>\n\n\n\n<p class=\"has-text-align-center has-vivid-cyan-blue-color has-very-light-gray-background-color has-text-color has-background wp-block-paragraph\"><strong><a href=\"https:\/\/adhilac.com.ar\/?page_id=15861\">ADHILAC Breve Historia<\/a> <\/strong><\/p>\n\n\n\n<p class=\"has-text-align-center has-very-light-gray-color has-vivid-cyan-blue-background-color has-text-color has-background wp-block-paragraph\"><strong><a href=\"https:\/\/adhilac.com.ar\/?page_id=15887\">ADHILAC: Miembrxs fundadores<\/a><\/strong><\/p>\n\n\n\n<p class=\"has-text-align-center has-vivid-cyan-blue-color has-very-light-gray-background-color has-text-color has-background wp-block-paragraph\"><strong><a href=\"https:\/\/adhilac.com.ar\/?page_id=15943\">ADHILAC: Historiadorxs Destacadxs<\/a><\/strong><\/p>\n\n\n\n<p class=\"has-text-align-center has-very-light-gray-color has-vivid-cyan-blue-background-color has-text-color has-background wp-block-paragraph\"><strong><a href=\"https:\/\/adhilac.com.ar\/?page_id=4779\">SOCIXS<\/a><\/strong><\/p>\n\n\n\n<p class=\"has-text-align-center has-vivid-cyan-blue-color has-very-light-gray-background-color has-text-color has-background wp-block-paragraph\"><strong><a href=\"https:\/\/adhilac.com.ar\/?page_id=263\">Estatutos de ADHILAC<\/a><\/strong><\/p>\n\n\n\n<p class=\"has-text-align-center has-very-light-gray-color has-vivid-cyan-blue-background-color has-text-color has-background wp-block-paragraph\"><strong><a href=\"https:\/\/adhilac.com.ar\/?page_id=8220\">BICENTENARIO<\/a><\/strong><\/p>\n\n\n\n<p class=\"has-text-align-center has-vivid-cyan-blue-color has-very-light-gray-background-color has-text-color has-background wp-block-paragraph\"><strong><a href=\"https:\/\/adhilac.com.ar\/?page_id=8279\">BIBLIOTECA<\/a><\/strong><\/p>\n\n\n\n<p class=\"has-text-align-center has-very-light-gray-color has-vivid-cyan-blue-background-color has-text-color has-background wp-block-paragraph\"><strong><a href=\"https:\/\/adhilac.com.ar\/?page_id=1698\">ENLACES<\/a> <\/strong><\/p>\n\n\n\n<p class=\"has-text-align-center has-vivid-cyan-blue-color has-very-light-gray-background-color has-text-color has-background wp-block-paragraph\"><a href=\"http:\/\/www.ariadnatucma.com.ar\">VISITE ARIADNA TUCMA REVISTA LATINOAMERICANA<\/a><\/p>\n<\/div><\/div>\n","protected":false},"excerpt":{"rendered":"<p>Sergio Guerra Vilaboy El general Pancho Villa (1878-1923) fue el protagonista de la \u00fanica invasi\u00f3n militar latinoamericana contra Estados Unidos, realizada durante la Revoluci\u00f3n Mexicana.<\/p>\n","protected":false},"author":17,"featured_media":0,"comment_status":"closed","ping_status":"closed","sticky":false,"template":"","format":"standard","meta":{"_crdt_document":"","footnotes":""},"categories":[15],"tags":[1247,20],"class_list":["post-17728","post","type-post","status-publish","format-standard","hentry","category-historia","tag-pancho-villa","tag-revolucion-mexicana"],"_links":{"self":[{"href":"https:\/\/adhilac.com.ar\/index.php?rest_route=\/wp\/v2\/posts\/17728","targetHints":{"allow":["GET"]}}],"collection":[{"href":"https:\/\/adhilac.com.ar\/index.php?rest_route=\/wp\/v2\/posts"}],"about":[{"href":"https:\/\/adhilac.com.ar\/index.php?rest_route=\/wp\/v2\/types\/post"}],"author":[{"embeddable":true,"href":"https:\/\/adhilac.com.ar\/index.php?rest_route=\/wp\/v2\/users\/17"}],"replies":[{"embeddable":true,"href":"https:\/\/adhilac.com.ar\/index.php?rest_route=%2Fwp%2Fv2%2Fcomments&post=17728"}],"version-history":[{"count":1,"href":"https:\/\/adhilac.com.ar\/index.php?rest_route=\/wp\/v2\/posts\/17728\/revisions"}],"predecessor-version":[{"id":17730,"href":"https:\/\/adhilac.com.ar\/index.php?rest_route=\/wp\/v2\/posts\/17728\/revisions\/17730"}],"wp:attachment":[{"href":"https:\/\/adhilac.com.ar\/index.php?rest_route=%2Fwp%2Fv2%2Fmedia&parent=17728"}],"wp:term":[{"taxonomy":"category","embeddable":true,"href":"https:\/\/adhilac.com.ar\/index.php?rest_route=%2Fwp%2Fv2%2Fcategories&post=17728"},{"taxonomy":"post_tag","embeddable":true,"href":"https:\/\/adhilac.com.ar\/index.php?rest_route=%2Fwp%2Fv2%2Ftags&post=17728"}],"curies":[{"name":"wp","href":"https:\/\/api.w.org\/{rel}","templated":true}]}}