{"id":17731,"date":"2021-04-02T14:34:00","date_gmt":"2021-04-02T17:34:00","guid":{"rendered":"https:\/\/adhilac.com.ar\/?p=17731"},"modified":"2021-04-21T18:04:01","modified_gmt":"2021-04-21T21:04:01","slug":"ruptura-de-miranda-con-espana","status":"publish","type":"post","link":"https:\/\/adhilac.com.ar\/?p=17731","title":{"rendered":"Ruptura de Miranda con Espa\u00f1a"},"content":{"rendered":"\n<p class=\"wp-block-paragraph\">Sergio Guerra Vilaboy<\/p>\n\n\n\n<div class=\"wp-block-image is-style-default\"><figure class=\"aligncenter size-large is-resized\"><img loading=\"lazy\" decoding=\"async\" src=\"https:\/\/adhilac.com.ar\/wp-content\/uploads\/2021\/04\/Miranda-Ruptura-800x480.jpeg\" alt=\"\" class=\"wp-image-17732\" width=\"437\" height=\"262\" srcset=\"https:\/\/adhilac.com.ar\/wp-content\/uploads\/2021\/04\/Miranda-Ruptura-800x480.jpeg 800w, https:\/\/adhilac.com.ar\/wp-content\/uploads\/2021\/04\/Miranda-Ruptura-300x180.jpeg 300w, https:\/\/adhilac.com.ar\/wp-content\/uploads\/2021\/04\/Miranda-Ruptura-768x461.jpeg 768w, https:\/\/adhilac.com.ar\/wp-content\/uploads\/2021\/04\/Miranda-Ruptura.jpeg 1000w\" sizes=\"auto, (max-width: 437px) 100vw, 437px\" \/><\/figure><\/div>\n\n\n\n<p class=\"wp-block-paragraph\">La vida de Francisco de Miranda dio un vuelco decisivo en Cuba, donde, de manera intermitente, vivi\u00f3 tres a\u00f1os, de 1780 a 1783. El que ser\u00eda llamado<em> Precursor <\/em>de la independencia hispanoamericana lleg\u00f3 a La Habana en agosto de 1780, como oficial del regimiento de Arag\u00f3n del <em>Ej\u00e9rcito de operaciones de Am\u00e9rica. <\/em>Esta fuerza militar espa\u00f1ola deb\u00eda combatir contra Gran Breta\u00f1a, en alianza con Francia, en la guerra de independencia de las trece colonias inglesas de Norteam\u00e9rica.<\/p>\n\n\n\n<!--more-->\n\n\n\n<p class=\"wp-block-paragraph\">A los ocho meses, Miranda parti\u00f3 de la capital cubana con las tropas comandadas por su amigo, el teniente general Juan Manuel de Cajigal, a reforzar las fuerzas hispanas en La Florida, donde se destac\u00f3 en la toma de la fortaleza inglesa de Pensacola. A su regreso a La Habana, en julio de 1781, fue ascendido a teniente coronel y designado edec\u00e1n del mariscal Cajigal, nombrado nuevo capit\u00e1n general de Cuba.<\/p>\n\n\n\n<p class=\"wp-block-paragraph\">Por su dominio del ingl\u00e9s, el venezolano fue enviado despu\u00e9s a la vecina posesi\u00f3n brit\u00e1nica de Jamaica, para gestionar la liberaci\u00f3n de m\u00e1s de 700 prisioneros espa\u00f1oles, lo que consigui\u00f3. Para poder trasladar un primer grupo a Cuba, tuvo que negociar con el comerciante brit\u00e1nico Philip Allwood, quien le facilit\u00f3 tres embarcaciones, a cambio de una autorizaci\u00f3n para introducir mercanc\u00edas sin impuestos en la Mayor de las Antillas. Pero las carretas que trasladaban el cargamento de Bataban\u00f3 a La Habana fueron incautadas por el intendente espa\u00f1ol Juan Ignacio de Urriza, quien a rega\u00f1adientes debi\u00f3 devolverlas, pues estaban autorizadas por el propio capit\u00e1n general.<\/p>\n\n\n\n<p class=\"wp-block-paragraph\">El incidente sirvi\u00f3 para nutrir el listado de cargos que se iba levantando a Miranda por sus enemigos, entre ellos el poderoso ministro de Indias Jos\u00e9 de G\u00e1lvez. Otro fue el de colaboraci\u00f3n con el adversario, basado en su supuesta visita al reci\u00e9n terminado Castillo del Pr\u00edncipe con el general ingl\u00e9s John Campbell, recluido en La Habana tras su derrota en Pensacola. La Inquisici\u00f3n ya le ten\u00eda abierta una causa desde 1776 para encarcelarlo y confiscar sus libros prohibidos. A pesar de la orden de detenci\u00f3n, Cajigal lo envi\u00f3 en la expedici\u00f3n militar que se apoder\u00f3 de las islas Bahamas, en la primavera de 1782, encarg\u00e1ndose de negociar y redactar el acta de capitulaci\u00f3n de los ingleses en Nassau.<\/p>\n\n\n\n<p class=\"wp-block-paragraph\">Terminada esta exitosa misi\u00f3n, viaj\u00f3 a Cabo Franc\u00e9s (Saint Domingue), donde tuvo problemas con el general Bernardo de G\u00e1lvez, jefe de las fuerzas hispanas en el Caribe y sobrino del ministro de Indias, por no haber mencionado su nombre en los acuerdos de Bahamas, ni en su rese\u00f1a de esa campa\u00f1a militar en un peri\u00f3dico local. Arrestado por orden de este jefe militar, fue remitido a La Habana en septiembre de 1792, donde Cajigal lo liber\u00f3 enseguida y reasumi\u00f3 sus funciones de edec\u00e1n, contraviniendo la terminante orden real.<\/p>\n\n\n\n<p class=\"wp-block-paragraph\">Pero esa situaci\u00f3n ya no durar\u00eda mucho tiempo. A principios de 1783, terminada la guerra con Inglaterra, el capit\u00e1n general fue sustituido en su cargo y sometido al habitual juicio de residencia, lo que dej\u00f3 desprotegido a Miranda, que pronto deber\u00eda regresar a Espa\u00f1a con su regimiento. Avisado de una nueva orden de arresto, llegada a La Habana el 13 de abril de ese a\u00f1o, el venezolano decidi\u00f3 desertar y esconderse en la villa portuaria de Matanzas, comunic\u00e1ndole a Cajigal su decisi\u00f3n de marchar a Europa, v\u00eda Estados Unidos, en espera de un salvoconducto para defenderse en Madrid con imparcialidad.<\/p>\n\n\n\n<p class=\"wp-block-paragraph\">En la ma\u00f1ana del 1 de junio de 1783, en la balandra norteamericana <em>Prudent<\/em><strong>,<\/strong> Miranda dej\u00f3 a Cuba para siempre, cerrando un cap\u00edtulo decisivo en su vida, como cuenta el historiador Wilfredo Padr\u00f3n en<em> Cuba en la vida y obra de Francisco de Miranda <\/em>(2011). Bajo la presi\u00f3n de las autoridades metropolitanas y la Inquisici\u00f3n, que no hab\u00edan dejado de perseguirlo, e influido por la independencia de Estados Unidos y las ideas de la ilustraci\u00f3n, Miranda dar\u00eda entonces un giro trascendental en su vida para consagrarla a la lucha por la emancipaci\u00f3n de Colombia, como denominar\u00eda a Hispanoam\u00e9rica.<\/p>\n\n\n\n<p class=\"wp-block-paragraph\">Fuente: www.informefracto.com &#8211; 1 de abril de 2021<\/p>\n\n\n\n<div style=\"height:40px\" aria-hidden=\"true\" class=\"wp-block-spacer\"><\/div>\n\n\n\n<p class=\"has-very-light-gray-color has-vivid-cyan-blue-background-color has-text-color has-background wp-block-paragraph\"><strong>Publicado por ADHILAC Internacional \u00a9 www.adhilac.com.ar<\/strong><\/p>\n\n\n\n<p class=\"has-vivid-cyan-blue-color has-very-light-gray-background-color has-text-color has-background wp-block-paragraph\"> Si Ud. desea asociarse de acuerdo a los Estatutos de ADHILAC&nbsp;<a href=\"https:\/\/adhilac.com.ar\/?page_id=263\">(ver)<\/a> complete el siguiente formulario&nbsp;(<a href=\"https:\/\/adhilac.com.ar\/?page_id=4779\">ver<\/a>)<\/p>\n\n\n\n<p class=\"has-very-light-gray-color has-vivid-cyan-blue-background-color has-text-color has-background wp-block-paragraph\"> E-mail:&nbsp;info@adhilac.com.ar <\/p>\n\n\n\n<p class=\"has-very-light-gray-color has-vivid-cyan-blue-background-color has-text-color has-background wp-block-paragraph\"> Twitter: @AdhilacInfo <\/p>\n\n\n\n<div class=\"wp-block-image is-style-default\"><figure class=\"aligncenter size-large\"><img loading=\"lazy\" decoding=\"async\" width=\"85\" height=\"85\" src=\"https:\/\/adhilac.com.ar\/wp-content\/uploads\/2015\/02\/Logo-ADHILAC-Internacional-PEQ.jpg\" alt=\"\" class=\"wp-image-10473\"\/><\/figure><\/div>\n\n\n\n<p class=\"wp-block-paragraph\">Ver <a href=\"https:\/\/adhilac.com.ar\/?page_id=541\">Presentaci\u00f3n de ADHILAC<\/a><\/p>\n\n\n\n<div style=\"height:41px\" aria-hidden=\"true\" class=\"wp-block-spacer\"><\/div>\n\n\n\n<div class=\"wp-block-group\"><div class=\"wp-block-group__inner-container is-layout-flow wp-block-group-is-layout-flow\">\n<p class=\"has-text-align-center has-very-light-gray-color has-vivid-cyan-blue-background-color has-text-color has-background wp-block-paragraph\"><strong><a href=\"https:\/\/adhilac.com.ar\/?page_id=541\">QUIENES SOMOS<\/a><\/strong><\/p>\n\n\n\n<p class=\"has-text-align-center has-vivid-cyan-blue-color has-very-light-gray-background-color has-text-color has-background wp-block-paragraph\"><strong><a href=\"https:\/\/adhilac.com.ar\/?page_id=15507\">DIRECTIVA DE ADHILAC INTERNACIONAL<\/a><\/strong><\/p>\n\n\n\n<p class=\"has-text-align-center has-very-light-gray-color has-vivid-cyan-blue-background-color has-text-color has-background wp-block-paragraph\"><strong><a href=\"https:\/\/adhilac.com.ar\/?page_id=267\">Declaraci\u00f3n de Caracas de ADHILAC (2007)<\/a><\/strong><\/p>\n\n\n\n<p class=\"has-text-align-center has-vivid-cyan-blue-color has-very-light-gray-background-color has-text-color has-background wp-block-paragraph\"><strong><a href=\"https:\/\/adhilac.com.ar\/?page_id=15873\">ADHILAC: Historia &#8211; Historidorxs<\/a><\/strong><\/p>\n\n\n\n<p class=\"has-text-align-center has-very-light-gray-color has-vivid-cyan-blue-background-color has-text-color has-background wp-block-paragraph\"><strong><a href=\"https:\/\/adhilac.com.ar\/?page_id=15876\">ADHILAC 20 a\u00f1os despu\u00e9s (1974-1994)<\/a> <\/strong><\/p>\n\n\n\n<p class=\"has-text-align-center has-vivid-cyan-blue-color has-very-light-gray-background-color has-text-color has-background wp-block-paragraph\"><strong><a href=\"https:\/\/adhilac.com.ar\/?page_id=15861\">ADHILAC Breve Historia<\/a> <\/strong><\/p>\n\n\n\n<p class=\"has-text-align-center has-very-light-gray-color has-vivid-cyan-blue-background-color has-text-color has-background wp-block-paragraph\"><strong><a href=\"https:\/\/adhilac.com.ar\/?page_id=15887\">ADHILAC: Miembrxs fundadores<\/a><\/strong><\/p>\n\n\n\n<p class=\"has-text-align-center has-vivid-cyan-blue-color has-very-light-gray-background-color has-text-color has-background wp-block-paragraph\"><strong><a href=\"https:\/\/adhilac.com.ar\/?page_id=15943\">ADHILAC: Historiadorxs Destacadxs<\/a><\/strong><\/p>\n\n\n\n<p class=\"has-text-align-center has-very-light-gray-color has-vivid-cyan-blue-background-color has-text-color has-background wp-block-paragraph\"><strong><a href=\"https:\/\/adhilac.com.ar\/?page_id=4779\">SOCIXS<\/a><\/strong><\/p>\n\n\n\n<p class=\"has-text-align-center has-vivid-cyan-blue-color has-very-light-gray-background-color has-text-color has-background wp-block-paragraph\"><strong><a href=\"https:\/\/adhilac.com.ar\/?page_id=263\">Estatutos de ADHILAC<\/a><\/strong><\/p>\n\n\n\n<p class=\"has-text-align-center has-very-light-gray-color has-vivid-cyan-blue-background-color has-text-color has-background wp-block-paragraph\"><strong><a href=\"https:\/\/adhilac.com.ar\/?page_id=8220\">BICENTENARIO<\/a><\/strong><\/p>\n\n\n\n<p class=\"has-text-align-center has-vivid-cyan-blue-color has-very-light-gray-background-color has-text-color has-background wp-block-paragraph\"><strong><a href=\"https:\/\/adhilac.com.ar\/?page_id=8279\">BIBLIOTECA<\/a><\/strong><\/p>\n\n\n\n<p class=\"has-text-align-center has-very-light-gray-color has-vivid-cyan-blue-background-color has-text-color has-background wp-block-paragraph\"><strong><a href=\"https:\/\/adhilac.com.ar\/?page_id=1698\">ENLACES<\/a> <\/strong><\/p>\n\n\n\n<p class=\"has-text-align-center has-vivid-cyan-blue-color has-very-light-gray-background-color has-text-color has-background wp-block-paragraph\"><a href=\"http:\/\/www.ariadnatucma.com.ar\">VISITE ARIADNA TUCMA REVISTA LATINOAMERICANA<\/a><\/p>\n<\/div><\/div>\n","protected":false},"excerpt":{"rendered":"<p>Sergio Guerra Vilaboy La vida de Francisco de Miranda dio un vuelco decisivo en Cuba, donde, de manera intermitente, vivi\u00f3 tres a\u00f1os, de 1780 a 1783. El que ser\u00eda llamado Precursor de la independencia hispanoamericana lleg\u00f3 a La Habana en agosto de 1780, como oficial del regimiento de Arag\u00f3n del Ej\u00e9rcito de operaciones de Am\u00e9rica. [&hellip;]<\/p>\n","protected":false},"author":17,"featured_media":0,"comment_status":"closed","ping_status":"closed","sticky":false,"template":"","format":"standard","meta":{"_crdt_document":"","footnotes":""},"categories":[15],"tags":[68,49],"class_list":["post-17731","post","type-post","status-publish","format-standard","hentry","category-historia","tag-francisco-de-miranda","tag-independencia"],"_links":{"self":[{"href":"https:\/\/adhilac.com.ar\/index.php?rest_route=\/wp\/v2\/posts\/17731","targetHints":{"allow":["GET"]}}],"collection":[{"href":"https:\/\/adhilac.com.ar\/index.php?rest_route=\/wp\/v2\/posts"}],"about":[{"href":"https:\/\/adhilac.com.ar\/index.php?rest_route=\/wp\/v2\/types\/post"}],"author":[{"embeddable":true,"href":"https:\/\/adhilac.com.ar\/index.php?rest_route=\/wp\/v2\/users\/17"}],"replies":[{"embeddable":true,"href":"https:\/\/adhilac.com.ar\/index.php?rest_route=%2Fwp%2Fv2%2Fcomments&post=17731"}],"version-history":[{"count":2,"href":"https:\/\/adhilac.com.ar\/index.php?rest_route=\/wp\/v2\/posts\/17731\/revisions"}],"predecessor-version":[{"id":17734,"href":"https:\/\/adhilac.com.ar\/index.php?rest_route=\/wp\/v2\/posts\/17731\/revisions\/17734"}],"wp:attachment":[{"href":"https:\/\/adhilac.com.ar\/index.php?rest_route=%2Fwp%2Fv2%2Fmedia&parent=17731"}],"wp:term":[{"taxonomy":"category","embeddable":true,"href":"https:\/\/adhilac.com.ar\/index.php?rest_route=%2Fwp%2Fv2%2Fcategories&post=17731"},{"taxonomy":"post_tag","embeddable":true,"href":"https:\/\/adhilac.com.ar\/index.php?rest_route=%2Fwp%2Fv2%2Ftags&post=17731"}],"curies":[{"name":"wp","href":"https:\/\/api.w.org\/{rel}","templated":true}]}}