{"id":17742,"date":"2021-04-02T17:34:00","date_gmt":"2021-04-02T20:34:00","guid":{"rendered":"https:\/\/adhilac.com.ar\/?p=17742"},"modified":"2021-04-21T18:04:19","modified_gmt":"2021-04-21T21:04:19","slug":"el-bogotazo","status":"publish","type":"post","link":"https:\/\/adhilac.com.ar\/?p=17742","title":{"rendered":"El Bogotazo"},"content":{"rendered":"\n<div class=\"wp-block-image is-style-default\"><figure class=\"aligncenter size-large is-resized\"><img loading=\"lazy\" decoding=\"async\" src=\"https:\/\/adhilac.com.ar\/wp-content\/uploads\/2021\/04\/Bogotazo-800x480.jpeg\" alt=\"\" class=\"wp-image-17744\" width=\"553\" height=\"331\" srcset=\"https:\/\/adhilac.com.ar\/wp-content\/uploads\/2021\/04\/Bogotazo-800x480.jpeg 800w, https:\/\/adhilac.com.ar\/wp-content\/uploads\/2021\/04\/Bogotazo-300x180.jpeg 300w, https:\/\/adhilac.com.ar\/wp-content\/uploads\/2021\/04\/Bogotazo-768x461.jpeg 768w, https:\/\/adhilac.com.ar\/wp-content\/uploads\/2021\/04\/Bogotazo.jpeg 1000w\" sizes=\"auto, (max-width: 553px) 100vw, 553px\" \/><\/figure><\/div>\n\n\n\n<p class=\"wp-block-paragraph\">Por Sergio Guerra Vilaboy <\/p>\n\n\n\n<p class=\"wp-block-paragraph\">Las causas de la espont\u00e1nea sublevaci\u00f3n popular ocurrida el 9 de abril de 1948, conocida como el <em>bogotazo<\/em>, tienen que ver con la derechizaci\u00f3n que viv\u00eda Colombia bajo el gobierno conservador de Mariano Ospina. Presionado por los sectores m\u00e1s intolerantes de la oligarqu\u00eda y Estados Unidos, este mandatario enrareci\u00f3 desde fines de los a\u00f1os cuarenta el ya tenso ambiente pol\u00edtico con persecuciones <em>macartistas<\/em>, una mayor represi\u00f3n en las zonas rurales y la liquidaci\u00f3n de las organizaciones obreras, catalogadas de comunistas y anticristianas.<\/p>\n\n\n\n<!--more-->\n\n\n\n<p class=\"wp-block-paragraph\">La mayor\u00eda liberal en el parlamento, guiada por Jorge Eli\u00e9cer Gait\u00e1n, un l\u00edder carism\u00e1tico comprometido con la defensa de las causas populares, rompi\u00f3 desde junio de 1947 con el gobierno y convoc\u00f3 a la movilizaci\u00f3n nacional contra la espiral de violencia. Gait\u00e1n se ven\u00eda radicalizando despu\u00e9s de las elecciones de mayo de 1946, de lo que era prueba su lenguaje antimperialista y los llamados a la lucha de los trabajadores. En la multitudinaria <em>marcha del silencio<\/em>, el 7 de febrero de 1948, lleg\u00f3 a desafiar al r\u00e9gimen conservador cuando advirti\u00f3 que \u201c<em>un partido que logra esto, muy f\u00e1cilmente podr\u00eda reaccionar bajo el est\u00edmulo de la leg\u00edtima defensa<\/em>\u201d.<\/p>\n\n\n\n<p class=\"wp-block-paragraph\">El auge de la lucha popular, y las consignas revolucionarias agitadas por Gait\u00e1n, alarmaban a las elites, que s\u00f3lo buscaba un incidente para aumentar la represi\u00f3n. Este pretexto fue el <em>bogotazo<\/em>. El 9 de abril de 1948, cuando en Bogot\u00e1 sesionaba la IX Conferencia Panamericana, partera de la Organizaci\u00f3n de Estados Americanos (OEA), Gait\u00e1n fue asesinado en las calles de la capital colombiana por un oscuro fan\u00e1tico conservador nombrado Juan Roa Sierra. El airado pueblo de la ciudad, volcado autom\u00e1ticamente a las calles, ajustici\u00f3 de inmediato al criminal y se lanz\u00f3 al asalto del Palacio Presidencial, pues por instinto responsabiliz\u00f3 al gobierno con lo ocurrido. Ante la frustraci\u00f3n de las ansias renovadoras de la poblaci\u00f3n, que se canalizaban en torno a Gait\u00e1n, se desat\u00f3 entonces una an\u00e1rquica insurrecci\u00f3n urbana (el <em>bogotazo<\/em>), con apoyo de la principal central sindical e incluso de la polic\u00eda, que puso al gobierno al borde del colapso. Entre los que se unieron al levantamiento popular estaba un joven universitario cubano, Fidel Castro, que se encontraba en Bogot\u00e1 para una reuni\u00f3n estudiantil continental en contra de la creaci\u00f3n de la OEA.<\/p>\n\n\n\n<p class=\"wp-block-paragraph\">En algunos sitios, como en Barrancabermeja, se formaron juntas revolucionarias que por varias semanas desafiaron a las autoridades, mientras por todas partes brotaban bandas armadas para vengar a las v\u00edctimas y defenderse de la represi\u00f3n. Para intentar acallar al pueblo, el presidente Ospina, luego de reunirse con la directiva liberal en el virtualmente sitiado Palacio Presidencial, nombr\u00f3 algunos ministros del partido opositor en su gabinete, que hicieron llamados a la calma.<\/p>\n\n\n\n<p class=\"wp-block-paragraph\">El <em>bogotazo<\/em> abre el periodo de la historia de Colombia conocido como <em>\u201cla violencia\u201d,<\/em> que dej\u00f3 un saldo de miles de muertos. Tambi\u00e9n el <em>bogotazo<\/em> facilit\u00f3 los planes de la ultraderecha, pues el presidente Ospina, rompi\u00f3 relaciones con la Uni\u00f3n Sovi\u00e9tica y tras la retirada de los ministros liberales del gabinete (mayo de 1949), clausur\u00f3 el congreso (noviembre), suspendi\u00f3 las garant\u00edas constitucionales y traspas\u00f3 el poder (7 de agosto de 1950), en unos comicios sin oposici\u00f3n, a un correligionario de ideolog\u00eda fascista: Laureano G\u00f3mez, quien regres\u00f3 de la Espa\u00f1a de Franco.<\/p>\n\n\n\n<p class=\"wp-block-paragraph\">Bajo un estado de sitio perpetuo se implant\u00f3 una verdadera dictadura, que sirvi\u00f3 para aplastar, mediante la intimidaci\u00f3n y otros m\u00e9todos brutales -hubo secuestros y asesinatos masivos-, al liberalismo radical y las organizaciones de izquierda, mientras el gobierno establec\u00eda un estado corporativo de partido \u00fanico, calcado del falangismo espa\u00f1ol, mediante una impuesta reforma constitucional.<\/p>\n\n\n\n<p class=\"wp-block-paragraph\">El gobierno fascista de G\u00f3mez subordin\u00f3 totalmente los intereses nacionales a la pol\u00edtica de Estados Unidos, una de cuyas peores expresiones fue el env\u00edo de tropas a la Guerra de Corea, convirtiendo a Colombia en el \u00fanico pa\u00eds latinoamericano que lo hizo. Los perseguidos por la reacci\u00f3n, liberales, socialistas, comunistas y otros sectores, respondieron con huelgas y paros, mientras las zonas rurales se inundaban de guerrillas que combat\u00edan la represi\u00f3n gubernamental, situaci\u00f3n que se prolonga hasta hoy.<\/p>\n\n\n\n<div style=\"height:38px\" aria-hidden=\"true\" class=\"wp-block-spacer\"><\/div>\n\n\n\n<p class=\"wp-block-paragraph\">Fuente: www.informefracto.com &#8211; 1 de abril de 2021<\/p>\n\n\n\n<div style=\"height:42px\" aria-hidden=\"true\" class=\"wp-block-spacer\"><\/div>\n\n\n\n\n\n<div style=\"height:39px\" aria-hidden=\"true\" class=\"wp-block-spacer\"><\/div>\n\n\n\n<div class=\"wp-block-group\"><div class=\"wp-block-group__inner-container is-layout-flow wp-block-group-is-layout-flow\">\n<p class=\"has-text-align-center has-very-light-gray-color has-vivid-cyan-blue-background-color has-text-color has-background wp-block-paragraph\"><strong><a href=\"https:\/\/adhilac.com.ar\/?page_id=541\">QUIENES SOMOS<\/a><\/strong><\/p>\n\n\n\n<p class=\"has-text-align-center has-vivid-cyan-blue-color has-very-light-gray-background-color has-text-color has-background wp-block-paragraph\"><strong><a href=\"https:\/\/adhilac.com.ar\/?page_id=15507\">DIRECTIVA DE ADHILAC INTERNACIONAL<\/a><\/strong><\/p>\n\n\n\n<p class=\"has-text-align-center has-very-light-gray-color has-vivid-cyan-blue-background-color has-text-color has-background wp-block-paragraph\"><strong><a href=\"https:\/\/adhilac.com.ar\/?page_id=267\">Declaraci\u00f3n de Caracas de ADHILAC (2007)<\/a><\/strong><\/p>\n\n\n\n<p class=\"has-text-align-center has-vivid-cyan-blue-color has-very-light-gray-background-color has-text-color has-background wp-block-paragraph\"><strong><a href=\"https:\/\/adhilac.com.ar\/?page_id=15873\">ADHILAC: Historia &#8211; Historidorxs<\/a><\/strong><\/p>\n\n\n\n<p class=\"has-text-align-center has-very-light-gray-color has-vivid-cyan-blue-background-color has-text-color has-background wp-block-paragraph\"><strong><a href=\"https:\/\/adhilac.com.ar\/?page_id=15876\">ADHILAC 20 a\u00f1os despu\u00e9s (1974-1994)<\/a> <\/strong><\/p>\n\n\n\n<p class=\"has-text-align-center has-vivid-cyan-blue-color has-very-light-gray-background-color has-text-color has-background wp-block-paragraph\"><strong><a href=\"https:\/\/adhilac.com.ar\/?page_id=15861\">ADHILAC Breve Historia<\/a> <\/strong><\/p>\n\n\n\n<p class=\"has-text-align-center has-very-light-gray-color has-vivid-cyan-blue-background-color has-text-color has-background wp-block-paragraph\"><strong><a href=\"https:\/\/adhilac.com.ar\/?page_id=15887\">ADHILAC: Miembrxs fundadores<\/a><\/strong><\/p>\n\n\n\n<p class=\"has-text-align-center has-vivid-cyan-blue-color has-very-light-gray-background-color has-text-color has-background wp-block-paragraph\"><strong><a href=\"https:\/\/adhilac.com.ar\/?page_id=15943\">ADHILAC: Historiadorxs Destacadxs<\/a><\/strong><\/p>\n\n\n\n<p class=\"has-text-align-center has-very-light-gray-color has-vivid-cyan-blue-background-color has-text-color has-background wp-block-paragraph\"><strong><a href=\"https:\/\/adhilac.com.ar\/?page_id=4779\">SOCIXS<\/a><\/strong><\/p>\n\n\n\n<p class=\"has-text-align-center has-vivid-cyan-blue-color has-very-light-gray-background-color has-text-color has-background wp-block-paragraph\"><strong><a href=\"https:\/\/adhilac.com.ar\/?page_id=263\">Estatutos de ADHILAC<\/a><\/strong><\/p>\n\n\n\n<p class=\"has-text-align-center has-very-light-gray-color has-vivid-cyan-blue-background-color has-text-color has-background wp-block-paragraph\"><strong><a href=\"https:\/\/adhilac.com.ar\/?page_id=8220\">BICENTENARIO<\/a><\/strong><\/p>\n\n\n\n<p class=\"has-text-align-center has-vivid-cyan-blue-color has-very-light-gray-background-color has-text-color has-background wp-block-paragraph\"><strong><a href=\"https:\/\/adhilac.com.ar\/?page_id=8279\">BIBLIOTECA<\/a><\/strong><\/p>\n\n\n\n<p class=\"has-text-align-center has-very-light-gray-color has-vivid-cyan-blue-background-color has-text-color has-background wp-block-paragraph\"><strong><a href=\"https:\/\/adhilac.com.ar\/?page_id=1698\">ENLACES<\/a> <\/strong><\/p>\n\n\n\n<p class=\"has-text-align-center has-vivid-cyan-blue-color has-very-light-gray-background-color has-text-color has-background wp-block-paragraph\"><a href=\"http:\/\/www.ariadnatucma.com.ar\">VISITE ARIADNA TUCMA REVISTA LATINOAMERICANA<\/a><\/p>\n<\/div><\/div>\n","protected":false},"excerpt":{"rendered":"<p>Por Sergio Guerra Vilaboy Las causas de la espont\u00e1nea sublevaci\u00f3n popular ocurrida el 9 de abril de 1948, conocida como el bogotazo, tienen que ver con la derechizaci\u00f3n que viv\u00eda Colombia bajo el gobierno conservador de Mariano Ospina. Presionado por los sectores m\u00e1s intolerantes de la oligarqu\u00eda y Estados Unidos, este mandatario enrareci\u00f3 desde fines [&hellip;]<\/p>\n","protected":false},"author":17,"featured_media":0,"comment_status":"closed","ping_status":"closed","sticky":false,"template":"","format":"standard","meta":{"_crdt_document":"","footnotes":""},"categories":[15,40],"tags":[1248,26,1249],"class_list":["post-17742","post","type-post","status-publish","format-standard","hentry","category-historia","category-informaciones","tag-bogotazo","tag-colombia","tag-gaitan"],"_links":{"self":[{"href":"https:\/\/adhilac.com.ar\/index.php?rest_route=\/wp\/v2\/posts\/17742","targetHints":{"allow":["GET"]}}],"collection":[{"href":"https:\/\/adhilac.com.ar\/index.php?rest_route=\/wp\/v2\/posts"}],"about":[{"href":"https:\/\/adhilac.com.ar\/index.php?rest_route=\/wp\/v2\/types\/post"}],"author":[{"embeddable":true,"href":"https:\/\/adhilac.com.ar\/index.php?rest_route=\/wp\/v2\/users\/17"}],"replies":[{"embeddable":true,"href":"https:\/\/adhilac.com.ar\/index.php?rest_route=%2Fwp%2Fv2%2Fcomments&post=17742"}],"version-history":[{"count":4,"href":"https:\/\/adhilac.com.ar\/index.php?rest_route=\/wp\/v2\/posts\/17742\/revisions"}],"predecessor-version":[{"id":17747,"href":"https:\/\/adhilac.com.ar\/index.php?rest_route=\/wp\/v2\/posts\/17742\/revisions\/17747"}],"wp:attachment":[{"href":"https:\/\/adhilac.com.ar\/index.php?rest_route=%2Fwp%2Fv2%2Fmedia&parent=17742"}],"wp:term":[{"taxonomy":"category","embeddable":true,"href":"https:\/\/adhilac.com.ar\/index.php?rest_route=%2Fwp%2Fv2%2Fcategories&post=17742"},{"taxonomy":"post_tag","embeddable":true,"href":"https:\/\/adhilac.com.ar\/index.php?rest_route=%2Fwp%2Fv2%2Ftags&post=17742"}],"curies":[{"name":"wp","href":"https:\/\/api.w.org\/{rel}","templated":true}]}}