{"id":17799,"date":"2021-05-22T19:06:00","date_gmt":"2021-05-22T22:06:00","guid":{"rendered":"https:\/\/adhilac.com.ar\/?p=17799"},"modified":"2021-05-30T19:14:10","modified_gmt":"2021-05-30T22:14:10","slug":"la-olvidada-expedicion-a-panama-de-1814","status":"publish","type":"post","link":"https:\/\/adhilac.com.ar\/?p=17799","title":{"rendered":"La olvidada expedici\u00f3n a Panam\u00e1 de 1814"},"content":{"rendered":"\n<div class=\"wp-block-image is-style-default\"><figure class=\"aligncenter size-large is-resized\"><img loading=\"lazy\" decoding=\"async\" src=\"https:\/\/adhilac.com.ar\/wp-content\/uploads\/2021\/05\/La-olvidada-expedicion-a-Panama.jpeg\" alt=\"\" class=\"wp-image-17800\" width=\"358\" height=\"215\" srcset=\"https:\/\/adhilac.com.ar\/wp-content\/uploads\/2021\/05\/La-olvidada-expedicion-a-Panama.jpeg 400w, https:\/\/adhilac.com.ar\/wp-content\/uploads\/2021\/05\/La-olvidada-expedicion-a-Panama-300x180.jpeg 300w\" sizes=\"auto, (max-width: 358px) 100vw, 358px\" \/><\/figure><\/div>\n\n\n\n<p class=\"wp-block-paragraph\">Sergio Guerra Vilaboy<\/p>\n\n\n\n<p class=\"wp-block-paragraph\">En noviembre de este a\u00f1o se conmemora el bicentenario de la independencia de Panam\u00e1 y su incorporaci\u00f3n a la Colombia de Sim\u00f3n Bol\u00edvar. La expedici\u00f3n libertadora enviada a principios de 1814 por la rep\u00fablica de Cartagena de Indias constituye el preludio de su emancipaci\u00f3n de Espa\u00f1a. Olvidada por la historiograf\u00eda tradicional, este episodio es el eje de la documentada investigaci\u00f3n del joven historiador chileno Daniel B\u00e1ez Trujillo para su magister por la Universidad de Los Lagos, en cuyo tribunal acad\u00e9mico particip\u00e9 <em>on line<\/em> el mes pasado, invitado por el doctor Patrick Puigmal.<\/p>\n\n\n\n<!--more-->\n\n\n\n<p class=\"wp-block-paragraph\">Esta desde\u00f1ada invasi\u00f3n patriota fue organizada en Cartagena, principal puerto y basti\u00f3n militar de Nueva Granada, que desde el 11 de noviembre de 1811 era independiente, tanto de Espa\u00f1a como de Bogot\u00e1, gracias al accionar de las milicias de pardos y morenos, como ya contamos en <em>Informe Fracto<\/em>. El 15 de junio de 1812 el congreso de Cartagena hab\u00eda aprobado una constituci\u00f3n igualitarista, c\u00f3nclave descrito por el irritado arzobispo neogranadino Custodio D\u00edaz, desde su refugio en La Habana, donde \u201c<em>todos se hallan mezclados los blancos con los pardos, para alucinar con esta medida de igualdad, una parte del pueblo\u201d<\/em>. Al a\u00f1o siguiente, el propio foro dispuso la confiscaci\u00f3n y reparto de todos \u201c<em>los bienes que correspondieran a los enemigos de la libertad americana.\u201d<\/em><\/p>\n\n\n\n<p class=\"wp-block-paragraph\">Fue precisamente en el Estado Libre de Cartagena de Indias donde encontraron refugio muchos patriotas hispanoamericanos y un enjambre de piratas de Hait\u00ed, Francia, Inglaterra, Estados Unidos y otros pa\u00edses, que obtuvieron patentes de corso de esta rep\u00fablica neogranadina, que tambi\u00e9n proporcion\u00f3 a Bol\u00edvar recursos y hombres para emprender en 1813 su exitosa \u201c<em>campa\u00f1a admirable<\/em>\u201d sobre Venezuela. Esa atrevida postura atrajo a cientos de aventureros y revolucionarios de diferentes latitudes, en especial muchos franceses, impregnados del esp\u00edritu de la revoluci\u00f3n de 1789, como bien lo ilustrara Alejo Carpentier en su fascinante novela <em>El siglo de las luces<\/em> (1962).<\/p>\n\n\n\n<p class=\"wp-block-paragraph\">Algunos eran experimentados oficiales napole\u00f3nicos llamados por Francisco de Miranda para apoyar la I Rep\u00fablica de Venezuela (1811-1812), a quienes inculc\u00f3 su ideario independentista y de unidad hispanoamericana, o colombiana al decir del propio <em>Precursor<\/em>, lo que fue una de las motivaciones del audaz plan para atacar Portobelo. Uno de esos franceses era el oficial de infanter\u00eda Joseph Du Cayla, que en un almuerzo con Miranda hab\u00eda afirmado: \u201c<em>Daremos nuestra sangre por la libertad de Colombia y haremos por Miranda, lo que hicieron La Fayette y Rochambeau por George Washington\u201d<\/em>, que cita B\u00e1ez Trujillo para fundamentar su tesis, titulada <em>Expedici\u00f3n secreta a Panam\u00e1.<\/em> <em>\u00bfUn intento de ejecuci\u00f3n del proyecto mirandino de emancipaci\u00f3n de Hispanoam\u00e9rica? Encabezado por el Comandante Benoit Chass\u00e9riau en enero de 1814<\/em>.<\/p>\n\n\n\n<p class=\"wp-block-paragraph\">Este otro oficial eraveterano de las campa\u00f1as napole\u00f3nicas en Egipto y Hait\u00ed, donde abandon\u00f3 al ej\u00e9rcito, pasando despu\u00e9s de Jamaica a Venezuela. Tras la capitulaci\u00f3n de Miranda en San Mateo, en julio de 1812, Chass\u00e9riau encontr\u00f3 refugio en Cartagena. Bajo el mando de su compatriota Pierre Labatut, combati\u00f3 a la vecina provincia realista de Santa Marta, sostenida con suministros desde Santiago de Cuba y Portobelo. Para cortar la amenaza potencial del cercano puerto paname\u00f1o, Chass\u00e9riau concibi\u00f3 una expedici\u00f3n militar con el concurso del ministro de guerra de Cartagena, el franc\u00e9s Pierre Antoine Leleux, antiguo secretario personal de Miranda, con la autorizaci\u00f3n del presidente Manuel Rodr\u00edguez Torices.<\/p>\n\n\n\n<p class=\"wp-block-paragraph\">La expedici\u00f3n comandada por Chass\u00e9riau la integraron m\u00e1s de cuatrocientos hombres de diferentes or\u00edgenes, muchos de ellos haitianos y franceses, junto con unos pocos hispanoamericanos. Embarcados en seis goletas y un bergant\u00edn, en su mayor\u00eda proporcionados con su tripulaci\u00f3n por los hermanos Laffite desde la Barataria, especie de base pirata cerca de Nueva Orle\u00e1ns, salieron de Cartagena el 2 de enero de 1814. Al frente de la flotilla corsaria figuraba Renato Beluche, ex oficial de Napole\u00f3n, quien una d\u00e9cada despu\u00e9s ser\u00eda designado por Bol\u00edvar para dirigir la escuadra colombiana encargada de liberar a Cuba y Puerto Rico.<\/p>\n\n\n\n<p class=\"wp-block-paragraph\">S\u00f3lo una parte de la flota con bandera de Cartagena pudo desembarcar el 14 de enero en la ensenada de Buenaventura, cerca de la bah\u00eda de Portobelo, donde los realistas, alertados por sus esp\u00edas en la costa neogranadina, los esperaban parapetados en la fortaleza de San Ger\u00f3nimo. Perdido el factor sorpresa, y disminuidos sensiblemente sus efectivos, el ataque fracas\u00f3 y debieron reembarcarse el d\u00eda 17. Tal como le hab\u00eda sucedido a Miranda en Coro, apenas ocho a\u00f1os antes, la invasi\u00f3n no logr\u00f3 su prop\u00f3sito de despertar la rebeli\u00f3n de los paname\u00f1os contra Espa\u00f1a, que s\u00f3lo se producir\u00eda en 1821, aunque sin ninguna relaci\u00f3n con la olvidada expedici\u00f3n del Estado Libre de Cartagena de Indias.<\/p>\n\n\n\n<p class=\"wp-block-paragraph\"><\/p>\n\n\n\n<p class=\"wp-block-paragraph\">Fuente: www.informefracto.com &#8211; 21 de mayo de 2021<\/p>\n\n\n\n<div style=\"height:34px\" aria-hidden=\"true\" class=\"wp-block-spacer\"><\/div>\n\n\n\n<p class=\"has-very-light-gray-color has-vivid-cyan-blue-background-color has-text-color has-background wp-block-paragraph\"><strong>Publicado por ADHILAC Internacional \u00a9 www.adhilac.com.ar<\/strong><\/p>\n\n\n\n<p class=\"has-vivid-cyan-blue-color has-very-light-gray-background-color has-text-color has-background wp-block-paragraph\"> Si Ud. desea asociarse de acuerdo a los Estatutos de ADHILAC&nbsp;<a href=\"https:\/\/adhilac.com.ar\/?page_id=263\">(ver)<\/a> complete el siguiente formulario&nbsp;(<a href=\"https:\/\/adhilac.com.ar\/?page_id=4779\">ver<\/a>)<\/p>\n\n\n\n<p class=\"has-very-light-gray-color has-vivid-cyan-blue-background-color has-text-color has-background wp-block-paragraph\"> E-mail:&nbsp;info@adhilac.com.ar <\/p>\n\n\n\n<p class=\"has-very-light-gray-color has-vivid-cyan-blue-background-color has-text-color has-background wp-block-paragraph\"> Twitter: @AdhilacInfo <\/p>\n\n\n\n<div class=\"wp-block-image is-style-default\"><figure class=\"aligncenter size-large\"><img loading=\"lazy\" decoding=\"async\" width=\"85\" height=\"85\" src=\"https:\/\/adhilac.com.ar\/wp-content\/uploads\/2015\/02\/Logo-ADHILAC-Internacional-PEQ.jpg\" alt=\"\" class=\"wp-image-10473\"\/><\/figure><\/div>\n\n\n\n<p class=\"wp-block-paragraph\">Ver <a href=\"https:\/\/adhilac.com.ar\/?page_id=541\">Presentaci\u00f3n de ADHILAC<\/a><\/p>\n\n\n\n<div style=\"height:40px\" aria-hidden=\"true\" class=\"wp-block-spacer\"><\/div>\n\n\n\n<div class=\"wp-block-group\"><div class=\"wp-block-group__inner-container is-layout-flow wp-block-group-is-layout-flow\">\n<p class=\"has-text-align-center has-very-light-gray-color has-vivid-cyan-blue-background-color has-text-color has-background wp-block-paragraph\"><strong><a href=\"https:\/\/adhilac.com.ar\/?page_id=541\">QUIENES SOMOS<\/a><\/strong><\/p>\n\n\n\n<p class=\"has-text-align-center has-vivid-cyan-blue-color has-very-light-gray-background-color has-text-color has-background wp-block-paragraph\"><strong><a href=\"https:\/\/adhilac.com.ar\/?page_id=15507\">DIRECTIVA DE ADHILAC INTERNACIONAL<\/a><\/strong><\/p>\n\n\n\n<p class=\"has-text-align-center has-very-light-gray-color has-vivid-cyan-blue-background-color has-text-color has-background wp-block-paragraph\"><strong><a href=\"https:\/\/adhilac.com.ar\/?page_id=267\">Declaraci\u00f3n de Caracas de ADHILAC (2007)<\/a><\/strong><\/p>\n\n\n\n<p class=\"has-text-align-center has-vivid-cyan-blue-color has-very-light-gray-background-color has-text-color has-background wp-block-paragraph\"><strong><a href=\"https:\/\/adhilac.com.ar\/?page_id=15873\">ADHILAC: Historia &#8211; Historidorxs<\/a><\/strong><\/p>\n\n\n\n<p class=\"has-text-align-center has-very-light-gray-color has-vivid-cyan-blue-background-color has-text-color has-background wp-block-paragraph\"><strong><a href=\"https:\/\/adhilac.com.ar\/?page_id=15876\">ADHILAC 20 a\u00f1os despu\u00e9s (1974-1994)<\/a> <\/strong><\/p>\n\n\n\n<p class=\"has-text-align-center has-vivid-cyan-blue-color has-very-light-gray-background-color has-text-color has-background wp-block-paragraph\"><strong><a href=\"https:\/\/adhilac.com.ar\/?page_id=15861\">ADHILAC Breve Historia<\/a> <\/strong><\/p>\n\n\n\n<p class=\"has-text-align-center has-very-light-gray-color has-vivid-cyan-blue-background-color has-text-color has-background wp-block-paragraph\"><strong><a href=\"https:\/\/adhilac.com.ar\/?page_id=15887\">ADHILAC: Miembrxs fundadores<\/a><\/strong><\/p>\n\n\n\n<p class=\"has-text-align-center has-vivid-cyan-blue-color has-very-light-gray-background-color has-text-color has-background wp-block-paragraph\"><strong><a href=\"https:\/\/adhilac.com.ar\/?page_id=15943\">ADHILAC: Historiadorxs Destacadxs<\/a><\/strong><\/p>\n\n\n\n<p class=\"has-text-align-center has-very-light-gray-color has-vivid-cyan-blue-background-color has-text-color has-background wp-block-paragraph\"><strong><a href=\"https:\/\/adhilac.com.ar\/?page_id=4779\">SOCIXS<\/a><\/strong><\/p>\n\n\n\n<p class=\"has-text-align-center has-vivid-cyan-blue-color has-very-light-gray-background-color has-text-color has-background wp-block-paragraph\"><strong><a href=\"https:\/\/adhilac.com.ar\/?page_id=263\">Estatutos de ADHILAC<\/a><\/strong><\/p>\n\n\n\n<p class=\"has-text-align-center has-very-light-gray-color has-vivid-cyan-blue-background-color has-text-color has-background wp-block-paragraph\"><strong><a href=\"https:\/\/adhilac.com.ar\/?page_id=8220\">BICENTENARIO<\/a><\/strong><\/p>\n\n\n\n<p class=\"has-text-align-center has-vivid-cyan-blue-color has-very-light-gray-background-color has-text-color has-background wp-block-paragraph\"><strong><a href=\"https:\/\/adhilac.com.ar\/?page_id=8279\">BIBLIOTECA<\/a><\/strong><\/p>\n\n\n\n<p class=\"has-text-align-center has-very-light-gray-color has-vivid-cyan-blue-background-color has-text-color has-background wp-block-paragraph\"><strong><a href=\"https:\/\/adhilac.com.ar\/?page_id=1698\">ENLACES<\/a> <\/strong><\/p>\n\n\n\n<p class=\"has-text-align-center has-vivid-cyan-blue-color has-very-light-gray-background-color has-text-color has-background wp-block-paragraph\"><a href=\"http:\/\/www.ariadnatucma.com.ar\">VISITE ARIADNA TUCMA REVISTA LATINOAMERICANA<\/a><\/p>\n<\/div><\/div>\n","protected":false},"excerpt":{"rendered":"<p>Sergio Guerra Vilaboy En noviembre de este a\u00f1o se conmemora el bicentenario de la independencia de Panam\u00e1 y su incorporaci\u00f3n a la Colombia de Sim\u00f3n Bol\u00edvar. La expedici\u00f3n libertadora enviada a principios de 1814 por la rep\u00fablica de Cartagena de Indias constituye el preludio de su emancipaci\u00f3n de Espa\u00f1a. Olvidada por la historiograf\u00eda tradicional, este [&hellip;]<\/p>\n","protected":false},"author":17,"featured_media":0,"comment_status":"closed","ping_status":"closed","sticky":false,"template":"","format":"standard","meta":{"_crdt_document":"","footnotes":""},"categories":[15],"tags":[497],"class_list":["post-17799","post","type-post","status-publish","format-standard","hentry","category-historia","tag-panama"],"_links":{"self":[{"href":"https:\/\/adhilac.com.ar\/index.php?rest_route=\/wp\/v2\/posts\/17799","targetHints":{"allow":["GET"]}}],"collection":[{"href":"https:\/\/adhilac.com.ar\/index.php?rest_route=\/wp\/v2\/posts"}],"about":[{"href":"https:\/\/adhilac.com.ar\/index.php?rest_route=\/wp\/v2\/types\/post"}],"author":[{"embeddable":true,"href":"https:\/\/adhilac.com.ar\/index.php?rest_route=\/wp\/v2\/users\/17"}],"replies":[{"embeddable":true,"href":"https:\/\/adhilac.com.ar\/index.php?rest_route=%2Fwp%2Fv2%2Fcomments&post=17799"}],"version-history":[{"count":1,"href":"https:\/\/adhilac.com.ar\/index.php?rest_route=\/wp\/v2\/posts\/17799\/revisions"}],"predecessor-version":[{"id":17801,"href":"https:\/\/adhilac.com.ar\/index.php?rest_route=\/wp\/v2\/posts\/17799\/revisions\/17801"}],"wp:attachment":[{"href":"https:\/\/adhilac.com.ar\/index.php?rest_route=%2Fwp%2Fv2%2Fmedia&parent=17799"}],"wp:term":[{"taxonomy":"category","embeddable":true,"href":"https:\/\/adhilac.com.ar\/index.php?rest_route=%2Fwp%2Fv2%2Fcategories&post=17799"},{"taxonomy":"post_tag","embeddable":true,"href":"https:\/\/adhilac.com.ar\/index.php?rest_route=%2Fwp%2Fv2%2Ftags&post=17799"}],"curies":[{"name":"wp","href":"https:\/\/api.w.org\/{rel}","templated":true}]}}