{"id":17805,"date":"2021-05-29T19:14:00","date_gmt":"2021-05-29T22:14:00","guid":{"rendered":"https:\/\/adhilac.com.ar\/?p=17805"},"modified":"2021-05-30T19:17:39","modified_gmt":"2021-05-30T22:17:39","slug":"bolivar-y-santander","status":"publish","type":"post","link":"https:\/\/adhilac.com.ar\/?p=17805","title":{"rendered":"Bol\u00edvar y Santander"},"content":{"rendered":"\n<div class=\"wp-block-image is-style-default\"><figure class=\"aligncenter size-large is-resized\"><img loading=\"lazy\" decoding=\"async\" src=\"https:\/\/adhilac.com.ar\/wp-content\/uploads\/2021\/05\/Bolivar-y-Santander.jpeg\" alt=\"\" class=\"wp-image-17806\" width=\"340\" height=\"204\" srcset=\"https:\/\/adhilac.com.ar\/wp-content\/uploads\/2021\/05\/Bolivar-y-Santander.jpeg 400w, https:\/\/adhilac.com.ar\/wp-content\/uploads\/2021\/05\/Bolivar-y-Santander-300x180.jpeg 300w\" sizes=\"auto, (max-width: 340px) 100vw, 340px\" \/><\/figure><\/div>\n\n\n\n<p class=\"wp-block-paragraph\">Sergio Guerra Vilaboy<\/p>\n\n\n\n<p class=\"wp-block-paragraph\">Una de las m\u00e1s conocidas rupturas entre dos personalidades de la historia latinoamericana fue la que ocurri\u00f3, en las postrimer\u00edas de la lucha por la independencia, entre Sim\u00f3n Bol\u00edvar y Francisco de Paula Santander. Se hab\u00edan conocido en 1813, tras la ca\u00edda de la I Rep\u00fablica de Venezuela, cuando el futuro <em>Libertador<\/em> tuvo que buscar refugio en Cartagena, el segundo territorio hispanoamericano en proclamar su emancipaci\u00f3n.<\/p>\n\n\n\n<!--more-->\n\n\n\n<p class=\"wp-block-paragraph\">Santander era entonces un oficial neogranadino, amonestado por Bol\u00edvar debido a su falta de arrojo, a quien dej\u00f3 en la retaguardia durante la \u201c<em>campa\u00f1a admirable<\/em>\u201d, que culmin\u00f3 con su entrada triunfal en Caracas. Los caminos de ambos hombres volvieron a encontrarse en 1817, cuando el <em>Libertador<\/em> planeaba invadir Nueva Granada. En esta ocasi\u00f3n, Santander lograr\u00eda recuperar la confianza perdida en 1813, pues con las fuerzas disciplinadas que ten\u00eda en Casanare, facilit\u00f3 el exitoso ascenso de los Andes y la victoria de Boyac\u00e1 (1819). En reconocimiento por su decisiva colaboraci\u00f3n, el <em>Libertador<\/em> lo ascendi\u00f3 a general de divisi\u00f3n y lo design\u00f3 al frente de las provincias liberadas de Nueva Granada, con rango de vicepresidente, poco antes de fundar la Rep\u00fablica de Colombia. El congreso de C\u00facuta en 1821 ratific\u00f3 a ambos en los m\u00e1ximos cargos ejecutivos del nuevo Estado.<\/p>\n\n\n\n<p class=\"wp-block-paragraph\">En los seis a\u00f1os que siguieron a su nombramiento, Santander fue la mano derecha de Bol\u00edvar y el principal destinatario de su correspondencia, a pesar de que el <em>Libertador<\/em> se indign\u00f3 con el vicepresidente por ordenar el fusilamiento de 39 oficiales realistas capturados en Boyac\u00e1 (1819) y se molest\u00f3 por su oposici\u00f3n a las disposiciones antiesclavistas. Tambi\u00e9n el <em>Libertador<\/em> critic\u00f3 la desmedida codicia y la estrecha visi\u00f3n provinciana, de \u201c<em>patria chica<\/em>\u201d, de Santander que se manifest\u00f3 con la invitaci\u00f3n a Estados Unidos al congreso de Panam\u00e1.<\/p>\n\n\n\n<p class=\"wp-block-paragraph\">En octubre de 1821, Bol\u00edvar dej\u00f3 el gobierno en manos de Santander durante cinco a\u00f1os, para consagrarse a la liberaci\u00f3n de Quit\u00f3, Per\u00fa y el Alto Per\u00fa. Desde entonces la relaci\u00f3n entre ambas figuras, como explic\u00f3 Francisco Pividal en larga entrevista por <em>Radio Caracol<\/em>, publicada con el gr\u00e1fico t\u00edtulo de <em>Bol\u00edvar, en vivo y en directo <\/em>(1986), comenz\u00f3 a deteriorarse, sobre todo cuando el <em>Libertador<\/em> perdi\u00f3 sus prerrogativas ejecutivas al dejar el territorio nacional, seg\u00fan lo estipulado por la constituci\u00f3n de C\u00facuta.<\/p>\n\n\n\n<p class=\"wp-block-paragraph\">En sus cartas cruzadas puede apreciarse el choque de intereses que termin\u00f3 por abrir un abismo entre ellos, provocado por las constantes solicitudes de hombres, armas y fondos del <em>Libertador<\/em>, que Santander escatimaba. Cuando todav\u00eda la tirantez apenas se insinuaba, Bol\u00edvar le escrib\u00eda con calculada iron\u00eda: \u201c<em>Hay un buen comercio entre Ud. y yo; Ud. me manda especies y yo le mando esperanzas. En una balanza ordinaria se dir\u00eda que Ud. era m\u00e1s liberal, pero esto es un error. Pensemos un poco lo que Ud. me da y lo que yo le env\u00edo. \u00bfCree Ud. que la paz se puede comprar con sesenta mil pesos? \u00bfCree Ud. que la gloria de la libertad se puede comprar con las minas de Cundinamarca? Pues esta es mi remisi\u00f3n de hoy. Vea Ud. si tengo buen humor.<\/em>\u201d Pero en octubre de 1823 ya le dec\u00eda: <em>\u201cNo hablar\u00e9 a Ud. m\u00e1s de auxilios de tropas porque\u2026 se enfada cuando le piden, y yo no s\u00e9 si ser\u00e1 mejor perder que no pedir\u201d<\/em>.<\/p>\n\n\n\n<p class=\"wp-block-paragraph\">Terminada la contienda, las desavenencias siguieron en ascenso, motivadas por las amenazas a la integridad colombiana derivadas de la desacertada pol\u00edtica centralista de Santander, que oblig\u00f3 al <em>Libertador<\/em> a volver a Bogot\u00e1 en 1826. La postura conciliatoria de Bol\u00edvar con el general Jos\u00e9 Antonio P\u00e1ez, las cr\u00edticas p\u00fablicas a la mala administraci\u00f3n gubernamental, junto a su plan de poner en vigor la constituci\u00f3n boliviana, para evitar la ruptura de Colombia, ahondaron la brecha con Santander e hizo fracasar la convenci\u00f3n de Oca\u00f1a en junio de 1828.<\/p>\n\n\n\n<p class=\"wp-block-paragraph\">El colof\u00f3n fue la velada participaci\u00f3n de Santander en el intento de asesinar al <em>Libertador<\/em> la noche del 25 de septiembre, por el que fue condenado a muerte. Bol\u00edvar conmut\u00f3 la pena y lo desterr\u00f3, a pesar de que s\u00f3lo unos meses antes hab\u00eda escrito al general Carlos Soublette: \u201c<em>Ya no pudiendo soportar m\u00e1s la p\u00e9rfida ingratitud de Santander le he escrito hoy que no me escriba m\u00e1s porque no quiero responderle ni darle el t\u00edtulo de amigo. Sepa usted esto para que lo diga a quien corresponda. Los impresos de Bogot\u00e1 tiran contra m\u00ed, mientras yo mando callar los que tiran contra Santander. \u00a1Ingrato mil veces!<\/em>\u201d<\/p>\n\n\n\n<p class=\"wp-block-paragraph\">Fuente: www.informefracto.com &#8211; 28 de mayo de 2021<\/p>\n\n\n\n<div style=\"height:44px\" aria-hidden=\"true\" class=\"wp-block-spacer\"><\/div>\n\n\n\n<p class=\"has-very-light-gray-color has-vivid-cyan-blue-background-color has-text-color has-background wp-block-paragraph\"><strong>Publicado por ADHILAC Internacional \u00a9 www.adhilac.com.ar<\/strong><\/p>\n\n\n\n<p class=\"has-vivid-cyan-blue-color has-very-light-gray-background-color has-text-color has-background wp-block-paragraph\"> Si Ud. desea asociarse de acuerdo a los Estatutos de ADHILAC&nbsp;<a href=\"https:\/\/adhilac.com.ar\/?page_id=263\">(ver)<\/a> complete el siguiente formulario&nbsp;(<a href=\"https:\/\/adhilac.com.ar\/?page_id=4779\">ver<\/a>)<\/p>\n\n\n\n<p class=\"has-very-light-gray-color has-vivid-cyan-blue-background-color has-text-color has-background wp-block-paragraph\"> E-mail:&nbsp;info@adhilac.com.ar <\/p>\n\n\n\n<p class=\"has-very-light-gray-color has-vivid-cyan-blue-background-color has-text-color has-background wp-block-paragraph\"> Twitter: @AdhilacInfo <\/p>\n\n\n\n<div class=\"wp-block-image is-style-default\"><figure class=\"aligncenter size-large\"><img loading=\"lazy\" decoding=\"async\" width=\"85\" height=\"85\" src=\"https:\/\/adhilac.com.ar\/wp-content\/uploads\/2015\/02\/Logo-ADHILAC-Internacional-PEQ.jpg\" alt=\"\" class=\"wp-image-10473\"\/><\/figure><\/div>\n\n\n\n<p class=\"wp-block-paragraph\">Ver <a href=\"https:\/\/adhilac.com.ar\/?page_id=541\">Presentaci\u00f3n de ADHILAC<\/a><\/p>\n\n\n\n<div style=\"height:49px\" aria-hidden=\"true\" class=\"wp-block-spacer\"><\/div>\n\n\n\n<div class=\"wp-block-group\"><div class=\"wp-block-group__inner-container is-layout-flow wp-block-group-is-layout-flow\">\n<p class=\"has-text-align-center has-very-light-gray-color has-vivid-cyan-blue-background-color has-text-color has-background wp-block-paragraph\"><strong><a href=\"https:\/\/adhilac.com.ar\/?page_id=541\">QUIENES SOMOS<\/a><\/strong><\/p>\n\n\n\n<p class=\"has-text-align-center has-vivid-cyan-blue-color has-very-light-gray-background-color has-text-color has-background wp-block-paragraph\"><strong><a href=\"https:\/\/adhilac.com.ar\/?page_id=15507\">DIRECTIVA DE ADHILAC INTERNACIONAL<\/a><\/strong><\/p>\n\n\n\n<p class=\"has-text-align-center has-very-light-gray-color has-vivid-cyan-blue-background-color has-text-color has-background wp-block-paragraph\"><strong><a href=\"https:\/\/adhilac.com.ar\/?page_id=267\">Declaraci\u00f3n de Caracas de ADHILAC (2007)<\/a><\/strong><\/p>\n\n\n\n<p class=\"has-text-align-center has-vivid-cyan-blue-color has-very-light-gray-background-color has-text-color has-background wp-block-paragraph\"><strong><a href=\"https:\/\/adhilac.com.ar\/?page_id=15873\">ADHILAC: Historia &#8211; Historidorxs<\/a><\/strong><\/p>\n\n\n\n<p class=\"has-text-align-center has-very-light-gray-color has-vivid-cyan-blue-background-color has-text-color has-background wp-block-paragraph\"><strong><a href=\"https:\/\/adhilac.com.ar\/?page_id=15876\">ADHILAC 20 a\u00f1os despu\u00e9s (1974-1994)<\/a> <\/strong><\/p>\n\n\n\n<p class=\"has-text-align-center has-vivid-cyan-blue-color has-very-light-gray-background-color has-text-color has-background wp-block-paragraph\"><strong><a href=\"https:\/\/adhilac.com.ar\/?page_id=15861\">ADHILAC Breve Historia<\/a> <\/strong><\/p>\n\n\n\n<p class=\"has-text-align-center has-very-light-gray-color has-vivid-cyan-blue-background-color has-text-color has-background wp-block-paragraph\"><strong><a href=\"https:\/\/adhilac.com.ar\/?page_id=15887\">ADHILAC: Miembrxs fundadores<\/a><\/strong><\/p>\n\n\n\n<p class=\"has-text-align-center has-vivid-cyan-blue-color has-very-light-gray-background-color has-text-color has-background wp-block-paragraph\"><strong><a href=\"https:\/\/adhilac.com.ar\/?page_id=15943\">ADHILAC: Historiadorxs Destacadxs<\/a><\/strong><\/p>\n\n\n\n<p class=\"has-text-align-center has-very-light-gray-color has-vivid-cyan-blue-background-color has-text-color has-background wp-block-paragraph\"><strong><a href=\"https:\/\/adhilac.com.ar\/?page_id=4779\">SOCIXS<\/a><\/strong><\/p>\n\n\n\n<p class=\"has-text-align-center has-vivid-cyan-blue-color has-very-light-gray-background-color has-text-color has-background wp-block-paragraph\"><strong><a href=\"https:\/\/adhilac.com.ar\/?page_id=263\">Estatutos de ADHILAC<\/a><\/strong><\/p>\n\n\n\n<p class=\"has-text-align-center has-very-light-gray-color has-vivid-cyan-blue-background-color has-text-color has-background wp-block-paragraph\"><strong><a href=\"https:\/\/adhilac.com.ar\/?page_id=8220\">BICENTENARIO<\/a><\/strong><\/p>\n\n\n\n<p class=\"has-text-align-center has-vivid-cyan-blue-color has-very-light-gray-background-color has-text-color has-background wp-block-paragraph\"><strong><a href=\"https:\/\/adhilac.com.ar\/?page_id=8279\">BIBLIOTECA<\/a><\/strong><\/p>\n\n\n\n<p class=\"has-text-align-center has-very-light-gray-color has-vivid-cyan-blue-background-color has-text-color has-background wp-block-paragraph\"><strong><a href=\"https:\/\/adhilac.com.ar\/?page_id=1698\">ENLACES<\/a> <\/strong><\/p>\n\n\n\n<p class=\"has-text-align-center has-vivid-cyan-blue-color has-very-light-gray-background-color has-text-color has-background wp-block-paragraph\"><a href=\"http:\/\/www.ariadnatucma.com.ar\">VISITE ARIADNA TUCMA REVISTA LATINOAMERICANA<\/a><\/p>\n<\/div><\/div>\n","protected":false},"excerpt":{"rendered":"<p>Sergio Guerra Vilaboy Una de las m\u00e1s conocidas rupturas entre dos personalidades de la historia latinoamericana fue la que ocurri\u00f3, en las postrimer\u00edas de la lucha por la independencia, entre Sim\u00f3n Bol\u00edvar y Francisco de Paula Santander. Se hab\u00edan conocido en 1813, tras la ca\u00edda de la I Rep\u00fablica de Venezuela, cuando el futuro Libertador [&hellip;]<\/p>\n","protected":false},"author":17,"featured_media":0,"comment_status":"closed","ping_status":"closed","sticky":false,"template":"","format":"standard","meta":{"_crdt_document":"","footnotes":""},"categories":[15],"tags":[1261,46],"class_list":["post-17805","post","type-post","status-publish","format-standard","hentry","category-historia","tag-santander","tag-simon-bolivar"],"_links":{"self":[{"href":"https:\/\/adhilac.com.ar\/index.php?rest_route=\/wp\/v2\/posts\/17805","targetHints":{"allow":["GET"]}}],"collection":[{"href":"https:\/\/adhilac.com.ar\/index.php?rest_route=\/wp\/v2\/posts"}],"about":[{"href":"https:\/\/adhilac.com.ar\/index.php?rest_route=\/wp\/v2\/types\/post"}],"author":[{"embeddable":true,"href":"https:\/\/adhilac.com.ar\/index.php?rest_route=\/wp\/v2\/users\/17"}],"replies":[{"embeddable":true,"href":"https:\/\/adhilac.com.ar\/index.php?rest_route=%2Fwp%2Fv2%2Fcomments&post=17805"}],"version-history":[{"count":1,"href":"https:\/\/adhilac.com.ar\/index.php?rest_route=\/wp\/v2\/posts\/17805\/revisions"}],"predecessor-version":[{"id":17807,"href":"https:\/\/adhilac.com.ar\/index.php?rest_route=\/wp\/v2\/posts\/17805\/revisions\/17807"}],"wp:attachment":[{"href":"https:\/\/adhilac.com.ar\/index.php?rest_route=%2Fwp%2Fv2%2Fmedia&parent=17805"}],"wp:term":[{"taxonomy":"category","embeddable":true,"href":"https:\/\/adhilac.com.ar\/index.php?rest_route=%2Fwp%2Fv2%2Fcategories&post=17805"},{"taxonomy":"post_tag","embeddable":true,"href":"https:\/\/adhilac.com.ar\/index.php?rest_route=%2Fwp%2Fv2%2Ftags&post=17805"}],"curies":[{"name":"wp","href":"https:\/\/api.w.org\/{rel}","templated":true}]}}