{"id":17808,"date":"2021-06-02T10:58:05","date_gmt":"2021-06-02T13:58:05","guid":{"rendered":"https:\/\/adhilac.com.ar\/?p=17808"},"modified":"2021-06-16T22:29:02","modified_gmt":"2021-06-17T01:29:02","slug":"origen-de-la-lucha-armada-en-guatemala","status":"publish","type":"post","link":"https:\/\/adhilac.com.ar\/?p=17808","title":{"rendered":"Origen de la lucha armada en Guatemala"},"content":{"rendered":"\n<div class=\"wp-block-group alignwide\"><div class=\"wp-block-group__inner-container is-layout-flow wp-block-group-is-layout-flow\">\n<div class=\"wp-block-media-text alignwide is-stacked-on-mobile is-image-fill\" style=\"grid-template-columns:45% auto\"><figure class=\"wp-block-media-text__media\" style=\"background-image:url(https:\/\/adhilac.com.ar\/wp-content\/uploads\/2021\/06\/Guatemala.jpg);background-position:36% 0%\"><img loading=\"lazy\" decoding=\"async\" width=\"388\" height=\"467\" src=\"https:\/\/adhilac.com.ar\/wp-content\/uploads\/2021\/06\/Guatemala.jpg\" alt=\"\" class=\"wp-image-17809 size-full\" srcset=\"https:\/\/adhilac.com.ar\/wp-content\/uploads\/2021\/06\/Guatemala.jpg 388w, https:\/\/adhilac.com.ar\/wp-content\/uploads\/2021\/06\/Guatemala-249x300.jpg 249w\" sizes=\"auto, (max-width: 388px) 100vw, 388px\" \/><\/figure><div class=\"wp-block-media-text__content\">\n<p class=\"has-text-align-right has-normal-font-size wp-block-paragraph\">Sergio Guerra Vilaboy<\/p>\n\n\n\n<p class=\"has-text-align-right wp-block-paragraph\"> El \u00e9xito de la operaci\u00f3n PBSUCCESS, orquestada en 1954 por la Agencia Central de Inteligencia (CIA) de Estados Unidos contra la Revoluci\u00f3n Guatemalteca (1944-1954), permiti\u00f3 entronizar la dictadura del coronel Carlos Castillo Armas, quien hab\u00eda dirigido el ej\u00e9rcito <em>\u201cliberacionista<\/em>\u201d. A este personaje correspondi\u00f3 desmontar las avanzadas transformaciones democr\u00e1ticas y socio-econ\u00f3micas, entre ellas la reforma agraria. <\/p>\n<\/div><\/div>\n<\/div><\/div>\n\n\n\n<!--more-->\n\n\n\n<p class=\"wp-block-paragraph\">El reacomodo de las clases dominantes gener\u00f3 nuevas luchas por el poder, que llevaron en 1957 al asesinato de Castillo Armas por un miembro de su propia escolta, episodio que involucr\u00f3 al dictador dominicano Rafael Le\u00f3nidas Trujillo, seg\u00fan asevera Tony Raful en <em>La rapsodia del crimen. Trujillo vs Castillo Armas<\/em> (2017). Su inesperada muerte despej\u00f3 el camino a la presidencia del viejo general olig\u00e1rquico Miguel Yd\u00edgoras Fuentes, tras un ama\u00f1ado proceso electoral.<\/p>\n\n\n\n<div class=\"wp-block-image is-style-default\"><figure class=\"aligncenter is-resized\"><img loading=\"lazy\" decoding=\"async\" src=\"https:\/\/informefracto.com\/wp-content\/uploads\/2021\/06\/Madre-Am\u00e9rica-Guatemala-2.jpeg\" alt=\"\" class=\"wp-image-42894\" width=\"484\" height=\"290\"\/><\/figure><\/div>\n\n\n\n<p class=\"wp-block-paragraph\">El nuevo mandatario no tuvo un lecho de rosas, pues le toc\u00f3 el convulso escenario signado por el triunfo de la Revoluci\u00f3n Cubana, que estimul\u00f3 la rebeld\u00eda popular. A ello tambi\u00e9n contribuy\u00f3 la manifiesta hostilidad de Yd\u00edgoras hacia Cuba: fue uno de los primeros gobernantes latinoamericanos que, siguiendo instrucciones de Washington, rompi\u00f3 relaciones diplom\u00e1ticas con la isla (1960) y prest\u00f3 su territorio para la preparaci\u00f3n de una invasi\u00f3n contrarrevolucionaria que pretend\u00eda replicar la de Castillo Armas seis a\u00f1os atr\u00e1s.<\/p>\n\n\n\n<p class=\"wp-block-paragraph\">En medio de un profundo deterioro econ\u00f3mico, Guatemala fue sacudida por una serie de atentados y protestas callejeras. En ese ambiente, el 16 de julio de 1960, oficiales de baja graduaci\u00f3n, trataron de ocupar la base militar de Cob\u00e1n (Alta Verapaz). A este frustrado intento sigui\u00f3, el 13 de noviembre, un gran levantamiento militar liderado por el coronel Rodolfo Sessan Pereira, que involucr\u00f3 a un centenar de oficiales y m\u00e1s de tres mil soldados, descontentos con el alto mando y la presencia de contrarrevolucionarios cubanos armados en el pa\u00eds.<\/p>\n\n\n\n<div class=\"wp-block-image is-style-default\"><figure class=\"aligncenter size-large is-resized\"><img loading=\"lazy\" decoding=\"async\" src=\"https:\/\/adhilac.com.ar\/wp-content\/uploads\/2021\/06\/Guatemala.jpg\" alt=\"\" class=\"wp-image-17809\" width=\"326\" height=\"392\" srcset=\"https:\/\/adhilac.com.ar\/wp-content\/uploads\/2021\/06\/Guatemala.jpg 388w, https:\/\/adhilac.com.ar\/wp-content\/uploads\/2021\/06\/Guatemala-249x300.jpg 249w\" sizes=\"auto, (max-width: 326px) 100vw, 326px\" \/><\/figure><\/div>\n\n\n\n<p class=\"wp-block-paragraph\">Los sublevados ocuparon el cuartel general de la capital y la base militar de Zacapa, pero la revuelta fue sofocada en dos d\u00edas, gracias a Estados Unidos, que puso a disposici\u00f3n del gobierno la fuerza mercenaria cubana que se entrenaba en Retalhuleu, y a la terca negativa de los oficiales rebeldes de entregar armas al pueblo. Una veintena de ellos, encabezados por Luis Augusto Turcios Lima, Marco Antonio Yon Sosa, Luis Trejo Esquivel y Alejandro de Le\u00f3n, rechaz\u00f3 la oferta de amnist\u00eda y decidi\u00f3 continuar la lucha. En el exilio o la clandestinidad, estos j\u00f3venes militares terminaron vertebrando su propia organizaci\u00f3n, el Movimiento Revolucionario 13 de Noviembre (MR-13), que llegar\u00eda a colaborar con el Partido Guatemalteco del Trabajo (Comunista).<\/p>\n\n\n\n<p class=\"wp-block-paragraph\">Estos hechos fueron el pre\u00e1mbulo de una nueva oleada de protestas p\u00fablicas y manifestaciones populares antigubernamentales que pusieron al r\u00e9gimen de Yd\u00edgoras al borde del colapso. En esa caldeada atm\u00f3sfera, a principios de 1962, comenzaron a operar en El Progreso, Zacapa e Izabal las primeras guerrillas del MR-13, aunque no lograron todav\u00eda consolidarse y debieron volver a las acciones urbanas.<\/p>\n\n\n\n<p class=\"wp-block-paragraph\">Casi al mismo tiempo, los comunistas guatemaltecos abrieron su propio destacamento guerrillero en Concu\u00e1, a las \u00f3rdenes del coronel Carlos Paz Tejada, antiguo jefe de las fuerzas armadas en el gobierno de Juan Jos\u00e9 Ar\u00e9valo (1945-1950). A pesar de contar con este jefe experimentado, los guerrilleros del PGT fueron sorprendidos por el ej\u00e9rcito a s\u00f3lo tres d\u00edas de iniciada la campa\u00f1a en Baja Verapaz, que dej\u00f3 un saldo de 14 combatientes muertos, entre ellos Julio Roberto C\u00e1ceres, el Patojo, amigo cercano del Che Guevara desde su estancia en Guatemala. Entre los sobrevivientes figuraban el propio Paz Tejada y Rodrigo Asturias, hijo del afamado novelista Miguel \u00c1ngel Asturias y futuro m\u00e1ximo comandante de la Organizaci\u00f3n Revolucionaria del Pueblo en Armas (ORPA). Era el bautismo de fuego del movimiento guerrillero en la tierra del quetzal.<\/p>\n\n\n\n<div style=\"height:26px\" aria-hidden=\"true\" class=\"wp-block-spacer\"><\/div>\n\n\n\n<p class=\"wp-block-paragraph\">Fuente: informefracto.com &#8211; 1 de junio de 2021<\/p>\n\n\n\n<div style=\"height:42px\" aria-hidden=\"true\" class=\"wp-block-spacer\"><\/div>\n\n\n\n<p class=\"has-very-light-gray-color has-vivid-cyan-blue-background-color has-text-color has-background wp-block-paragraph\"><strong>Publicado por ADHILAC Internacional \u00a9 www.adhilac.com.ar<\/strong><\/p>\n\n\n\n<p class=\"has-vivid-cyan-blue-color has-very-light-gray-background-color has-text-color has-background wp-block-paragraph\"> Si Ud. desea asociarse de acuerdo a los Estatutos de ADHILAC&nbsp;<a href=\"https:\/\/adhilac.com.ar\/?page_id=263\">(ver)<\/a> complete el siguiente formulario&nbsp;(<a href=\"https:\/\/adhilac.com.ar\/?page_id=4779\">ver<\/a>)<\/p>\n\n\n\n<p class=\"has-very-light-gray-color has-vivid-cyan-blue-background-color has-text-color has-background wp-block-paragraph\"> E-mail:&nbsp;info@adhilac.com.ar <\/p>\n\n\n\n<p class=\"has-very-light-gray-color has-vivid-cyan-blue-background-color has-text-color has-background wp-block-paragraph\"> Twitter: @AdhilacInfo <\/p>\n\n\n\n<div class=\"wp-block-image is-style-default\"><figure class=\"aligncenter size-large\"><img loading=\"lazy\" decoding=\"async\" width=\"85\" height=\"85\" src=\"https:\/\/adhilac.com.ar\/wp-content\/uploads\/2015\/02\/Logo-ADHILAC-Internacional-PEQ.jpg\" alt=\"\" class=\"wp-image-10473\"\/><\/figure><\/div>\n\n\n\n<p class=\"wp-block-paragraph\">Ver <a href=\"https:\/\/adhilac.com.ar\/?page_id=541\">Presentaci\u00f3n de ADHILAC<\/a><\/p>\n\n\n\n<div style=\"height:40px\" aria-hidden=\"true\" class=\"wp-block-spacer\"><\/div>\n\n\n\n<div class=\"wp-block-group\"><div class=\"wp-block-group__inner-container is-layout-flow wp-block-group-is-layout-flow\">\n<p class=\"has-text-align-center has-very-light-gray-color has-vivid-cyan-blue-background-color has-text-color has-background wp-block-paragraph\"><strong><a href=\"https:\/\/adhilac.com.ar\/?page_id=541\">QUIENES SOMOS<\/a><\/strong><\/p>\n\n\n\n<p class=\"has-text-align-center has-vivid-cyan-blue-color has-very-light-gray-background-color has-text-color has-background wp-block-paragraph\"><strong><a href=\"https:\/\/adhilac.com.ar\/?page_id=15507\">DIRECTIVA DE ADHILAC INTERNACIONAL<\/a><\/strong><\/p>\n\n\n\n<p class=\"has-text-align-center has-very-light-gray-color has-vivid-cyan-blue-background-color has-text-color has-background wp-block-paragraph\"><strong><a href=\"https:\/\/adhilac.com.ar\/?page_id=267\">Declaraci\u00f3n de Caracas de ADHILAC (2007)<\/a><\/strong><\/p>\n\n\n\n<p class=\"has-text-align-center has-vivid-cyan-blue-color has-very-light-gray-background-color has-text-color has-background wp-block-paragraph\"><strong><a href=\"https:\/\/adhilac.com.ar\/?page_id=15873\">ADHILAC: Historia &#8211; Historidorxs<\/a><\/strong><\/p>\n\n\n\n<p class=\"has-text-align-center has-very-light-gray-color has-vivid-cyan-blue-background-color has-text-color has-background wp-block-paragraph\"><strong><a href=\"https:\/\/adhilac.com.ar\/?page_id=15876\">ADHILAC 20 a\u00f1os despu\u00e9s (1974-1994)<\/a> <\/strong><\/p>\n\n\n\n<p class=\"has-text-align-center has-vivid-cyan-blue-color has-very-light-gray-background-color has-text-color has-background wp-block-paragraph\"><strong><a href=\"https:\/\/adhilac.com.ar\/?page_id=15861\">ADHILAC Breve Historia<\/a> <\/strong><\/p>\n\n\n\n<p class=\"has-text-align-center has-very-light-gray-color has-vivid-cyan-blue-background-color has-text-color has-background wp-block-paragraph\"><strong><a href=\"https:\/\/adhilac.com.ar\/?page_id=15887\">ADHILAC: Miembrxs fundadores<\/a><\/strong><\/p>\n\n\n\n<p class=\"has-text-align-center has-vivid-cyan-blue-color has-very-light-gray-background-color has-text-color has-background wp-block-paragraph\"><strong><a href=\"https:\/\/adhilac.com.ar\/?page_id=15943\">ADHILAC: Historiadorxs Destacadxs<\/a><\/strong><\/p>\n\n\n\n<p class=\"has-text-align-center has-very-light-gray-color has-vivid-cyan-blue-background-color has-text-color has-background wp-block-paragraph\"><strong><a href=\"https:\/\/adhilac.com.ar\/?page_id=4779\">SOCIXS<\/a><\/strong><\/p>\n\n\n\n<p class=\"has-text-align-center has-vivid-cyan-blue-color has-very-light-gray-background-color has-text-color has-background wp-block-paragraph\"><strong><a href=\"https:\/\/adhilac.com.ar\/?page_id=263\">Estatutos de ADHILAC<\/a><\/strong><\/p>\n\n\n\n<p class=\"has-text-align-center has-very-light-gray-color has-vivid-cyan-blue-background-color has-text-color has-background wp-block-paragraph\"><strong><a href=\"https:\/\/adhilac.com.ar\/?page_id=8220\">BICENTENARIO<\/a><\/strong><\/p>\n\n\n\n<p class=\"has-text-align-center has-vivid-cyan-blue-color has-very-light-gray-background-color has-text-color has-background wp-block-paragraph\"><strong><a href=\"https:\/\/adhilac.com.ar\/?page_id=8279\">BIBLIOTECA<\/a><\/strong><\/p>\n\n\n\n<p class=\"has-text-align-center has-very-light-gray-color has-vivid-cyan-blue-background-color has-text-color has-background wp-block-paragraph\"><strong><a href=\"https:\/\/adhilac.com.ar\/?page_id=1698\">ENLACES<\/a> <\/strong><\/p>\n\n\n\n<p class=\"has-text-align-center has-vivid-cyan-blue-color has-very-light-gray-background-color has-text-color has-background wp-block-paragraph\"><a href=\"http:\/\/www.ariadnatucma.com.ar\">VISITE ARIADNA TUCMA REVISTA LATINOAMERICANA<\/a><\/p>\n<\/div><\/div>\n","protected":false},"excerpt":{"rendered":"<p>Sergio Guerra Vilaboy El \u00e9xito de la operaci\u00f3n PBSUCCESS, orquestada en 1954 por la Agencia Central de Inteligencia (CIA) de Estados Unidos contra la Revoluci\u00f3n Guatemalteca (1944-1954), permiti\u00f3 entronizar la dictadura del coronel Carlos Castillo Armas, quien hab\u00eda dirigido el ej\u00e9rcito \u201cliberacionista\u201d. A este personaje correspondi\u00f3 desmontar las avanzadas transformaciones democr\u00e1ticas y socio-econ\u00f3micas, entre ellas [&hellip;]<\/p>\n","protected":false},"author":17,"featured_media":0,"comment_status":"closed","ping_status":"closed","sticky":false,"template":"","format":"standard","meta":{"_crdt_document":"","footnotes":""},"categories":[40],"tags":[472],"class_list":["post-17808","post","type-post","status-publish","format-standard","hentry","category-informaciones","tag-guatemala"],"_links":{"self":[{"href":"https:\/\/adhilac.com.ar\/index.php?rest_route=\/wp\/v2\/posts\/17808","targetHints":{"allow":["GET"]}}],"collection":[{"href":"https:\/\/adhilac.com.ar\/index.php?rest_route=\/wp\/v2\/posts"}],"about":[{"href":"https:\/\/adhilac.com.ar\/index.php?rest_route=\/wp\/v2\/types\/post"}],"author":[{"embeddable":true,"href":"https:\/\/adhilac.com.ar\/index.php?rest_route=\/wp\/v2\/users\/17"}],"replies":[{"embeddable":true,"href":"https:\/\/adhilac.com.ar\/index.php?rest_route=%2Fwp%2Fv2%2Fcomments&post=17808"}],"version-history":[{"count":4,"href":"https:\/\/adhilac.com.ar\/index.php?rest_route=\/wp\/v2\/posts\/17808\/revisions"}],"predecessor-version":[{"id":17814,"href":"https:\/\/adhilac.com.ar\/index.php?rest_route=\/wp\/v2\/posts\/17808\/revisions\/17814"}],"wp:attachment":[{"href":"https:\/\/adhilac.com.ar\/index.php?rest_route=%2Fwp%2Fv2%2Fmedia&parent=17808"}],"wp:term":[{"taxonomy":"category","embeddable":true,"href":"https:\/\/adhilac.com.ar\/index.php?rest_route=%2Fwp%2Fv2%2Fcategories&post=17808"},{"taxonomy":"post_tag","embeddable":true,"href":"https:\/\/adhilac.com.ar\/index.php?rest_route=%2Fwp%2Fv2%2Ftags&post=17808"}],"curies":[{"name":"wp","href":"https:\/\/api.w.org\/{rel}","templated":true}]}}