{"id":17816,"date":"2021-06-16T16:59:47","date_gmt":"2021-06-16T19:59:47","guid":{"rendered":"https:\/\/adhilac.com.ar\/?p=17816"},"modified":"2021-06-16T22:28:49","modified_gmt":"2021-06-17T01:28:49","slug":"la-guerra-gaucha-de-guemes","status":"publish","type":"post","link":"https:\/\/adhilac.com.ar\/?p=17816","title":{"rendered":"La guerra gaucha de G\u00fcemes"},"content":{"rendered":"\n<div class=\"wp-block-image is-style-default\"><figure class=\"aligncenter size-large is-resized\"><img loading=\"lazy\" decoding=\"async\" src=\"https:\/\/adhilac.com.ar\/wp-content\/uploads\/2021\/06\/GUemes-800x480.jpeg\" alt=\"\" class=\"wp-image-17817\" width=\"457\" height=\"274\" srcset=\"https:\/\/adhilac.com.ar\/wp-content\/uploads\/2021\/06\/GUemes-800x480.jpeg 800w, https:\/\/adhilac.com.ar\/wp-content\/uploads\/2021\/06\/GUemes-300x180.jpeg 300w, https:\/\/adhilac.com.ar\/wp-content\/uploads\/2021\/06\/GUemes-768x461.jpeg 768w, https:\/\/adhilac.com.ar\/wp-content\/uploads\/2021\/06\/GUemes.jpeg 1000w\" sizes=\"auto, (max-width: 457px) 100vw, 457px\" \/><\/figure><\/div>\n\n\n\n<p class=\"wp-block-paragraph\">Sergio Guerra Vilaboy<\/p>\n\n\n\n<p class=\"wp-block-paragraph\">Este 17 de junio es el bicentenario de la muerte de Mart\u00edn Miguel de G\u00fcemes, el \u00fanico general argentino ca\u00eddo en combate durante la guerra de independencia. Al frente de guerrillas populares o montoneras, en Salta y Jujuy, con la llamada guerra gaucha, impidi\u00f3 la reconquista espa\u00f1ola del antiguo Virreinato del Rio de la Plata.<\/p>\n\n\n\n<!--more-->\n\n\n\n<p class=\"wp-block-paragraph\">Desde muy joven sirvi\u00f3 en el ej\u00e9rcito real en la provincia de Salta, donde hab\u00eda nacido en 1785. En la lucha contra las invasiones inglesas a Buenos Aires (1806-1807) dirigi\u00f3 una impresionante carga de caballer\u00eda que permiti\u00f3 apoderarse del barco enemigo <em>Justine<\/em>, encallado en la costa fluvial. Derrotados los brit\u00e1nicos, regres\u00f3 a Salta convertido en oficial del Cuerpo de Granaderos de Santiago Liniers, surgido durante la guerra contra los ingleses.<\/p>\n\n\n\n<p class=\"wp-block-paragraph\">Tras la deposici\u00f3n del virrey en Buenos Aires en 1810, G\u00fcemes se incorpor\u00f3 al Ej\u00e9rcito del Norte, creado por la Junta de Mayo para incorporar el Alto Per\u00fa a su jurisdicci\u00f3n. Al mando de tropas, combati\u00f3 a los realistas en la Quebrada de Humahuaca (Jujuy) y en los valles de Tarija y L\u00edpez, destac\u00e1ndose en la batalla de Suipacha el 7 de noviembre de ese a\u00f1o. Obligado el ej\u00e9rcito patriota a replegarse del Alto Per\u00fa, tras la derrota de Huaqui el 19 de junio de 1811, G\u00fcemes hizo con sus gauchos la famosa guerra de recursos para dejar sin abastecimientos al enemigo, que le permiti\u00f3 recuperar Tarija a principios del a\u00f1o siguiente, hasta que fue trasladado a Buenos Aires.<\/p>\n\n\n\n<p class=\"wp-block-paragraph\">Reincorporado al Ej\u00e9rcito del Norte, comandado desde enero de 1814 por el general Jos\u00e9 de San Mart\u00edn, estuvo a la vanguardia con la caballer\u00eda. Al igual que su prestigioso jefe, G\u00fcemes era partidario de proclamar la independencia de Espa\u00f1a, pues el timorato gobierno de Buenos Aires segu\u00eda jurando fidelidad a Fernando VII. La base de su ascendente popularidad entre los gauchos proven\u00eda de la expropiaci\u00f3n de ganado y de liberarlos del pago de arriendos a los ricos estancieros, cuando comenzaba a ser llamado protector de los pobres.<\/p>\n\n\n\n<p class=\"wp-block-paragraph\">Con ellos pudo organizar s\u00f3lidas guerrillas en el valle de Lerma, en su natal Salta, integrada con esos diestros jinetes mestizos, expertos en el duro trabajo del cuidado de ganado en las llanuras, verdaderos protagonistas de la conocida guerra gaucha, que hizo la vida imposible a los realistas. Las primeras haza\u00f1as de estos aguerridos hombres casi coincidieron con la decisi\u00f3n de San Mart\u00edn de cambiar la jefatura del Ej\u00e9rcito del Norte por la oscura gobernaci\u00f3n de Cuyo, en octubre de 1814.<\/p>\n\n\n\n<p class=\"wp-block-paragraph\">El Libertador hab\u00eda decidido variar su estrategia, convencido que el camino altoperuano para llegar a Lima y derrotar de manera definitiva a los espa\u00f1oles era inviable, porque lo que se propuso usar a Chile como trampol\u00edn, tal como confesara en una carta secreta: \u201c<em>La patria no har\u00e1 camino por este lado del norte que no sea una guerra defensiva, y nada m\u00e1s; para esto bastan los valientes gauchos de Salta\u2026\u201d<\/em> Con esa finalidad, nombrar\u00eda a G\u00fcemes, en enero de 1820, general en jefe del Ej\u00e9rcito de Observaci\u00f3n sobre Per\u00fa.<\/p>\n\n\n\n<p class=\"wp-block-paragraph\">Como preve\u00eda San Mart\u00edn, la tercera ofensiva rioplatense al Norte, iniciada en febrero de 1815 bajo la direcci\u00f3n del general Jos\u00e9 Rondeau, fue derrotada por los realistas el 29 de noviembre de ese a\u00f1o en Sipe Sipe. La retirada del Alto Per\u00fa del maltrecho ej\u00e9rcito, dej\u00f3 s\u00f3lo a las montoneras gauchas de G\u00fcemes, respaldadas por la poblaci\u00f3n m\u00e1s humilde de Salta \u2013que ese mismo a\u00f1o lo hab\u00eda elegido gobernador de la provincia-, como \u00fanico valladar ante los colonialistas. Incluso algunos patriotas altoperuanos, como Juana de Azurduy, tuvieron en 1818 que buscar refugio en Salta.<\/p>\n\n\n\n<p class=\"wp-block-paragraph\">Adem\u00e1s de combatir la avalancha enemiga enviada por el virrey de Lima, G\u00fcemes, que proclam\u00f3 la federaci\u00f3n en Salta, tuvo que enfrentar la hostilidad del r\u00e9gimen centralista de Buenos Aires, acentuada desde 1819 ante el temor que se convirtiera en otro Artigas. Poco despu\u00e9s de ser sustituido como gobernador en 1821, G\u00fcemes fue herido por los realistas, cuando resist\u00eda la novena y \u00faltima ofensiva espa\u00f1ola sobre Salta. Reunido con sus oficiales y casi moribundo, le transfiri\u00f3 el mando al coronel franc\u00e9s Jorge Enrique Vidt para que liquidara a los invasores, antes de expirar el 17 de junio en la Ca\u00f1ada de la Horqueta. La guerra guacha fue decisiva no s\u00f3lo para consolidar la independencia del R\u00edo de la Plata, sino tambi\u00e9n para asegurar la retaguardia del ej\u00e9rcito de San Mart\u00edn, posibilitando la emancipaci\u00f3n de Chille y el inici\u00f3 de la liberaci\u00f3n de Per\u00fa.<\/p>\n\n\n\n<div style=\"height:35px\" aria-hidden=\"true\" class=\"wp-block-spacer\"><\/div>\n\n\n\n<p class=\"wp-block-paragraph\">Fuente: www.informefracto.com &#8211; 15 de junio de 2021. <\/p>\n\n\n\n<div style=\"height:40px\" aria-hidden=\"true\" class=\"wp-block-spacer\"><\/div>\n\n\n\n<p class=\"has-very-light-gray-color has-vivid-cyan-blue-background-color has-text-color has-background wp-block-paragraph\"><strong>Publicado por ADHILAC Internacional \u00a9 www.adhilac.com.ar<\/strong><\/p>\n\n\n\n<p class=\"has-vivid-cyan-blue-color has-very-light-gray-background-color has-text-color has-background wp-block-paragraph\"> Si Ud. desea asociarse de acuerdo a los Estatutos de ADHILAC&nbsp;<a href=\"https:\/\/adhilac.com.ar\/?page_id=263\">(ver)<\/a> complete el siguiente formulario&nbsp;(<a href=\"https:\/\/adhilac.com.ar\/?page_id=4779\">ver<\/a>)<\/p>\n\n\n\n<p class=\"has-very-light-gray-color has-vivid-cyan-blue-background-color has-text-color has-background wp-block-paragraph\"> E-mail:&nbsp;info@adhilac.com.ar <\/p>\n\n\n\n<p class=\"has-very-light-gray-color has-vivid-cyan-blue-background-color has-text-color has-background wp-block-paragraph\"> Twitter: @AdhilacInfo <\/p>\n\n\n\n<div class=\"wp-block-image is-style-default\"><figure class=\"aligncenter size-large\"><img loading=\"lazy\" decoding=\"async\" width=\"85\" height=\"85\" src=\"https:\/\/adhilac.com.ar\/wp-content\/uploads\/2015\/02\/Logo-ADHILAC-Internacional-PEQ.jpg\" alt=\"\" class=\"wp-image-10473\"\/><\/figure><\/div>\n\n\n\n<p class=\"wp-block-paragraph\">Ver <a href=\"https:\/\/adhilac.com.ar\/?page_id=541\">Presentaci\u00f3n de ADHILAC<\/a><\/p>\n\n\n\n<div style=\"height:38px\" aria-hidden=\"true\" class=\"wp-block-spacer\"><\/div>\n\n\n\n<div class=\"wp-block-group\"><div class=\"wp-block-group__inner-container is-layout-flow wp-block-group-is-layout-flow\">\n<p class=\"has-text-align-center has-very-light-gray-color has-vivid-cyan-blue-background-color has-text-color has-background wp-block-paragraph\"><strong><a href=\"https:\/\/adhilac.com.ar\/?page_id=541\">QUIENES SOMOS<\/a><\/strong><\/p>\n\n\n\n<p class=\"has-text-align-center has-vivid-cyan-blue-color has-very-light-gray-background-color has-text-color has-background wp-block-paragraph\"><strong><a href=\"https:\/\/adhilac.com.ar\/?page_id=15507\">DIRECTIVA DE ADHILAC INTERNACIONAL<\/a><\/strong><\/p>\n\n\n\n<p class=\"has-text-align-center has-very-light-gray-color has-vivid-cyan-blue-background-color has-text-color has-background wp-block-paragraph\"><strong><a href=\"https:\/\/adhilac.com.ar\/?page_id=267\">Declaraci\u00f3n de Caracas de ADHILAC (2007)<\/a><\/strong><\/p>\n\n\n\n<p class=\"has-text-align-center has-vivid-cyan-blue-color has-very-light-gray-background-color has-text-color has-background wp-block-paragraph\"><strong><a href=\"https:\/\/adhilac.com.ar\/?page_id=15873\">ADHILAC: Historia &#8211; Historidorxs<\/a><\/strong><\/p>\n\n\n\n<p class=\"has-text-align-center has-very-light-gray-color has-vivid-cyan-blue-background-color has-text-color has-background wp-block-paragraph\"><strong><a href=\"https:\/\/adhilac.com.ar\/?page_id=15876\">ADHILAC 20 a\u00f1os despu\u00e9s (1974-1994)<\/a> <\/strong><\/p>\n\n\n\n<p class=\"has-text-align-center has-vivid-cyan-blue-color has-very-light-gray-background-color has-text-color has-background wp-block-paragraph\"><strong><a href=\"https:\/\/adhilac.com.ar\/?page_id=15861\">ADHILAC Breve Historia<\/a> <\/strong><\/p>\n\n\n\n<p class=\"has-text-align-center has-very-light-gray-color has-vivid-cyan-blue-background-color has-text-color has-background wp-block-paragraph\"><strong><a href=\"https:\/\/adhilac.com.ar\/?page_id=15887\">ADHILAC: Miembrxs fundadores<\/a><\/strong><\/p>\n\n\n\n<p class=\"has-text-align-center has-vivid-cyan-blue-color has-very-light-gray-background-color has-text-color has-background wp-block-paragraph\"><strong><a href=\"https:\/\/adhilac.com.ar\/?page_id=15943\">ADHILAC: Historiadorxs Destacadxs<\/a><\/strong><\/p>\n\n\n\n<p class=\"has-text-align-center has-very-light-gray-color has-vivid-cyan-blue-background-color has-text-color has-background wp-block-paragraph\"><strong><a href=\"https:\/\/adhilac.com.ar\/?page_id=4779\">SOCIXS<\/a><\/strong><\/p>\n\n\n\n<p class=\"has-text-align-center has-vivid-cyan-blue-color has-very-light-gray-background-color has-text-color has-background wp-block-paragraph\"><strong><a href=\"https:\/\/adhilac.com.ar\/?page_id=263\">Estatutos de ADHILAC<\/a><\/strong><\/p>\n\n\n\n<p class=\"has-text-align-center has-very-light-gray-color has-vivid-cyan-blue-background-color has-text-color has-background wp-block-paragraph\"><strong><a href=\"https:\/\/adhilac.com.ar\/?page_id=8220\">BICENTENARIO<\/a><\/strong><\/p>\n\n\n\n<p class=\"has-text-align-center has-vivid-cyan-blue-color has-very-light-gray-background-color has-text-color has-background wp-block-paragraph\"><strong><a href=\"https:\/\/adhilac.com.ar\/?page_id=8279\">BIBLIOTECA<\/a><\/strong><\/p>\n\n\n\n<p class=\"has-text-align-center has-very-light-gray-color has-vivid-cyan-blue-background-color has-text-color has-background wp-block-paragraph\"><strong><a href=\"https:\/\/adhilac.com.ar\/?page_id=1698\">ENLACES<\/a> <\/strong><\/p>\n\n\n\n<p class=\"has-text-align-center has-vivid-cyan-blue-color has-very-light-gray-background-color has-text-color has-background wp-block-paragraph\"><a href=\"http:\/\/www.ariadnatucma.com.ar\">VISITE ARIADNA TUCMA REVISTA LATINOAMERICANA<\/a><\/p>\n<\/div><\/div>\n","protected":false},"excerpt":{"rendered":"<p>Sergio Guerra Vilaboy Este 17 de junio es el bicentenario de la muerte de Mart\u00edn Miguel de G\u00fcemes, el \u00fanico general argentino ca\u00eddo en combate durante la guerra de independencia. Al frente de guerrillas populares o montoneras, en Salta y Jujuy, con la llamada guerra gaucha, impidi\u00f3 la reconquista espa\u00f1ola del antiguo Virreinato del Rio [&hellip;]<\/p>\n","protected":false},"author":17,"featured_media":0,"comment_status":"closed","ping_status":"closed","sticky":false,"template":"","format":"standard","meta":{"_crdt_document":"","footnotes":""},"categories":[15],"tags":[22,1262,36],"class_list":["post-17816","post","type-post","status-publish","format-standard","hentry","category-historia","tag-emancipacion-americana","tag-martin-miguel-de-guemes","tag-provincias-unidas-del-rio-de-la-plata"],"_links":{"self":[{"href":"https:\/\/adhilac.com.ar\/index.php?rest_route=\/wp\/v2\/posts\/17816","targetHints":{"allow":["GET"]}}],"collection":[{"href":"https:\/\/adhilac.com.ar\/index.php?rest_route=\/wp\/v2\/posts"}],"about":[{"href":"https:\/\/adhilac.com.ar\/index.php?rest_route=\/wp\/v2\/types\/post"}],"author":[{"embeddable":true,"href":"https:\/\/adhilac.com.ar\/index.php?rest_route=\/wp\/v2\/users\/17"}],"replies":[{"embeddable":true,"href":"https:\/\/adhilac.com.ar\/index.php?rest_route=%2Fwp%2Fv2%2Fcomments&post=17816"}],"version-history":[{"count":1,"href":"https:\/\/adhilac.com.ar\/index.php?rest_route=\/wp\/v2\/posts\/17816\/revisions"}],"predecessor-version":[{"id":17818,"href":"https:\/\/adhilac.com.ar\/index.php?rest_route=\/wp\/v2\/posts\/17816\/revisions\/17818"}],"wp:attachment":[{"href":"https:\/\/adhilac.com.ar\/index.php?rest_route=%2Fwp%2Fv2%2Fmedia&parent=17816"}],"wp:term":[{"taxonomy":"category","embeddable":true,"href":"https:\/\/adhilac.com.ar\/index.php?rest_route=%2Fwp%2Fv2%2Fcategories&post=17816"},{"taxonomy":"post_tag","embeddable":true,"href":"https:\/\/adhilac.com.ar\/index.php?rest_route=%2Fwp%2Fv2%2Ftags&post=17816"}],"curies":[{"name":"wp","href":"https:\/\/api.w.org\/{rel}","templated":true}]}}