{"id":17830,"date":"2021-06-21T09:23:00","date_gmt":"2021-06-21T12:23:00","guid":{"rendered":"https:\/\/adhilac.com.ar\/?p=17830"},"modified":"2021-06-22T09:29:21","modified_gmt":"2021-06-22T12:29:21","slug":"trazos-de-un-protagonista-de-la-vida-nacional","status":"publish","type":"post","link":"https:\/\/adhilac.com.ar\/?p=17830","title":{"rendered":"Trazos de un protagonista de la vida nacional"},"content":{"rendered":"\n<p class=\"wp-block-paragraph\">Por Germ\u00e1n Rodas Chaves<\/p>\n\n\n\n<div class=\"wp-block-image is-style-default\"><figure class=\"aligncenter size-large is-resized\"><img loading=\"lazy\" decoding=\"async\" src=\"https:\/\/adhilac.com.ar\/wp-content\/uploads\/2021\/06\/Plutarco-Naranjo-Vargas.png\" alt=\"\" class=\"wp-image-17831\" width=\"363\" height=\"202\" srcset=\"https:\/\/adhilac.com.ar\/wp-content\/uploads\/2021\/06\/Plutarco-Naranjo-Vargas.png 800w, https:\/\/adhilac.com.ar\/wp-content\/uploads\/2021\/06\/Plutarco-Naranjo-Vargas-300x168.png 300w, https:\/\/adhilac.com.ar\/wp-content\/uploads\/2021\/06\/Plutarco-Naranjo-Vargas-768x429.png 768w\" sizes=\"auto, (max-width: 363px) 100vw, 363px\" \/><figcaption>Centenario del natalicio de Plutarco Naranjo Vargas m\u00e9dico, cient\u00edfico, pol\u00edtico, escritor e historiador ecuatoria. <\/figcaption><\/figure><\/div>\n\n\n\n<p class=\"wp-block-paragraph\">Promover con denuedo -de la misma manera en que lo hicieron\u00a0<strong>diversos sectores<\/strong>\u00a0del pa\u00eds- que\u00a0<strong>Jos\u00e9 Mar\u00eda Velasco Ibarra\u00a0<\/strong>remplazara en el poder a\u00a0<strong>Carlos Alberto Arroyo del R\u00edo<\/strong>\u00a0luego de las jornadas de la llamada \u2018Revoluci\u00f3n de mayo de 1944\u2019, fue una de las tantas vicisitudes pol\u00edticas del entonces<strong>\u00a0dirigente estudiantil universitario<\/strong>\u00a0Plutarco Naranjo Vargas.<\/p>\n\n\n\n<!--more-->\n\n\n\n<p class=\"wp-block-paragraph\">A pesar de lo se\u00f1alado,&nbsp;<strong>Naranjo&nbsp;<\/strong>fue inquebrantable en la determinaci\u00f3n de solicitar al propio presidente Velasco, a nombre de los estudiantes de la&nbsp;<strong>Universidad Central<\/strong>, su dimisi\u00f3n, planteamiento que se consum\u00f3 cuando el citado dirigente universitario concurri\u00f3 al&nbsp;<strong>Palacio Presidencial<\/strong>&nbsp;y -luego de una firme alocuci\u00f3n en la cita conferida por el&nbsp;<strong>Gobernante<\/strong>\u2013 le entreg\u00f3 una carta. En ella le requer\u00eda que se apartara de su cargo debido \u201cal incumplimiento de los compromisos que el<strong>&nbsp;Presidente de la Rep\u00fablica&nbsp;<\/strong>hab\u00eda adquirido con el pa\u00eds y con los estudiantes\u201d.<\/p>\n\n\n\n<p class=\"wp-block-paragraph\">La circunstancia descrita \u00adpone de<strong>&nbsp;manifiesto<\/strong>&nbsp;la entereza de Plutarco Naranjo, cuyo centenario de nacimiento conmemoramos el 18 de junio de este a\u00f1o.<\/p>\n\n\n\n<p class=\"wp-block-paragraph\">Plutarco Naranjo naci\u00f3 en&nbsp;<strong>Ambato<\/strong>. Sus aprendizajes iniciales se desarrollaron en el Instituto Luis A. Mart\u00ednez y posteriormente curs\u00f3 el bachillerato en el&nbsp;<strong>Colegio Nacional Bol\u00edvar<\/strong>. Hacia el final de la ense\u00f1anza media, se incorpor\u00f3 como uno de los redactores del diario Cr\u00f3nica de esa ciudad. Fue el tiempo en el cual Naranjo afin\u00f3 el uso del idioma y se adentr\u00f3 en el an\u00e1lisis del pensamiento de<strong>&nbsp;Juan Montalvo<\/strong>.<\/p>\n\n\n\n<p class=\"wp-block-paragraph\">Sus estudios universitarios los realiz\u00f3 en la&nbsp;<strong>Universidad Central<\/strong>, en donde se gradu\u00f3 de m\u00e9dico en 1949. En esa oportunidad escribi\u00f3 -conjuntamente con su esposa, Enriqueta Banda, con quien contrajo matrimonio en el cuarto a\u00f1o de la&nbsp;<strong>carrera m\u00e9dica<\/strong>\u2013 la tesis doctoral sobre \u2018Polinosis, estudio cl\u00ednico y bot\u00e1nico\u2019, que permiti\u00f3 a la pareja de m\u00e9dicos finalizar su formaci\u00f3n superior.<\/p>\n\n\n\n<p class=\"wp-block-paragraph\">No obstante, es oportuno se\u00f1alar que la&nbsp;<strong>producci\u00f3n bibliogr\u00e1fica&nbsp;<\/strong>de Naranjo se inici\u00f3 en 1947, cuando siendo todav\u00eda estudiante universitario public\u00f3 \u2018Necrosis fr\u00eda de las plantas\u2019, un estudio trabajado con oportunidad de su vinculaci\u00f3n -en calidad de&nbsp;<strong>ayudante de laboratorio<\/strong>\u2013 con el Instituto Bot\u00e1nico de la Universidad.<\/p>\n\n\n\n<p class=\"wp-block-paragraph\">El hecho de haberse graduado como el mejor&nbsp;<strong>estudiante de Medicina<\/strong>, y la circunstancia de que la alergolog\u00eda fuese el punto de partida para su vida profesional, le abrieron enseguida un espacio como investigador del reci\u00e9n fundado laboratorio LIFE, entre cuyos accionistas estuvieron la<strong>&nbsp;Junta de Asistencia Social<\/strong>&nbsp;y el&nbsp;<strong>Instituto de Seguridad Social.<\/strong><\/p>\n\n\n\n<p class=\"wp-block-paragraph\">Realiz\u00f3 esta actividad a la par de los compromisos&nbsp;<strong>docentes en la Universidad<\/strong>&nbsp;y de la atenci\u00f3n m\u00e9dica particular.<br \/>Su paso por los&nbsp;<strong>laboratorios LIFE&nbsp;<\/strong>fue de enorme trascendencia en cuanto a la investigaci\u00f3n farmacol\u00f3gica, lo cual contribuy\u00f3 para que le invitaran a organizar la<strong>&nbsp;c\u00e1tedra de farmacolog\u00eda&nbsp;<\/strong>y el&nbsp;<strong>Departamento de Fisiolog\u00eda&nbsp;<\/strong>en la Universidad del Valle de Cali, en Colombia; esta actividad la desarroll\u00f3 entre 1953 y 1956.<\/p>\n\n\n\n<p class=\"wp-block-paragraph\">A finales de esta d\u00e9cada, Naranjo inici\u00f3 sus especialidades y postgrados. En los mismos a\u00f1os cincuenta,&nbsp;<strong>Plutarco Naranjo&nbsp;<\/strong>fund\u00f3 la&nbsp;<strong>Academia Nacional de Medicina<\/strong>, Ins\u00adtituci\u00f3n cient\u00edfica que presidi\u00f3 en 1960.<\/p>\n\n\n\n<p class=\"wp-block-paragraph\">A pesar de las variadas&nbsp;<strong>responsabilidades acad\u00e9micas y docentes<\/strong>&nbsp;y de sus ocupaciones en la tarea de escribir y publicar una extensa producci\u00f3n bibliogr\u00e1fica, Naranjo se dio el tiempo necesario para mantener una activa vinculaci\u00f3n pol\u00edtica y ejercer cargos de direcci\u00f3n en las filas del&nbsp;<strong>partido Socialista<\/strong>. Milit\u00f3 en tal&nbsp;<strong>corriente doctrinaria&nbsp;<\/strong>desde su juventud hasta el final de su vida y escribi\u00f3 tambi\u00e9n, con claro matiz anal\u00edtico, textos referentes a la&nbsp;<strong>teor\u00eda socialista<\/strong>.<\/p>\n\n\n\n<p class=\"wp-block-paragraph\">Adicionalmente, entre los compromisos esenciales de Plutarco Naranjo estuvo la&nbsp;<strong>investigaci\u00f3n cient\u00edfica m\u00e9dica&nbsp;<\/strong>a partir de su riguroso estudio de la herbolaria, de la fitoqu\u00edmica y de la etnomedicina.<\/p>\n\n\n\n<p class=\"wp-block-paragraph\">Su<strong>&nbsp;bagaje intelectual<\/strong>&nbsp;-tambi\u00e9n su estructura epist\u00e9mica, capaz de comprender los contextos- le permiti\u00f3 adentrarse en la importancia de la medicina tradicional y de sus&nbsp;<strong>entornos socioculturales<\/strong>, al punto de promover \u2013 cuando ejerci\u00f3 el cargo de&nbsp;<strong>Ministro de Salud<\/strong>, entre 1988 y 1992( Gobierno de Rodrigo Borja) \u2013 la despena\u00adlizaci\u00f3n de la mentada medicina tradicional.<\/p>\n\n\n\n<p class=\"wp-block-paragraph\">La&nbsp;<strong>ense\u00f1anza universitaria<\/strong>&nbsp;ejercida por Naranjo fue otra de sus aristas: la pasi\u00f3n por la c\u00e1tedra y la innovaci\u00f3n del rol de las universidades fue tangible, por ejemplo, cuando fund\u00f3 el&nbsp;<strong>\u00c1rea de Salud<\/strong>&nbsp;en la&nbsp;<strong>Universidad Andina Sim\u00f3n Bol\u00edvar&nbsp;<\/strong>-de la que fue Doctor Honoris Causa y Profesor Em\u00e9rito-, cuando impuls\u00f3 el conocimiento y la divulgaci\u00f3n de las medicinas alternativas e inici\u00f3 la deliberaci\u00f3n sobre el desarrollo del pensamiento m\u00e9dico en la<strong>&nbsp;historia ecuatoriana<\/strong>.<\/p>\n\n\n\n<p class=\"wp-block-paragraph\">La inquietud respecto de las&nbsp;<strong>condiciones de vida<\/strong>&nbsp;de los ecuatorianos fue, asimismo, una constante en Naranjo. Por ello promovi\u00f3, gracias a sus conocimientos, las&nbsp;<strong>orientaciones fundamentales<\/strong>&nbsp;para \u201csaber alimentarse\u201d pensando -como sol\u00eda decir- \u201cque es necesario aprovechar los&nbsp;<strong>alimentos&nbsp;<\/strong>que est\u00e1n al alcance de todos, que han formado parte de la dieta de nuestros pueblos y que tienen costos asequibles, informaci\u00f3n que debe ser difundida por el<strong>&nbsp;sistema nacional de salud<\/strong>, que a m\u00e1s de proveer de atenci\u00f3n m\u00e9dica debida, tambi\u00e9n debe preocuparse de la&nbsp;<strong>educaci\u00f3n alimentaria<\/strong>\u201d.<\/p>\n\n\n\n<p class=\"wp-block-paragraph\">Lo afirmado -a la par y de manera invariable- le oblig\u00f3 a transitar por los recovecos de la historia de nuestros territorios y por los&nbsp;<strong>procesos sociales&nbsp;<\/strong>fundamentales de la patria, de tal suerte que en esta tarea dedic\u00f3 mucho tiempo a estudiar los caminos que anduvieron los constructores de nuestra realidad, y a profundizar en los<strong>&nbsp;entornos sociales&nbsp;<\/strong>de sus vidas y de sus luchas, asuntos que le fueron tambi\u00e9n de utilidad en su&nbsp;<strong>actividad diplom\u00e1tica&nbsp;<\/strong>puesto que, en tales circunstancias, la&nbsp;<strong>difusi\u00f3n de la cultura&nbsp;<\/strong>nacional fue uno de sus compromisos recurrentes.<\/p>\n\n\n\n<p class=\"wp-block-paragraph\">Sus estudios hist\u00f3ricos son el claro ejemplo de estos asertos, tanto as\u00ed que no solo fue miembro de la&nbsp;<strong>Academia Nacional de Historia<\/strong>, sino que lleg\u00f3 a presidirla; sus textos \u00ad-trabajados con rigurosidad en el manejo del idioma, otro m\u00e9rito de Naranjo-, le llevaron adem\u00e1s a que formara parte de la&nbsp;<strong>Academia Ecuatoriana de la Lengua<\/strong>.<\/p>\n\n\n\n<p class=\"wp-block-paragraph\">Todo lo referido -a prop\u00f3sito del centenario del natalicio de&nbsp;<strong>Plutarco Naranjo Vargas&nbsp;<\/strong>y de recordar su extensa&nbsp;<strong>publicaci\u00f3n bibliogr\u00e1fica<\/strong>, as\u00ed como su labor al servicio de la ciencia y de las&nbsp;<strong>causas democr\u00e1ticas&nbsp;<\/strong>del pa\u00eds- se explica en su rigurosidad de investigador alejado plenamente de las formas reduccionistas del pensamiento que convergen en<br \/>los dogmatismos.<\/p>\n\n\n\n<p class=\"wp-block-paragraph\">Su quehacer es esencial a la hora de conocer a los\u00a0<strong>protagonistas<\/strong>\u00a0fundamentales del pa\u00eds en las\u00a0<strong>\u00faltimas d\u00e9cadas<\/strong>.<\/p>\n\n\n\n<div class=\"wp-block-image is-style-default\"><figure class=\"aligncenter size-large is-resized\"><img loading=\"lazy\" decoding=\"async\" src=\"https:\/\/adhilac.com.ar\/wp-content\/uploads\/2021\/06\/Plutarco-Naranjo1-565x800.jpg\" alt=\"\" class=\"wp-image-17832\" width=\"407\" height=\"577\" srcset=\"https:\/\/adhilac.com.ar\/wp-content\/uploads\/2021\/06\/Plutarco-Naranjo1-565x800.jpg 565w, https:\/\/adhilac.com.ar\/wp-content\/uploads\/2021\/06\/Plutarco-Naranjo1-212x300.jpg 212w, https:\/\/adhilac.com.ar\/wp-content\/uploads\/2021\/06\/Plutarco-Naranjo1-768x1087.jpg 768w, https:\/\/adhilac.com.ar\/wp-content\/uploads\/2021\/06\/Plutarco-Naranjo1-1085x1536.jpg 1085w, https:\/\/adhilac.com.ar\/wp-content\/uploads\/2021\/06\/Plutarco-Naranjo1.jpg 1413w\" sizes=\"auto, (max-width: 407px) 100vw, 407px\" \/><\/figure><\/div>\n\n\n\n<div style=\"height:40px\" aria-hidden=\"true\" class=\"wp-block-spacer\"><\/div>\n\n\n\n<p class=\"has-very-light-gray-color has-vivid-cyan-blue-background-color has-text-color has-background wp-block-paragraph\"><strong>Publicado por ADHILAC Internacional \u00a9 www.adhilac.com.ar<\/strong><\/p>\n\n\n\n<p class=\"has-vivid-cyan-blue-color has-very-light-gray-background-color has-text-color has-background wp-block-paragraph\"> Si Ud. desea asociarse de acuerdo a los Estatutos de ADHILAC&nbsp;<a href=\"https:\/\/adhilac.com.ar\/?page_id=263\">(ver)<\/a> complete el siguiente formulario&nbsp;(<a href=\"https:\/\/adhilac.com.ar\/?page_id=4779\">ver<\/a>)<\/p>\n\n\n\n<p class=\"has-very-light-gray-color has-vivid-cyan-blue-background-color has-text-color has-background wp-block-paragraph\"> E-mail:&nbsp;info@adhilac.com.ar <\/p>\n\n\n\n<p class=\"has-very-light-gray-color has-vivid-cyan-blue-background-color has-text-color has-background wp-block-paragraph\"> Twitter: @AdhilacInfo <\/p>\n\n\n\n<div class=\"wp-block-image is-style-default\"><figure class=\"aligncenter size-large\"><img loading=\"lazy\" decoding=\"async\" width=\"85\" height=\"85\" src=\"https:\/\/adhilac.com.ar\/wp-content\/uploads\/2015\/02\/Logo-ADHILAC-Internacional-PEQ.jpg\" alt=\"\" class=\"wp-image-10473\"\/><\/figure><\/div>\n\n\n\n<p class=\"wp-block-paragraph\">Ver <a href=\"https:\/\/adhilac.com.ar\/?page_id=541\">Presentaci\u00f3n de ADHILAC<\/a><\/p>\n\n\n\n<div style=\"height:42px\" aria-hidden=\"true\" class=\"wp-block-spacer\"><\/div>\n\n\n\n<div class=\"wp-block-group\"><div class=\"wp-block-group__inner-container is-layout-flow wp-block-group-is-layout-flow\">\n<p class=\"has-text-align-center has-very-light-gray-color has-vivid-cyan-blue-background-color has-text-color has-background wp-block-paragraph\"><strong><a href=\"https:\/\/adhilac.com.ar\/?page_id=541\">QUIENES SOMOS<\/a><\/strong><\/p>\n\n\n\n<p class=\"has-text-align-center has-vivid-cyan-blue-color has-very-light-gray-background-color has-text-color has-background wp-block-paragraph\"><strong><a href=\"https:\/\/adhilac.com.ar\/?page_id=15507\">DIRECTIVA DE ADHILAC INTERNACIONAL<\/a><\/strong><\/p>\n\n\n\n<p class=\"has-text-align-center has-very-light-gray-color has-vivid-cyan-blue-background-color has-text-color has-background wp-block-paragraph\"><strong><a href=\"https:\/\/adhilac.com.ar\/?page_id=267\">Declaraci\u00f3n de Caracas de ADHILAC (2007)<\/a><\/strong><\/p>\n\n\n\n<p class=\"has-text-align-center has-vivid-cyan-blue-color has-very-light-gray-background-color has-text-color has-background wp-block-paragraph\"><strong><a href=\"https:\/\/adhilac.com.ar\/?page_id=15873\">ADHILAC: Historia &#8211; Historidorxs<\/a><\/strong><\/p>\n\n\n\n<p class=\"has-text-align-center has-very-light-gray-color has-vivid-cyan-blue-background-color has-text-color has-background wp-block-paragraph\"><strong><a href=\"https:\/\/adhilac.com.ar\/?page_id=15876\">ADHILAC 20 a\u00f1os despu\u00e9s (1974-1994)<\/a> <\/strong><\/p>\n\n\n\n<p class=\"has-text-align-center has-vivid-cyan-blue-color has-very-light-gray-background-color has-text-color has-background wp-block-paragraph\"><strong><a href=\"https:\/\/adhilac.com.ar\/?page_id=15861\">ADHILAC Breve Historia<\/a> <\/strong><\/p>\n\n\n\n<p class=\"has-text-align-center has-very-light-gray-color has-vivid-cyan-blue-background-color has-text-color has-background wp-block-paragraph\"><strong><a href=\"https:\/\/adhilac.com.ar\/?page_id=15887\">ADHILAC: Miembrxs fundadores<\/a><\/strong><\/p>\n\n\n\n<p class=\"has-text-align-center has-vivid-cyan-blue-color has-very-light-gray-background-color has-text-color has-background wp-block-paragraph\"><strong><a href=\"https:\/\/adhilac.com.ar\/?page_id=15943\">ADHILAC: Historiadorxs Destacadxs<\/a><\/strong><\/p>\n\n\n\n<p class=\"has-text-align-center has-very-light-gray-color has-vivid-cyan-blue-background-color has-text-color has-background wp-block-paragraph\"><strong><a href=\"https:\/\/adhilac.com.ar\/?page_id=4779\">SOCIXS<\/a><\/strong><\/p>\n\n\n\n<p class=\"has-text-align-center has-vivid-cyan-blue-color has-very-light-gray-background-color has-text-color has-background wp-block-paragraph\"><strong><a href=\"https:\/\/adhilac.com.ar\/?page_id=263\">Estatutos de ADHILAC<\/a><\/strong><\/p>\n\n\n\n<p class=\"has-text-align-center has-very-light-gray-color has-vivid-cyan-blue-background-color has-text-color has-background wp-block-paragraph\"><strong><a href=\"https:\/\/adhilac.com.ar\/?page_id=8220\">BICENTENARIO<\/a><\/strong><\/p>\n\n\n\n<p class=\"has-text-align-center has-vivid-cyan-blue-color has-very-light-gray-background-color has-text-color has-background wp-block-paragraph\"><strong><a href=\"https:\/\/adhilac.com.ar\/?page_id=8279\">BIBLIOTECA<\/a><\/strong><\/p>\n\n\n\n<p class=\"has-text-align-center has-very-light-gray-color has-vivid-cyan-blue-background-color has-text-color has-background wp-block-paragraph\"><strong><a href=\"https:\/\/adhilac.com.ar\/?page_id=1698\">ENLACES<\/a> <\/strong><\/p>\n\n\n\n<p class=\"has-text-align-center has-vivid-cyan-blue-color has-very-light-gray-background-color has-text-color has-background wp-block-paragraph\"><a href=\"http:\/\/www.ariadnatucma.com.ar\">VISITE ARIADNA TUCMA REVISTA LATINOAMERICANA<\/a><\/p>\n<\/div><\/div>\n","protected":false},"excerpt":{"rendered":"<p>Por Germ\u00e1n Rodas Chaves Promover con denuedo -de la misma manera en que lo hicieron\u00a0diversos sectores\u00a0del pa\u00eds- que\u00a0Jos\u00e9 Mar\u00eda Velasco Ibarra\u00a0remplazara en el poder a\u00a0Carlos Alberto Arroyo del R\u00edo\u00a0luego de las jornadas de la llamada \u2018Revoluci\u00f3n de mayo de 1944\u2019, fue una de las tantas vicisitudes pol\u00edticas del entonces\u00a0dirigente estudiantil universitario\u00a0Plutarco Naranjo Vargas.<\/p>\n","protected":false},"author":54,"featured_media":0,"comment_status":"closed","ping_status":"open","sticky":false,"template":"","format":"standard","meta":{"_crdt_document":"","footnotes":""},"categories":[351,40],"tags":[27,1264],"class_list":["post-17830","post","type-post","status-publish","format-standard","hentry","category-historiadores","category-informaciones","tag-ecuador","tag-plutarco-naranjo-vargas"],"_links":{"self":[{"href":"https:\/\/adhilac.com.ar\/index.php?rest_route=\/wp\/v2\/posts\/17830","targetHints":{"allow":["GET"]}}],"collection":[{"href":"https:\/\/adhilac.com.ar\/index.php?rest_route=\/wp\/v2\/posts"}],"about":[{"href":"https:\/\/adhilac.com.ar\/index.php?rest_route=\/wp\/v2\/types\/post"}],"author":[{"embeddable":true,"href":"https:\/\/adhilac.com.ar\/index.php?rest_route=\/wp\/v2\/users\/54"}],"replies":[{"embeddable":true,"href":"https:\/\/adhilac.com.ar\/index.php?rest_route=%2Fwp%2Fv2%2Fcomments&post=17830"}],"version-history":[{"count":1,"href":"https:\/\/adhilac.com.ar\/index.php?rest_route=\/wp\/v2\/posts\/17830\/revisions"}],"predecessor-version":[{"id":17833,"href":"https:\/\/adhilac.com.ar\/index.php?rest_route=\/wp\/v2\/posts\/17830\/revisions\/17833"}],"wp:attachment":[{"href":"https:\/\/adhilac.com.ar\/index.php?rest_route=%2Fwp%2Fv2%2Fmedia&parent=17830"}],"wp:term":[{"taxonomy":"category","embeddable":true,"href":"https:\/\/adhilac.com.ar\/index.php?rest_route=%2Fwp%2Fv2%2Fcategories&post=17830"},{"taxonomy":"post_tag","embeddable":true,"href":"https:\/\/adhilac.com.ar\/index.php?rest_route=%2Fwp%2Fv2%2Ftags&post=17830"}],"curies":[{"name":"wp","href":"https:\/\/api.w.org\/{rel}","templated":true}]}}