{"id":17836,"date":"2021-06-19T08:34:00","date_gmt":"2021-06-19T11:34:00","guid":{"rendered":"https:\/\/adhilac.com.ar\/?p=17836"},"modified":"2021-06-26T08:45:09","modified_gmt":"2021-06-26T11:45:09","slug":"la-rebelion-aprista-de-1932","status":"publish","type":"post","link":"https:\/\/adhilac.com.ar\/?p=17836","title":{"rendered":"La rebeli\u00f3n aprista de 1932"},"content":{"rendered":"\n<div class=\"wp-block-image is-style-default\"><figure class=\"aligncenter size-large is-resized\"><img loading=\"lazy\" decoding=\"async\" src=\"https:\/\/adhilac.com.ar\/wp-content\/uploads\/2021\/06\/Madre-America-1-Peru-800x480.jpeg\" alt=\"\" class=\"wp-image-17837\" width=\"476\" height=\"285\" srcset=\"https:\/\/adhilac.com.ar\/wp-content\/uploads\/2021\/06\/Madre-America-1-Peru-800x480.jpeg 800w, https:\/\/adhilac.com.ar\/wp-content\/uploads\/2021\/06\/Madre-America-1-Peru-300x180.jpeg 300w, https:\/\/adhilac.com.ar\/wp-content\/uploads\/2021\/06\/Madre-America-1-Peru-768x461.jpeg 768w, https:\/\/adhilac.com.ar\/wp-content\/uploads\/2021\/06\/Madre-America-1-Peru.jpeg 1000w\" sizes=\"auto, (max-width: 476px) 100vw, 476px\" \/><\/figure><\/div>\n\n\n\n<p class=\"wp-block-paragraph\">Sergio Guerra Vilaboy<\/p>\n\n\n\n<p class=\"wp-block-paragraph\">La d\u00e9cada del treinta del siglo pasado comenz\u00f3 en Am\u00e9rica Latina con grandes revueltas sociales y revoluciones frustradas, al calor de la pavorosa crisis econ\u00f3mica mundial de 1929, algo que se nos parece mucho a lo que ahora sucede en nuestro entorno. Por todas partes estallaron protestas obreras, levantamientos campesinos y fallidos motines que estremecieron al continente de un extremo al otro. Uno de los m\u00e1s dram\u00e1ticos y menos conocidos fue la rebeli\u00f3n popular peruana del 7 de julio de 1932, que tuvo por escenario la ciudad de Trujillo y el valle del Chicama.<\/p>\n\n\n\n<!--more-->\n\n\n\n<p class=\"wp-block-paragraph\">En 1930 un levantamiento militar, encabezado por el comandante Luis Miguel S\u00e1nchez Cerro, puso fin a una d\u00e9cada de mandato del presidente Augusto B. Legu\u00eda, que morir\u00eda en prisi\u00f3n. Como en el resto del hemisferio, la crisis econ\u00f3mica llegaba acompa\u00f1ada del desplome del gobierno y el incremento de la intranquilidad social. En el caso peruano, ven\u00eda precedida de una enorme agitaci\u00f3n de campesinos e ind\u00edgenas, as\u00ed como del naciente movimiento estudiantil encabezado por V\u00edctor Ra\u00fal Haya de la Torre, fundador en 1919 de la Federaci\u00f3n de Estudiantes y uno de los creadores dos a\u00f1os despu\u00e9s de la Universidad Popular Gonz\u00e1lez Prada, para dar acceso a los trabajadores. El propio Haya hab\u00eda organizado en M\u00e9xico en 1924, bajo el impacto de la Revoluci\u00f3n Mexicana, la Alianza Popular Revolucionaria Americana (APRA), una organizaci\u00f3n de pretensi\u00f3n continental, de corte antimperialista e indigenista.<\/p>\n\n\n\n<p class=\"wp-block-paragraph\">Avivadas por el golpe de S\u00e1nchez Cerro, las protestas y motines populares se esparcieron por toda la geograf\u00eda peruana, como en las minas de La Oroya, donde cientos de hambreados ind\u00edgenas asaltaron las instalaciones del Cerro de Pasco Corporation. Para intentar calmar la situaci\u00f3n, el gobierno militar permiti\u00f3 el regreso de los exiliados y convoc\u00f3 a elecciones, en las que por primera vez particip\u00f3 el APRA, devenido un partido nacional nombrado aprista peruano (PAP), con su principal base en las ciudades y entre los expoliados trabajadores agr\u00edcolas de las haciendas azucareras del norte. &nbsp;<\/p>\n\n\n\n<p class=\"wp-block-paragraph\">En los ama\u00f1ados comicios de septiembre de 1931 se impuso el propio S\u00e1nchez Cerro, lo que agrav\u00f3 el descontento y la crispaci\u00f3n social, respondida con mayor represi\u00f3n. &nbsp;El 23 de diciembre de 1931 la sede central del APRA fue clausurada y el 20 de febrero desterrados sus 27 diputados reci\u00e9n electos, seguida de la persecuci\u00f3n de la dirigencia. A continuaci\u00f3n, un joven aprista her\u00eda al propio mandatario y dos meses despu\u00e9s Haya de la Torre era apresado en los suburbios de Lima.<\/p>\n\n\n\n<div class=\"wp-block-image is-style-default\"><figure class=\"aligncenter is-resized\"><img loading=\"lazy\" decoding=\"async\" src=\"https:\/\/informefracto.com\/wp-content\/uploads\/2021\/06\/Madre-Am\u00e9rica-2-Per\u00fa.jpeg\" alt=\"\" class=\"wp-image-43836\" width=\"399\" height=\"239\"\/><figcaption>Jos\u00e9 Carlos Mari\u00e1tegui<\/figcaption><\/figure><\/div>\n\n\n\n<p class=\"wp-block-paragraph\">Desde ese momento, las sublevaciones, sabotajes y conspiraciones contra el r\u00e9gimen se pusieron a la orden del d\u00eda, pero la acci\u00f3n revolucionaria m\u00e1s resonante se desarroll\u00f3 en Trujillo, verdadero basti\u00f3n del APRA, una regi\u00f3n devastada por las dr\u00e1sticas reducciones de salarios y el desempleo por el desplome de los precios del az\u00facar. El 7 de julio de 1932, peones rurales, obreros y estudiantes se apoderaron de la alcald\u00eda, edificios p\u00fablicos e instalaciones militares de esa ciudad norte\u00f1a y formaron su propio gobierno local, al que se uni\u00f3 la mayor\u00eda de los soldados y polic\u00edas; aunque una decena de oficiales capturados en el cuartel de artiller\u00eda O\u00b4Donovan, donde cay\u00f3 combatiendo el fornido l\u00edder aprista Manuel <em>B\u00fafalo<\/em> Barreto, fueron v\u00edctimas de la descontrolada ira popular.<\/p>\n\n\n\n<p class=\"wp-block-paragraph\">Para poder aplastar la extendida revuelta en Trujillo, S\u00e1nchez Cerro tuvo que lanzar un despiadado bombardeo naval y terrestre sobre la poblaci\u00f3n civil, seguido de la brutal ofensiva del ej\u00e9rcito. Debido a la enconada resistencia de los sublevados, parapetados tras barricadas en las calles, fue necesario tomar casa por casa. En la defensa de la c\u00e9ntrica plazoleta de El Recreo se destac\u00f3 una mujer, Mar\u00eda Luisa Obreg\u00f3n, \u201c<em>La Laredina<\/em>\u201d, armada con una ametralladora. Los ca\u00eddos en la contienda, o a consecuencia de las posteriores represalias, se calculan en varios miles, muchos de ellos fusilados sin juicio el 27 de julio en las ruinas de la ciudad preincaica de Chan Chan, en las afueras de Trujillo.<\/p>\n\n\n\n<p class=\"wp-block-paragraph\">S\u00e1nchez Cerro obtuvo una victoria p\u00edrrica, pues a fines de abril de 1933 fue abatido a balazos en Lima a la salida del hip\u00f3dromo. A pesar de que el heroico levantamiento revolucionario de Trujillo cont\u00f3 con una amplia participaci\u00f3n aprista, Haya de la Torre, cada vez m\u00e1s inclinado a la derecha y a la negociaci\u00f3n con los partidos olig\u00e1rquicos, no tard\u00f3 en desmarcarse de esta hist\u00f3rica rebeli\u00f3n popular, como hizo tambi\u00e9n con el programa originario del APRA. Su claudicaci\u00f3n ya hab\u00eda sido denunciada por los desaparecidos l\u00edderes revolucionarios de Per\u00fa y Cuba: Jos\u00e9 Carlos Mari\u00e1tegui y Julio Antonio Mella. \u00a0<\/p>\n\n\n\n<p class=\"wp-block-paragraph\">Fuente: www.informefracto.com &#8211; 18 de junio de 2021<\/p>\n\n\n\n<div style=\"height:51px\" aria-hidden=\"true\" class=\"wp-block-spacer\"><\/div>\n\n\n\n<p class=\"has-very-light-gray-color has-vivid-cyan-blue-background-color has-text-color has-background wp-block-paragraph\"><strong>Publicado por ADHILAC Internacional \u00a9 www.adhilac.com.ar<\/strong><\/p>\n\n\n\n<p class=\"has-vivid-cyan-blue-color has-very-light-gray-background-color has-text-color has-background wp-block-paragraph\"> Si Ud. desea asociarse de acuerdo a los Estatutos de ADHILAC&nbsp;<a href=\"https:\/\/adhilac.com.ar\/?page_id=263\">(ver)<\/a> complete el siguiente formulario&nbsp;(<a href=\"https:\/\/adhilac.com.ar\/?page_id=4779\">ver<\/a>)<\/p>\n\n\n\n<p class=\"has-very-light-gray-color has-vivid-cyan-blue-background-color has-text-color has-background wp-block-paragraph\"> E-mail:&nbsp;info@adhilac.com.ar <\/p>\n\n\n\n<p class=\"has-very-light-gray-color has-vivid-cyan-blue-background-color has-text-color has-background wp-block-paragraph\"> Twitter: @AdhilacInfo <\/p>\n\n\n\n<div class=\"wp-block-image is-style-default\"><figure class=\"aligncenter size-large\"><img loading=\"lazy\" decoding=\"async\" width=\"85\" height=\"85\" src=\"https:\/\/adhilac.com.ar\/wp-content\/uploads\/2015\/02\/Logo-ADHILAC-Internacional-PEQ.jpg\" alt=\"\" class=\"wp-image-10473\"\/><\/figure><\/div>\n\n\n\n<p class=\"wp-block-paragraph\">Ver <a href=\"https:\/\/adhilac.com.ar\/?page_id=541\">Presentaci\u00f3n de ADHILAC<\/a><\/p>\n\n\n\n<div style=\"height:52px\" aria-hidden=\"true\" class=\"wp-block-spacer\"><\/div>\n\n\n\n<div class=\"wp-block-group\"><div class=\"wp-block-group__inner-container is-layout-flow wp-block-group-is-layout-flow\">\n<p class=\"has-text-align-center has-very-light-gray-color has-vivid-cyan-blue-background-color has-text-color has-background wp-block-paragraph\"><strong><a href=\"https:\/\/adhilac.com.ar\/?page_id=541\">QUIENES SOMOS<\/a><\/strong><\/p>\n\n\n\n<p class=\"has-text-align-center has-vivid-cyan-blue-color has-very-light-gray-background-color has-text-color has-background wp-block-paragraph\"><strong><a href=\"https:\/\/adhilac.com.ar\/?page_id=15507\">DIRECTIVA DE ADHILAC INTERNACIONAL<\/a><\/strong><\/p>\n\n\n\n<p class=\"has-text-align-center has-very-light-gray-color has-vivid-cyan-blue-background-color has-text-color has-background wp-block-paragraph\"><strong><a href=\"https:\/\/adhilac.com.ar\/?page_id=267\">Declaraci\u00f3n de Caracas de ADHILAC (2007)<\/a><\/strong><\/p>\n\n\n\n<p class=\"has-text-align-center has-vivid-cyan-blue-color has-very-light-gray-background-color has-text-color has-background wp-block-paragraph\"><strong><a href=\"https:\/\/adhilac.com.ar\/?page_id=15873\">ADHILAC: Historia &#8211; Historidorxs<\/a><\/strong><\/p>\n\n\n\n<p class=\"has-text-align-center has-very-light-gray-color has-vivid-cyan-blue-background-color has-text-color has-background wp-block-paragraph\"><strong><a href=\"https:\/\/adhilac.com.ar\/?page_id=15876\">ADHILAC 20 a\u00f1os despu\u00e9s (1974-1994)<\/a> <\/strong><\/p>\n\n\n\n<p class=\"has-text-align-center has-vivid-cyan-blue-color has-very-light-gray-background-color has-text-color has-background wp-block-paragraph\"><strong><a href=\"https:\/\/adhilac.com.ar\/?page_id=15861\">ADHILAC Breve Historia<\/a> <\/strong><\/p>\n\n\n\n<p class=\"has-text-align-center has-very-light-gray-color has-vivid-cyan-blue-background-color has-text-color has-background wp-block-paragraph\"><strong><a href=\"https:\/\/adhilac.com.ar\/?page_id=15887\">ADHILAC: Miembrxs fundadores<\/a><\/strong><\/p>\n\n\n\n<p class=\"has-text-align-center has-vivid-cyan-blue-color has-very-light-gray-background-color has-text-color has-background wp-block-paragraph\"><strong><a href=\"https:\/\/adhilac.com.ar\/?page_id=15943\">ADHILAC: Historiadorxs Destacadxs<\/a><\/strong><\/p>\n\n\n\n<p class=\"has-text-align-center has-very-light-gray-color has-vivid-cyan-blue-background-color has-text-color has-background wp-block-paragraph\"><strong><a href=\"https:\/\/adhilac.com.ar\/?page_id=4779\">SOCIXS<\/a><\/strong><\/p>\n\n\n\n<p class=\"has-text-align-center has-vivid-cyan-blue-color has-very-light-gray-background-color has-text-color has-background wp-block-paragraph\"><strong><a href=\"https:\/\/adhilac.com.ar\/?page_id=263\">Estatutos de ADHILAC<\/a><\/strong><\/p>\n\n\n\n<p class=\"has-text-align-center has-very-light-gray-color has-vivid-cyan-blue-background-color has-text-color has-background wp-block-paragraph\"><strong><a href=\"https:\/\/adhilac.com.ar\/?page_id=8220\">BICENTENARIO<\/a><\/strong><\/p>\n\n\n\n<p class=\"has-text-align-center has-vivid-cyan-blue-color has-very-light-gray-background-color has-text-color has-background wp-block-paragraph\"><strong><a href=\"https:\/\/adhilac.com.ar\/?page_id=8279\">BIBLIOTECA<\/a><\/strong><\/p>\n\n\n\n<p class=\"has-text-align-center has-very-light-gray-color has-vivid-cyan-blue-background-color has-text-color has-background wp-block-paragraph\"><strong><a href=\"https:\/\/adhilac.com.ar\/?page_id=1698\">ENLACES<\/a> <\/strong><\/p>\n\n\n\n<p class=\"has-text-align-center has-vivid-cyan-blue-color has-very-light-gray-background-color has-text-color has-background wp-block-paragraph\"><a href=\"http:\/\/www.ariadnatucma.com.ar\">VISITE ARIADNA TUCMA REVISTA LATINOAMERICANA<\/a><\/p>\n<\/div><\/div>\n\n\n\n<p class=\"wp-block-paragraph\">\u00a0 <\/p>\n","protected":false},"excerpt":{"rendered":"<p>Sergio Guerra Vilaboy La d\u00e9cada del treinta del siglo pasado comenz\u00f3 en Am\u00e9rica Latina con grandes revueltas sociales y revoluciones frustradas, al calor de la pavorosa crisis econ\u00f3mica mundial de 1929, algo que se nos parece mucho a lo que ahora sucede en nuestro entorno. Por todas partes estallaron protestas obreras, levantamientos campesinos y fallidos [&hellip;]<\/p>\n","protected":false},"author":17,"featured_media":0,"comment_status":"closed","ping_status":"closed","sticky":false,"template":"","format":"standard","meta":{"_crdt_document":"","footnotes":""},"categories":[15],"tags":[1265,411],"class_list":["post-17836","post","type-post","status-publish","format-standard","hentry","category-historia","tag-apra","tag-peru"],"_links":{"self":[{"href":"https:\/\/adhilac.com.ar\/index.php?rest_route=\/wp\/v2\/posts\/17836","targetHints":{"allow":["GET"]}}],"collection":[{"href":"https:\/\/adhilac.com.ar\/index.php?rest_route=\/wp\/v2\/posts"}],"about":[{"href":"https:\/\/adhilac.com.ar\/index.php?rest_route=\/wp\/v2\/types\/post"}],"author":[{"embeddable":true,"href":"https:\/\/adhilac.com.ar\/index.php?rest_route=\/wp\/v2\/users\/17"}],"replies":[{"embeddable":true,"href":"https:\/\/adhilac.com.ar\/index.php?rest_route=%2Fwp%2Fv2%2Fcomments&post=17836"}],"version-history":[{"count":2,"href":"https:\/\/adhilac.com.ar\/index.php?rest_route=\/wp\/v2\/posts\/17836\/revisions"}],"predecessor-version":[{"id":17839,"href":"https:\/\/adhilac.com.ar\/index.php?rest_route=\/wp\/v2\/posts\/17836\/revisions\/17839"}],"wp:attachment":[{"href":"https:\/\/adhilac.com.ar\/index.php?rest_route=%2Fwp%2Fv2%2Fmedia&parent=17836"}],"wp:term":[{"taxonomy":"category","embeddable":true,"href":"https:\/\/adhilac.com.ar\/index.php?rest_route=%2Fwp%2Fv2%2Fcategories&post=17836"},{"taxonomy":"post_tag","embeddable":true,"href":"https:\/\/adhilac.com.ar\/index.php?rest_route=%2Fwp%2Fv2%2Ftags&post=17836"}],"curies":[{"name":"wp","href":"https:\/\/api.w.org\/{rel}","templated":true}]}}