{"id":1785,"date":"2010-07-06T11:46:44","date_gmt":"2010-07-06T14:46:44","guid":{"rendered":"https:\/\/adhilac.com.ar\/?p=1785"},"modified":"2012-07-28T11:03:51","modified_gmt":"2012-07-28T14:03:51","slug":"muestra-fotografica-%e2%80%9cla-estacion-del-ferrocarril%e2%80%9d-de-basilio-wizny-en-catamarca-argentina-julio-de-2010","status":"publish","type":"post","link":"https:\/\/adhilac.com.ar\/?p=1785","title":{"rendered":"Muestra fotogr\u00e1fica \u201cLa Estaci\u00f3n del Ferrocarril\u201d de Basilio Wizny en Catamarca (Argentina) julio de 2010"},"content":{"rendered":"<p><span style=\"color: #800000;\"><br \/>\n<\/span><\/p>\n<p><span style=\"color: #800000;\"><img loading=\"lazy\" decoding=\"async\" class=\"aligncenter size-full wp-image-1802\" title=\"La estacion de FFCC FRENTE-1\" src=\"https:\/\/adhilac.com.ar\/wp-content\/uploads\/2010\/07\/La-estacion-de-FFCC-FRENTE-1.jpg\" alt=\"La estacion de FFCC FRENTE-1\" width=\"484\" height=\"324\" \/><br \/>\n<\/span><\/p>\n<p>Durante el mes de julio de 2010 se realiza una importante muestra fotogr\u00e1fica que busca recuperar y difundir el patrimonio hist\u00f3rico argentino<!--more--><\/p>\n<p>&nbsp;<\/p>\n<p>El domingo 04 de julio de 2010, en horas de la noche, se llev\u00f3 a cabo la inauguraci\u00f3n de la muestra fotogr\u00e1fica del docente, investigador, escultor, fot\u00f3grafo, nacido y residente en la ciudad  de Salta, Argentina, <strong>Basilio Wizny <\/strong>denominada <strong>\u201cLa Estaci\u00f3n del Ferrocarril\u201d<\/strong> en la ciudad de San Fernando del Valle de Catamarca en la provincia hom\u00f3nima del noroeste de Argentina.<\/p>\n<p>Coincidi\u00f3 con los actos de inauguraci\u00f3n de las obras de recuperaci\u00f3n y puesta en valor del edificio e instalaciones de la antigua estaci\u00f3n del ferrocarril Gral. Manuel Belgrano que hab\u00eda cesado de prestar servicios en el a\u00f1o 1977.<\/p>\n<p>Las 24 fotograf\u00edas de la muestra fueron seleccionadas de las series tomadas por el fot\u00f3grafo salte\u00f1o entre diciembre de 2006 y febrero de 2007 cuando el edificio mostraba crudamente los impactos sufridos por ocupaciones, vandalismos, destinos diversos y fundamentalmente el abandono acumulados desde 1977.<\/p>\n<p>Luego de varios intentos la exposici\u00f3n se concreta por el apoyo de la Municipalidad de la ciudad de Catamarca y fundamentalmente gracias a la acci\u00f3n visionaria y perseverante del grupo <strong>Ar.Ca. Amigos del Arte en Catamarca <\/strong>integrado por<\/p>\n<ul>\n<li><strong>Judith de los \u00c1ngeles Moreno<\/strong><\/li>\n<li><strong>Alejandra Cacciabue de Pingitore<\/strong><\/li>\n<li><strong>Mar\u00eda Alejandra Vera <\/strong><\/li>\n<li><strong>Basilio Bomczuk<\/strong><\/li>\n<li><strong>Gisela Dalla Via<\/strong><\/li>\n<li><strong>Mar\u00eda Elena Hauy<\/strong><\/li>\n<li><strong>Mar\u00eda del Rosario Andrada<\/strong><\/li>\n<li><strong>Luis Alberto Parra<\/strong><\/li>\n<li><strong>Ana Mar\u00eda Cani<\/strong>l<\/li>\n<\/ul>\n<p>Las gestiones iniciales se deben a <strong>Prof. Norma Ben Altabef<\/strong> de la Universidad Nacional de Tucum\u00e1n (UNT) y al <strong>Dr. Jorge Gustavo Zavadisca<\/strong><\/p>\n<p>El auspicio y apoyo institucionales que permitieron la concurrencia del artista se deben a:<\/p>\n<p><em>Universidad de C\u00e1diz \u2013 G.E.H.A. Grupo de Estudios de Historia Actual<br \/>\nDr. Julio P\u00e9rez Serrano<br \/>\nDr. Carmen G\u00f3mez G\u00f3mez<\/em><\/p>\n<p><em>Asociaci\u00f3n de Historiadores Latinoamericanos y del Caribe \u2013 (ADHILAC)<br \/>\nDr. Jorge Enrique El\u00edas Caro, Secretario Ejecutivo Internacional de ADHILAC &#8211; Universidad de Magdalena Colombia<br \/>\nProf.\u00a0 Carolina Crisorio,\u00a0 UBA, ADHILAC Argentina, Vicepresidente de ADHILAC Internacional<\/em>.<\/p>\n<p><img loading=\"lazy\" decoding=\"async\" class=\"aligncenter size-full wp-image-1793\" title=\"La estacion de FFCC -2\" src=\"https:\/\/adhilac.com.ar\/wp-content\/uploads\/2010\/07\/La-estacion-de-FFCC-2.jpg\" alt=\"La estacion de FFCC -2\" width=\"413\" height=\"806\" \/><img loading=\"lazy\" decoding=\"async\" class=\"aligncenter size-full wp-image-1795\" title=\"La estacion de FFCC Ingles 2\" src=\"https:\/\/adhilac.com.ar\/wp-content\/uploads\/2010\/07\/La-estacion-de-FFCC-Ingles-2.jpg\" alt=\"La estacion de FFCC Ingles 2\" width=\"413\" height=\"686\" \/><\/p>\n<p><strong>Publicado por ADHILAC Internacional \u00a9 www.adhilac.com.ar<\/strong><\/p>\n<p>Si Ud. desea asociarse de acuerdo a los Estatutos de ADHILAC\u00a0<a title=\"(ver)\" href=\"https:\/\/adhilac.com.ar\/?page_id=263\">(ver)<\/a> complete el siguiente formulario\u00a0<a title=\"(ver)\" href=\"https:\/\/adhilac.com.ar\/?page_id=3194\">(ver)<\/a><\/p>\n<p>E-mail: info@adhilac.com.ar<strong> <\/strong><\/p>\n<p>Twitter: @AdhilacInfo<\/p>\n<p>&nbsp;<\/p>\n","protected":false},"excerpt":{"rendered":"<p>Durante el mes de julio de 2010 se realiza una importante muestra fotogr\u00e1fica que busca recuperar y difundir el patrimonio hist\u00f3rico argentino<\/p>\n","protected":false},"author":2,"featured_media":0,"comment_status":"closed","ping_status":"closed","sticky":false,"template":"","format":"standard","meta":{"_crdt_document":"","footnotes":""},"categories":[10,40],"tags":[62,61],"class_list":["post-1785","post","type-post","status-publish","format-standard","hentry","category-adhil-arg","category-informaciones","tag-fotografia","tag-patrimonio-cultural"],"_links":{"self":[{"href":"https:\/\/adhilac.com.ar\/index.php?rest_route=\/wp\/v2\/posts\/1785","targetHints":{"allow":["GET"]}}],"collection":[{"href":"https:\/\/adhilac.com.ar\/index.php?rest_route=\/wp\/v2\/posts"}],"about":[{"href":"https:\/\/adhilac.com.ar\/index.php?rest_route=\/wp\/v2\/types\/post"}],"author":[{"embeddable":true,"href":"https:\/\/adhilac.com.ar\/index.php?rest_route=\/wp\/v2\/users\/2"}],"replies":[{"embeddable":true,"href":"https:\/\/adhilac.com.ar\/index.php?rest_route=%2Fwp%2Fv2%2Fcomments&post=1785"}],"version-history":[{"count":14,"href":"https:\/\/adhilac.com.ar\/index.php?rest_route=\/wp\/v2\/posts\/1785\/revisions"}],"predecessor-version":[{"id":1805,"href":"https:\/\/adhilac.com.ar\/index.php?rest_route=\/wp\/v2\/posts\/1785\/revisions\/1805"}],"wp:attachment":[{"href":"https:\/\/adhilac.com.ar\/index.php?rest_route=%2Fwp%2Fv2%2Fmedia&parent=1785"}],"wp:term":[{"taxonomy":"category","embeddable":true,"href":"https:\/\/adhilac.com.ar\/index.php?rest_route=%2Fwp%2Fv2%2Fcategories&post=1785"},{"taxonomy":"post_tag","embeddable":true,"href":"https:\/\/adhilac.com.ar\/index.php?rest_route=%2Fwp%2Fv2%2Ftags&post=1785"}],"curies":[{"name":"wp","href":"https:\/\/api.w.org\/{rel}","templated":true}]}}