{"id":17850,"date":"2021-06-23T07:36:00","date_gmt":"2021-06-23T10:36:00","guid":{"rendered":"https:\/\/adhilac.com.ar\/?p=17850"},"modified":"2021-07-28T08:22:41","modified_gmt":"2021-07-28T11:22:41","slug":"braceros-antillanos-en-cuba","status":"publish","type":"post","link":"https:\/\/adhilac.com.ar\/?p=17850","title":{"rendered":"Braceros antillanos en Cuba"},"content":{"rendered":"\n<div class=\"wp-block-image\"><figure class=\"aligncenter size-large is-resized\"><img loading=\"lazy\" decoding=\"async\" src=\"https:\/\/adhilac.com.ar\/wp-content\/uploads\/2021\/07\/Braceros-antillanos-800x480.jpeg\" alt=\"\" class=\"wp-image-17851\" width=\"538\" height=\"323\" srcset=\"https:\/\/adhilac.com.ar\/wp-content\/uploads\/2021\/07\/Braceros-antillanos-800x480.jpeg 800w, https:\/\/adhilac.com.ar\/wp-content\/uploads\/2021\/07\/Braceros-antillanos-300x180.jpeg 300w, https:\/\/adhilac.com.ar\/wp-content\/uploads\/2021\/07\/Braceros-antillanos-768x461.jpeg 768w, https:\/\/adhilac.com.ar\/wp-content\/uploads\/2021\/07\/Braceros-antillanos.jpeg 1000w\" sizes=\"auto, (max-width: 538px) 100vw, 538px\" \/><\/figure><\/div>\n\n\n\n<p class=\"wp-block-paragraph\">Por Sergio Guerra Vilaboy<\/p>\n\n\n\n<p class=\"wp-block-paragraph\">En las primeras tres d\u00e9cadas del siglo XX ingresaron a Cuba 337 mil braceros antillanos para trabajar en la cosecha azucarera, mientras otra cantidad imprecisa lo hizo en forma ilegal. Los inmigrantes buscaban aliviar la dif\u00edcil situaci\u00f3n econ\u00f3mica en sus lugares de residencia, atra\u00eddos por las oportunidades de trabajo creadas en la mayor isla del Caribe por la expansi\u00f3n de la industria azucarera.<\/p>\n\n\n\n<!--more-->\n\n\n\n<p class=\"wp-block-paragraph\">Dominada por grandes compa\u00f1\u00edas norteamericanas, el vertiginoso crecimiento de la producci\u00f3n de az\u00facar cubana requer\u00eda braceros extranjeros, cuya entrada era limitada por la Orden Militar de 1902 dictada durante la primera ocupaci\u00f3n de Estados Unidos. La presi\u00f3n desarrollada por las grandes empresas sobre los primeros gobiernos cubanos, permiti\u00f3 que desde 1906 se otorgaran permisos especiales para el ingreso de trabajadores de Jamaica y Hait\u00ed.<\/p>\n\n\n\n<p class=\"wp-block-paragraph\">El alza de los precios del az\u00facar durante la Primera Guerra Mundial agudiz\u00f3 la escasez de brazos para las largas cosechas y oblig\u00f3 a las poderosas compa\u00f1\u00edas for\u00e1neas a gestionar nuevas autorizaciones. En 1917, el gobierno cubano acept\u00f3 la entrada de braceros hasta dos a\u00f1os despu\u00e9s que concluyera la contienda mundial, con la condici\u00f3n de que fueran reembarcados despu\u00e9s de la cosecha. La concesi\u00f3n dispar\u00f3 la entrada de antillanos, permitiendo a los plantadores aumentar sus producciones sin incrementar los salarios. Ya en 1918 lo hicieron 18 mil, cifra que lleg\u00f3 a 60 mil dos a\u00f1os despu\u00e9s, cuando comenz\u00f3 a descender compulsado por la ca\u00edda del precio del az\u00facar. En 1931, de la poblaci\u00f3n de extranjeros en Cuba, cerca de medio mill\u00f3n de personas, el 17,7% eran haitianos -la segunda comunidad de inmigrantes despu\u00e9s de los espa\u00f1oles- y los jamaicanos significaban el 6,5%.<\/p>\n\n\n\n<p class=\"wp-block-paragraph\">La mayor parte de los braceros que entraban a Cuba por la v\u00eda legal se marchaba al terminar la cosecha, aunque muchos repet\u00edan varias veces. Para sus traslados, el administrador de la United Fruit Company en Cuba, una de las empresas norteamericanas que m\u00e1s inmigrantes necesitaba en sus plantaciones, recomendaba a sus contratistas que cargaran \u201c<em>tantos trabajadores como el barco pueda alojar de acuerdo a las leyes de Hait\u00ed, y que nosotros estimamos en proporci\u00f3n de un hombre por cada tonelada neta\u201d<\/em>. De ah\u00ed que los braceros no hubieran mejorado mucho en comparaci\u00f3n con el hacinamiento de sus antecesores africanos, pues seg\u00fan los datos del almirantazgo de Nantes \u2013el primer puerto de la trata de Francia durante el siglo XVIII-, el buque negrero t\u00edpico transportaba dos hombres por tonelada.<\/p>\n\n\n\n<p class=\"wp-block-paragraph\">Desde fines de los a\u00f1os veinte aumentaron los cuestionamientos a la inmigraci\u00f3n de braceros ante las restricciones a las cosechas por la continua ca\u00edda del precio del az\u00facar, como un peri\u00f3dico provinciano cubano que en 1928 se quejaba de que \u201c<em>anualmente mil cubanos abren los cortes y hacen la tarea de 3000 haitianos. Cuando \u00e9stos llegan y unos jornales irrisorios son pagados, entonces la mayor\u00eda de aquellos abandonan los cortes<\/em><em>[<\/em><em>\u2026 pues<\/em><em>]<\/em><em> se alimentan de frijoles y boniatos sembrados en las carreteras por las empresas y por tanto apenas gastan<\/em><em>[<\/em><em>\u2026 o<\/em><em>]<\/em><em> &nbsp;se ven obligados a comprar en el barrac\u00f3n del latifundio azucarero.\u201d<\/em><\/p>\n\n\n\n<p class=\"wp-block-paragraph\">Como resultado de la crisis econ\u00f3mica mundial el masivo desempleo de los trabajadores cubanos puso fin en 1931 a la entrada de braceros y dos a\u00f1os despu\u00e9s se orden\u00f3 la repatriaci\u00f3n de los que todav\u00eda estaban en la isla, por lo que fueron expulsados en los a\u00f1os siguientes unos 40 mil jamaicanos y 18 mil haitianos, aunque muchos se quedaron para siempre en la isla, a pesar del mal trato y la discriminaci\u00f3n.<\/p>\n\n\n\n<p class=\"wp-block-paragraph\">Los braceros antillanos en Cuba jugaron un papel importante en el desarrollo de la naci\u00f3n cubana y su huella sigue presente en la identidad nacional. En reconocimiento al extraordinario sacrifico de estos trabajadores caribe\u00f1os, los que todav\u00eda viv\u00edan en la isla al triunfo de la Revoluci\u00f3n, fueron considerados en 1967 como cubanos a todos los efectos de la seguridad social, lo que benefici\u00f3 a 28 mil personas. Al fundamentar esta honrosa decisi\u00f3n, la propia resoluci\u00f3n se\u00f1alaba que esos hombres \u201c<em>fueron esquilmados inmisericordemente y vejados y discriminados por su triple condici\u00f3n de peones agr\u00edcolas, negros y extranjeros [\u2026] devengando salarios mis\u00e9rrimos a\u00fan m\u00e1s bajos que los que percib\u00edan los trabajadores cubanos, viviendo en condiciones infrahumanas, privados de todo derecho y de todo amparo, merced a la arbitrariedad del mayoral, la estafa del tendero, el plan de machete de la guardia rural y la amenaza constante de ser totalmente despojados y reembarcados a su pa\u00eds de origen<\/em>.\u201d<\/p>\n\n\n\n<p class=\"wp-block-paragraph\">Fuente: www.informefracto.com &#8211; 22 de junio de 2021<\/p>\n\n\n\n<div style=\"height:42px\" aria-hidden=\"true\" class=\"wp-block-spacer\"><\/div>\n\n\n\n<p class=\"has-very-light-gray-color has-vivid-cyan-blue-background-color has-text-color has-background wp-block-paragraph\"><strong>Publicado por ADHILAC Internacional \u00a9 www.adhilac.com.ar<\/strong><\/p>\n\n\n\n<p class=\"has-vivid-cyan-blue-color has-very-light-gray-background-color has-text-color has-background wp-block-paragraph\"> Si Ud. desea asociarse de acuerdo a los Estatutos de ADHILAC&nbsp;<a href=\"https:\/\/adhilac.com.ar\/?page_id=263\">(ver)<\/a> complete el siguiente formulario&nbsp;(<a href=\"https:\/\/adhilac.com.ar\/?page_id=4779\">ver<\/a>)<\/p>\n\n\n\n<p class=\"has-very-light-gray-color has-vivid-cyan-blue-background-color has-text-color has-background wp-block-paragraph\"> E-mail:&nbsp;info@adhilac.com.ar <\/p>\n\n\n\n<p class=\"has-very-light-gray-color has-vivid-cyan-blue-background-color has-text-color has-background wp-block-paragraph\"> Twitter: @AdhilacInfo <\/p>\n\n\n\n<div class=\"wp-block-image\"><figure class=\"aligncenter size-large\"><img loading=\"lazy\" decoding=\"async\" width=\"85\" height=\"85\" src=\"https:\/\/adhilac.com.ar\/wp-content\/uploads\/2015\/02\/Logo-ADHILAC-Internacional-PEQ.jpg\" alt=\"\" class=\"wp-image-10473\"\/><\/figure><\/div>\n\n\n\n<p class=\"wp-block-paragraph\">Ver <a href=\"https:\/\/adhilac.com.ar\/?page_id=541\">Presentaci\u00f3n de ADHILAC<\/a><\/p>\n\n\n\n<div style=\"height:46px\" aria-hidden=\"true\" class=\"wp-block-spacer\"><\/div>\n\n\n","protected":false},"excerpt":{"rendered":"<p>Por Sergio Guerra Vilaboy En las primeras tres d\u00e9cadas del siglo XX ingresaron a Cuba 337 mil braceros antillanos para trabajar en la cosecha azucarera, mientras otra cantidad imprecisa lo hizo en forma ilegal. Los inmigrantes buscaban aliviar la dif\u00edcil situaci\u00f3n econ\u00f3mica en sus lugares de residencia, atra\u00eddos por las oportunidades de trabajo creadas en [&hellip;]<\/p>\n","protected":false},"author":17,"featured_media":0,"comment_status":"closed","ping_status":"closed","sticky":false,"template":"","format":"standard","meta":{"_crdt_document":"","footnotes":""},"categories":[15],"tags":[1266,63,689],"class_list":["post-17850","post","type-post","status-publish","format-standard","hentry","category-historia","tag-braceros-antillanos","tag-cuba","tag-plantaciones-de-azucar"],"_links":{"self":[{"href":"https:\/\/adhilac.com.ar\/index.php?rest_route=\/wp\/v2\/posts\/17850","targetHints":{"allow":["GET"]}}],"collection":[{"href":"https:\/\/adhilac.com.ar\/index.php?rest_route=\/wp\/v2\/posts"}],"about":[{"href":"https:\/\/adhilac.com.ar\/index.php?rest_route=\/wp\/v2\/types\/post"}],"author":[{"embeddable":true,"href":"https:\/\/adhilac.com.ar\/index.php?rest_route=\/wp\/v2\/users\/17"}],"replies":[{"embeddable":true,"href":"https:\/\/adhilac.com.ar\/index.php?rest_route=%2Fwp%2Fv2%2Fcomments&post=17850"}],"version-history":[{"count":3,"href":"https:\/\/adhilac.com.ar\/index.php?rest_route=\/wp\/v2\/posts\/17850\/revisions"}],"predecessor-version":[{"id":17854,"href":"https:\/\/adhilac.com.ar\/index.php?rest_route=\/wp\/v2\/posts\/17850\/revisions\/17854"}],"wp:attachment":[{"href":"https:\/\/adhilac.com.ar\/index.php?rest_route=%2Fwp%2Fv2%2Fmedia&parent=17850"}],"wp:term":[{"taxonomy":"category","embeddable":true,"href":"https:\/\/adhilac.com.ar\/index.php?rest_route=%2Fwp%2Fv2%2Fcategories&post=17850"},{"taxonomy":"post_tag","embeddable":true,"href":"https:\/\/adhilac.com.ar\/index.php?rest_route=%2Fwp%2Fv2%2Ftags&post=17850"}],"curies":[{"name":"wp","href":"https:\/\/api.w.org\/{rel}","templated":true}]}}