{"id":17858,"date":"2021-07-03T07:48:00","date_gmt":"2021-07-03T10:48:00","guid":{"rendered":"https:\/\/adhilac.com.ar\/?p=17858"},"modified":"2021-07-28T08:22:03","modified_gmt":"2021-07-28T11:22:03","slug":"revoluciones-indigenas-en-los-andes-1780-1815","status":"publish","type":"post","link":"https:\/\/adhilac.com.ar\/?p=17858","title":{"rendered":"Revoluciones ind\u00edgenas en los Andes (1780-1815)"},"content":{"rendered":"\n<div class=\"wp-block-image is-style-rounded\"><figure class=\"aligncenter size-large is-resized\"><img loading=\"lazy\" decoding=\"async\" src=\"https:\/\/adhilac.com.ar\/wp-content\/uploads\/2021\/07\/Revoluciones-indigenas-800x480.jpeg\" alt=\"\" class=\"wp-image-17859\" width=\"584\" height=\"350\" srcset=\"https:\/\/adhilac.com.ar\/wp-content\/uploads\/2021\/07\/Revoluciones-indigenas-800x480.jpeg 800w, https:\/\/adhilac.com.ar\/wp-content\/uploads\/2021\/07\/Revoluciones-indigenas-300x180.jpeg 300w, https:\/\/adhilac.com.ar\/wp-content\/uploads\/2021\/07\/Revoluciones-indigenas-768x461.jpeg 768w, https:\/\/adhilac.com.ar\/wp-content\/uploads\/2021\/07\/Revoluciones-indigenas.jpeg 1000w\" sizes=\"auto, (max-width: 584px) 100vw, 584px\" \/><\/figure><\/div>\n\n\n\n<p class=\"wp-block-paragraph\">Por Sergio Guerra Vilaboy<\/p>\n\n\n\n<p class=\"wp-block-paragraph\">A fines del siglo XVIII, con el agravamiento de la crisis colonial en Hispanoam\u00e9rica, cobr\u00f3 fuerza la aspiraci\u00f3n de restaurar el antiguo Tahuantinsuyo, estimulada por un sector de quechuas y aymaras dispuestos a resistir los abusos e imposiciones de corregidores, curas, caciques y funcionarios de la Corona espa\u00f1ola. En 1780 se abri\u00f3 un ciclo de revoluciones ind\u00edgenas que estremecieron los Andes, iniciado por los hermanos Katari y cerrado con la ejecuci\u00f3n de Mateo Pumacahua en 1815.<\/p>\n\n\n\n<!--more-->\n\n\n\n<p class=\"wp-block-paragraph\">La primera tuvo por centro la provincia de Chayanta, al norte de Potos\u00ed (Alto Per\u00fa), provocada por los agobiantes impuestos, los constantes abusos de los funcionarios coloniales y el injusto encarcelamiento del <em>curaca<\/em> Tom\u00e1s Katari, liberado en 1779 por las airadas protestas ind\u00edgenas. Nuevas persecuciones en su contra condujeron el 26 de agosto de 1780 al levantamiento de Chayanta y al asesinato por fuerzas represivas de Tomas Katari el 15 de enero del a\u00f1o siguiente, lo que dio m\u00e1s br\u00edos a la rebeli\u00f3n. Despu\u00e9s del exitoso cerco a la ciudad de La Plata por D\u00e1maso Katari, los jefes rebeldes fueron capturados (abril-mayo) y ejecutados, entre ellos los hermanos D\u00e1maso y Nicol\u00e1s Katari.<\/p>\n\n\n\n<p class=\"wp-block-paragraph\">Fue entonces que la rebeld\u00eda ind\u00edgena cobr\u00f3 un segundo impulso con la incorporaci\u00f3n de Jos\u00e9 Gabriel Condorcanqui, <em>curaca<\/em> de Tungasuca, el 4 de noviembre de 1780, qui\u00e9n adopt\u00f3 el nombre del \u00faltimo Inca T\u00fapac Amaru, ejecutado por los espa\u00f1oles en 1572, para indicar la continuidad de la lucha anticolonial. Tras vencer en la batalla de Sangarara dos semanas despu\u00e9s, T\u00fapac Amaru II lleg\u00f3 a sitiar el Cuzco. Pero sus improvisadas tropas estaban mal armadas y desorganizadas, mientras que los virreyes de Per\u00fa y Buenos Aires concentraban en su contra todas las fuerzas militares disponibles. Adem\u00e1s, ni los criollos ni mestizos acudieron al llamado de T\u00fapac Amaru y, por el contrario, lo combatieron, incluido algunos poderosos <em>curacas<\/em> ind\u00edgenas como Mateo Garc\u00eda PumacahuaChihuantito.<\/p>\n\n\n\n<p class=\"wp-block-paragraph\">Derrotadas las fuerzas rebeldes ind\u00edgenas el 6 de abril de 1781, T\u00fapac Amaru fue apresado en Langui. Interrogado por un funcionario espa\u00f1ol para que delatara a sus colaboradores, el Inca contest\u00f3: \u201cAqu\u00ed no hay m\u00e1s c\u00f3mplices que t\u00fa y yo: t\u00fa por oprimir al pueblo y yo por querer liberarlo\u201d. El 18 de mayo el valiente rebelde fue descuartizado en la plaza p\u00fablica por cuatro caballos que tiraban de sus miembros en direcciones contrarias. Su familia, incluida su esposa Micaela Bastidas \u2013una de las dirigentes de la rebeli\u00f3n-, tampoco escap\u00f3 al suplicio y la muerte. El terrible final de T\u00fapac Amaru no provoc\u00f3 la extinci\u00f3n de la insurrecci\u00f3n ind\u00edgena, verdadera guerra campesina.<\/p>\n\n\n\n<p class=\"wp-block-paragraph\">A mediados de enero de 1781, en el altiplano central de Charcas, cobr\u00f3 fuerza otro sector rebelde, que reconoci\u00f3 a T\u00fapac Amaru II como su Inca. Su l\u00edder era el aymara Juli\u00e1n Apaza, quien hizo resurgir la sublevaci\u00f3n de los pueblos originarios en Chayanta, que por su magnitud fue la mayor de todas. A diferencia de T\u00fapac Amaru y Tom\u00e1s Katari, Apaza no era <em>curaca<\/em> sino un ind\u00edgena de origen humilde, que simb\u00f3licamente se hizo llamar T\u00fapac Katari. Al frente de m\u00e1s de cuarenta mil alzados, entre ellos su compa\u00f1era Bartolina Sisa, rode\u00f3 La Paz, la que mantuvo bajo asedio durante largos meses. V\u00edctima de una traici\u00f3n, T\u00fapac Katari fue capturado en noviembre de 1781 y ejecutado con un suplicio similar al de Condorcanqui. La rebeli\u00f3n s\u00f3lo concluy\u00f3, el 15 de febrero de 1783, cuando fue capturado en Tinta, Diego Crist\u00f3bal T\u00fapac Amaru, descuartizado cinco meses despu\u00e9s.<\/p>\n\n\n\n<p class=\"wp-block-paragraph\">La \u00faltima oleada de revoluciones ind\u00edgenas en los Andes estall\u00f3 el 3 de agosto de 1814 y, a diferencia de las anteriores, cont\u00f3 con la participaci\u00f3n de criollos y mestizos, que inicialmente s\u00f3lo pretend\u00edan poner en vigor la constituci\u00f3n espa\u00f1ola de 1812. A ese movimiento se sum\u00f3 el anciano <em>curaca<\/em> de Chincheros (Urubamba) Mateo Garc\u00eda Pumacahua, tambi\u00e9n general del ej\u00e9rcito real y presidente de la Audiencia de Charcas. Desvertebrados los rebeldes en tres contingentes militares, uno de ellos ocup\u00f3 La Paz, escenario de la venganza de ind\u00edgenas y <em>cholos<\/em> contra la elite blanca y funcionarios de la Corona, mientras el dirigido personalmente por Pumacahua se apoderaba de Arequipa y Huamanga.<\/p>\n\n\n\n<p class=\"wp-block-paragraph\">Derrotado en la batalla de Umachiri, el 1 de marzo de 1815, el septuagenario Mateo Pumacahua fue apresado por los realistas. Quince d\u00edas despu\u00e9s, acusado de rebeli\u00f3n y de vestirse de Inca, fue sentenciado a muerte en juicio sumario celebrado en Sicuani. El fallo establec\u00eda que se le cortara un brazo, que ser\u00eda exhibido en Arequipa, y que fuera \u201cahorcado, cortada su cabeza que deber\u00e1 conducirse a la capital del Cuzco para que se exponga en una pica a la vista del p\u00fablico y que su cuerpo se queme hasta reducirse a ceniza\u201d, para escarmiento de los insumisos pueblos originarios.<\/p>\n\n\n\n<p class=\"wp-block-paragraph\">Fuente: www.informefracto.com &#8211; 2 de julio de 2021<\/p>\n\n\n\n<div style=\"height:41px\" aria-hidden=\"true\" class=\"wp-block-spacer\"><\/div>\n\n\n\n<p class=\"has-very-light-gray-color has-vivid-cyan-blue-background-color has-text-color has-background wp-block-paragraph\"><strong>Publicado por ADHILAC Internacional \u00a9 www.adhilac.com.ar<\/strong><\/p>\n\n\n\n<p class=\"has-vivid-cyan-blue-color has-very-light-gray-background-color has-text-color has-background wp-block-paragraph\"> Si Ud. desea asociarse de acuerdo a los Estatutos de ADHILAC&nbsp;<a href=\"https:\/\/adhilac.com.ar\/?page_id=263\">(ver)<\/a> complete el siguiente formulario&nbsp;(<a href=\"https:\/\/adhilac.com.ar\/?page_id=4779\">ver<\/a>)<\/p>\n\n\n\n<p class=\"has-very-light-gray-color has-vivid-cyan-blue-background-color has-text-color has-background wp-block-paragraph\"> E-mail:&nbsp;info@adhilac.com.ar <\/p>\n\n\n\n<p class=\"has-very-light-gray-color has-vivid-cyan-blue-background-color has-text-color has-background wp-block-paragraph\"> Twitter: @AdhilacInfo <\/p>\n\n\n\n<div class=\"wp-block-image\"><figure class=\"aligncenter size-large\"><img loading=\"lazy\" decoding=\"async\" width=\"85\" height=\"85\" src=\"https:\/\/adhilac.com.ar\/wp-content\/uploads\/2015\/02\/Logo-ADHILAC-Internacional-PEQ.jpg\" alt=\"\" class=\"wp-image-10473\"\/><\/figure><\/div>\n\n\n\n<p class=\"wp-block-paragraph\">Ver <a href=\"https:\/\/adhilac.com.ar\/?page_id=541\">Presentaci\u00f3n de ADHILAC<\/a><\/p>\n\n\n\n<div style=\"height:46px\" aria-hidden=\"true\" class=\"wp-block-spacer\"><\/div>\n\n\n\n<div class=\"wp-block-group\"><div class=\"wp-block-group__inner-container is-layout-flow wp-block-group-is-layout-flow\">\n<p class=\"has-text-align-center has-very-light-gray-color has-vivid-cyan-blue-background-color has-text-color has-background wp-block-paragraph\"><strong><a href=\"https:\/\/adhilac.com.ar\/?page_id=541\">QUIENES SOMOS<\/a><\/strong><\/p>\n\n\n\n<p class=\"has-text-align-center has-vivid-cyan-blue-color has-very-light-gray-background-color has-text-color has-background wp-block-paragraph\"><strong><a href=\"https:\/\/adhilac.com.ar\/?page_id=15507\">DIRECTIVA DE ADHILAC INTERNACIONAL<\/a><\/strong><\/p>\n\n\n\n<p class=\"has-text-align-center has-very-light-gray-color has-vivid-cyan-blue-background-color has-text-color has-background wp-block-paragraph\"><strong><a href=\"https:\/\/adhilac.com.ar\/?page_id=267\">Declaraci\u00f3n de Caracas de ADHILAC (2007)<\/a><\/strong><\/p>\n\n\n\n<p class=\"has-text-align-center has-vivid-cyan-blue-color has-very-light-gray-background-color has-text-color has-background wp-block-paragraph\"><strong><a href=\"https:\/\/adhilac.com.ar\/?page_id=15873\">ADHILAC: Historia &#8211; Historidorxs<\/a><\/strong><\/p>\n\n\n\n<p class=\"has-text-align-center has-very-light-gray-color has-vivid-cyan-blue-background-color has-text-color has-background wp-block-paragraph\"><strong><a href=\"https:\/\/adhilac.com.ar\/?page_id=15876\">ADHILAC 20 a\u00f1os despu\u00e9s (1974-1994)<\/a> <\/strong><\/p>\n\n\n\n<p class=\"has-text-align-center has-vivid-cyan-blue-color has-very-light-gray-background-color has-text-color has-background wp-block-paragraph\"><strong><a href=\"https:\/\/adhilac.com.ar\/?page_id=15861\">ADHILAC Breve Historia<\/a> <\/strong><\/p>\n\n\n\n<p class=\"has-text-align-center has-very-light-gray-color has-vivid-cyan-blue-background-color has-text-color has-background wp-block-paragraph\"><strong><a href=\"https:\/\/adhilac.com.ar\/?page_id=15887\">ADHILAC: Miembrxs fundadores<\/a><\/strong><\/p>\n\n\n\n<p class=\"has-text-align-center has-vivid-cyan-blue-color has-very-light-gray-background-color has-text-color has-background wp-block-paragraph\"><strong><a href=\"https:\/\/adhilac.com.ar\/?page_id=15943\">ADHILAC: Historiadorxs Destacadxs<\/a><\/strong><\/p>\n\n\n\n<p class=\"has-text-align-center has-very-light-gray-color has-vivid-cyan-blue-background-color has-text-color has-background wp-block-paragraph\"><strong><a href=\"https:\/\/adhilac.com.ar\/?page_id=4779\">SOCIXS<\/a><\/strong><\/p>\n\n\n\n<p class=\"has-text-align-center has-vivid-cyan-blue-color has-very-light-gray-background-color has-text-color has-background wp-block-paragraph\"><strong><a href=\"https:\/\/adhilac.com.ar\/?page_id=263\">Estatutos de ADHILAC<\/a><\/strong><\/p>\n\n\n\n<p class=\"has-text-align-center has-very-light-gray-color has-vivid-cyan-blue-background-color has-text-color has-background wp-block-paragraph\"><strong><a href=\"https:\/\/adhilac.com.ar\/?page_id=8220\">BICENTENARIO<\/a><\/strong><\/p>\n\n\n\n<p class=\"has-text-align-center has-vivid-cyan-blue-color has-very-light-gray-background-color has-text-color has-background wp-block-paragraph\"><strong><a href=\"https:\/\/adhilac.com.ar\/?page_id=8279\">BIBLIOTECA<\/a><\/strong><\/p>\n\n\n\n<p class=\"has-text-align-center has-very-light-gray-color has-vivid-cyan-blue-background-color has-text-color has-background wp-block-paragraph\"><strong><a href=\"https:\/\/adhilac.com.ar\/?page_id=1698\">ENLACES<\/a> <\/strong><\/p>\n\n\n\n<p class=\"has-text-align-center has-vivid-cyan-blue-color has-very-light-gray-background-color has-text-color has-background wp-block-paragraph\"><a href=\"http:\/\/www.ariadnatucma.com.ar\">VISITE ARIADNA TUCMA REVISTA LATINOAMERICANA<\/a><\/p>\n<\/div><\/div>\n","protected":false},"excerpt":{"rendered":"<p>Por Sergio Guerra Vilaboy A fines del siglo XVIII, con el agravamiento de la crisis colonial en Hispanoam\u00e9rica, cobr\u00f3 fuerza la aspiraci\u00f3n de restaurar el antiguo Tahuantinsuyo, estimulada por un sector de quechuas y aymaras dispuestos a resistir los abusos e imposiciones de corregidores, curas, caciques y funcionarios de la Corona espa\u00f1ola. En 1780 se [&hellip;]<\/p>\n","protected":false},"author":17,"featured_media":0,"comment_status":"closed","ping_status":"closed","sticky":false,"template":"","format":"standard","meta":{"_crdt_document":"","footnotes":""},"categories":[15],"tags":[138],"class_list":["post-17858","post","type-post","status-publish","format-standard","hentry","category-historia","tag-revoluciones"],"_links":{"self":[{"href":"https:\/\/adhilac.com.ar\/index.php?rest_route=\/wp\/v2\/posts\/17858","targetHints":{"allow":["GET"]}}],"collection":[{"href":"https:\/\/adhilac.com.ar\/index.php?rest_route=\/wp\/v2\/posts"}],"about":[{"href":"https:\/\/adhilac.com.ar\/index.php?rest_route=\/wp\/v2\/types\/post"}],"author":[{"embeddable":true,"href":"https:\/\/adhilac.com.ar\/index.php?rest_route=\/wp\/v2\/users\/17"}],"replies":[{"embeddable":true,"href":"https:\/\/adhilac.com.ar\/index.php?rest_route=%2Fwp%2Fv2%2Fcomments&post=17858"}],"version-history":[{"count":1,"href":"https:\/\/adhilac.com.ar\/index.php?rest_route=\/wp\/v2\/posts\/17858\/revisions"}],"predecessor-version":[{"id":17860,"href":"https:\/\/adhilac.com.ar\/index.php?rest_route=\/wp\/v2\/posts\/17858\/revisions\/17860"}],"wp:attachment":[{"href":"https:\/\/adhilac.com.ar\/index.php?rest_route=%2Fwp%2Fv2%2Fmedia&parent=17858"}],"wp:term":[{"taxonomy":"category","embeddable":true,"href":"https:\/\/adhilac.com.ar\/index.php?rest_route=%2Fwp%2Fv2%2Fcategories&post=17858"},{"taxonomy":"post_tag","embeddable":true,"href":"https:\/\/adhilac.com.ar\/index.php?rest_route=%2Fwp%2Fv2%2Ftags&post=17858"}],"curies":[{"name":"wp","href":"https:\/\/api.w.org\/{rel}","templated":true}]}}