{"id":17876,"date":"2021-07-28T08:20:19","date_gmt":"2021-07-28T11:20:19","guid":{"rendered":"https:\/\/adhilac.com.ar\/?p=17876"},"modified":"2021-07-28T08:20:19","modified_gmt":"2021-07-28T11:20:19","slug":"doscientos-anos-de-la-independencia-de-peru","status":"publish","type":"post","link":"https:\/\/adhilac.com.ar\/?p=17876","title":{"rendered":"Doscientos a\u00f1os de la independencia de Per\u00fa"},"content":{"rendered":"\n<div class=\"wp-block-image is-style-rounded\"><figure class=\"aligncenter size-large is-resized\"><img loading=\"lazy\" decoding=\"async\" src=\"https:\/\/adhilac.com.ar\/wp-content\/uploads\/2021\/07\/Peru-indep-800x480.jpg\" alt=\"\" class=\"wp-image-17877\" width=\"498\" height=\"298\" srcset=\"https:\/\/adhilac.com.ar\/wp-content\/uploads\/2021\/07\/Peru-indep-800x480.jpg 800w, https:\/\/adhilac.com.ar\/wp-content\/uploads\/2021\/07\/Peru-indep-300x180.jpg 300w, https:\/\/adhilac.com.ar\/wp-content\/uploads\/2021\/07\/Peru-indep-768x461.jpg 768w, https:\/\/adhilac.com.ar\/wp-content\/uploads\/2021\/07\/Peru-indep.jpg 1000w\" sizes=\"auto, (max-width: 498px) 100vw, 498px\" \/><\/figure><\/div>\n\n\n\n<p class=\"wp-block-paragraph\">Sergio Guerra Vilaboy<\/p>\n\n\n\n<p class=\"wp-block-paragraph\">La toma de posesi\u00f3n del maestro Pedro Castillo como presidente del Per\u00fa este 28 de julio, en medio de una profunda crisis nacional, coincide con el bicentenario de la proclamaci\u00f3n de la independencia de este pa\u00eds por Jos\u00e9 de San Mart\u00edn, qui\u00e9n tambi\u00e9n debi\u00f3 enfrentar enormes desaf\u00edos. El general rioplatense hab\u00eda conseguido en apenas once meses, tras su desembarco en Pisco (agosto de 1820), apoderarse con su ej\u00e9rcito, casi sin combatir, del litoral norte y el centro del territorio peruano, baluarte del colonialismo espa\u00f1ol.<\/p>\n\n\n\n<!--more-->\n\n\n\n<p class=\"wp-block-paragraph\">Como ya referimos en <em>Informe Fracto<\/em>, el virrey Jos\u00e9 de La Serna, despu\u00e9s de abandonar Lima se refugi\u00f3 en la Sierra, donde las condiciones, desde Jauja hasta el Alto Per\u00fa, eran m\u00e1s favorables para una resistencia prolongada. La retirada realista, que incluy\u00f3 mantener la fortaleza de El Callao, posibilit\u00f3 la entrada en Lima de San Mart\u00edn la noche del 12 de julio, a caballo y sin escolta, antes de que se completara el ingreso de su ej\u00e9rcito iniciado tres d\u00edas antes. Para tranquilidad de la aristocracia lime\u00f1a, que tem\u00eda el asalto de las montoneras ind\u00edgenas y criollas, San Mart\u00edn orden\u00f3 a los jefes de las guerrillas, entre ellos el salte\u00f1o Isidoro Villar y el <em>curaca<\/em> Nanivilca, que \u201c<em>se abstengan de entrar en ella, y alterar el orden p\u00fablico\u201d<\/em>.<\/p>\n\n\n\n<p class=\"wp-block-paragraph\">En la barroca sede virreinal, San Mart\u00edn reuni\u00f3 el 15 de julio al cabildo lime\u00f1o para firmar el <em>Acta de Independencia<\/em>. Trece d\u00edas despu\u00e9s, la declaraci\u00f3n fue proclamada en la plaza Mayor de Lima ante miembros del ayuntamiento, del claustro de la Universidad de San Marcos, las corporaciones religiosas, jefes militares, los oidores y representantes de la nobleza ind\u00edgena. Ante miles de personas, mientras se escuchaban los repiques de las campanas y salvas de artiller\u00eda, San Mart\u00edn enarbol\u00f3 la flamante bandera peruana.<\/p>\n\n\n\n<p class=\"wp-block-paragraph\">A propuesta de sus oficiales, el 3 de agosto el m\u00e1ximo jefe patriota acept\u00f3 el poder ejecutivo como <em>Protector de la Libertad del Per\u00fa<\/em>, convencido de \u201c<em>los males que ha ocasionado la convocatoria intempestiva de congresos, cuando a\u00fan subsist\u00edan los enemigos<\/em>\u201d. Inclinado a establecer la monarqu\u00eda en Per\u00fa, San Mart\u00edn enviar\u00eda despu\u00e9s una delegaci\u00f3n al Viejo Continente para ofrecer el trono a un pr\u00edncipe europeo. Con ello pretend\u00eda ganarse el apoyo de la rancia aristocracia peruana y evitar un enfrentamiento armado con los realistas, que quintuplicaban sus efectivos militares.<\/p>\n\n\n\n<p class=\"wp-block-paragraph\">El proyecto mon\u00e1rquico de San Mart\u00edn para Per\u00fa no s\u00f3lo estaba en concordancia con las tendencias prevalecientes en el R\u00edo de la Plata, sino tambi\u00e9n con los consejos de su ministro Bernardo Monteagudo, que hab\u00eda fundado la Sociedad Patri\u00f3tica de Lima al considerar inviable un gobierno democr\u00e1tico\u2011republicano en una sociedad de tan abismales diferenciales clasistas y \u00e9tnicas. Tambi\u00e9n el <em>Protector<\/em> valid\u00f3 los t\u00edtulos nobiliarios de 46 marqueses y 35 condes, porque \u201c<em>la nobleza peruana tiene sus timbres, y justo es que los conserve<\/em>\u201c, aprob\u00f3 la creaci\u00f3n de la Orden del Sol, para completar una posible corte real con altos oficiales suyos, imbuidos de prerrogativas vitalicias y hereditarias.<\/p>\n\n\n\n<p class=\"wp-block-paragraph\">A pesar de estas concesiones a la clase dominante, en agosto de 1821 el <em>Protector<\/em> dispuso la supresi\u00f3n de la <em>mita<\/em>, el tributo y cualquier tipo de trabajo forzado de los pueblos originarios, junto con la libertad de los hijos de los m\u00e1s de cuarenta mil esclavos negros que laboraban en las plantaciones esparcidas por la costa. La fundamentaci\u00f3n de este \u00faltimo decreto es la mejor prueba de los intentos del general San Mart\u00edn por conciliar sus anhelos de reformas sociales con los intereses de la elite peruana, que terminar\u00edan llev\u00e1ndolo a un callej\u00f3n sin salida:\u00a0 \u201d<em>Una porci\u00f3n numerosa de nuestra especie ha sido hasta hoy mirada como un efecto permutable, y sujeto a los c\u00e1lculos de un tr\u00e1fico criminal; los hombres han comprado a los hombres, y no se han avergonzado de degradar la familia a que pertenecen, vendi\u00e9ndose a otros. Yo no trato, sin embargo, de atacar de un golpe este antiguo abuso; es preciso que el tiempo mismo que lo ha sancionado lo destruya; pero yo ser\u00eda responsable a mi conciencia p\u00fablica y a mis sentimientos privados, si no preparase para lo sucesivo esta piadosa reforma, conciliando por ahora el inter\u00e9s de los propietarios con el voto de la raz\u00f3n y de la naturaleza.\u201d<\/em><\/p>\n\n\n\n<p class=\"wp-block-paragraph\">Fuente: www.informefracto.com &#8211; 27 de julio de 2021<\/p>\n\n\n\n<div style=\"height:43px\" aria-hidden=\"true\" class=\"wp-block-spacer\"><\/div>\n\n\n\n<p class=\"has-very-light-gray-color has-vivid-cyan-blue-background-color has-text-color has-background wp-block-paragraph\"><strong>Publicado por ADHILAC Internacional \u00a9 www.adhilac.com.ar<\/strong><\/p>\n\n\n\n<p class=\"has-vivid-cyan-blue-color has-very-light-gray-background-color has-text-color has-background wp-block-paragraph\"> Si Ud. desea asociarse de acuerdo a los Estatutos de ADHILAC&nbsp;<a href=\"https:\/\/adhilac.com.ar\/?page_id=263\">(ver)<\/a> complete el siguiente formulario&nbsp;(<a href=\"https:\/\/adhilac.com.ar\/?page_id=4779\">ver<\/a>)<\/p>\n\n\n\n<p class=\"has-very-light-gray-color has-vivid-cyan-blue-background-color has-text-color has-background wp-block-paragraph\"> E-mail:&nbsp;info@adhilac.com.ar <\/p>\n\n\n\n<p class=\"has-very-light-gray-color has-vivid-cyan-blue-background-color has-text-color has-background wp-block-paragraph\"> Twitter: @AdhilacInfo <\/p>\n\n\n\n<div class=\"wp-block-image\"><figure class=\"aligncenter size-large\"><img loading=\"lazy\" decoding=\"async\" width=\"85\" height=\"85\" src=\"https:\/\/adhilac.com.ar\/wp-content\/uploads\/2015\/02\/Logo-ADHILAC-Internacional-PEQ.jpg\" alt=\"\" class=\"wp-image-10473\"\/><\/figure><\/div>\n\n\n\n<p class=\"wp-block-paragraph\">Ver <a href=\"https:\/\/adhilac.com.ar\/?page_id=541\">Presentaci\u00f3n de ADHILAC<\/a><\/p>\n\n\n\n<div style=\"height:49px\" aria-hidden=\"true\" class=\"wp-block-spacer\"><\/div>\n\n\n","protected":false},"excerpt":{"rendered":"<p>Sergio Guerra Vilaboy La toma de posesi\u00f3n del maestro Pedro Castillo como presidente del Per\u00fa este 28 de julio, en medio de una profunda crisis nacional, coincide con el bicentenario de la proclamaci\u00f3n de la independencia de este pa\u00eds por Jos\u00e9 de San Mart\u00edn, qui\u00e9n tambi\u00e9n debi\u00f3 enfrentar enormes desaf\u00edos. El general rioplatense hab\u00eda conseguido [&hellip;]<\/p>\n","protected":false},"author":17,"featured_media":0,"comment_status":"closed","ping_status":"closed","sticky":false,"template":"","format":"standard","meta":{"_crdt_document":"","footnotes":""},"categories":[15],"tags":[49,411],"class_list":["post-17876","post","type-post","status-publish","format-standard","hentry","category-historia","tag-independencia","tag-peru"],"_links":{"self":[{"href":"https:\/\/adhilac.com.ar\/index.php?rest_route=\/wp\/v2\/posts\/17876","targetHints":{"allow":["GET"]}}],"collection":[{"href":"https:\/\/adhilac.com.ar\/index.php?rest_route=\/wp\/v2\/posts"}],"about":[{"href":"https:\/\/adhilac.com.ar\/index.php?rest_route=\/wp\/v2\/types\/post"}],"author":[{"embeddable":true,"href":"https:\/\/adhilac.com.ar\/index.php?rest_route=\/wp\/v2\/users\/17"}],"replies":[{"embeddable":true,"href":"https:\/\/adhilac.com.ar\/index.php?rest_route=%2Fwp%2Fv2%2Fcomments&post=17876"}],"version-history":[{"count":1,"href":"https:\/\/adhilac.com.ar\/index.php?rest_route=\/wp\/v2\/posts\/17876\/revisions"}],"predecessor-version":[{"id":17878,"href":"https:\/\/adhilac.com.ar\/index.php?rest_route=\/wp\/v2\/posts\/17876\/revisions\/17878"}],"wp:attachment":[{"href":"https:\/\/adhilac.com.ar\/index.php?rest_route=%2Fwp%2Fv2%2Fmedia&parent=17876"}],"wp:term":[{"taxonomy":"category","embeddable":true,"href":"https:\/\/adhilac.com.ar\/index.php?rest_route=%2Fwp%2Fv2%2Fcategories&post=17876"},{"taxonomy":"post_tag","embeddable":true,"href":"https:\/\/adhilac.com.ar\/index.php?rest_route=%2Fwp%2Fv2%2Ftags&post=17876"}],"curies":[{"name":"wp","href":"https:\/\/api.w.org\/{rel}","templated":true}]}}