{"id":17879,"date":"2021-07-31T11:39:30","date_gmt":"2021-07-31T14:39:30","guid":{"rendered":"https:\/\/adhilac.com.ar\/?p=17879"},"modified":"2021-08-18T23:30:25","modified_gmt":"2021-08-19T02:30:25","slug":"el-saqueo-de-asuncion-en-1869","status":"publish","type":"post","link":"https:\/\/adhilac.com.ar\/?p=17879","title":{"rendered":"El saqueo de Asunci\u00f3n en 1869"},"content":{"rendered":"\n<div class=\"wp-block-image\"><figure class=\"aligncenter size-large is-resized\"><img loading=\"lazy\" decoding=\"async\" src=\"https:\/\/adhilac.com.ar\/wp-content\/uploads\/2021\/07\/Saqueo-Asuncion-800x480.jpg\" alt=\"\" class=\"wp-image-17880\" width=\"435\" height=\"261\" srcset=\"https:\/\/adhilac.com.ar\/wp-content\/uploads\/2021\/07\/Saqueo-Asuncion-800x480.jpg 800w, https:\/\/adhilac.com.ar\/wp-content\/uploads\/2021\/07\/Saqueo-Asuncion-300x180.jpg 300w, https:\/\/adhilac.com.ar\/wp-content\/uploads\/2021\/07\/Saqueo-Asuncion-768x461.jpg 768w, https:\/\/adhilac.com.ar\/wp-content\/uploads\/2021\/07\/Saqueo-Asuncion.jpg 1000w\" sizes=\"auto, (max-width: 435px) 100vw, 435px\" \/><\/figure><\/div>\n\n\n\n<p class=\"wp-block-paragraph\">Sergio Guerra Vilaboy<\/p>\n\n\n\n<p class=\"wp-block-paragraph\">En los primeros d\u00edas de 1869, en las postrimer\u00edas de la guerra contra Paraguay, Asunci\u00f3n fue desvalijada por los ej\u00e9rcitos de ocupaci\u00f3n de Brasil, Argentina y Uruguay. El pillaje en la capital paraguaya se inici\u00f3 con la entrada de las tropas brasile\u00f1as del general Gast\u00f3n de Orleans, conde d\u00b4Eu.<\/p>\n\n\n\n<!--more-->\n\n\n\n<p class=\"wp-block-paragraph\">Diez meses antes la flota imperial blindada de Brasil hab\u00eda bombardeado Asunci\u00f3n, lo que oblig\u00f3 a evacuarla por decisi\u00f3n del mariscal presidente Francisco Solano L\u00f3pez, dej\u00e1ndola casi desguarnecida. Pero los aliados, que tem\u00edan la heroica resistencia paraguaya, postergaron su toma, mientras la capital era traslada a Luque, que luego correr\u00eda la misma suerte.<\/p>\n\n\n\n<p class=\"wp-block-paragraph\">Detr\u00e1s de los miles de soldados brasile\u00f1os ingresaron las fuerzas argentinas del general Emilio Mitre, acompa\u00f1adas de ochocientos oficiales y soldados antilopiztas de la \u201c<em>Legi\u00f3n Paraguaya<\/em>\u201d, al servicio de los agresores a su tierra natal, adem\u00e1s de exiliados, comerciantes y aventureros extranjeros, junto con cientos de ciudadanos hambrientos, enfermos y heridos. De inmediato, los invasores se lanzaron al saqueo de edificios p\u00fablicos y mansiones privadas abandonadas por sus moradores.&nbsp;<\/p>\n\n\n\n<p class=\"wp-block-paragraph\">Los asaltantes se llevaban todo lo que pod\u00edan: muebles finos del Club Nacional, reci\u00e9n adquiridos en Europa, y los de la enorme mansi\u00f3n del presidente L\u00f3pez, hoy Palacio Presidencial, de la residencia de su mujer,&nbsp;<a href=\"https:\/\/es.wikipedia.org\/wiki\/Elisa_Lynch\">Elisa Lynch<\/a>, as\u00ed como de otros familiares y allegados. Tambi\u00e9n se robaron de las viviendas cuadros valiosos, alfombras, espejos venecianos, verjas de hierro forjado, estatuas de m\u00e1rmol, pianos de marcas famosas, junto a vajillas de oro y plata, incluyendo la lujosa carroza presidencial, mientras otros escarbaban los cementerios y jardines en busca de supuestos tesoros escondidos. De esta oleada de hurtos no escaparon la legaci\u00f3n norteamericana, ni los consulados de Francia e Italia.&nbsp;<\/p>\n\n\n\n<div class=\"wp-block-image is-style-rounded\"><figure class=\"aligncenter is-resized\"><img loading=\"lazy\" decoding=\"async\" src=\"https:\/\/informefracto.com\/wp-content\/uploads\/2021\/07\/BC92ACE9-B442-479A-9F82-D6B0AC37C1DD.jpeg\" alt=\"\" class=\"wp-image-45899\" width=\"479\" height=\"287\"\/><\/figure><\/div>\n\n\n\n<p class=\"wp-block-paragraph\">La rapi\u00f1a de los nuevos conquistadores no se limit\u00f3 a objetos valiosos, sino incluy\u00f3 buena parte de sus archivos nacionales, de lo que se encarg\u00f3 el ministro de Brasil en Asunci\u00f3n, verdadero proc\u00f3nsul, Jos\u00e9 da Silva Paranhos, premiado con el t\u00edtulo de Vizconde de Ouro Preto. Fueron sustra\u00eddos m\u00e1s de cincuenta mil documentos paraguayos, entre ellos los arrebatados al propio presidente L\u00f3pez en agosto de 1869, al abandonar la tercera capital en Piribebuy, y los que ten\u00eda en su \u00faltimo campamento de Cerro Cor\u00e1, donde cay\u00f3 en combate el 1 de marzo de 1870.<\/p>\n\n\n\n<p class=\"wp-block-paragraph\">Al despojo incontrolado se sum\u00f3 la orgia de violaciones de la soldadesca extranjera a las indefensas mujeres y ni\u00f1as. El esc\u00e1ndalo llev\u00f3 al propio representante de Estados Unidos, general Martin T. McMahon, a informar el 19 de julio que el ej\u00e9rcito brasile\u00f1o era \u201c<em>una horda licenciosa y sin ley, para verg\u00fcenza de la humanidad y la reputaci\u00f3n del soldado\u201d, agregando que el argentino compart\u00eda \u201clas barbaridades perpetradas por sus aliados contra las indefensas mujeres y ni\u00f1as del Paraguay\u201d<\/em>.<\/p>\n\n\n\n<p class=\"wp-block-paragraph\">A la luz de las casas incendiadas y las fogatas, alimentadas con muebles, papeles, puertas y ventanas, desfilaban hacia el puerto asunce\u00f1o los carros repletos con los bienes del saqueo. El propio general Enrique Castro, jefe del ej\u00e9rcito uruguayo, carg\u00f3 un vapor con cueros y tabaco sustra\u00eddos, que llevaba como lastre rieles robados. Muebles de los L\u00f3pez llegaron a ser exhibidos, como trofeos de guerra, en la residencia oficial en Buenos Aires del presidente Domingo Faustino Sarmiento. Como escribi\u00f3 el historiador paraguayo Juan E. O\u2019Leary en <em>El libro de los h\u00e9roes<\/em> (1922): \u201c<em>Como se sabe, la Asunci\u00f3n fue saqueada. Los jefes y oficiales enemigos mandaron robar, met\u00f3dicamente, todo cuanto tuviese alg\u00fan valor en la abandonada capital. Nada se respet\u00f3, ni los cementerios. Hasta las tumbas fueron profanadas, husme\u00e1ndose el bot\u00edn hasta entre los huesos de los muertos. El famoso Bar\u00f3n del Pasaje llen\u00f3 sus barcos con pianos y muebles finos, mientras otros m\u00e1s modestos se contentaban con cualquier cosa, llev\u00e1ndose los m\u00e1rmoles, las puertas, y hasta los marcos de los mejores edificios. Durante meses una escuadra de modernos piratas no descans\u00f3 en la tarea de llevar al Plata el fruto de la rapi\u00f1a\u201d<\/em><\/p>\n\n\n\n<p class=\"wp-block-paragraph\">Fuente: www.informefracto.com &#8211; 30 de julio de 2021<\/p>\n\n\n\n<div style=\"height:39px\" aria-hidden=\"true\" class=\"wp-block-spacer\"><\/div>\n\n\n\n<p class=\"has-very-light-gray-color has-vivid-cyan-blue-background-color has-text-color has-background wp-block-paragraph\"><strong>Publicado por ADHILAC Internacional \u00a9 www.adhilac.com.ar<\/strong><\/p>\n\n\n\n<p class=\"has-vivid-cyan-blue-color has-very-light-gray-background-color has-text-color has-background wp-block-paragraph\"> Si Ud. desea asociarse de acuerdo a los Estatutos de ADHILAC&nbsp;<a href=\"https:\/\/adhilac.com.ar\/?page_id=263\">(ver)<\/a> complete el siguiente formulario&nbsp;(<a href=\"https:\/\/adhilac.com.ar\/?page_id=4779\">ver<\/a>)<\/p>\n\n\n\n<p class=\"has-very-light-gray-color has-vivid-cyan-blue-background-color has-text-color has-background wp-block-paragraph\"> E-mail:&nbsp;info@adhilac.com.ar <\/p>\n\n\n\n<p class=\"has-very-light-gray-color has-vivid-cyan-blue-background-color has-text-color has-background wp-block-paragraph\"> Twitter: @AdhilacInfo <\/p>\n\n\n\n<div class=\"wp-block-image\"><figure class=\"aligncenter size-large\"><img loading=\"lazy\" decoding=\"async\" width=\"85\" height=\"85\" src=\"https:\/\/adhilac.com.ar\/wp-content\/uploads\/2015\/02\/Logo-ADHILAC-Internacional-PEQ.jpg\" alt=\"\" class=\"wp-image-10473\"\/><\/figure><\/div>\n\n\n\n<p class=\"wp-block-paragraph\">Ver <a href=\"https:\/\/adhilac.com.ar\/?page_id=541\">Presentaci\u00f3n de ADHILAC<\/a><\/p>\n\n\n\n<div style=\"height:41px\" aria-hidden=\"true\" class=\"wp-block-spacer\"><\/div>\n\n\n\n<div class=\"wp-block-group\"><div class=\"wp-block-group__inner-container is-layout-flow wp-block-group-is-layout-flow\">\n<p class=\"has-text-align-center has-very-light-gray-color has-vivid-cyan-blue-background-color has-text-color has-background wp-block-paragraph\"><strong><a href=\"https:\/\/adhilac.com.ar\/?page_id=541\">QUIENES SOMOS<\/a><\/strong><\/p>\n\n\n\n<p class=\"has-text-align-center has-vivid-cyan-blue-color has-very-light-gray-background-color has-text-color has-background wp-block-paragraph\"><strong><a href=\"https:\/\/adhilac.com.ar\/?page_id=15507\">DIRECTIVA DE ADHILAC INTERNACIONAL<\/a><\/strong><\/p>\n\n\n\n<p class=\"has-text-align-center has-very-light-gray-color has-vivid-cyan-blue-background-color has-text-color has-background wp-block-paragraph\"><strong><a href=\"https:\/\/adhilac.com.ar\/?page_id=267\">Declaraci\u00f3n de Caracas de ADHILAC (2007)<\/a><\/strong><\/p>\n\n\n\n<p class=\"has-text-align-center has-vivid-cyan-blue-color has-very-light-gray-background-color has-text-color has-background wp-block-paragraph\"><strong><a href=\"https:\/\/adhilac.com.ar\/?page_id=15873\">ADHILAC: Historia &#8211; Historidorxs<\/a><\/strong><\/p>\n\n\n\n<p class=\"has-text-align-center has-very-light-gray-color has-vivid-cyan-blue-background-color has-text-color has-background wp-block-paragraph\"><strong><a href=\"https:\/\/adhilac.com.ar\/?page_id=15876\">ADHILAC 20 a\u00f1os despu\u00e9s (1974-1994)<\/a> <\/strong><\/p>\n\n\n\n<p class=\"has-text-align-center has-vivid-cyan-blue-color has-very-light-gray-background-color has-text-color has-background wp-block-paragraph\"><strong><a href=\"https:\/\/adhilac.com.ar\/?page_id=15861\">ADHILAC Breve Historia<\/a> <\/strong><\/p>\n\n\n\n<p class=\"has-text-align-center has-very-light-gray-color has-vivid-cyan-blue-background-color has-text-color has-background wp-block-paragraph\"><strong><a href=\"https:\/\/adhilac.com.ar\/?page_id=15887\">ADHILAC: Miembrxs fundadores<\/a><\/strong><\/p>\n\n\n\n<p class=\"has-text-align-center has-vivid-cyan-blue-color has-very-light-gray-background-color has-text-color has-background wp-block-paragraph\"><strong><a href=\"https:\/\/adhilac.com.ar\/?page_id=15943\">ADHILAC: Historiadorxs Destacadxs<\/a><\/strong><\/p>\n\n\n\n<p class=\"has-text-align-center has-very-light-gray-color has-vivid-cyan-blue-background-color has-text-color has-background wp-block-paragraph\"><strong><a href=\"https:\/\/adhilac.com.ar\/?page_id=4779\">SOCIXS<\/a><\/strong><\/p>\n\n\n\n<p class=\"has-text-align-center has-vivid-cyan-blue-color has-very-light-gray-background-color has-text-color has-background wp-block-paragraph\"><strong><a href=\"https:\/\/adhilac.com.ar\/?page_id=263\">Estatutos de ADHILAC<\/a><\/strong><\/p>\n\n\n\n<p class=\"has-text-align-center has-very-light-gray-color has-vivid-cyan-blue-background-color has-text-color has-background wp-block-paragraph\"><strong><a href=\"https:\/\/adhilac.com.ar\/?page_id=8220\">BICENTENARIO<\/a><\/strong><\/p>\n\n\n\n<p class=\"has-text-align-center has-vivid-cyan-blue-color has-very-light-gray-background-color has-text-color has-background wp-block-paragraph\"><strong><a href=\"https:\/\/adhilac.com.ar\/?page_id=8279\">BIBLIOTECA<\/a><\/strong><\/p>\n\n\n\n<p class=\"has-text-align-center has-very-light-gray-color has-vivid-cyan-blue-background-color has-text-color has-background wp-block-paragraph\"><strong><a href=\"https:\/\/adhilac.com.ar\/?page_id=1698\">ENLACES<\/a> <\/strong><\/p>\n\n\n\n<p class=\"has-text-align-center has-vivid-cyan-blue-color has-very-light-gray-background-color has-text-color has-background wp-block-paragraph\"><a href=\"http:\/\/www.ariadnatucma.com.ar\">VISITE ARIADNA TUCMA REVISTA LATINOAMERICANA<\/a><\/p>\n<\/div><\/div>\n","protected":false},"excerpt":{"rendered":"<p>Sergio Guerra Vilaboy En los primeros d\u00edas de 1869, en las postrimer\u00edas de la guerra contra Paraguay, Asunci\u00f3n fue desvalijada por los ej\u00e9rcitos de ocupaci\u00f3n de Brasil, Argentina y Uruguay. El pillaje en la capital paraguaya se inici\u00f3 con la entrada de las tropas brasile\u00f1as del general Gast\u00f3n de Orleans, conde d\u00b4Eu.<\/p>\n","protected":false},"author":17,"featured_media":0,"comment_status":"closed","ping_status":"closed","sticky":false,"template":"","format":"standard","meta":{"_crdt_document":"","footnotes":""},"categories":[15],"tags":[594,159],"class_list":["post-17879","post","type-post","status-publish","format-standard","hentry","category-historia","tag-guerra-guasu","tag-paraguay"],"_links":{"self":[{"href":"https:\/\/adhilac.com.ar\/index.php?rest_route=\/wp\/v2\/posts\/17879","targetHints":{"allow":["GET"]}}],"collection":[{"href":"https:\/\/adhilac.com.ar\/index.php?rest_route=\/wp\/v2\/posts"}],"about":[{"href":"https:\/\/adhilac.com.ar\/index.php?rest_route=\/wp\/v2\/types\/post"}],"author":[{"embeddable":true,"href":"https:\/\/adhilac.com.ar\/index.php?rest_route=\/wp\/v2\/users\/17"}],"replies":[{"embeddable":true,"href":"https:\/\/adhilac.com.ar\/index.php?rest_route=%2Fwp%2Fv2%2Fcomments&post=17879"}],"version-history":[{"count":3,"href":"https:\/\/adhilac.com.ar\/index.php?rest_route=\/wp\/v2\/posts\/17879\/revisions"}],"predecessor-version":[{"id":17884,"href":"https:\/\/adhilac.com.ar\/index.php?rest_route=\/wp\/v2\/posts\/17879\/revisions\/17884"}],"wp:attachment":[{"href":"https:\/\/adhilac.com.ar\/index.php?rest_route=%2Fwp%2Fv2%2Fmedia&parent=17879"}],"wp:term":[{"taxonomy":"category","embeddable":true,"href":"https:\/\/adhilac.com.ar\/index.php?rest_route=%2Fwp%2Fv2%2Fcategories&post=17879"},{"taxonomy":"post_tag","embeddable":true,"href":"https:\/\/adhilac.com.ar\/index.php?rest_route=%2Fwp%2Fv2%2Ftags&post=17879"}],"curies":[{"name":"wp","href":"https:\/\/api.w.org\/{rel}","templated":true}]}}